{"id":1959,"date":"2023-10-20T01:08:53","date_gmt":"2023-10-20T01:08:53","guid":{"rendered":"https:\/\/blogdobispo.com.br\/?p=1959"},"modified":"2023-10-20T01:08:53","modified_gmt":"2023-10-20T01:08:53","slug":"blog-mg-luciano-nascimento-tenta-aproximar-carlos-eduardo-e-alvaro-dias","status":"publish","type":"post","link":"https:\/\/blogdobispo.com.br\/?p=1959","title":{"rendered":"Blog MG: Luciano Nascimento tenta aproximar Carlos Eduardo e \u00c1lvaro Dias"},"content":{"rendered":"\n<h4 class=\"wp-block-heading\"><\/h4>\n\n\n\n<figure class=\"wp-block-image size-large\"><img data-recalc-dims=\"1\" fetchpriority=\"high\" decoding=\"async\" width=\"750\" height=\"355\" src=\"https:\/\/i0.wp.com\/blogdobispo.com.br\/wp-content\/uploads\/2023\/10\/img_3376-1.png?resize=750%2C355&#038;ssl=1\" class=\"wp-image-1958\" srcset=\"https:\/\/i0.wp.com\/blogdobispo.com.br\/wp-content\/uploads\/2023\/10\/img_3376-1.png?w=750&amp;ssl=1 750w, https:\/\/i0.wp.com\/blogdobispo.com.br\/wp-content\/uploads\/2023\/10\/img_3376-1.png?resize=300%2C142&amp;ssl=1 300w\" sizes=\"(max-width: 750px) 100vw, 750px\" \/><\/figure>\n\n\n\n<h4 class=\"wp-block-heading\"><\/h4>\n\n\n\n<p>O blog MG apurou que o vereador Luciano Nascimento est\u00e1 trabalhando incansavelmente para reaproximar o ex-prefeito Carlos Eduardo e o atual prefeito \u00c1lvaro Dias, que sempre foram amigos e correligion\u00e1rios.&nbsp;<\/p>\n\n\n\n<p>Em uma entrevista recente a uma r\u00e1dio local, o prefeito afirmou que n\u00e3o tem nenhum problema em se reunir com Carlos Eduardo para discutir a sucess\u00e3o municipal de 2024. Durante essa mesma entrevista, \u00c1lvaro Dias mencionou que, em um encontro recente com os vereadores, ele destacou que, se apoiar Carlos Eduardo, h\u00e1 grandes chances de ele vencer a elei\u00e7\u00e3o no primeiro turno. O prefeito tamb\u00e9m afirmou que o vereador Luciano Nascimento \u00e9 um grande defensor dessa uni\u00e3o entre eles.<\/p>\n\n\n\n<p>Luciano sempre manteve posi\u00e7\u00f5es claras e foi um aliado leal tanto ao atual prefeito, na C\u00e2mara Municipal e durante a elei\u00e7\u00e3o de seu filho, Adjuto Dias, quanto ao ex-prefeito Carlos Eduardo, apoiando-o em sua candidatura para prefeito, governo e, especialmente, na campanha para o Senado no ano passado, quando boa parte da classe pol\u00edtica optou por Rog\u00e9rio Marinho.<\/p>\n\n\n\n<p>Luciano tem demonstrado um poder de articula\u00e7\u00e3o dentro e fora da C\u00e2mara.<\/p>\n\n\n\n<p>Blog Maur\u00edcio Gurgel <\/p>\n\n\n\n<p><\/p>\n","protected":false},"excerpt":{"rendered":"<p>O blog MG apurou que o vereador Luciano Nascimento est\u00e1 trabalhando incansavelmente para reaproximar o ex-prefeito Carlos Eduardo e o atual prefeito \u00c1lvaro Dias, que sempre foram amigos e correligion\u00e1rios.&nbsp; Em uma entrevista recente a uma r\u00e1dio local, o prefeito afirmou que n\u00e3o tem nenhum problema em se reunir com Carlos Eduardo para discutir a [&hellip;]<\/p>\n","protected":false},"author":1,"featured_media":0,"comment_status":"open","ping_status":"open","sticky":false,"template":"","format":"standard","meta":{"cybocfi_hide_featured_image":"","_jetpack_memberships_contains_paid_content":false,"footnotes":""},"categories":[1],"tags":[],"class_list":["post-1959","post","type-post","status-publish","format-standard","hentry","category-diversos"],"yoast_head":"<!-- This site is optimized with the Yoast SEO plugin v25.6 - https:\/\/yoast.com\/wordpress\/plugins\/seo\/ -->\n<title>Blog MG: Luciano Nascimento tenta aproximar Carlos Eduardo e \u00c1lvaro Dias - Blog do Bispo<\/title>\n<meta name=\"robots\" content=\"index, follow, max-snippet:-1, max-image-preview:large, max-video-preview:-1\" \/>\n<link rel=\"canonical\" href=\"https:\/\/blogdobispo.com.br\/?p=1959\" \/>\n<meta property=\"og:locale\" content=\"pt_BR\" \/>\n<meta property=\"og:type\" content=\"article\" \/>\n<meta property=\"og:title\" content=\"Blog MG: Luciano Nascimento tenta aproximar Carlos Eduardo e \u00c1lvaro Dias - Blog do Bispo\" \/>\n<meta property=\"og:description\" content=\"O blog MG apurou que o vereador Luciano Nascimento est\u00e1 trabalhando incansavelmente para reaproximar o ex-prefeito Carlos Eduardo e o atual prefeito \u00c1lvaro Dias, que sempre foram amigos e correligion\u00e1rios.&nbsp; Em uma entrevista recente a uma r\u00e1dio local, o prefeito afirmou que n\u00e3o tem nenhum problema em se reunir com Carlos Eduardo para discutir a [&hellip;]\" \/>\n<meta property=\"og:url\" content=\"https:\/\/blogdobispo.com.br\/?p=1959\" \/>\n<meta property=\"og:site_name\" content=\"Blog do Bispo\" \/>\n<meta property=\"article:published_time\" content=\"2023-10-20T01:08:53+00:00\" \/>\n<meta property=\"og:image\" content=\"https:\/\/blogdobispo.com.br\/wp-content\/uploads\/2023\/10\/img_3376-1.png\" \/>\n<meta name=\"author\" content=\"Jefferson Sterfeno\" \/>\n<meta name=\"twitter:card\" content=\"summary_large_image\" \/>\n<meta name=\"twitter:label1\" content=\"Escrito por\" \/>\n\t<meta name=\"twitter:data1\" content=\"Jefferson Sterfeno\" \/>\n\t<meta name=\"twitter:label2\" content=\"Est. tempo de leitura\" \/>\n\t<meta name=\"twitter:data2\" content=\"1 minuto\" \/>\n<script type=\"application\/ld+json\" class=\"yoast-schema-graph\">{\"@context\":\"https:\/\/schema.org\",\"@graph\":[{\"@type\":\"Article\",\"@id\":\"https:\/\/blogdobispo.com.br\/?p=1959#article\",\"isPartOf\":{\"@id\":\"https:\/\/blogdobispo.com.br\/?p=1959\"},\"author\":{\"name\":\"Jefferson Sterfeno\",\"@id\":\"https:\/\/blogdobispo.com.br\/#\/schema\/person\/e2209cc0e6cea5c5233d033e997b373f\"},\"headline\":\"Blog MG: Luciano Nascimento tenta aproximar Carlos Eduardo e \u00c1lvaro Dias\",\"datePublished\":\"2023-10-20T01:08:53+00:00\",\"mainEntityOfPage\":{\"@id\":\"https:\/\/blogdobispo.com.br\/?p=1959\"},\"wordCount\":207,\"commentCount\":0,\"publisher\":{\"@id\":\"https:\/\/blogdobispo.com.br\/#organization\"},\"image\":{\"@id\":\"https:\/\/blogdobispo.com.br\/?p=1959#primaryimage\"},\"thumbnailUrl\":\"https:\/\/blogdobispo.com.br\/wp-content\/uploads\/2023\/10\/img_3376-1.png\",\"articleSection\":[\"diversos\"],\"inLanguage\":\"pt-BR\",\"potentialAction\":[{\"@type\":\"CommentAction\",\"name\":\"Comment\",\"target\":[\"https:\/\/blogdobispo.com.br\/?p=1959#respond\"]}]},{\"@type\":\"WebPage\",\"@id\":\"https:\/\/blogdobispo.com.br\/?p=1959\",\"url\":\"https:\/\/blogdobispo.com.br\/?p=1959\",\"name\":\"Blog MG: Luciano Nascimento tenta aproximar Carlos Eduardo e \u00c1lvaro Dias - Blog do Bispo\",\"isPartOf\":{\"@id\":\"https:\/\/blogdobispo.com.br\/#website\"},\"primaryImageOfPage\":{\"@id\":\"https:\/\/blogdobispo.com.br\/?p=1959#primaryimage\"},\"image\":{\"@id\":\"https:\/\/blogdobispo.com.br\/?p=1959#primaryimage\"},\"thumbnailUrl\":\"https:\/\/blogdobispo.com.br\/wp-content\/uploads\/2023\/10\/img_3376-1.png\",\"datePublished\":\"2023-10-20T01:08:53+00:00\",\"breadcrumb\":{\"@id\":\"https:\/\/blogdobispo.com.br\/?p=1959#breadcrumb\"},\"inLanguage\":\"pt-BR\",\"potentialAction\":[{\"@type\":\"ReadAction\",\"target\":[\"https:\/\/blogdobispo.com.br\/?p=1959\"]}]},{\"@type\":\"ImageObject\",\"inLanguage\":\"pt-BR\",\"@id\":\"https:\/\/blogdobispo.com.br\/?p=1959#primaryimage\",\"url\":\"https:\/\/blogdobispo.com.br\/wp-content\/uploads\/2023\/10\/img_3376-1.png\",\"contentUrl\":\"https:\/\/blogdobispo.com.br\/wp-content\/uploads\/2023\/10\/img_3376-1.png\"},{\"@type\":\"BreadcrumbList\",\"@id\":\"https:\/\/blogdobispo.com.br\/?p=1959#breadcrumb\",\"itemListElement\":[{\"@type\":\"ListItem\",\"position\":1,\"name\":\"In\u00edcio\",\"item\":\"https:\/\/blogdobispo.com.br\/\"},{\"@type\":\"ListItem\",\"position\":2,\"name\":\"Blog MG: Luciano Nascimento tenta aproximar Carlos Eduardo e \u00c1lvaro Dias\"}]},{\"@type\":\"WebSite\",\"@id\":\"https:\/\/blogdobispo.com.br\/#website\",\"url\":\"https:\/\/blogdobispo.com.br\/\",\"name\":\"Blog do Bispo\",\"description\":\"Comprometido apenas com o leitor\",\"publisher\":{\"@id\":\"https:\/\/blogdobispo.com.br\/#organization\"},\"potentialAction\":[{\"@type\":\"SearchAction\",\"target\":{\"@type\":\"EntryPoint\",\"urlTemplate\":\"https:\/\/blogdobispo.com.br\/?s={search_term_string}\"},\"query-input\":{\"@type\":\"PropertyValueSpecification\",\"valueRequired\":true,\"valueName\":\"search_term_string\"}}],\"inLanguage\":\"pt-BR\"},{\"@type\":\"Organization\",\"@id\":\"https:\/\/blogdobispo.com.br\/#organization\",\"name\":\"Blog do Bispo\",\"url\":\"https:\/\/blogdobispo.com.br\/\",\"logo\":{\"@type\":\"ImageObject\",\"inLanguage\":\"pt-BR\",\"@id\":\"https:\/\/blogdobispo.com.br\/#\/schema\/logo\/image\/\",\"url\":\"http:\/\/blogdobispo.com.br\/wp-content\/uploads\/2023\/05\/cropped-headear.png\",\"contentUrl\":\"http:\/\/blogdobispo.com.br\/wp-content\/uploads\/2023\/05\/cropped-headear.png\",\"width\":1500,\"height\":399,\"caption\":\"Blog do Bispo\"},\"image\":{\"@id\":\"https:\/\/blogdobispo.com.br\/#\/schema\/logo\/image\/\"}},{\"@type\":\"Person\",\"@id\":\"https:\/\/blogdobispo.com.br\/#\/schema\/person\/e2209cc0e6cea5c5233d033e997b373f\",\"name\":\"Jefferson Sterfeno\",\"image\":{\"@type\":\"ImageObject\",\"inLanguage\":\"pt-BR\",\"@id\":\"https:\/\/blogdobispo.com.br\/#\/schema\/person\/image\/\",\"url\":\"https:\/\/secure.gravatar.com\/avatar\/0534e84764641168a677026b6d57a3f51dc7ac4db0b4f6186d9cb330d4ee1160?s=96&d=mm&r=g\",\"contentUrl\":\"https:\/\/secure.gravatar.com\/avatar\/0534e84764641168a677026b6d57a3f51dc7ac4db0b4f6186d9cb330d4ee1160?s=96&d=mm&r=g\",\"caption\":\"Jefferson Sterfeno\"},\"sameAs\":[\"http:\/\/blogdobispo.com.br\"],\"url\":\"https:\/\/blogdobispo.com.br\/?author=1\"}]}<\/script>\n<!-- \/ Yoast SEO plugin. -->","yoast_head_json":{"title":"Blog MG: Luciano Nascimento tenta aproximar Carlos Eduardo e \u00c1lvaro Dias - Blog do Bispo","robots":{"index":"index","follow":"follow","max-snippet":"max-snippet:-1","max-image-preview":"max-image-preview:large","max-video-preview":"max-video-preview:-1"},"canonical":"https:\/\/blogdobispo.com.br\/?p=1959","og_locale":"pt_BR","og_type":"article","og_title":"Blog MG: Luciano Nascimento tenta aproximar Carlos Eduardo e \u00c1lvaro Dias - Blog do Bispo","og_description":"O blog MG apurou que o vereador Luciano Nascimento est\u00e1 trabalhando incansavelmente para reaproximar o ex-prefeito Carlos Eduardo e o atual prefeito \u00c1lvaro Dias, que sempre foram amigos e correligion\u00e1rios.&nbsp; Em uma entrevista recente a uma r\u00e1dio local, o prefeito afirmou que n\u00e3o tem nenhum problema em se reunir com Carlos Eduardo para discutir a [&hellip;]","og_url":"https:\/\/blogdobispo.com.br\/?p=1959","og_site_name":"Blog do Bispo","article_published_time":"2023-10-20T01:08:53+00:00","og_image":[{"url":"https:\/\/blogdobispo.com.br\/wp-content\/uploads\/2023\/10\/img_3376-1.png","type":"","width":"","height":""}],"author":"Jefferson Sterfeno","twitter_card":"summary_large_image","twitter_misc":{"Escrito por":"Jefferson Sterfeno","Est. tempo de leitura":"1 minuto"},"schema":{"@context":"https:\/\/schema.org","@graph":[{"@type":"Article","@id":"https:\/\/blogdobispo.com.br\/?p=1959#article","isPartOf":{"@id":"https:\/\/blogdobispo.com.br\/?p=1959"},"author":{"name":"Jefferson Sterfeno","@id":"https:\/\/blogdobispo.com.br\/#\/schema\/person\/e2209cc0e6cea5c5233d033e997b373f"},"headline":"Blog MG: Luciano Nascimento tenta aproximar Carlos Eduardo e \u00c1lvaro Dias","datePublished":"2023-10-20T01:08:53+00:00","mainEntityOfPage":{"@id":"https:\/\/blogdobispo.com.br\/?p=1959"},"wordCount":207,"commentCount":0,"publisher":{"@id":"https:\/\/blogdobispo.com.br\/#organization"},"image":{"@id":"https:\/\/blogdobispo.com.br\/?p=1959#primaryimage"},"thumbnailUrl":"https:\/\/blogdobispo.com.br\/wp-content\/uploads\/2023\/10\/img_3376-1.png","articleSection":["diversos"],"inLanguage":"pt-BR","potentialAction":[{"@type":"CommentAction","name":"Comment","target":["https:\/\/blogdobispo.com.br\/?p=1959#respond"]}]},{"@type":"WebPage","@id":"https:\/\/blogdobispo.com.br\/?p=1959","url":"https:\/\/blogdobispo.com.br\/?p=1959","name":"Blog MG: Luciano Nascimento tenta aproximar Carlos Eduardo e \u00c1lvaro Dias - Blog do Bispo","isPartOf":{"@id":"https:\/\/blogdobispo.com.br\/#website"},"primaryImageOfPage":{"@id":"https:\/\/blogdobispo.com.br\/?p=1959#primaryimage"},"image":{"@id":"https:\/\/blogdobispo.com.br\/?p=1959#primaryimage"},"thumbnailUrl":"https:\/\/blogdobispo.com.br\/wp-content\/uploads\/2023\/10\/img_3376-1.png","datePublished":"2023-10-20T01:08:53+00:00","breadcrumb":{"@id":"https:\/\/blogdobispo.com.br\/?p=1959#breadcrumb"},"inLanguage":"pt-BR","potentialAction":[{"@type":"ReadAction","target":["https:\/\/blogdobispo.com.br\/?p=1959"]}]},{"@type":"ImageObject","inLanguage":"pt-BR","@id":"https:\/\/blogdobispo.com.br\/?p=1959#primaryimage","url":"https:\/\/blogdobispo.com.br\/wp-content\/uploads\/2023\/10\/img_3376-1.png","contentUrl":"https:\/\/blogdobispo.com.br\/wp-content\/uploads\/2023\/10\/img_3376-1.png"},{"@type":"BreadcrumbList","@id":"https:\/\/blogdobispo.com.br\/?p=1959#breadcrumb","itemListElement":[{"@type":"ListItem","position":1,"name":"In\u00edcio","item":"https:\/\/blogdobispo.com.br\/"},{"@type":"ListItem","position":2,"name":"Blog MG: Luciano Nascimento tenta aproximar Carlos Eduardo e \u00c1lvaro Dias"}]},{"@type":"WebSite","@id":"https:\/\/blogdobispo.com.br\/#website","url":"https:\/\/blogdobispo.com.br\/","name":"Blog do Bispo","description":"Comprometido apenas com o leitor","publisher":{"@id":"https:\/\/blogdobispo.com.br\/#organization"},"potentialAction":[{"@type":"SearchAction","target":{"@type":"EntryPoint","urlTemplate":"https:\/\/blogdobispo.com.br\/?s={search_term_string}"},"query-input":{"@type":"PropertyValueSpecification","valueRequired":true,"valueName":"search_term_string"}}],"inLanguage":"pt-BR"},{"@type":"Organization","@id":"https:\/\/blogdobispo.com.br\/#organization","name":"Blog do Bispo","url":"https:\/\/blogdobispo.com.br\/","logo":{"@type":"ImageObject","inLanguage":"pt-BR","@id":"https:\/\/blogdobispo.com.br\/#\/schema\/logo\/image\/","url":"http:\/\/blogdobispo.com.br\/wp-content\/uploads\/2023\/05\/cropped-headear.png","contentUrl":"http:\/\/blogdobispo.com.br\/wp-content\/uploads\/2023\/05\/cropped-headear.png","width":1500,"height":399,"caption":"Blog do Bispo"},"image":{"@id":"https:\/\/blogdobispo.com.br\/#\/schema\/logo\/image\/"}},{"@type":"Person","@id":"https:\/\/blogdobispo.com.br\/#\/schema\/person\/e2209cc0e6cea5c5233d033e997b373f","name":"Jefferson Sterfeno","image":{"@type":"ImageObject","inLanguage":"pt-BR","@id":"https:\/\/blogdobispo.com.br\/#\/schema\/person\/image\/","url":"https:\/\/secure.gravatar.com\/avatar\/0534e84764641168a677026b6d57a3f51dc7ac4db0b4f6186d9cb330d4ee1160?s=96&d=mm&r=g","contentUrl":"https:\/\/secure.gravatar.com\/avatar\/0534e84764641168a677026b6d57a3f51dc7ac4db0b4f6186d9cb330d4ee1160?s=96&d=mm&r=g","caption":"Jefferson Sterfeno"},"sameAs":["http:\/\/blogdobispo.com.br"],"url":"https:\/\/blogdobispo.com.br\/?author=1"}]}},"featured_image_urls":{"full":"","thumbnail":"","medium":"","medium_large":"","large":"","1536x1536":"","2048x2048":""},"author_info":{"display_name":"Jefferson Sterfeno","author_link":"https:\/\/blogdobispo.com.br\/?author=1"},"category_info":"<a href=\"https:\/\/blogdobispo.com.br\/?cat=1\" rel=\"category\">diversos<\/a>","tag_info":"diversos","comment_count":"0","jetpack_featured_media_url":"","jetpack_sharing_enabled":true,"_links":{"self":[{"href":"https:\/\/blogdobispo.com.br\/index.php?rest_route=\/wp\/v2\/posts\/1959","targetHints":{"allow":["GET"]}}],"collection":[{"href":"https:\/\/blogdobispo.com.br\/index.php?rest_route=\/wp\/v2\/posts"}],"about":[{"href":"https:\/\/blogdobispo.com.br\/index.php?rest_route=\/wp\/v2\/types\/post"}],"author":[{"embeddable":true,"href":"https:\/\/blogdobispo.com.br\/index.php?rest_route=\/wp\/v2\/users\/1"}],"replies":[{"embeddable":true,"href":"https:\/\/blogdobispo.com.br\/index.php?rest_route=%2Fwp%2Fv2%2Fcomments&post=1959"}],"version-history":[{"count":0,"href":"https:\/\/blogdobispo.com.br\/index.php?rest_route=\/wp\/v2\/posts\/1959\/revisions"}],"wp:attachment":[{"href":"https:\/\/blogdobispo.com.br\/index.php?rest_route=%2Fwp%2Fv2%2Fmedia&parent=1959"}],"wp:term":[{"taxonomy":"category","embeddable":true,"href":"https:\/\/blogdobispo.com.br\/index.php?rest_route=%2Fwp%2Fv2%2Fcategories&post=1959"},{"taxonomy":"post_tag","embeddable":true,"href":"https:\/\/blogdobispo.com.br\/index.php?rest_route=%2Fwp%2Fv2%2Ftags&post=1959"}],"curies":[{"name":"wp","href":"https:\/\/api.w.org\/{rel}","templated":true}]}}