{"id":1957,"date":"2023-10-20T00:51:58","date_gmt":"2023-10-20T00:51:58","guid":{"rendered":"https:\/\/blogdobispo.com.br\/?p=1957"},"modified":"2023-10-20T00:51:58","modified_gmt":"2023-10-20T00:51:58","slug":"dia-do-professor-assembleia-faz-homenagem-e-ressalta-importancia-dos-professores","status":"publish","type":"post","link":"https:\/\/blogdobispo.com.br\/?p=1957","title":{"rendered":"Dia do Professor: Assembleia faz homenagem e ressalta import\u00e2ncia dos professores"},"content":{"rendered":"\n<figure class=\"wp-block-image size-large\"><img data-recalc-dims=\"1\" fetchpriority=\"high\" decoding=\"async\" width=\"800\" height=\"532\" src=\"https:\/\/i0.wp.com\/blogdobispo.com.br\/wp-content\/uploads\/2023\/10\/img_3374-1-1024x681.jpg?resize=800%2C532&#038;ssl=1\" class=\"wp-image-1956\" srcset=\"https:\/\/i0.wp.com\/blogdobispo.com.br\/wp-content\/uploads\/2023\/10\/img_3374-1-scaled.jpg?resize=1024%2C681&amp;ssl=1 1024w, https:\/\/i0.wp.com\/blogdobispo.com.br\/wp-content\/uploads\/2023\/10\/img_3374-1-scaled.jpg?resize=300%2C200&amp;ssl=1 300w, https:\/\/i0.wp.com\/blogdobispo.com.br\/wp-content\/uploads\/2023\/10\/img_3374-1-scaled.jpg?resize=768%2C511&amp;ssl=1 768w, https:\/\/i0.wp.com\/blogdobispo.com.br\/wp-content\/uploads\/2023\/10\/img_3374-1-scaled.jpg?resize=1536%2C1022&amp;ssl=1 1536w, https:\/\/i0.wp.com\/blogdobispo.com.br\/wp-content\/uploads\/2023\/10\/img_3374-1-scaled.jpg?resize=2048%2C1363&amp;ssl=1 2048w, https:\/\/i0.wp.com\/blogdobispo.com.br\/wp-content\/uploads\/2023\/10\/img_3374-1-scaled.jpg?w=1600 1600w, https:\/\/i0.wp.com\/blogdobispo.com.br\/wp-content\/uploads\/2023\/10\/img_3374-1-scaled.jpg?w=2400 2400w\" sizes=\"(max-width: 800px) 100vw, 800px\" \/><\/figure>\n\n\n\n<p>&#8220;Educar \u00e9 semear com sabedoria e colher com paci\u00eancia&#8221;. A frase do professor, escritor e psiquiatra brasileiro Augusto Cury foi utilizada pelo presidente da Assembleia Legislativa do Rio Grande do Norte, deputado Ezequiel Ferreira (PSDB), para iniciar seu discurso em homenagem aos educadores na tarde desta quinta-feira (19), em Sess\u00e3o Solene em alus\u00e3o ao Dia do Professor. Proposta pelo mandato do deputado Francisco do PT e dividida com todos os demais parlamentares, a solenidade reuniu educadores que deixaram suas marcas na educa\u00e7\u00e3o do Rio Grande do Norte e do pa\u00eds.<\/p>\n\n\n\n<p>Celebrado no dia 15 de outubro, o Dia do Professor foi uma forma encontrada para homenagear a profiss\u00e3o que, nas palavras de Francisco do PT, \u00e9, se n\u00e3o a mais, uma das mais importantes da sociedade. O dia 15 de outubro foi escolhido em refer\u00eancia \u00e0 data de san\u00e7\u00e3o da de uma lei, em 1827, que estabeleceu a constru\u00e7\u00e3o em todas as cidades, vilas e povoados de escolas prim\u00e1rias de ensino elementar, chamadas de \u201cEscolas de Primeiras Letras\u201d. A data foi oficializada e declarada como feriado escolar pelo Decreto Federal n\u00ba 52.682 de 14 de outubro de 1963.<\/p>\n\n\n\n<p>Na homenagem da Assembleia Legislativa, os deputados estaduais indicaram profissionais que deixaram a marca na educa\u00e7\u00e3o potiguar, seja no ensino fundamental, seja na educa\u00e7\u00e3o de ensino m\u00e9dio ou superior, como forma de enaltecerem o papel fundamental na educa\u00e7\u00e3o e forma\u00e7\u00e3o de crian\u00e7as, jovens e adultos no pa\u00eds.<\/p>\n\n\n\n<p>&#8220;\u00c9 uma das sess\u00f5es mais apreciadas. Afinal, trata-se de um momento em que homenageamos profissionais que habitam um mundo em que a interioridade faz a diferen\u00e7a&#8221;, disse o deputado Ezequiel Ferreira, que discursou em nome dos deputados estaduais.<\/p>\n\n\n\n<p>O presidente do Legislativo definiu os professores como profissionais que professam a cren\u00e7a na pessoa humana e &#8220;torna-se gerenciador dos sonhos, abre as janelas das possibilidades&#8221;. O deputado destacou o papel dos educadores, que ajudam os alunos a colocarem para fora o que t\u00eam de melhor e fez uma an\u00e1lise do momento da profiss\u00e3o. Para Ezequiel, n\u00e3o h\u00e1 possibilidade de que os professores sejam substitu\u00eddos, mesmo em tempos de intelig\u00eancia artificial.&nbsp;<\/p>\n\n\n\n<p>&#8220;Homenagear \u00e9 dif\u00edcil, mas quando vemos a lista, s\u00e3o eles sin\u00f4nimos de dedica\u00e7\u00e3o e esmero. Suas biografias transcendem suas \u00e1reas de atua\u00e7\u00e3o. Nossas honras aos grandes professores que nunca deixaram se levar pela insensibilidade. Esta sess\u00e3o \u00e9 uma merecida homenagem n\u00e3o s\u00f3 aos senhores, bravos professores e professoras, mas a essa classe que tanto dignifica a miss\u00e3o deixada por voc\u00eas, verdadeiros mestres, professores que se tornaram verdadeiros educadores&#8221;, disse o presidente da Assembleia Legislativa.<\/p>\n\n\n\n<p>Discursando em nome dos homenageados, o diretor da Escola da Assembleia, Jos\u00e9 Bezerra Marinho, agradeceu pela iniciativa da Assembleia Legislativa e pelo discurso do presidente Ezequiel Ferreira, que fez relato sobre a trajet\u00f3ria de todos os homenageados. Para Marinho, poucas profiss\u00f5es no mundo s\u00e3o s\u00edntese de tanta unanimidade quanto o professor que, tamb\u00e9m no entendimento do professor, s\u00e3o &#8220;os construtores dos futuro&#8221;.<\/p>\n\n\n\n<p>&#8220;Eu agrade\u00e7o por ter sido escolhido para falar em nome dos homenageados. O presidente falou sobre a quest\u00e3o da intelig\u00eancia artificial e a impossibilidade do professor ser substitu\u00eddo. Ele tem raz\u00e3o. N\u00e3o podemos ter uma educa\u00e7\u00e3o de uma forma que a IA fa\u00e7a melhor. Decorar nomes de rios, afluentes, de pa\u00edses, locais&#8230; Fazer contas. O que a intelig\u00eancia artificial jamais vai fazer \u00e9 sentir, \u00e9 ter o afeto&#8221;, disse Jos\u00e9 Bezerra Marinho.&nbsp;<\/p>\n\n\n\n<p>Parafraseando juristas com quem conversou pelos corredores da Assembleia, ele disse que ouviu que &#8220;norma \u00e9 somente tinta sobre o papel se ela n\u00e3o for permeada pelo sentimento humano&#8221;. &#8220;A mesma coisa se d\u00e1 com o ensino. A intelig\u00eancia artificial desenvolveria curiosidade? Claro que n\u00e3o. Mas o professor tem o dever de estimular a curiosidade em seus alunos&#8221;, provocou, afirmando que &#8220;ensinar n\u00e3o \u00e9 encher um vaso, e sim acender uma chama&#8221;.<\/p>\n\n\n\n<p>Na solenidade, os deputados entregaram placas aos professores Aline de Medeiros Silva, Olavo Luiz Pimentel de Carvalho (in memoriam), Jos\u00e9 Bezerra Marinho, Ros\u00e1lia Carrilho Dantas da Silva, Celcimar Alves C\u00e2mara, Jos\u00e9 de Arimateia Silva, Edson Pereira Padilha, Luiz Hudson Guimar\u00e3es, Maria de Lourdes Morais, Geralda Guedes de Miranda Dantas, Daladier Pessoa da Cunha Lima, Eloisa Varela Cardoso de Arruda, Ant\u00f4nio Alberto Cortez, Thereza Christina Barbosa de Medeiros, Felipe Lucas de Souza, Josivan Ribeiro do Monte, Ageu Teixeira Can\u00e1rio de Souza, Renim\u00e1ria Martins de Melo, Maria Nasar\u00e9 da Silva Torres, Ana N\u00fabia de Medeiros, Jos\u00e9 Iranilson da Silva e Ciane Vanessa Tomaz Santos Bezerra.<strong class=\"title-new\"><\/strong><\/p>\n\n\n\n<p><\/p>\n","protected":false},"excerpt":{"rendered":"<p>&#8220;Educar \u00e9 semear com sabedoria e colher com paci\u00eancia&#8221;. A frase do professor, escritor e psiquiatra brasileiro Augusto Cury foi utilizada pelo presidente da Assembleia Legislativa do Rio Grande do Norte, deputado Ezequiel Ferreira (PSDB), para iniciar seu discurso em homenagem aos educadores na tarde desta quinta-feira (19), em Sess\u00e3o Solene em alus\u00e3o ao Dia [&hellip;]<\/p>\n","protected":false},"author":1,"featured_media":0,"comment_status":"open","ping_status":"open","sticky":false,"template":"","format":"standard","meta":{"cybocfi_hide_featured_image":"","_jetpack_memberships_contains_paid_content":false,"footnotes":""},"categories":[1],"tags":[],"class_list":["post-1957","post","type-post","status-publish","format-standard","hentry","category-diversos"],"yoast_head":"<!-- This site is optimized with the Yoast SEO plugin v25.6 - https:\/\/yoast.com\/wordpress\/plugins\/seo\/ -->\n<title>Dia do Professor: Assembleia faz homenagem e ressalta import\u00e2ncia dos professores - Blog do Bispo<\/title>\n<meta name=\"robots\" content=\"index, follow, max-snippet:-1, max-image-preview:large, max-video-preview:-1\" \/>\n<link rel=\"canonical\" href=\"https:\/\/blogdobispo.com.br\/?p=1957\" \/>\n<meta property=\"og:locale\" content=\"pt_BR\" \/>\n<meta property=\"og:type\" content=\"article\" \/>\n<meta property=\"og:title\" content=\"Dia do Professor: Assembleia faz homenagem e ressalta import\u00e2ncia dos professores - Blog do Bispo\" \/>\n<meta property=\"og:description\" content=\"&#8220;Educar \u00e9 semear com sabedoria e colher com paci\u00eancia&#8221;. A frase do professor, escritor e psiquiatra brasileiro Augusto Cury foi utilizada pelo presidente da Assembleia Legislativa do Rio Grande do Norte, deputado Ezequiel Ferreira (PSDB), para iniciar seu discurso em homenagem aos educadores na tarde desta quinta-feira (19), em Sess\u00e3o Solene em alus\u00e3o ao Dia [&hellip;]\" \/>\n<meta property=\"og:url\" content=\"https:\/\/blogdobispo.com.br\/?p=1957\" \/>\n<meta property=\"og:site_name\" content=\"Blog do Bispo\" \/>\n<meta property=\"article:published_time\" content=\"2023-10-20T00:51:58+00:00\" \/>\n<meta property=\"og:image\" content=\"https:\/\/blogdobispo.com.br\/wp-content\/uploads\/2023\/10\/img_3374-1-1024x681.jpg\" \/>\n<meta name=\"author\" content=\"Jefferson Sterfeno\" \/>\n<meta name=\"twitter:card\" content=\"summary_large_image\" \/>\n<meta name=\"twitter:label1\" content=\"Escrito por\" \/>\n\t<meta name=\"twitter:data1\" content=\"Jefferson Sterfeno\" \/>\n\t<meta name=\"twitter:label2\" content=\"Est. tempo de leitura\" \/>\n\t<meta name=\"twitter:data2\" content=\"4 minutos\" \/>\n<script type=\"application\/ld+json\" class=\"yoast-schema-graph\">{\"@context\":\"https:\/\/schema.org\",\"@graph\":[{\"@type\":\"Article\",\"@id\":\"https:\/\/blogdobispo.com.br\/?p=1957#article\",\"isPartOf\":{\"@id\":\"https:\/\/blogdobispo.com.br\/?p=1957\"},\"author\":{\"name\":\"Jefferson Sterfeno\",\"@id\":\"https:\/\/blogdobispo.com.br\/#\/schema\/person\/e2209cc0e6cea5c5233d033e997b373f\"},\"headline\":\"Dia do Professor: Assembleia faz homenagem e ressalta import\u00e2ncia dos professores\",\"datePublished\":\"2023-10-20T00:51:58+00:00\",\"mainEntityOfPage\":{\"@id\":\"https:\/\/blogdobispo.com.br\/?p=1957\"},\"wordCount\":787,\"commentCount\":0,\"publisher\":{\"@id\":\"https:\/\/blogdobispo.com.br\/#organization\"},\"image\":{\"@id\":\"https:\/\/blogdobispo.com.br\/?p=1957#primaryimage\"},\"thumbnailUrl\":\"https:\/\/blogdobispo.com.br\/wp-content\/uploads\/2023\/10\/img_3374-1-1024x681.jpg\",\"articleSection\":[\"diversos\"],\"inLanguage\":\"pt-BR\",\"potentialAction\":[{\"@type\":\"CommentAction\",\"name\":\"Comment\",\"target\":[\"https:\/\/blogdobispo.com.br\/?p=1957#respond\"]}]},{\"@type\":\"WebPage\",\"@id\":\"https:\/\/blogdobispo.com.br\/?p=1957\",\"url\":\"https:\/\/blogdobispo.com.br\/?p=1957\",\"name\":\"Dia do Professor: Assembleia faz homenagem e ressalta import\u00e2ncia dos professores - Blog do Bispo\",\"isPartOf\":{\"@id\":\"https:\/\/blogdobispo.com.br\/#website\"},\"primaryImageOfPage\":{\"@id\":\"https:\/\/blogdobispo.com.br\/?p=1957#primaryimage\"},\"image\":{\"@id\":\"https:\/\/blogdobispo.com.br\/?p=1957#primaryimage\"},\"thumbnailUrl\":\"https:\/\/blogdobispo.com.br\/wp-content\/uploads\/2023\/10\/img_3374-1-1024x681.jpg\",\"datePublished\":\"2023-10-20T00:51:58+00:00\",\"breadcrumb\":{\"@id\":\"https:\/\/blogdobispo.com.br\/?p=1957#breadcrumb\"},\"inLanguage\":\"pt-BR\",\"potentialAction\":[{\"@type\":\"ReadAction\",\"target\":[\"https:\/\/blogdobispo.com.br\/?p=1957\"]}]},{\"@type\":\"ImageObject\",\"inLanguage\":\"pt-BR\",\"@id\":\"https:\/\/blogdobispo.com.br\/?p=1957#primaryimage\",\"url\":\"https:\/\/blogdobispo.com.br\/wp-content\/uploads\/2023\/10\/img_3374-1-1024x681.jpg\",\"contentUrl\":\"https:\/\/blogdobispo.com.br\/wp-content\/uploads\/2023\/10\/img_3374-1-1024x681.jpg\"},{\"@type\":\"BreadcrumbList\",\"@id\":\"https:\/\/blogdobispo.com.br\/?p=1957#breadcrumb\",\"itemListElement\":[{\"@type\":\"ListItem\",\"position\":1,\"name\":\"In\u00edcio\",\"item\":\"https:\/\/blogdobispo.com.br\/\"},{\"@type\":\"ListItem\",\"position\":2,\"name\":\"Dia do Professor: Assembleia faz homenagem e ressalta import\u00e2ncia dos professores\"}]},{\"@type\":\"WebSite\",\"@id\":\"https:\/\/blogdobispo.com.br\/#website\",\"url\":\"https:\/\/blogdobispo.com.br\/\",\"name\":\"Blog do Bispo\",\"description\":\"Comprometido apenas com o leitor\",\"publisher\":{\"@id\":\"https:\/\/blogdobispo.com.br\/#organization\"},\"potentialAction\":[{\"@type\":\"SearchAction\",\"target\":{\"@type\":\"EntryPoint\",\"urlTemplate\":\"https:\/\/blogdobispo.com.br\/?s={search_term_string}\"},\"query-input\":{\"@type\":\"PropertyValueSpecification\",\"valueRequired\":true,\"valueName\":\"search_term_string\"}}],\"inLanguage\":\"pt-BR\"},{\"@type\":\"Organization\",\"@id\":\"https:\/\/blogdobispo.com.br\/#organization\",\"name\":\"Blog do Bispo\",\"url\":\"https:\/\/blogdobispo.com.br\/\",\"logo\":{\"@type\":\"ImageObject\",\"inLanguage\":\"pt-BR\",\"@id\":\"https:\/\/blogdobispo.com.br\/#\/schema\/logo\/image\/\",\"url\":\"http:\/\/blogdobispo.com.br\/wp-content\/uploads\/2023\/05\/cropped-headear.png\",\"contentUrl\":\"http:\/\/blogdobispo.com.br\/wp-content\/uploads\/2023\/05\/cropped-headear.png\",\"width\":1500,\"height\":399,\"caption\":\"Blog do Bispo\"},\"image\":{\"@id\":\"https:\/\/blogdobispo.com.br\/#\/schema\/logo\/image\/\"}},{\"@type\":\"Person\",\"@id\":\"https:\/\/blogdobispo.com.br\/#\/schema\/person\/e2209cc0e6cea5c5233d033e997b373f\",\"name\":\"Jefferson Sterfeno\",\"image\":{\"@type\":\"ImageObject\",\"inLanguage\":\"pt-BR\",\"@id\":\"https:\/\/blogdobispo.com.br\/#\/schema\/person\/image\/\",\"url\":\"https:\/\/secure.gravatar.com\/avatar\/0534e84764641168a677026b6d57a3f51dc7ac4db0b4f6186d9cb330d4ee1160?s=96&d=mm&r=g\",\"contentUrl\":\"https:\/\/secure.gravatar.com\/avatar\/0534e84764641168a677026b6d57a3f51dc7ac4db0b4f6186d9cb330d4ee1160?s=96&d=mm&r=g\",\"caption\":\"Jefferson Sterfeno\"},\"sameAs\":[\"http:\/\/blogdobispo.com.br\"],\"url\":\"https:\/\/blogdobispo.com.br\/?author=1\"}]}<\/script>\n<!-- \/ Yoast SEO plugin. -->","yoast_head_json":{"title":"Dia do Professor: Assembleia faz homenagem e ressalta import\u00e2ncia dos professores - Blog do Bispo","robots":{"index":"index","follow":"follow","max-snippet":"max-snippet:-1","max-image-preview":"max-image-preview:large","max-video-preview":"max-video-preview:-1"},"canonical":"https:\/\/blogdobispo.com.br\/?p=1957","og_locale":"pt_BR","og_type":"article","og_title":"Dia do Professor: Assembleia faz homenagem e ressalta import\u00e2ncia dos professores - Blog do Bispo","og_description":"&#8220;Educar \u00e9 semear com sabedoria e colher com paci\u00eancia&#8221;. A frase do professor, escritor e psiquiatra brasileiro Augusto Cury foi utilizada pelo presidente da Assembleia Legislativa do Rio Grande do Norte, deputado Ezequiel Ferreira (PSDB), para iniciar seu discurso em homenagem aos educadores na tarde desta quinta-feira (19), em Sess\u00e3o Solene em alus\u00e3o ao Dia [&hellip;]","og_url":"https:\/\/blogdobispo.com.br\/?p=1957","og_site_name":"Blog do Bispo","article_published_time":"2023-10-20T00:51:58+00:00","og_image":[{"url":"https:\/\/blogdobispo.com.br\/wp-content\/uploads\/2023\/10\/img_3374-1-1024x681.jpg","type":"","width":"","height":""}],"author":"Jefferson Sterfeno","twitter_card":"summary_large_image","twitter_misc":{"Escrito por":"Jefferson Sterfeno","Est. tempo de leitura":"4 minutos"},"schema":{"@context":"https:\/\/schema.org","@graph":[{"@type":"Article","@id":"https:\/\/blogdobispo.com.br\/?p=1957#article","isPartOf":{"@id":"https:\/\/blogdobispo.com.br\/?p=1957"},"author":{"name":"Jefferson Sterfeno","@id":"https:\/\/blogdobispo.com.br\/#\/schema\/person\/e2209cc0e6cea5c5233d033e997b373f"},"headline":"Dia do Professor: Assembleia faz homenagem e ressalta import\u00e2ncia dos professores","datePublished":"2023-10-20T00:51:58+00:00","mainEntityOfPage":{"@id":"https:\/\/blogdobispo.com.br\/?p=1957"},"wordCount":787,"commentCount":0,"publisher":{"@id":"https:\/\/blogdobispo.com.br\/#organization"},"image":{"@id":"https:\/\/blogdobispo.com.br\/?p=1957#primaryimage"},"thumbnailUrl":"https:\/\/blogdobispo.com.br\/wp-content\/uploads\/2023\/10\/img_3374-1-1024x681.jpg","articleSection":["diversos"],"inLanguage":"pt-BR","potentialAction":[{"@type":"CommentAction","name":"Comment","target":["https:\/\/blogdobispo.com.br\/?p=1957#respond"]}]},{"@type":"WebPage","@id":"https:\/\/blogdobispo.com.br\/?p=1957","url":"https:\/\/blogdobispo.com.br\/?p=1957","name":"Dia do Professor: Assembleia faz homenagem e ressalta import\u00e2ncia dos professores - Blog do Bispo","isPartOf":{"@id":"https:\/\/blogdobispo.com.br\/#website"},"primaryImageOfPage":{"@id":"https:\/\/blogdobispo.com.br\/?p=1957#primaryimage"},"image":{"@id":"https:\/\/blogdobispo.com.br\/?p=1957#primaryimage"},"thumbnailUrl":"https:\/\/blogdobispo.com.br\/wp-content\/uploads\/2023\/10\/img_3374-1-1024x681.jpg","datePublished":"2023-10-20T00:51:58+00:00","breadcrumb":{"@id":"https:\/\/blogdobispo.com.br\/?p=1957#breadcrumb"},"inLanguage":"pt-BR","potentialAction":[{"@type":"ReadAction","target":["https:\/\/blogdobispo.com.br\/?p=1957"]}]},{"@type":"ImageObject","inLanguage":"pt-BR","@id":"https:\/\/blogdobispo.com.br\/?p=1957#primaryimage","url":"https:\/\/blogdobispo.com.br\/wp-content\/uploads\/2023\/10\/img_3374-1-1024x681.jpg","contentUrl":"https:\/\/blogdobispo.com.br\/wp-content\/uploads\/2023\/10\/img_3374-1-1024x681.jpg"},{"@type":"BreadcrumbList","@id":"https:\/\/blogdobispo.com.br\/?p=1957#breadcrumb","itemListElement":[{"@type":"ListItem","position":1,"name":"In\u00edcio","item":"https:\/\/blogdobispo.com.br\/"},{"@type":"ListItem","position":2,"name":"Dia do Professor: Assembleia faz homenagem e ressalta import\u00e2ncia dos professores"}]},{"@type":"WebSite","@id":"https:\/\/blogdobispo.com.br\/#website","url":"https:\/\/blogdobispo.com.br\/","name":"Blog do Bispo","description":"Comprometido apenas com o leitor","publisher":{"@id":"https:\/\/blogdobispo.com.br\/#organization"},"potentialAction":[{"@type":"SearchAction","target":{"@type":"EntryPoint","urlTemplate":"https:\/\/blogdobispo.com.br\/?s={search_term_string}"},"query-input":{"@type":"PropertyValueSpecification","valueRequired":true,"valueName":"search_term_string"}}],"inLanguage":"pt-BR"},{"@type":"Organization","@id":"https:\/\/blogdobispo.com.br\/#organization","name":"Blog do Bispo","url":"https:\/\/blogdobispo.com.br\/","logo":{"@type":"ImageObject","inLanguage":"pt-BR","@id":"https:\/\/blogdobispo.com.br\/#\/schema\/logo\/image\/","url":"http:\/\/blogdobispo.com.br\/wp-content\/uploads\/2023\/05\/cropped-headear.png","contentUrl":"http:\/\/blogdobispo.com.br\/wp-content\/uploads\/2023\/05\/cropped-headear.png","width":1500,"height":399,"caption":"Blog do Bispo"},"image":{"@id":"https:\/\/blogdobispo.com.br\/#\/schema\/logo\/image\/"}},{"@type":"Person","@id":"https:\/\/blogdobispo.com.br\/#\/schema\/person\/e2209cc0e6cea5c5233d033e997b373f","name":"Jefferson Sterfeno","image":{"@type":"ImageObject","inLanguage":"pt-BR","@id":"https:\/\/blogdobispo.com.br\/#\/schema\/person\/image\/","url":"https:\/\/secure.gravatar.com\/avatar\/0534e84764641168a677026b6d57a3f51dc7ac4db0b4f6186d9cb330d4ee1160?s=96&d=mm&r=g","contentUrl":"https:\/\/secure.gravatar.com\/avatar\/0534e84764641168a677026b6d57a3f51dc7ac4db0b4f6186d9cb330d4ee1160?s=96&d=mm&r=g","caption":"Jefferson Sterfeno"},"sameAs":["http:\/\/blogdobispo.com.br"],"url":"https:\/\/blogdobispo.com.br\/?author=1"}]}},"featured_image_urls":{"full":"","thumbnail":"","medium":"","medium_large":"","large":"","1536x1536":"","2048x2048":""},"author_info":{"display_name":"Jefferson Sterfeno","author_link":"https:\/\/blogdobispo.com.br\/?author=1"},"category_info":"<a href=\"https:\/\/blogdobispo.com.br\/?cat=1\" rel=\"category\">diversos<\/a>","tag_info":"diversos","comment_count":"0","jetpack_featured_media_url":"","jetpack_sharing_enabled":true,"_links":{"self":[{"href":"https:\/\/blogdobispo.com.br\/index.php?rest_route=\/wp\/v2\/posts\/1957","targetHints":{"allow":["GET"]}}],"collection":[{"href":"https:\/\/blogdobispo.com.br\/index.php?rest_route=\/wp\/v2\/posts"}],"about":[{"href":"https:\/\/blogdobispo.com.br\/index.php?rest_route=\/wp\/v2\/types\/post"}],"author":[{"embeddable":true,"href":"https:\/\/blogdobispo.com.br\/index.php?rest_route=\/wp\/v2\/users\/1"}],"replies":[{"embeddable":true,"href":"https:\/\/blogdobispo.com.br\/index.php?rest_route=%2Fwp%2Fv2%2Fcomments&post=1957"}],"version-history":[{"count":0,"href":"https:\/\/blogdobispo.com.br\/index.php?rest_route=\/wp\/v2\/posts\/1957\/revisions"}],"wp:attachment":[{"href":"https:\/\/blogdobispo.com.br\/index.php?rest_route=%2Fwp%2Fv2%2Fmedia&parent=1957"}],"wp:term":[{"taxonomy":"category","embeddable":true,"href":"https:\/\/blogdobispo.com.br\/index.php?rest_route=%2Fwp%2Fv2%2Fcategories&post=1957"},{"taxonomy":"post_tag","embeddable":true,"href":"https:\/\/blogdobispo.com.br\/index.php?rest_route=%2Fwp%2Fv2%2Ftags&post=1957"}],"curies":[{"name":"wp","href":"https:\/\/api.w.org\/{rel}","templated":true}]}}