{"id":19462,"date":"2026-03-18T00:29:08","date_gmt":"2026-03-18T00:29:08","guid":{"rendered":"https:\/\/blogdobispo.com.br\/?p=19462"},"modified":"2026-03-18T00:29:08","modified_gmt":"2026-03-18T00:29:08","slug":"eca-digital-camara-de-natal-destaca-importancia-da-protecao-de-criancas-e-adolescentes-na-internet","status":"publish","type":"post","link":"https:\/\/blogdobispo.com.br\/?p=19462","title":{"rendered":"Eca Digital: C\u00e2mara de Natal destaca import\u00e2ncia da prote\u00e7\u00e3o de crian\u00e7as e adolescentes na internet"},"content":{"rendered":"\n<figure class=\"wp-block-image size-large\"><img data-recalc-dims=\"1\" fetchpriority=\"high\" decoding=\"async\" width=\"800\" height=\"621\" src=\"https:\/\/i0.wp.com\/blogdobispo.com.br\/wp-content\/uploads\/2026\/03\/e5bfc225-319b-457a-acfd-b40f07544b8d-1024x795.jpg?resize=800%2C621&#038;ssl=1\" class=\"wp-image-19460\" srcset=\"https:\/\/i0.wp.com\/blogdobispo.com.br\/wp-content\/uploads\/2026\/03\/e5bfc225-319b-457a-acfd-b40f07544b8d.jpg?resize=1024%2C795&amp;ssl=1 1024w, https:\/\/i0.wp.com\/blogdobispo.com.br\/wp-content\/uploads\/2026\/03\/e5bfc225-319b-457a-acfd-b40f07544b8d.jpg?resize=300%2C233&amp;ssl=1 300w, https:\/\/i0.wp.com\/blogdobispo.com.br\/wp-content\/uploads\/2026\/03\/e5bfc225-319b-457a-acfd-b40f07544b8d.jpg?resize=768%2C596&amp;ssl=1 768w, https:\/\/i0.wp.com\/blogdobispo.com.br\/wp-content\/uploads\/2026\/03\/e5bfc225-319b-457a-acfd-b40f07544b8d.jpg?resize=1536%2C1192&amp;ssl=1 1536w, https:\/\/i0.wp.com\/blogdobispo.com.br\/wp-content\/uploads\/2026\/03\/e5bfc225-319b-457a-acfd-b40f07544b8d.jpg?w=1600&amp;ssl=1 1600w\" sizes=\"(max-width: 800px) 100vw, 800px\" \/><\/figure>\n\n\n\n<p><\/p>\n\n\n\n<p>Nesta ter\u00e7a-feira (17), o Brasil iniciou uma nova fase na prote\u00e7\u00e3o de crian\u00e7as e adolescentes no ambiente online, com a entrada em vigor do Estatuto Digital da Crian\u00e7a e do Adolescente. A legisla\u00e7\u00e3o estabelece regras mais r\u00edgidas para o funcionamento de redes sociais, aplicativos, jogos e plataformas digitais, com foco na seguran\u00e7a e no bem-estar dos usu\u00e1rios mais jovens.<\/p>\n\n\n\n<p>A nova lei determina, entre outros pontos, a ado\u00e7\u00e3o de mecanismos de verifica\u00e7\u00e3o de idade, ferramentas de controle parental e medidas para prevenir riscos como cyberbullying, exposi\u00e7\u00e3o a conte\u00fados impr\u00f3prios e uso indevido de dados pessoais. Uma das principais mudan\u00e7as \u00e9 que, a partir de agora, menores de 16 anos s\u00f3 poder\u00e3o acessar redes sociais se a conta estiver vinculada \u00e0 de um respons\u00e1vel legal. Em caso de descumprimento, as empresas est\u00e3o sujeitas a san\u00e7\u00f5es que v\u00e3o desde advert\u00eancia at\u00e9 multas que podem chegar a R$ 50 milh\u00f5es, al\u00e9m da possibilidade de suspens\u00e3o ou at\u00e9 proibi\u00e7\u00e3o das atividades.<\/p>\n\n\n\n<p>Durante sess\u00e3o em plen\u00e1rio nesta ter\u00e7a-feira, o vereador Pedro Henrique (PP), presidente da Frente Parlamentar em Defesa dos Direitos da Crian\u00e7a e do Adolescente na C\u00e2mara Municipal de Natal, chamou aten\u00e7\u00e3o para os impactos pr\u00e1ticos da medida, especialmente na rotina das fam\u00edlias.<\/p>\n\n\n\n<p>\u201cEssa legisla\u00e7\u00e3o representa um avan\u00e7o importante porque coloca os pais e respons\u00e1veis no centro da prote\u00e7\u00e3o digital. Na pr\u00e1tica, eles passam a ter mais controle sobre quem pode interagir com seus filhos, quais conte\u00fados s\u00e3o acessados e como essas rela\u00e7\u00f5es acontecem dentro das plataformas. N\u00e3o \u00e9 apenas uma mudan\u00e7a t\u00e9cnica, \u00e9 uma mudan\u00e7a de comportamento que exige mais aten\u00e7\u00e3o e presen\u00e7a no dia a dia das crian\u00e7as\u201d, destacou.<\/p>\n\n\n\n<p>Segundo o parlamentar, a nova realidade tamb\u00e9m imp\u00f5e responsabilidades \u00e0s empresas de tecnologia, mas refor\u00e7a que o acompanhamento familiar continua sendo indispens\u00e1vel.<\/p>\n\n\n\n<p>\u201cAs plataformas passam a ter regras mais claras e r\u00edgidas, mas nenhuma tecnologia substitui o olhar atento da fam\u00edlia. A internet precisa deixar de ser vista como um espa\u00e7o sem limites quando falamos de crian\u00e7as e adolescentes. \u00c9 fundamental que os respons\u00e1veis entendam esse novo cen\u00e1rio e participem ativamente da vida digital dos seus filhos\u201d, afirmou.<\/p>\n\n\n\n<p>O projeto, tamb\u00e9m conhecido como Lei Felca, foi aprovado pelo Congresso Nacional em setembro de 2025. O tema ganhou forte repercuss\u00e3o nacional ap\u00f3s a publica\u00e7\u00e3o de um v\u00eddeo investigativo do influenciador Felipe Bressanim, o Felca, denunciando casos de explora\u00e7\u00e3o e adultiza\u00e7\u00e3o de menores na internet. A legisla\u00e7\u00e3o tamb\u00e9m pro\u00edbe a monetiza\u00e7\u00e3o de conte\u00fado sexual envolvendo crian\u00e7as e adolescentes.<\/p>\n\n\n\n<p>Na C\u00e2mara Municipal, o presidente ainda refor\u00e7ou que o assunto deve mobilizar diferentes setores da sociedade.<\/p>\n\n\n\n<p>\u201cNosso papel agora \u00e9 ampliar esse debate. Precisamos envolver os conselhos tutelares, as escolas, as fam\u00edlias e toda a rede de prote\u00e7\u00e3o para que essa lei seja efetiva na pr\u00e1tica. N\u00e3o se trata apenas de fiscaliza\u00e7\u00e3o, mas de conscientiza\u00e7\u00e3o coletiva. A prote\u00e7\u00e3o das crian\u00e7as no ambiente digital depende de um esfor\u00e7o conjunto\u201d, concluiu Pedro Henrique.<\/p>\n","protected":false},"excerpt":{"rendered":"<p>Nesta ter\u00e7a-feira (17), o Brasil iniciou uma nova fase na prote\u00e7\u00e3o de crian\u00e7as e adolescentes no ambiente online, com a entrada em vigor do Estatuto Digital da Crian\u00e7a e do Adolescente. A legisla\u00e7\u00e3o estabelece regras mais r\u00edgidas para o funcionamento de redes sociais, aplicativos, jogos e plataformas digitais, com foco na seguran\u00e7a e no bem-estar [&hellip;]<\/p>\n","protected":false},"author":1,"featured_media":19461,"comment_status":"open","ping_status":"open","sticky":false,"template":"","format":"standard","meta":{"cybocfi_hide_featured_image":"","_jetpack_memberships_contains_paid_content":false,"footnotes":""},"categories":[1],"tags":[],"class_list":["post-19462","post","type-post","status-publish","format-standard","has-post-thumbnail","hentry","category-diversos"],"yoast_head":"<!-- This site is optimized with the Yoast SEO plugin v25.6 - https:\/\/yoast.com\/wordpress\/plugins\/seo\/ -->\n<title>Eca Digital: C\u00e2mara de Natal destaca import\u00e2ncia da prote\u00e7\u00e3o de crian\u00e7as e adolescentes na internet - Blog do Bispo<\/title>\n<meta name=\"robots\" content=\"index, follow, max-snippet:-1, max-image-preview:large, max-video-preview:-1\" \/>\n<link rel=\"canonical\" href=\"https:\/\/blogdobispo.com.br\/?p=19462\" \/>\n<meta property=\"og:locale\" content=\"pt_BR\" \/>\n<meta property=\"og:type\" content=\"article\" \/>\n<meta property=\"og:title\" content=\"Eca Digital: C\u00e2mara de Natal destaca import\u00e2ncia da prote\u00e7\u00e3o de crian\u00e7as e adolescentes na internet - Blog do Bispo\" \/>\n<meta property=\"og:description\" content=\"Nesta ter\u00e7a-feira (17), o Brasil iniciou uma nova fase na prote\u00e7\u00e3o de crian\u00e7as e adolescentes no ambiente online, com a entrada em vigor do Estatuto Digital da Crian\u00e7a e do Adolescente. A legisla\u00e7\u00e3o estabelece regras mais r\u00edgidas para o funcionamento de redes sociais, aplicativos, jogos e plataformas digitais, com foco na seguran\u00e7a e no bem-estar [&hellip;]\" \/>\n<meta property=\"og:url\" content=\"https:\/\/blogdobispo.com.br\/?p=19462\" \/>\n<meta property=\"og:site_name\" content=\"Blog do Bispo\" \/>\n<meta property=\"article:published_time\" content=\"2026-03-18T00:29:08+00:00\" \/>\n<meta property=\"og:image\" content=\"https:\/\/blogdobispo.com.br\/wp-content\/uploads\/2026\/03\/e5bfc225-319b-457a-acfd-b40f07544b8d-1024x795.jpg\" \/>\n<meta name=\"author\" content=\"Jefferson Sterfeno\" \/>\n<meta name=\"twitter:card\" content=\"summary_large_image\" \/>\n<meta name=\"twitter:label1\" content=\"Escrito por\" \/>\n\t<meta name=\"twitter:data1\" content=\"Jefferson Sterfeno\" \/>\n\t<meta name=\"twitter:label2\" content=\"Est. tempo de leitura\" \/>\n\t<meta name=\"twitter:data2\" content=\"3 minutos\" \/>\n<script type=\"application\/ld+json\" class=\"yoast-schema-graph\">{\"@context\":\"https:\/\/schema.org\",\"@graph\":[{\"@type\":\"Article\",\"@id\":\"https:\/\/blogdobispo.com.br\/?p=19462#article\",\"isPartOf\":{\"@id\":\"https:\/\/blogdobispo.com.br\/?p=19462\"},\"author\":{\"name\":\"Jefferson Sterfeno\",\"@id\":\"https:\/\/blogdobispo.com.br\/#\/schema\/person\/e2209cc0e6cea5c5233d033e997b373f\"},\"headline\":\"Eca Digital: C\u00e2mara de Natal destaca import\u00e2ncia da prote\u00e7\u00e3o de crian\u00e7as e adolescentes na internet\",\"datePublished\":\"2026-03-18T00:29:08+00:00\",\"mainEntityOfPage\":{\"@id\":\"https:\/\/blogdobispo.com.br\/?p=19462\"},\"wordCount\":564,\"commentCount\":0,\"publisher\":{\"@id\":\"https:\/\/blogdobispo.com.br\/#organization\"},\"image\":{\"@id\":\"https:\/\/blogdobispo.com.br\/?p=19462#primaryimage\"},\"thumbnailUrl\":\"https:\/\/i0.wp.com\/blogdobispo.com.br\/wp-content\/uploads\/2026\/03\/e5bfc225-319b-457a-acfd-b40f07544b8d-1.jpg?fit=1600%2C1242&ssl=1\",\"articleSection\":[\"diversos\"],\"inLanguage\":\"pt-BR\",\"potentialAction\":[{\"@type\":\"CommentAction\",\"name\":\"Comment\",\"target\":[\"https:\/\/blogdobispo.com.br\/?p=19462#respond\"]}]},{\"@type\":\"WebPage\",\"@id\":\"https:\/\/blogdobispo.com.br\/?p=19462\",\"url\":\"https:\/\/blogdobispo.com.br\/?p=19462\",\"name\":\"Eca Digital: C\u00e2mara de Natal destaca import\u00e2ncia da prote\u00e7\u00e3o de crian\u00e7as e adolescentes na internet - Blog do Bispo\",\"isPartOf\":{\"@id\":\"https:\/\/blogdobispo.com.br\/#website\"},\"primaryImageOfPage\":{\"@id\":\"https:\/\/blogdobispo.com.br\/?p=19462#primaryimage\"},\"image\":{\"@id\":\"https:\/\/blogdobispo.com.br\/?p=19462#primaryimage\"},\"thumbnailUrl\":\"https:\/\/i0.wp.com\/blogdobispo.com.br\/wp-content\/uploads\/2026\/03\/e5bfc225-319b-457a-acfd-b40f07544b8d-1.jpg?fit=1600%2C1242&ssl=1\",\"datePublished\":\"2026-03-18T00:29:08+00:00\",\"breadcrumb\":{\"@id\":\"https:\/\/blogdobispo.com.br\/?p=19462#breadcrumb\"},\"inLanguage\":\"pt-BR\",\"potentialAction\":[{\"@type\":\"ReadAction\",\"target\":[\"https:\/\/blogdobispo.com.br\/?p=19462\"]}]},{\"@type\":\"ImageObject\",\"inLanguage\":\"pt-BR\",\"@id\":\"https:\/\/blogdobispo.com.br\/?p=19462#primaryimage\",\"url\":\"https:\/\/i0.wp.com\/blogdobispo.com.br\/wp-content\/uploads\/2026\/03\/e5bfc225-319b-457a-acfd-b40f07544b8d-1.jpg?fit=1600%2C1242&ssl=1\",\"contentUrl\":\"https:\/\/i0.wp.com\/blogdobispo.com.br\/wp-content\/uploads\/2026\/03\/e5bfc225-319b-457a-acfd-b40f07544b8d-1.jpg?fit=1600%2C1242&ssl=1\",\"width\":1600,\"height\":1242},{\"@type\":\"BreadcrumbList\",\"@id\":\"https:\/\/blogdobispo.com.br\/?p=19462#breadcrumb\",\"itemListElement\":[{\"@type\":\"ListItem\",\"position\":1,\"name\":\"In\u00edcio\",\"item\":\"https:\/\/blogdobispo.com.br\/\"},{\"@type\":\"ListItem\",\"position\":2,\"name\":\"Eca Digital: C\u00e2mara de Natal destaca import\u00e2ncia da prote\u00e7\u00e3o de crian\u00e7as e adolescentes na internet\"}]},{\"@type\":\"WebSite\",\"@id\":\"https:\/\/blogdobispo.com.br\/#website\",\"url\":\"https:\/\/blogdobispo.com.br\/\",\"name\":\"Blog do Bispo\",\"description\":\"Comprometido apenas com o leitor\",\"publisher\":{\"@id\":\"https:\/\/blogdobispo.com.br\/#organization\"},\"potentialAction\":[{\"@type\":\"SearchAction\",\"target\":{\"@type\":\"EntryPoint\",\"urlTemplate\":\"https:\/\/blogdobispo.com.br\/?s={search_term_string}\"},\"query-input\":{\"@type\":\"PropertyValueSpecification\",\"valueRequired\":true,\"valueName\":\"search_term_string\"}}],\"inLanguage\":\"pt-BR\"},{\"@type\":\"Organization\",\"@id\":\"https:\/\/blogdobispo.com.br\/#organization\",\"name\":\"Blog do Bispo\",\"url\":\"https:\/\/blogdobispo.com.br\/\",\"logo\":{\"@type\":\"ImageObject\",\"inLanguage\":\"pt-BR\",\"@id\":\"https:\/\/blogdobispo.com.br\/#\/schema\/logo\/image\/\",\"url\":\"http:\/\/blogdobispo.com.br\/wp-content\/uploads\/2023\/05\/cropped-headear.png\",\"contentUrl\":\"http:\/\/blogdobispo.com.br\/wp-content\/uploads\/2023\/05\/cropped-headear.png\",\"width\":1500,\"height\":399,\"caption\":\"Blog do Bispo\"},\"image\":{\"@id\":\"https:\/\/blogdobispo.com.br\/#\/schema\/logo\/image\/\"}},{\"@type\":\"Person\",\"@id\":\"https:\/\/blogdobispo.com.br\/#\/schema\/person\/e2209cc0e6cea5c5233d033e997b373f\",\"name\":\"Jefferson Sterfeno\",\"image\":{\"@type\":\"ImageObject\",\"inLanguage\":\"pt-BR\",\"@id\":\"https:\/\/blogdobispo.com.br\/#\/schema\/person\/image\/\",\"url\":\"https:\/\/secure.gravatar.com\/avatar\/0534e84764641168a677026b6d57a3f51dc7ac4db0b4f6186d9cb330d4ee1160?s=96&d=mm&r=g\",\"contentUrl\":\"https:\/\/secure.gravatar.com\/avatar\/0534e84764641168a677026b6d57a3f51dc7ac4db0b4f6186d9cb330d4ee1160?s=96&d=mm&r=g\",\"caption\":\"Jefferson Sterfeno\"},\"sameAs\":[\"http:\/\/blogdobispo.com.br\"],\"url\":\"https:\/\/blogdobispo.com.br\/?author=1\"}]}<\/script>\n<!-- \/ Yoast SEO plugin. -->","yoast_head_json":{"title":"Eca Digital: C\u00e2mara de Natal destaca import\u00e2ncia da prote\u00e7\u00e3o de crian\u00e7as e adolescentes na internet - Blog do Bispo","robots":{"index":"index","follow":"follow","max-snippet":"max-snippet:-1","max-image-preview":"max-image-preview:large","max-video-preview":"max-video-preview:-1"},"canonical":"https:\/\/blogdobispo.com.br\/?p=19462","og_locale":"pt_BR","og_type":"article","og_title":"Eca Digital: C\u00e2mara de Natal destaca import\u00e2ncia da prote\u00e7\u00e3o de crian\u00e7as e adolescentes na internet - Blog do Bispo","og_description":"Nesta ter\u00e7a-feira (17), o Brasil iniciou uma nova fase na prote\u00e7\u00e3o de crian\u00e7as e adolescentes no ambiente online, com a entrada em vigor do Estatuto Digital da Crian\u00e7a e do Adolescente. A legisla\u00e7\u00e3o estabelece regras mais r\u00edgidas para o funcionamento de redes sociais, aplicativos, jogos e plataformas digitais, com foco na seguran\u00e7a e no bem-estar [&hellip;]","og_url":"https:\/\/blogdobispo.com.br\/?p=19462","og_site_name":"Blog do Bispo","article_published_time":"2026-03-18T00:29:08+00:00","og_image":[{"url":"https:\/\/blogdobispo.com.br\/wp-content\/uploads\/2026\/03\/e5bfc225-319b-457a-acfd-b40f07544b8d-1024x795.jpg","type":"","width":"","height":""}],"author":"Jefferson Sterfeno","twitter_card":"summary_large_image","twitter_misc":{"Escrito por":"Jefferson Sterfeno","Est. tempo de leitura":"3 minutos"},"schema":{"@context":"https:\/\/schema.org","@graph":[{"@type":"Article","@id":"https:\/\/blogdobispo.com.br\/?p=19462#article","isPartOf":{"@id":"https:\/\/blogdobispo.com.br\/?p=19462"},"author":{"name":"Jefferson Sterfeno","@id":"https:\/\/blogdobispo.com.br\/#\/schema\/person\/e2209cc0e6cea5c5233d033e997b373f"},"headline":"Eca Digital: C\u00e2mara de Natal destaca import\u00e2ncia da prote\u00e7\u00e3o de crian\u00e7as e adolescentes na internet","datePublished":"2026-03-18T00:29:08+00:00","mainEntityOfPage":{"@id":"https:\/\/blogdobispo.com.br\/?p=19462"},"wordCount":564,"commentCount":0,"publisher":{"@id":"https:\/\/blogdobispo.com.br\/#organization"},"image":{"@id":"https:\/\/blogdobispo.com.br\/?p=19462#primaryimage"},"thumbnailUrl":"https:\/\/i0.wp.com\/blogdobispo.com.br\/wp-content\/uploads\/2026\/03\/e5bfc225-319b-457a-acfd-b40f07544b8d-1.jpg?fit=1600%2C1242&ssl=1","articleSection":["diversos"],"inLanguage":"pt-BR","potentialAction":[{"@type":"CommentAction","name":"Comment","target":["https:\/\/blogdobispo.com.br\/?p=19462#respond"]}]},{"@type":"WebPage","@id":"https:\/\/blogdobispo.com.br\/?p=19462","url":"https:\/\/blogdobispo.com.br\/?p=19462","name":"Eca Digital: C\u00e2mara de Natal destaca import\u00e2ncia da prote\u00e7\u00e3o de crian\u00e7as e adolescentes na internet - Blog do Bispo","isPartOf":{"@id":"https:\/\/blogdobispo.com.br\/#website"},"primaryImageOfPage":{"@id":"https:\/\/blogdobispo.com.br\/?p=19462#primaryimage"},"image":{"@id":"https:\/\/blogdobispo.com.br\/?p=19462#primaryimage"},"thumbnailUrl":"https:\/\/i0.wp.com\/blogdobispo.com.br\/wp-content\/uploads\/2026\/03\/e5bfc225-319b-457a-acfd-b40f07544b8d-1.jpg?fit=1600%2C1242&ssl=1","datePublished":"2026-03-18T00:29:08+00:00","breadcrumb":{"@id":"https:\/\/blogdobispo.com.br\/?p=19462#breadcrumb"},"inLanguage":"pt-BR","potentialAction":[{"@type":"ReadAction","target":["https:\/\/blogdobispo.com.br\/?p=19462"]}]},{"@type":"ImageObject","inLanguage":"pt-BR","@id":"https:\/\/blogdobispo.com.br\/?p=19462#primaryimage","url":"https:\/\/i0.wp.com\/blogdobispo.com.br\/wp-content\/uploads\/2026\/03\/e5bfc225-319b-457a-acfd-b40f07544b8d-1.jpg?fit=1600%2C1242&ssl=1","contentUrl":"https:\/\/i0.wp.com\/blogdobispo.com.br\/wp-content\/uploads\/2026\/03\/e5bfc225-319b-457a-acfd-b40f07544b8d-1.jpg?fit=1600%2C1242&ssl=1","width":1600,"height":1242},{"@type":"BreadcrumbList","@id":"https:\/\/blogdobispo.com.br\/?p=19462#breadcrumb","itemListElement":[{"@type":"ListItem","position":1,"name":"In\u00edcio","item":"https:\/\/blogdobispo.com.br\/"},{"@type":"ListItem","position":2,"name":"Eca Digital: C\u00e2mara de Natal destaca import\u00e2ncia da prote\u00e7\u00e3o de crian\u00e7as e adolescentes na internet"}]},{"@type":"WebSite","@id":"https:\/\/blogdobispo.com.br\/#website","url":"https:\/\/blogdobispo.com.br\/","name":"Blog do Bispo","description":"Comprometido apenas com o leitor","publisher":{"@id":"https:\/\/blogdobispo.com.br\/#organization"},"potentialAction":[{"@type":"SearchAction","target":{"@type":"EntryPoint","urlTemplate":"https:\/\/blogdobispo.com.br\/?s={search_term_string}"},"query-input":{"@type":"PropertyValueSpecification","valueRequired":true,"valueName":"search_term_string"}}],"inLanguage":"pt-BR"},{"@type":"Organization","@id":"https:\/\/blogdobispo.com.br\/#organization","name":"Blog do Bispo","url":"https:\/\/blogdobispo.com.br\/","logo":{"@type":"ImageObject","inLanguage":"pt-BR","@id":"https:\/\/blogdobispo.com.br\/#\/schema\/logo\/image\/","url":"http:\/\/blogdobispo.com.br\/wp-content\/uploads\/2023\/05\/cropped-headear.png","contentUrl":"http:\/\/blogdobispo.com.br\/wp-content\/uploads\/2023\/05\/cropped-headear.png","width":1500,"height":399,"caption":"Blog do Bispo"},"image":{"@id":"https:\/\/blogdobispo.com.br\/#\/schema\/logo\/image\/"}},{"@type":"Person","@id":"https:\/\/blogdobispo.com.br\/#\/schema\/person\/e2209cc0e6cea5c5233d033e997b373f","name":"Jefferson Sterfeno","image":{"@type":"ImageObject","inLanguage":"pt-BR","@id":"https:\/\/blogdobispo.com.br\/#\/schema\/person\/image\/","url":"https:\/\/secure.gravatar.com\/avatar\/0534e84764641168a677026b6d57a3f51dc7ac4db0b4f6186d9cb330d4ee1160?s=96&d=mm&r=g","contentUrl":"https:\/\/secure.gravatar.com\/avatar\/0534e84764641168a677026b6d57a3f51dc7ac4db0b4f6186d9cb330d4ee1160?s=96&d=mm&r=g","caption":"Jefferson Sterfeno"},"sameAs":["http:\/\/blogdobispo.com.br"],"url":"https:\/\/blogdobispo.com.br\/?author=1"}]}},"featured_image_urls":{"full":["https:\/\/i0.wp.com\/blogdobispo.com.br\/wp-content\/uploads\/2026\/03\/e5bfc225-319b-457a-acfd-b40f07544b8d-1.jpg?fit=1600%2C1242&ssl=1",1600,1242,false],"thumbnail":["https:\/\/i0.wp.com\/blogdobispo.com.br\/wp-content\/uploads\/2026\/03\/e5bfc225-319b-457a-acfd-b40f07544b8d-1.jpg?resize=150%2C150&ssl=1",150,150,true],"medium":["https:\/\/i0.wp.com\/blogdobispo.com.br\/wp-content\/uploads\/2026\/03\/e5bfc225-319b-457a-acfd-b40f07544b8d-1.jpg?fit=300%2C233&ssl=1",300,233,true],"medium_large":["https:\/\/i0.wp.com\/blogdobispo.com.br\/wp-content\/uploads\/2026\/03\/e5bfc225-319b-457a-acfd-b40f07544b8d-1.jpg?fit=768%2C596&ssl=1",768,596,true],"large":["https:\/\/i0.wp.com\/blogdobispo.com.br\/wp-content\/uploads\/2026\/03\/e5bfc225-319b-457a-acfd-b40f07544b8d-1.jpg?fit=800%2C621&ssl=1",800,621,true],"1536x1536":["https:\/\/i0.wp.com\/blogdobispo.com.br\/wp-content\/uploads\/2026\/03\/e5bfc225-319b-457a-acfd-b40f07544b8d-1.jpg?fit=1536%2C1192&ssl=1",1536,1192,true],"2048x2048":["https:\/\/i0.wp.com\/blogdobispo.com.br\/wp-content\/uploads\/2026\/03\/e5bfc225-319b-457a-acfd-b40f07544b8d-1.jpg?fit=1600%2C1242&ssl=1",1600,1242,true]},"author_info":{"display_name":"Jefferson Sterfeno","author_link":"https:\/\/blogdobispo.com.br\/?author=1"},"category_info":"<a href=\"https:\/\/blogdobispo.com.br\/?cat=1\" rel=\"category\">diversos<\/a>","tag_info":"diversos","comment_count":"0","jetpack_featured_media_url":"https:\/\/i0.wp.com\/blogdobispo.com.br\/wp-content\/uploads\/2026\/03\/e5bfc225-319b-457a-acfd-b40f07544b8d-1.jpg?fit=1600%2C1242&ssl=1","jetpack_sharing_enabled":true,"_links":{"self":[{"href":"https:\/\/blogdobispo.com.br\/index.php?rest_route=\/wp\/v2\/posts\/19462","targetHints":{"allow":["GET"]}}],"collection":[{"href":"https:\/\/blogdobispo.com.br\/index.php?rest_route=\/wp\/v2\/posts"}],"about":[{"href":"https:\/\/blogdobispo.com.br\/index.php?rest_route=\/wp\/v2\/types\/post"}],"author":[{"embeddable":true,"href":"https:\/\/blogdobispo.com.br\/index.php?rest_route=\/wp\/v2\/users\/1"}],"replies":[{"embeddable":true,"href":"https:\/\/blogdobispo.com.br\/index.php?rest_route=%2Fwp%2Fv2%2Fcomments&post=19462"}],"version-history":[{"count":0,"href":"https:\/\/blogdobispo.com.br\/index.php?rest_route=\/wp\/v2\/posts\/19462\/revisions"}],"wp:featuredmedia":[{"embeddable":true,"href":"https:\/\/blogdobispo.com.br\/index.php?rest_route=\/wp\/v2\/media\/19461"}],"wp:attachment":[{"href":"https:\/\/blogdobispo.com.br\/index.php?rest_route=%2Fwp%2Fv2%2Fmedia&parent=19462"}],"wp:term":[{"taxonomy":"category","embeddable":true,"href":"https:\/\/blogdobispo.com.br\/index.php?rest_route=%2Fwp%2Fv2%2Fcategories&post=19462"},{"taxonomy":"post_tag","embeddable":true,"href":"https:\/\/blogdobispo.com.br\/index.php?rest_route=%2Fwp%2Fv2%2Ftags&post=19462"}],"curies":[{"name":"wp","href":"https:\/\/api.w.org\/{rel}","templated":true}]}}