{"id":19454,"date":"2026-03-17T18:38:50","date_gmt":"2026-03-17T18:38:50","guid":{"rendered":"https:\/\/blogdobispo.com.br\/?p=19454"},"modified":"2026-03-17T18:38:50","modified_gmt":"2026-03-17T18:38:50","slug":"grupo-potiguar-3coracoes-compra-dona-das-marcas-yoki-e-kitano-por-r-800-milhoes","status":"publish","type":"post","link":"https:\/\/blogdobispo.com.br\/?p=19454","title":{"rendered":"Grupo  potiguar 3cora\u00e7\u00f5es compra dona das marcas Yoki e Kitano por R$ 800 milh\u00f5es"},"content":{"rendered":"<div id=\"chunk-6hg0j\">\n<div class=\"mc-column content-text active-extra-styles \" data-block-type=\"unstyled\" data-block-weight=\"37\" data-block-id=\"3\">\n<p class=\" content-text__container \" data-track-category=\"Link no Texto\" data-track-links=\"\" data-mrf-recirculation=\"Mat\u00e9ria - Links no Texto\">A General Mills anunciou nesta ter\u00e7a-feira (17) a venda de sua opera\u00e7\u00e3o no Brasil para o grupo 3cora\u00e7\u00f5es por\u00a0<strong>R$ 800 milh\u00f5es<\/strong>, em um movimento que faz parte da estrat\u00e9gia global de reorganiza\u00e7\u00e3o do portf\u00f3lio da companhia.<\/p>\n<\/div>\n<\/div>\n<div class=\"wall protected-content\">\n<div id=\"chunk-94jvj\">\n<div class=\"mc-column content-text active-extra-styles \" data-block-type=\"unstyled\" data-block-weight=\"42\" data-block-id=\"5\">\n<p class=\" content-text__container \" data-track-category=\"Link no Texto\" data-track-links=\"\" data-mrf-recirculation=\"Mat\u00e9ria - Links no Texto\"><span class=\"highlight highlighted\">O acordo inclui marcas tradicionais como a\u00a0<\/span><strong><span class=\"highlight highlighted\">Yoki \u2014 conhecida por produtos como farofa, pipoca de micro-ondas e batata palha \u2014 e a Kitano, de temperos<\/span><\/strong><span class=\"highlight highlighted\">, e ainda depende da aprova\u00e7\u00e3o de \u00f3rg\u00e3os reguladores, com conclus\u00e3o prevista at\u00e9 o fim de 2026.<\/span><\/p>\n<p data-track-category=\"Link no Texto\" data-track-links=\"\" data-mrf-recirculation=\"Mat\u00e9ria - Links no Texto\">Segundo a 3cora\u00e7\u00f5es, a aquisi\u00e7\u00e3o refor\u00e7a a estrat\u00e9gia de diversifica\u00e7\u00e3o do portf\u00f3lio e amplia sua presen\u00e7a nas diferentes ocasi\u00f5es de consumo.<\/p>\n<p data-track-category=\"Link no Texto\" data-track-links=\"\" data-mrf-recirculation=\"Mat\u00e9ria - Links no Texto\">Estamos entusiasmados com a chegada das marcas amadas pelo consumidor Yoki e Kitano. Este \u00e9 um passo fundamental em nosso prop\u00f3sito de estar cada vez mais pr\u00f3ximos da fam\u00edlia brasileira, fazendo-nos presentes em diferentes ocasi\u00f5es de consumo\u201d, afirmou o presidente do grupo, Pedro Lima.<\/p>\n<p data-track-category=\"Link no Texto\" data-track-links=\"\" data-mrf-recirculation=\"Mat\u00e9ria - Links no Texto\">O executivo tamb\u00e9m destacou a integra\u00e7\u00e3o das equipes. \u201cEntendemos que o sucesso das nossas marcas \u00e9 reflexo direto da dedica\u00e7\u00e3o do nosso povo. Estamos felizes por acolher os profissionais apaixonados pelo que fazem, que se juntar\u00e3o \u00e0 nossa fam\u00edlia para continuar encantando os consumidores brasileiros. Que essa uni\u00e3o gere valor para todos\u201d, disse.<\/p>\n<div id=\"chunk-2o1be\">\n<div class=\"mc-column content-text active-extra-styles \" data-block-type=\"unstyled\" data-block-weight=\"31\" data-block-id=\"14\">\n<p class=\" content-text__container \" data-track-category=\"Link no Texto\" data-track-links=\"\" data-mrf-recirculation=\"Mat\u00e9ria - Links no Texto\">Para a General Mills, a venda faz parte de uma estrat\u00e9gia global de reestrutura\u00e7\u00e3o, com foco em categorias consideradas priorit\u00e1rias, como sorvetes premium, comida mexicana, snacks e alimentos para pets.<\/p>\n<\/div>\n<\/div>\n<div id=\"chunk-af0hi\">\n<div class=\"mc-column content-text active-extra-styles \" data-block-type=\"unstyled\" data-block-weight=\"18\" data-block-id=\"15\">\n<p class=\" content-text__container \" data-track-category=\"Link no Texto\" data-track-links=\"\" data-mrf-recirculation=\"Mat\u00e9ria - Links no Texto\">A companhia afirma que a opera\u00e7\u00e3o deve contribuir para melhorar margens (lucro)e concentrar esfor\u00e7os em neg\u00f3cios mais estrat\u00e9gicos.<\/p>\n<\/div>\n<\/div>\n<div id=\"chunk-mmja\">\n<div class=\"mc-column content-text active-extra-styles \" data-block-type=\"unstyled\" data-block-weight=\"33\" data-block-id=\"16\">\n<p class=\" content-text__container \" data-track-category=\"Link no Texto\" data-track-links=\"\" data-mrf-recirculation=\"Mat\u00e9ria - Links no Texto\">Fundada em 1856, nos Estados Unidos, a General Mills \u00e9 uma das maiores empresas de alimentos do mundo, com produtos que v\u00e3o de cereais e snacks a sorvetes e ra\u00e7\u00e3o para animais.<\/p>\n<\/div>\n<\/div>\n<div id=\"chunk-4bh25\">\n<div class=\"mc-column content-text active-extra-styles \" data-block-type=\"unstyled\" data-block-weight=\"36\" data-block-id=\"17\">\n<p class=\" content-text__container \" data-track-category=\"Link no Texto\" data-track-links=\"\" data-mrf-recirculation=\"Mat\u00e9ria - Links no Texto\"><span class=\"highlight highlighted\">Dona de marcas como\u00a0<\/span><strong><span class=\"highlight highlighted\">Cheerios, Nature Valley, H\u00e4agen-Dazs<\/span><\/strong><span class=\"highlight highlighted\">\u00a0e\u00a0<\/span><strong><span class=\"highlight highlighted\">Betty Crocker<\/span><\/strong><span class=\"highlight highlighted\">, a companhia registrou cerca de\u00a0<\/span><strong><span class=\"highlight highlighted\">US$ 19 bilh\u00f5es<\/span><\/strong><span class=\"highlight highlighted\">\u00a0em receita em 2025, al\u00e9m de aproximadamente\u00a0<\/span><strong><span class=\"highlight highlighted\">US$ 1 bilh\u00e3o<\/span><\/strong><span class=\"highlight highlighted\">\u00a0em ganhos com participa\u00e7\u00f5es em outros neg\u00f3cios.<\/span><\/p>\n<\/div>\n<\/div>\n<div id=\"chunk-9bs8e\">\n<div class=\"mc-column content-text active-extra-styles \" data-block-type=\"unstyled\" data-block-weight=\"62\" data-block-id=\"18\">\n<p class=\" content-text__container \" data-track-category=\"Link no Texto\" data-track-links=\"\" data-mrf-recirculation=\"Mat\u00e9ria - Links no Texto\">No Brasil, a empresa emprega cerca de 3.500 pessoas e conta com duas f\u00e1bricas, em Pouso Alegre (MG) e Campo Novo do Parecis (MT), al\u00e9m de seis centros de distribui\u00e7\u00e3o no pa\u00eds.\u00a0<span class=\"highlight highlighted\">Segundo o comunicado da General Mills, as opera\u00e7\u00f5es no Brasil contribu\u00edram com aproximadamente\u00a0<\/span><strong><span class=\"highlight highlighted\">US$ 350 milh\u00f5es (R$ 1,8 bilh\u00e3o)<\/span><\/strong><span class=\"highlight highlighted\">\u00a0para as vendas l\u00edquidas da companhia no ano fiscal de 2025.<\/span><\/p>\n<\/div>\n<\/div>\n<div id=\"chunk-22uae\">\n<div class=\"mc-column content-text active-extra-styles \" data-block-type=\"unstyled\" data-block-weight=\"29\" data-block-id=\"19\">\n<p class=\" content-text__container \" data-track-category=\"Link no Texto\" data-track-links=\"\" data-mrf-recirculation=\"Mat\u00e9ria - Links no Texto\">J\u00e1 a 3cora\u00e7\u00f5es tem forte atua\u00e7\u00e3o na produ\u00e7\u00e3o e distribui\u00e7\u00e3o de caf\u00e9 \u2014 torrado e mo\u00eddo, sol\u00favel e em c\u00e1psulas \u2014 e vem avan\u00e7ando na diversifica\u00e7\u00e3o do portf\u00f3lio.<\/p>\n<p data-track-category=\"Link no Texto\" data-track-links=\"\" data-mrf-recirculation=\"Mat\u00e9ria - Links no Texto\">G1<img fetchpriority=\"high\" decoding=\"async\" class=\"alignnone size-medium wp-image-19455\" src=\"http:\/\/blogdobispo.com.br\/wp-content\/uploads\/2026\/03\/vagasempregos-300x200.avif\" alt=\"\" width=\"300\" height=\"200\" srcset=\"https:\/\/blogdobispo.com.br\/wp-content\/uploads\/2026\/03\/vagasempregos-300x200.avif 300w, https:\/\/blogdobispo.com.br\/wp-content\/uploads\/2026\/03\/vagasempregos-768x511.avif 768w, https:\/\/blogdobispo.com.br\/wp-content\/uploads\/2026\/03\/vagasempregos.avif 984w\" sizes=\"(max-width: 300px) 100vw, 300px\" \/><\/p>\n<\/div>\n<\/div>\n<\/div>\n<\/div>\n<\/div>\n","protected":false},"excerpt":{"rendered":"<p>A General Mills anunciou nesta ter\u00e7a-feira (17) a venda de sua opera\u00e7\u00e3o no Brasil para o grupo 3cora\u00e7\u00f5es por\u00a0R$ 800 milh\u00f5es, em um movimento que faz parte da estrat\u00e9gia global de reorganiza\u00e7\u00e3o do portf\u00f3lio da companhia. O acordo inclui marcas tradicionais como a\u00a0Yoki \u2014 conhecida por produtos como farofa, pipoca de micro-ondas e batata palha [&hellip;]<\/p>\n","protected":false},"author":1,"featured_media":19455,"comment_status":"open","ping_status":"open","sticky":false,"template":"","format":"standard","meta":{"cybocfi_hide_featured_image":"","_jetpack_memberships_contains_paid_content":false,"footnotes":""},"categories":[1],"tags":[],"class_list":["post-19454","post","type-post","status-publish","format-standard","has-post-thumbnail","hentry","category-diversos"],"yoast_head":"<!-- This site is optimized with the Yoast SEO plugin v25.6 - https:\/\/yoast.com\/wordpress\/plugins\/seo\/ -->\n<title>Grupo potiguar 3cora\u00e7\u00f5es compra dona das marcas Yoki e Kitano por R$ 800 milh\u00f5es - Blog do Bispo<\/title>\n<meta name=\"robots\" content=\"index, follow, max-snippet:-1, max-image-preview:large, max-video-preview:-1\" \/>\n<link rel=\"canonical\" href=\"https:\/\/blogdobispo.com.br\/?p=19454\" \/>\n<meta property=\"og:locale\" content=\"pt_BR\" \/>\n<meta property=\"og:type\" content=\"article\" \/>\n<meta property=\"og:title\" content=\"Grupo potiguar 3cora\u00e7\u00f5es compra dona das marcas Yoki e Kitano por R$ 800 milh\u00f5es - Blog do Bispo\" \/>\n<meta property=\"og:description\" content=\"A General Mills anunciou nesta ter\u00e7a-feira (17) a venda de sua opera\u00e7\u00e3o no Brasil para o grupo 3cora\u00e7\u00f5es por\u00a0R$ 800 milh\u00f5es, em um movimento que faz parte da estrat\u00e9gia global de reorganiza\u00e7\u00e3o do portf\u00f3lio da companhia. O acordo inclui marcas tradicionais como a\u00a0Yoki \u2014 conhecida por produtos como farofa, pipoca de micro-ondas e batata palha [&hellip;]\" \/>\n<meta property=\"og:url\" content=\"https:\/\/blogdobispo.com.br\/?p=19454\" \/>\n<meta property=\"og:site_name\" content=\"Blog do Bispo\" \/>\n<meta property=\"article:published_time\" content=\"2026-03-17T18:38:50+00:00\" \/>\n<meta name=\"author\" content=\"Jefferson Sterfeno\" \/>\n<meta name=\"twitter:card\" content=\"summary_large_image\" \/>\n<meta name=\"twitter:label1\" content=\"Escrito por\" \/>\n\t<meta name=\"twitter:data1\" content=\"Jefferson Sterfeno\" \/>\n\t<meta name=\"twitter:label2\" content=\"Est. tempo de leitura\" \/>\n\t<meta name=\"twitter:data2\" content=\"3 minutos\" \/>\n<script type=\"application\/ld+json\" class=\"yoast-schema-graph\">{\"@context\":\"https:\/\/schema.org\",\"@graph\":[{\"@type\":\"Article\",\"@id\":\"https:\/\/blogdobispo.com.br\/?p=19454#article\",\"isPartOf\":{\"@id\":\"https:\/\/blogdobispo.com.br\/?p=19454\"},\"author\":{\"name\":\"Jefferson Sterfeno\",\"@id\":\"https:\/\/blogdobispo.com.br\/#\/schema\/person\/e2209cc0e6cea5c5233d033e997b373f\"},\"headline\":\"Grupo potiguar 3cora\u00e7\u00f5es compra dona das marcas Yoki e Kitano por R$ 800 milh\u00f5es\",\"datePublished\":\"2026-03-17T18:38:50+00:00\",\"mainEntityOfPage\":{\"@id\":\"https:\/\/blogdobispo.com.br\/?p=19454\"},\"wordCount\":463,\"commentCount\":0,\"publisher\":{\"@id\":\"https:\/\/blogdobispo.com.br\/#organization\"},\"image\":{\"@id\":\"https:\/\/blogdobispo.com.br\/?p=19454#primaryimage\"},\"thumbnailUrl\":\"https:\/\/blogdobispo.com.br\/wp-content\/uploads\/2026\/03\/vagasempregos.avif\",\"articleSection\":[\"diversos\"],\"inLanguage\":\"pt-BR\",\"potentialAction\":[{\"@type\":\"CommentAction\",\"name\":\"Comment\",\"target\":[\"https:\/\/blogdobispo.com.br\/?p=19454#respond\"]}]},{\"@type\":\"WebPage\",\"@id\":\"https:\/\/blogdobispo.com.br\/?p=19454\",\"url\":\"https:\/\/blogdobispo.com.br\/?p=19454\",\"name\":\"Grupo potiguar 3cora\u00e7\u00f5es compra dona das marcas Yoki e Kitano por R$ 800 milh\u00f5es - Blog do Bispo\",\"isPartOf\":{\"@id\":\"https:\/\/blogdobispo.com.br\/#website\"},\"primaryImageOfPage\":{\"@id\":\"https:\/\/blogdobispo.com.br\/?p=19454#primaryimage\"},\"image\":{\"@id\":\"https:\/\/blogdobispo.com.br\/?p=19454#primaryimage\"},\"thumbnailUrl\":\"https:\/\/blogdobispo.com.br\/wp-content\/uploads\/2026\/03\/vagasempregos.avif\",\"datePublished\":\"2026-03-17T18:38:50+00:00\",\"breadcrumb\":{\"@id\":\"https:\/\/blogdobispo.com.br\/?p=19454#breadcrumb\"},\"inLanguage\":\"pt-BR\",\"potentialAction\":[{\"@type\":\"ReadAction\",\"target\":[\"https:\/\/blogdobispo.com.br\/?p=19454\"]}]},{\"@type\":\"ImageObject\",\"inLanguage\":\"pt-BR\",\"@id\":\"https:\/\/blogdobispo.com.br\/?p=19454#primaryimage\",\"url\":\"https:\/\/blogdobispo.com.br\/wp-content\/uploads\/2026\/03\/vagasempregos.avif\",\"contentUrl\":\"https:\/\/blogdobispo.com.br\/wp-content\/uploads\/2026\/03\/vagasempregos.avif\",\"width\":984,\"height\":655},{\"@type\":\"BreadcrumbList\",\"@id\":\"https:\/\/blogdobispo.com.br\/?p=19454#breadcrumb\",\"itemListElement\":[{\"@type\":\"ListItem\",\"position\":1,\"name\":\"In\u00edcio\",\"item\":\"https:\/\/blogdobispo.com.br\/\"},{\"@type\":\"ListItem\",\"position\":2,\"name\":\"Grupo potiguar 3cora\u00e7\u00f5es compra dona das marcas Yoki e Kitano por R$ 800 milh\u00f5es\"}]},{\"@type\":\"WebSite\",\"@id\":\"https:\/\/blogdobispo.com.br\/#website\",\"url\":\"https:\/\/blogdobispo.com.br\/\",\"name\":\"Blog do Bispo\",\"description\":\"Comprometido apenas com o leitor\",\"publisher\":{\"@id\":\"https:\/\/blogdobispo.com.br\/#organization\"},\"potentialAction\":[{\"@type\":\"SearchAction\",\"target\":{\"@type\":\"EntryPoint\",\"urlTemplate\":\"https:\/\/blogdobispo.com.br\/?s={search_term_string}\"},\"query-input\":{\"@type\":\"PropertyValueSpecification\",\"valueRequired\":true,\"valueName\":\"search_term_string\"}}],\"inLanguage\":\"pt-BR\"},{\"@type\":\"Organization\",\"@id\":\"https:\/\/blogdobispo.com.br\/#organization\",\"name\":\"Blog do Bispo\",\"url\":\"https:\/\/blogdobispo.com.br\/\",\"logo\":{\"@type\":\"ImageObject\",\"inLanguage\":\"pt-BR\",\"@id\":\"https:\/\/blogdobispo.com.br\/#\/schema\/logo\/image\/\",\"url\":\"http:\/\/blogdobispo.com.br\/wp-content\/uploads\/2023\/05\/cropped-headear.png\",\"contentUrl\":\"http:\/\/blogdobispo.com.br\/wp-content\/uploads\/2023\/05\/cropped-headear.png\",\"width\":1500,\"height\":399,\"caption\":\"Blog do Bispo\"},\"image\":{\"@id\":\"https:\/\/blogdobispo.com.br\/#\/schema\/logo\/image\/\"}},{\"@type\":\"Person\",\"@id\":\"https:\/\/blogdobispo.com.br\/#\/schema\/person\/e2209cc0e6cea5c5233d033e997b373f\",\"name\":\"Jefferson Sterfeno\",\"image\":{\"@type\":\"ImageObject\",\"inLanguage\":\"pt-BR\",\"@id\":\"https:\/\/blogdobispo.com.br\/#\/schema\/person\/image\/\",\"url\":\"https:\/\/secure.gravatar.com\/avatar\/0534e84764641168a677026b6d57a3f51dc7ac4db0b4f6186d9cb330d4ee1160?s=96&d=mm&r=g\",\"contentUrl\":\"https:\/\/secure.gravatar.com\/avatar\/0534e84764641168a677026b6d57a3f51dc7ac4db0b4f6186d9cb330d4ee1160?s=96&d=mm&r=g\",\"caption\":\"Jefferson Sterfeno\"},\"sameAs\":[\"http:\/\/blogdobispo.com.br\"],\"url\":\"https:\/\/blogdobispo.com.br\/?author=1\"}]}<\/script>\n<!-- \/ Yoast SEO plugin. -->","yoast_head_json":{"title":"Grupo potiguar 3cora\u00e7\u00f5es compra dona das marcas Yoki e Kitano por R$ 800 milh\u00f5es - Blog do Bispo","robots":{"index":"index","follow":"follow","max-snippet":"max-snippet:-1","max-image-preview":"max-image-preview:large","max-video-preview":"max-video-preview:-1"},"canonical":"https:\/\/blogdobispo.com.br\/?p=19454","og_locale":"pt_BR","og_type":"article","og_title":"Grupo potiguar 3cora\u00e7\u00f5es compra dona das marcas Yoki e Kitano por R$ 800 milh\u00f5es - Blog do Bispo","og_description":"A General Mills anunciou nesta ter\u00e7a-feira (17) a venda de sua opera\u00e7\u00e3o no Brasil para o grupo 3cora\u00e7\u00f5es por\u00a0R$ 800 milh\u00f5es, em um movimento que faz parte da estrat\u00e9gia global de reorganiza\u00e7\u00e3o do portf\u00f3lio da companhia. O acordo inclui marcas tradicionais como a\u00a0Yoki \u2014 conhecida por produtos como farofa, pipoca de micro-ondas e batata palha [&hellip;]","og_url":"https:\/\/blogdobispo.com.br\/?p=19454","og_site_name":"Blog do Bispo","article_published_time":"2026-03-17T18:38:50+00:00","author":"Jefferson Sterfeno","twitter_card":"summary_large_image","twitter_misc":{"Escrito por":"Jefferson Sterfeno","Est. tempo de leitura":"3 minutos"},"schema":{"@context":"https:\/\/schema.org","@graph":[{"@type":"Article","@id":"https:\/\/blogdobispo.com.br\/?p=19454#article","isPartOf":{"@id":"https:\/\/blogdobispo.com.br\/?p=19454"},"author":{"name":"Jefferson Sterfeno","@id":"https:\/\/blogdobispo.com.br\/#\/schema\/person\/e2209cc0e6cea5c5233d033e997b373f"},"headline":"Grupo potiguar 3cora\u00e7\u00f5es compra dona das marcas Yoki e Kitano por R$ 800 milh\u00f5es","datePublished":"2026-03-17T18:38:50+00:00","mainEntityOfPage":{"@id":"https:\/\/blogdobispo.com.br\/?p=19454"},"wordCount":463,"commentCount":0,"publisher":{"@id":"https:\/\/blogdobispo.com.br\/#organization"},"image":{"@id":"https:\/\/blogdobispo.com.br\/?p=19454#primaryimage"},"thumbnailUrl":"https:\/\/blogdobispo.com.br\/wp-content\/uploads\/2026\/03\/vagasempregos.avif","articleSection":["diversos"],"inLanguage":"pt-BR","potentialAction":[{"@type":"CommentAction","name":"Comment","target":["https:\/\/blogdobispo.com.br\/?p=19454#respond"]}]},{"@type":"WebPage","@id":"https:\/\/blogdobispo.com.br\/?p=19454","url":"https:\/\/blogdobispo.com.br\/?p=19454","name":"Grupo potiguar 3cora\u00e7\u00f5es compra dona das marcas Yoki e Kitano por R$ 800 milh\u00f5es - Blog do Bispo","isPartOf":{"@id":"https:\/\/blogdobispo.com.br\/#website"},"primaryImageOfPage":{"@id":"https:\/\/blogdobispo.com.br\/?p=19454#primaryimage"},"image":{"@id":"https:\/\/blogdobispo.com.br\/?p=19454#primaryimage"},"thumbnailUrl":"https:\/\/blogdobispo.com.br\/wp-content\/uploads\/2026\/03\/vagasempregos.avif","datePublished":"2026-03-17T18:38:50+00:00","breadcrumb":{"@id":"https:\/\/blogdobispo.com.br\/?p=19454#breadcrumb"},"inLanguage":"pt-BR","potentialAction":[{"@type":"ReadAction","target":["https:\/\/blogdobispo.com.br\/?p=19454"]}]},{"@type":"ImageObject","inLanguage":"pt-BR","@id":"https:\/\/blogdobispo.com.br\/?p=19454#primaryimage","url":"https:\/\/blogdobispo.com.br\/wp-content\/uploads\/2026\/03\/vagasempregos.avif","contentUrl":"https:\/\/blogdobispo.com.br\/wp-content\/uploads\/2026\/03\/vagasempregos.avif","width":984,"height":655},{"@type":"BreadcrumbList","@id":"https:\/\/blogdobispo.com.br\/?p=19454#breadcrumb","itemListElement":[{"@type":"ListItem","position":1,"name":"In\u00edcio","item":"https:\/\/blogdobispo.com.br\/"},{"@type":"ListItem","position":2,"name":"Grupo potiguar 3cora\u00e7\u00f5es compra dona das marcas Yoki e Kitano por R$ 800 milh\u00f5es"}]},{"@type":"WebSite","@id":"https:\/\/blogdobispo.com.br\/#website","url":"https:\/\/blogdobispo.com.br\/","name":"Blog do Bispo","description":"Comprometido apenas com o leitor","publisher":{"@id":"https:\/\/blogdobispo.com.br\/#organization"},"potentialAction":[{"@type":"SearchAction","target":{"@type":"EntryPoint","urlTemplate":"https:\/\/blogdobispo.com.br\/?s={search_term_string}"},"query-input":{"@type":"PropertyValueSpecification","valueRequired":true,"valueName":"search_term_string"}}],"inLanguage":"pt-BR"},{"@type":"Organization","@id":"https:\/\/blogdobispo.com.br\/#organization","name":"Blog do Bispo","url":"https:\/\/blogdobispo.com.br\/","logo":{"@type":"ImageObject","inLanguage":"pt-BR","@id":"https:\/\/blogdobispo.com.br\/#\/schema\/logo\/image\/","url":"http:\/\/blogdobispo.com.br\/wp-content\/uploads\/2023\/05\/cropped-headear.png","contentUrl":"http:\/\/blogdobispo.com.br\/wp-content\/uploads\/2023\/05\/cropped-headear.png","width":1500,"height":399,"caption":"Blog do Bispo"},"image":{"@id":"https:\/\/blogdobispo.com.br\/#\/schema\/logo\/image\/"}},{"@type":"Person","@id":"https:\/\/blogdobispo.com.br\/#\/schema\/person\/e2209cc0e6cea5c5233d033e997b373f","name":"Jefferson Sterfeno","image":{"@type":"ImageObject","inLanguage":"pt-BR","@id":"https:\/\/blogdobispo.com.br\/#\/schema\/person\/image\/","url":"https:\/\/secure.gravatar.com\/avatar\/0534e84764641168a677026b6d57a3f51dc7ac4db0b4f6186d9cb330d4ee1160?s=96&d=mm&r=g","contentUrl":"https:\/\/secure.gravatar.com\/avatar\/0534e84764641168a677026b6d57a3f51dc7ac4db0b4f6186d9cb330d4ee1160?s=96&d=mm&r=g","caption":"Jefferson Sterfeno"},"sameAs":["http:\/\/blogdobispo.com.br"],"url":"https:\/\/blogdobispo.com.br\/?author=1"}]}},"featured_image_urls":{"full":["https:\/\/blogdobispo.com.br\/wp-content\/uploads\/2026\/03\/vagasempregos.avif",984,655,false],"thumbnail":["https:\/\/blogdobispo.com.br\/wp-content\/uploads\/2026\/03\/vagasempregos-150x150.avif",150,150,true],"medium":["https:\/\/blogdobispo.com.br\/wp-content\/uploads\/2026\/03\/vagasempregos-300x200.avif",300,200,true],"medium_large":["https:\/\/blogdobispo.com.br\/wp-content\/uploads\/2026\/03\/vagasempregos-768x511.avif",768,511,true],"large":["https:\/\/blogdobispo.com.br\/wp-content\/uploads\/2026\/03\/vagasempregos.avif",800,533,false],"1536x1536":["https:\/\/blogdobispo.com.br\/wp-content\/uploads\/2026\/03\/vagasempregos.avif",984,655,false],"2048x2048":["https:\/\/blogdobispo.com.br\/wp-content\/uploads\/2026\/03\/vagasempregos.avif",984,655,false]},"author_info":{"display_name":"Jefferson Sterfeno","author_link":"https:\/\/blogdobispo.com.br\/?author=1"},"category_info":"<a href=\"https:\/\/blogdobispo.com.br\/?cat=1\" rel=\"category\">diversos<\/a>","tag_info":"diversos","comment_count":"0","jetpack_featured_media_url":"https:\/\/blogdobispo.com.br\/wp-content\/uploads\/2026\/03\/vagasempregos.avif","jetpack_sharing_enabled":true,"_links":{"self":[{"href":"https:\/\/blogdobispo.com.br\/index.php?rest_route=\/wp\/v2\/posts\/19454","targetHints":{"allow":["GET"]}}],"collection":[{"href":"https:\/\/blogdobispo.com.br\/index.php?rest_route=\/wp\/v2\/posts"}],"about":[{"href":"https:\/\/blogdobispo.com.br\/index.php?rest_route=\/wp\/v2\/types\/post"}],"author":[{"embeddable":true,"href":"https:\/\/blogdobispo.com.br\/index.php?rest_route=\/wp\/v2\/users\/1"}],"replies":[{"embeddable":true,"href":"https:\/\/blogdobispo.com.br\/index.php?rest_route=%2Fwp%2Fv2%2Fcomments&post=19454"}],"version-history":[{"count":1,"href":"https:\/\/blogdobispo.com.br\/index.php?rest_route=\/wp\/v2\/posts\/19454\/revisions"}],"predecessor-version":[{"id":19456,"href":"https:\/\/blogdobispo.com.br\/index.php?rest_route=\/wp\/v2\/posts\/19454\/revisions\/19456"}],"wp:featuredmedia":[{"embeddable":true,"href":"https:\/\/blogdobispo.com.br\/index.php?rest_route=\/wp\/v2\/media\/19455"}],"wp:attachment":[{"href":"https:\/\/blogdobispo.com.br\/index.php?rest_route=%2Fwp%2Fv2%2Fmedia&parent=19454"}],"wp:term":[{"taxonomy":"category","embeddable":true,"href":"https:\/\/blogdobispo.com.br\/index.php?rest_route=%2Fwp%2Fv2%2Fcategories&post=19454"},{"taxonomy":"post_tag","embeddable":true,"href":"https:\/\/blogdobispo.com.br\/index.php?rest_route=%2Fwp%2Fv2%2Ftags&post=19454"}],"curies":[{"name":"wp","href":"https:\/\/api.w.org\/{rel}","templated":true}]}}