{"id":19449,"date":"2026-03-17T18:17:15","date_gmt":"2026-03-17T18:17:15","guid":{"rendered":"https:\/\/blogdobispo.com.br\/?p=19449"},"modified":"2026-03-17T18:17:15","modified_gmt":"2026-03-17T18:17:15","slug":"pedro-filho-recebe-apoio-de-poti-neto-e-fortalece-articulacao-em-sao-goncalo-do-amarante","status":"publish","type":"post","link":"https:\/\/blogdobispo.com.br\/?p=19449","title":{"rendered":"Pedro Filho recebe apoio de Poti Neto e fortalece articula\u00e7\u00e3o em S\u00e3o Gon\u00e7alo do Amarante"},"content":{"rendered":"\n<figure class=\"wp-block-image size-large\"><img data-recalc-dims=\"1\" fetchpriority=\"high\" decoding=\"async\" width=\"800\" height=\"592\" src=\"https:\/\/i0.wp.com\/blogdobispo.com.br\/wp-content\/uploads\/2026\/03\/174ed406-c3af-476e-a59b-c7fa3bb84b8e-1024x758.jpg?resize=800%2C592&#038;ssl=1\" class=\"wp-image-19447\" srcset=\"https:\/\/i0.wp.com\/blogdobispo.com.br\/wp-content\/uploads\/2026\/03\/174ed406-c3af-476e-a59b-c7fa3bb84b8e.jpg?resize=1024%2C758&amp;ssl=1 1024w, https:\/\/i0.wp.com\/blogdobispo.com.br\/wp-content\/uploads\/2026\/03\/174ed406-c3af-476e-a59b-c7fa3bb84b8e.jpg?resize=300%2C222&amp;ssl=1 300w, https:\/\/i0.wp.com\/blogdobispo.com.br\/wp-content\/uploads\/2026\/03\/174ed406-c3af-476e-a59b-c7fa3bb84b8e.jpg?resize=768%2C568&amp;ssl=1 768w, https:\/\/i0.wp.com\/blogdobispo.com.br\/wp-content\/uploads\/2026\/03\/174ed406-c3af-476e-a59b-c7fa3bb84b8e.jpg?w=1054&amp;ssl=1 1054w\" sizes=\"(max-width: 800px) 100vw, 800px\" \/><\/figure>\n\n\n\n<p><\/p>\n\n\n\n<p>A pr\u00e9-candidatura de Pedro Filho a deputado federal segue ganhando for\u00e7a no Estado. O mais recente apoio vem de Poti Neto, importante lideran\u00e7a pol\u00edtica do munic\u00edpio de S\u00e3o Gon\u00e7alo do Amarante, que anunciou ades\u00e3o ao projeto pol\u00edtico liderado por Pedro.<\/p>\n\n\n\n<p>Com atua\u00e7\u00e3o reconhecida na cidade, Poti Neto \u00e9 considerado uma das principais lideran\u00e7as do munic\u00edpio. Ao declarar apoio, Poti Neto destacou a confian\u00e7a no projeto apresentado pelo pr\u00e9-candidato e a import\u00e2ncia de fortalecer a representa\u00e7\u00e3o da regi\u00e3o na C\u00e2mara dos Deputados.<\/p>\n\n\n\n<p>Pedro Filho agradeceu o apoio e ressaltou a import\u00e2ncia de construir alian\u00e7as com lideran\u00e7as que conhecem de perto as demandas da popula\u00e7\u00e3o. \u201cS\u00e3o Gon\u00e7alo do Amarante tem grande relev\u00e2ncia para o desenvolvimento da Grande Natal. Receber o apoio de Poti Neto fortalece ainda mais nossa caminhada e amplia o di\u00e1logo com a popula\u00e7\u00e3o da cidade\u201d, afirmou.<\/p>\n","protected":false},"excerpt":{"rendered":"<p>A pr\u00e9-candidatura de Pedro Filho a deputado federal segue ganhando for\u00e7a no Estado. O mais recente apoio vem de Poti Neto, importante lideran\u00e7a pol\u00edtica do munic\u00edpio de S\u00e3o Gon\u00e7alo do Amarante, que anunciou ades\u00e3o ao projeto pol\u00edtico liderado por Pedro. Com atua\u00e7\u00e3o reconhecida na cidade, Poti Neto \u00e9 considerado uma das principais lideran\u00e7as do munic\u00edpio. [&hellip;]<\/p>\n","protected":false},"author":1,"featured_media":19448,"comment_status":"open","ping_status":"open","sticky":false,"template":"","format":"standard","meta":{"cybocfi_hide_featured_image":"","_jetpack_memberships_contains_paid_content":false,"footnotes":""},"categories":[1],"tags":[],"class_list":["post-19449","post","type-post","status-publish","format-standard","has-post-thumbnail","hentry","category-diversos"],"yoast_head":"<!-- This site is optimized with the Yoast SEO plugin v25.6 - https:\/\/yoast.com\/wordpress\/plugins\/seo\/ -->\n<title>Pedro Filho recebe apoio de Poti Neto e fortalece articula\u00e7\u00e3o em S\u00e3o Gon\u00e7alo do Amarante - Blog do Bispo<\/title>\n<meta name=\"robots\" content=\"index, follow, max-snippet:-1, max-image-preview:large, max-video-preview:-1\" \/>\n<link rel=\"canonical\" href=\"https:\/\/blogdobispo.com.br\/?p=19449\" \/>\n<meta property=\"og:locale\" content=\"pt_BR\" \/>\n<meta property=\"og:type\" content=\"article\" \/>\n<meta property=\"og:title\" content=\"Pedro Filho recebe apoio de Poti Neto e fortalece articula\u00e7\u00e3o em S\u00e3o Gon\u00e7alo do Amarante - Blog do Bispo\" \/>\n<meta property=\"og:description\" content=\"A pr\u00e9-candidatura de Pedro Filho a deputado federal segue ganhando for\u00e7a no Estado. O mais recente apoio vem de Poti Neto, importante lideran\u00e7a pol\u00edtica do munic\u00edpio de S\u00e3o Gon\u00e7alo do Amarante, que anunciou ades\u00e3o ao projeto pol\u00edtico liderado por Pedro. Com atua\u00e7\u00e3o reconhecida na cidade, Poti Neto \u00e9 considerado uma das principais lideran\u00e7as do munic\u00edpio. [&hellip;]\" \/>\n<meta property=\"og:url\" content=\"https:\/\/blogdobispo.com.br\/?p=19449\" \/>\n<meta property=\"og:site_name\" content=\"Blog do Bispo\" \/>\n<meta property=\"article:published_time\" content=\"2026-03-17T18:17:15+00:00\" \/>\n<meta property=\"og:image\" content=\"https:\/\/blogdobispo.com.br\/wp-content\/uploads\/2026\/03\/174ed406-c3af-476e-a59b-c7fa3bb84b8e-1024x758.jpg\" \/>\n<meta name=\"author\" content=\"Jefferson Sterfeno\" \/>\n<meta name=\"twitter:card\" content=\"summary_large_image\" \/>\n<meta name=\"twitter:label1\" content=\"Escrito por\" \/>\n\t<meta name=\"twitter:data1\" content=\"Jefferson Sterfeno\" \/>\n\t<meta name=\"twitter:label2\" content=\"Est. tempo de leitura\" \/>\n\t<meta name=\"twitter:data2\" content=\"1 minuto\" \/>\n<script type=\"application\/ld+json\" class=\"yoast-schema-graph\">{\"@context\":\"https:\/\/schema.org\",\"@graph\":[{\"@type\":\"Article\",\"@id\":\"https:\/\/blogdobispo.com.br\/?p=19449#article\",\"isPartOf\":{\"@id\":\"https:\/\/blogdobispo.com.br\/?p=19449\"},\"author\":{\"name\":\"Jefferson Sterfeno\",\"@id\":\"https:\/\/blogdobispo.com.br\/#\/schema\/person\/e2209cc0e6cea5c5233d033e997b373f\"},\"headline\":\"Pedro Filho recebe apoio de Poti Neto e fortalece articula\u00e7\u00e3o em S\u00e3o Gon\u00e7alo do Amarante\",\"datePublished\":\"2026-03-17T18:17:15+00:00\",\"mainEntityOfPage\":{\"@id\":\"https:\/\/blogdobispo.com.br\/?p=19449\"},\"wordCount\":181,\"commentCount\":0,\"publisher\":{\"@id\":\"https:\/\/blogdobispo.com.br\/#organization\"},\"image\":{\"@id\":\"https:\/\/blogdobispo.com.br\/?p=19449#primaryimage\"},\"thumbnailUrl\":\"https:\/\/i0.wp.com\/blogdobispo.com.br\/wp-content\/uploads\/2026\/03\/174ed406-c3af-476e-a59b-c7fa3bb84b8e-1.jpg?fit=1054%2C780&ssl=1\",\"articleSection\":[\"diversos\"],\"inLanguage\":\"pt-BR\",\"potentialAction\":[{\"@type\":\"CommentAction\",\"name\":\"Comment\",\"target\":[\"https:\/\/blogdobispo.com.br\/?p=19449#respond\"]}]},{\"@type\":\"WebPage\",\"@id\":\"https:\/\/blogdobispo.com.br\/?p=19449\",\"url\":\"https:\/\/blogdobispo.com.br\/?p=19449\",\"name\":\"Pedro Filho recebe apoio de Poti Neto e fortalece articula\u00e7\u00e3o em S\u00e3o Gon\u00e7alo do Amarante - Blog do Bispo\",\"isPartOf\":{\"@id\":\"https:\/\/blogdobispo.com.br\/#website\"},\"primaryImageOfPage\":{\"@id\":\"https:\/\/blogdobispo.com.br\/?p=19449#primaryimage\"},\"image\":{\"@id\":\"https:\/\/blogdobispo.com.br\/?p=19449#primaryimage\"},\"thumbnailUrl\":\"https:\/\/i0.wp.com\/blogdobispo.com.br\/wp-content\/uploads\/2026\/03\/174ed406-c3af-476e-a59b-c7fa3bb84b8e-1.jpg?fit=1054%2C780&ssl=1\",\"datePublished\":\"2026-03-17T18:17:15+00:00\",\"breadcrumb\":{\"@id\":\"https:\/\/blogdobispo.com.br\/?p=19449#breadcrumb\"},\"inLanguage\":\"pt-BR\",\"potentialAction\":[{\"@type\":\"ReadAction\",\"target\":[\"https:\/\/blogdobispo.com.br\/?p=19449\"]}]},{\"@type\":\"ImageObject\",\"inLanguage\":\"pt-BR\",\"@id\":\"https:\/\/blogdobispo.com.br\/?p=19449#primaryimage\",\"url\":\"https:\/\/i0.wp.com\/blogdobispo.com.br\/wp-content\/uploads\/2026\/03\/174ed406-c3af-476e-a59b-c7fa3bb84b8e-1.jpg?fit=1054%2C780&ssl=1\",\"contentUrl\":\"https:\/\/i0.wp.com\/blogdobispo.com.br\/wp-content\/uploads\/2026\/03\/174ed406-c3af-476e-a59b-c7fa3bb84b8e-1.jpg?fit=1054%2C780&ssl=1\",\"width\":1054,\"height\":780},{\"@type\":\"BreadcrumbList\",\"@id\":\"https:\/\/blogdobispo.com.br\/?p=19449#breadcrumb\",\"itemListElement\":[{\"@type\":\"ListItem\",\"position\":1,\"name\":\"In\u00edcio\",\"item\":\"https:\/\/blogdobispo.com.br\/\"},{\"@type\":\"ListItem\",\"position\":2,\"name\":\"Pedro Filho recebe apoio de Poti Neto e fortalece articula\u00e7\u00e3o em S\u00e3o Gon\u00e7alo do Amarante\"}]},{\"@type\":\"WebSite\",\"@id\":\"https:\/\/blogdobispo.com.br\/#website\",\"url\":\"https:\/\/blogdobispo.com.br\/\",\"name\":\"Blog do Bispo\",\"description\":\"Comprometido apenas com o leitor\",\"publisher\":{\"@id\":\"https:\/\/blogdobispo.com.br\/#organization\"},\"potentialAction\":[{\"@type\":\"SearchAction\",\"target\":{\"@type\":\"EntryPoint\",\"urlTemplate\":\"https:\/\/blogdobispo.com.br\/?s={search_term_string}\"},\"query-input\":{\"@type\":\"PropertyValueSpecification\",\"valueRequired\":true,\"valueName\":\"search_term_string\"}}],\"inLanguage\":\"pt-BR\"},{\"@type\":\"Organization\",\"@id\":\"https:\/\/blogdobispo.com.br\/#organization\",\"name\":\"Blog do Bispo\",\"url\":\"https:\/\/blogdobispo.com.br\/\",\"logo\":{\"@type\":\"ImageObject\",\"inLanguage\":\"pt-BR\",\"@id\":\"https:\/\/blogdobispo.com.br\/#\/schema\/logo\/image\/\",\"url\":\"http:\/\/blogdobispo.com.br\/wp-content\/uploads\/2023\/05\/cropped-headear.png\",\"contentUrl\":\"http:\/\/blogdobispo.com.br\/wp-content\/uploads\/2023\/05\/cropped-headear.png\",\"width\":1500,\"height\":399,\"caption\":\"Blog do Bispo\"},\"image\":{\"@id\":\"https:\/\/blogdobispo.com.br\/#\/schema\/logo\/image\/\"}},{\"@type\":\"Person\",\"@id\":\"https:\/\/blogdobispo.com.br\/#\/schema\/person\/e2209cc0e6cea5c5233d033e997b373f\",\"name\":\"Jefferson Sterfeno\",\"image\":{\"@type\":\"ImageObject\",\"inLanguage\":\"pt-BR\",\"@id\":\"https:\/\/blogdobispo.com.br\/#\/schema\/person\/image\/\",\"url\":\"https:\/\/secure.gravatar.com\/avatar\/0534e84764641168a677026b6d57a3f51dc7ac4db0b4f6186d9cb330d4ee1160?s=96&d=mm&r=g\",\"contentUrl\":\"https:\/\/secure.gravatar.com\/avatar\/0534e84764641168a677026b6d57a3f51dc7ac4db0b4f6186d9cb330d4ee1160?s=96&d=mm&r=g\",\"caption\":\"Jefferson Sterfeno\"},\"sameAs\":[\"http:\/\/blogdobispo.com.br\"],\"url\":\"https:\/\/blogdobispo.com.br\/?author=1\"}]}<\/script>\n<!-- \/ Yoast SEO plugin. -->","yoast_head_json":{"title":"Pedro Filho recebe apoio de Poti Neto e fortalece articula\u00e7\u00e3o em S\u00e3o Gon\u00e7alo do Amarante - Blog do Bispo","robots":{"index":"index","follow":"follow","max-snippet":"max-snippet:-1","max-image-preview":"max-image-preview:large","max-video-preview":"max-video-preview:-1"},"canonical":"https:\/\/blogdobispo.com.br\/?p=19449","og_locale":"pt_BR","og_type":"article","og_title":"Pedro Filho recebe apoio de Poti Neto e fortalece articula\u00e7\u00e3o em S\u00e3o Gon\u00e7alo do Amarante - Blog do Bispo","og_description":"A pr\u00e9-candidatura de Pedro Filho a deputado federal segue ganhando for\u00e7a no Estado. O mais recente apoio vem de Poti Neto, importante lideran\u00e7a pol\u00edtica do munic\u00edpio de S\u00e3o Gon\u00e7alo do Amarante, que anunciou ades\u00e3o ao projeto pol\u00edtico liderado por Pedro. Com atua\u00e7\u00e3o reconhecida na cidade, Poti Neto \u00e9 considerado uma das principais lideran\u00e7as do munic\u00edpio. [&hellip;]","og_url":"https:\/\/blogdobispo.com.br\/?p=19449","og_site_name":"Blog do Bispo","article_published_time":"2026-03-17T18:17:15+00:00","og_image":[{"url":"https:\/\/blogdobispo.com.br\/wp-content\/uploads\/2026\/03\/174ed406-c3af-476e-a59b-c7fa3bb84b8e-1024x758.jpg","type":"","width":"","height":""}],"author":"Jefferson Sterfeno","twitter_card":"summary_large_image","twitter_misc":{"Escrito por":"Jefferson Sterfeno","Est. tempo de leitura":"1 minuto"},"schema":{"@context":"https:\/\/schema.org","@graph":[{"@type":"Article","@id":"https:\/\/blogdobispo.com.br\/?p=19449#article","isPartOf":{"@id":"https:\/\/blogdobispo.com.br\/?p=19449"},"author":{"name":"Jefferson Sterfeno","@id":"https:\/\/blogdobispo.com.br\/#\/schema\/person\/e2209cc0e6cea5c5233d033e997b373f"},"headline":"Pedro Filho recebe apoio de Poti Neto e fortalece articula\u00e7\u00e3o em S\u00e3o Gon\u00e7alo do Amarante","datePublished":"2026-03-17T18:17:15+00:00","mainEntityOfPage":{"@id":"https:\/\/blogdobispo.com.br\/?p=19449"},"wordCount":181,"commentCount":0,"publisher":{"@id":"https:\/\/blogdobispo.com.br\/#organization"},"image":{"@id":"https:\/\/blogdobispo.com.br\/?p=19449#primaryimage"},"thumbnailUrl":"https:\/\/i0.wp.com\/blogdobispo.com.br\/wp-content\/uploads\/2026\/03\/174ed406-c3af-476e-a59b-c7fa3bb84b8e-1.jpg?fit=1054%2C780&ssl=1","articleSection":["diversos"],"inLanguage":"pt-BR","potentialAction":[{"@type":"CommentAction","name":"Comment","target":["https:\/\/blogdobispo.com.br\/?p=19449#respond"]}]},{"@type":"WebPage","@id":"https:\/\/blogdobispo.com.br\/?p=19449","url":"https:\/\/blogdobispo.com.br\/?p=19449","name":"Pedro Filho recebe apoio de Poti Neto e fortalece articula\u00e7\u00e3o em S\u00e3o Gon\u00e7alo do Amarante - Blog do Bispo","isPartOf":{"@id":"https:\/\/blogdobispo.com.br\/#website"},"primaryImageOfPage":{"@id":"https:\/\/blogdobispo.com.br\/?p=19449#primaryimage"},"image":{"@id":"https:\/\/blogdobispo.com.br\/?p=19449#primaryimage"},"thumbnailUrl":"https:\/\/i0.wp.com\/blogdobispo.com.br\/wp-content\/uploads\/2026\/03\/174ed406-c3af-476e-a59b-c7fa3bb84b8e-1.jpg?fit=1054%2C780&ssl=1","datePublished":"2026-03-17T18:17:15+00:00","breadcrumb":{"@id":"https:\/\/blogdobispo.com.br\/?p=19449#breadcrumb"},"inLanguage":"pt-BR","potentialAction":[{"@type":"ReadAction","target":["https:\/\/blogdobispo.com.br\/?p=19449"]}]},{"@type":"ImageObject","inLanguage":"pt-BR","@id":"https:\/\/blogdobispo.com.br\/?p=19449#primaryimage","url":"https:\/\/i0.wp.com\/blogdobispo.com.br\/wp-content\/uploads\/2026\/03\/174ed406-c3af-476e-a59b-c7fa3bb84b8e-1.jpg?fit=1054%2C780&ssl=1","contentUrl":"https:\/\/i0.wp.com\/blogdobispo.com.br\/wp-content\/uploads\/2026\/03\/174ed406-c3af-476e-a59b-c7fa3bb84b8e-1.jpg?fit=1054%2C780&ssl=1","width":1054,"height":780},{"@type":"BreadcrumbList","@id":"https:\/\/blogdobispo.com.br\/?p=19449#breadcrumb","itemListElement":[{"@type":"ListItem","position":1,"name":"In\u00edcio","item":"https:\/\/blogdobispo.com.br\/"},{"@type":"ListItem","position":2,"name":"Pedro Filho recebe apoio de Poti Neto e fortalece articula\u00e7\u00e3o em S\u00e3o Gon\u00e7alo do Amarante"}]},{"@type":"WebSite","@id":"https:\/\/blogdobispo.com.br\/#website","url":"https:\/\/blogdobispo.com.br\/","name":"Blog do Bispo","description":"Comprometido apenas com o leitor","publisher":{"@id":"https:\/\/blogdobispo.com.br\/#organization"},"potentialAction":[{"@type":"SearchAction","target":{"@type":"EntryPoint","urlTemplate":"https:\/\/blogdobispo.com.br\/?s={search_term_string}"},"query-input":{"@type":"PropertyValueSpecification","valueRequired":true,"valueName":"search_term_string"}}],"inLanguage":"pt-BR"},{"@type":"Organization","@id":"https:\/\/blogdobispo.com.br\/#organization","name":"Blog do Bispo","url":"https:\/\/blogdobispo.com.br\/","logo":{"@type":"ImageObject","inLanguage":"pt-BR","@id":"https:\/\/blogdobispo.com.br\/#\/schema\/logo\/image\/","url":"http:\/\/blogdobispo.com.br\/wp-content\/uploads\/2023\/05\/cropped-headear.png","contentUrl":"http:\/\/blogdobispo.com.br\/wp-content\/uploads\/2023\/05\/cropped-headear.png","width":1500,"height":399,"caption":"Blog do Bispo"},"image":{"@id":"https:\/\/blogdobispo.com.br\/#\/schema\/logo\/image\/"}},{"@type":"Person","@id":"https:\/\/blogdobispo.com.br\/#\/schema\/person\/e2209cc0e6cea5c5233d033e997b373f","name":"Jefferson Sterfeno","image":{"@type":"ImageObject","inLanguage":"pt-BR","@id":"https:\/\/blogdobispo.com.br\/#\/schema\/person\/image\/","url":"https:\/\/secure.gravatar.com\/avatar\/0534e84764641168a677026b6d57a3f51dc7ac4db0b4f6186d9cb330d4ee1160?s=96&d=mm&r=g","contentUrl":"https:\/\/secure.gravatar.com\/avatar\/0534e84764641168a677026b6d57a3f51dc7ac4db0b4f6186d9cb330d4ee1160?s=96&d=mm&r=g","caption":"Jefferson Sterfeno"},"sameAs":["http:\/\/blogdobispo.com.br"],"url":"https:\/\/blogdobispo.com.br\/?author=1"}]}},"featured_image_urls":{"full":["https:\/\/i0.wp.com\/blogdobispo.com.br\/wp-content\/uploads\/2026\/03\/174ed406-c3af-476e-a59b-c7fa3bb84b8e-1.jpg?fit=1054%2C780&ssl=1",1054,780,false],"thumbnail":["https:\/\/i0.wp.com\/blogdobispo.com.br\/wp-content\/uploads\/2026\/03\/174ed406-c3af-476e-a59b-c7fa3bb84b8e-1.jpg?resize=150%2C150&ssl=1",150,150,true],"medium":["https:\/\/i0.wp.com\/blogdobispo.com.br\/wp-content\/uploads\/2026\/03\/174ed406-c3af-476e-a59b-c7fa3bb84b8e-1.jpg?fit=300%2C222&ssl=1",300,222,true],"medium_large":["https:\/\/i0.wp.com\/blogdobispo.com.br\/wp-content\/uploads\/2026\/03\/174ed406-c3af-476e-a59b-c7fa3bb84b8e-1.jpg?fit=768%2C568&ssl=1",768,568,true],"large":["https:\/\/i0.wp.com\/blogdobispo.com.br\/wp-content\/uploads\/2026\/03\/174ed406-c3af-476e-a59b-c7fa3bb84b8e-1.jpg?fit=800%2C592&ssl=1",800,592,true],"1536x1536":["https:\/\/i0.wp.com\/blogdobispo.com.br\/wp-content\/uploads\/2026\/03\/174ed406-c3af-476e-a59b-c7fa3bb84b8e-1.jpg?fit=1054%2C780&ssl=1",1054,780,true],"2048x2048":["https:\/\/i0.wp.com\/blogdobispo.com.br\/wp-content\/uploads\/2026\/03\/174ed406-c3af-476e-a59b-c7fa3bb84b8e-1.jpg?fit=1054%2C780&ssl=1",1054,780,true]},"author_info":{"display_name":"Jefferson Sterfeno","author_link":"https:\/\/blogdobispo.com.br\/?author=1"},"category_info":"<a href=\"https:\/\/blogdobispo.com.br\/?cat=1\" rel=\"category\">diversos<\/a>","tag_info":"diversos","comment_count":"0","jetpack_featured_media_url":"https:\/\/i0.wp.com\/blogdobispo.com.br\/wp-content\/uploads\/2026\/03\/174ed406-c3af-476e-a59b-c7fa3bb84b8e-1.jpg?fit=1054%2C780&ssl=1","jetpack_sharing_enabled":true,"_links":{"self":[{"href":"https:\/\/blogdobispo.com.br\/index.php?rest_route=\/wp\/v2\/posts\/19449","targetHints":{"allow":["GET"]}}],"collection":[{"href":"https:\/\/blogdobispo.com.br\/index.php?rest_route=\/wp\/v2\/posts"}],"about":[{"href":"https:\/\/blogdobispo.com.br\/index.php?rest_route=\/wp\/v2\/types\/post"}],"author":[{"embeddable":true,"href":"https:\/\/blogdobispo.com.br\/index.php?rest_route=\/wp\/v2\/users\/1"}],"replies":[{"embeddable":true,"href":"https:\/\/blogdobispo.com.br\/index.php?rest_route=%2Fwp%2Fv2%2Fcomments&post=19449"}],"version-history":[{"count":0,"href":"https:\/\/blogdobispo.com.br\/index.php?rest_route=\/wp\/v2\/posts\/19449\/revisions"}],"wp:featuredmedia":[{"embeddable":true,"href":"https:\/\/blogdobispo.com.br\/index.php?rest_route=\/wp\/v2\/media\/19448"}],"wp:attachment":[{"href":"https:\/\/blogdobispo.com.br\/index.php?rest_route=%2Fwp%2Fv2%2Fmedia&parent=19449"}],"wp:term":[{"taxonomy":"category","embeddable":true,"href":"https:\/\/blogdobispo.com.br\/index.php?rest_route=%2Fwp%2Fv2%2Fcategories&post=19449"},{"taxonomy":"post_tag","embeddable":true,"href":"https:\/\/blogdobispo.com.br\/index.php?rest_route=%2Fwp%2Fv2%2Ftags&post=19449"}],"curies":[{"name":"wp","href":"https:\/\/api.w.org\/{rel}","templated":true}]}}