{"id":19446,"date":"2026-03-17T18:07:02","date_gmt":"2026-03-17T18:07:02","guid":{"rendered":"https:\/\/blogdobispo.com.br\/?p=19446"},"modified":"2026-04-06T16:25:42","modified_gmt":"2026-04-06T16:25:42","slug":"samanda-alves-confirmada-para-a-disputado-do-senado","status":"publish","type":"post","link":"https:\/\/blogdobispo.com.br\/?p=19446","title":{"rendered":"CMN homenageia Liga Contra o C\u00e2ncer"},"content":{"rendered":"\r\n<p>A C\u00e2mara Municipal de Natal realizou, nesta ter\u00e7a-feira (24), sess\u00e3o solene em homenagem aos 76 anos da Liga Norte-Riograndense contra o C\u00e2ncer.\u00a0<\/p>\r\n<p>De proposi\u00e7\u00e3o do presidente da Casa, vereador Eriko J\u00e1come, a solenidade reconheceu a relev\u00e2ncia da institui\u00e7\u00e3o na promo\u00e7\u00e3o da sa\u00fade, na preven\u00e7\u00e3o e no tratamento oncol\u00f3gico, al\u00e9m do compromisso com o acolhimento, a pesquisa e o cuidado humanizado.<\/p>\r\n<p>Na oportunidade, foram homenageados m\u00e9dicos, profissionais de sa\u00fade e grupos de apoio, que integram essa rede de assist\u00eancia aos pacientes.<\/p>\r\n<p>\u201cS\u00e3o mais de sete d\u00e9cadas de dedica\u00e7\u00e3o, compromisso e servi\u00e7os prestados \u00e0 popula\u00e7\u00e3o. A Liga vai muito al\u00e9m da assist\u00eancia em sa\u00fade, representa esperan\u00e7a para milhares de fam\u00edlias, acolhimento nos momentos mais dif\u00edceis e um trabalho incans\u00e1vel na preven\u00e7\u00e3o, no diagn\u00f3stico e no tratamento do c\u00e2ncer\u201d, destacou o vereador propositor.<br \/>Eriko J\u00e1come ressaltou ainda que a Liga construiu uma hist\u00f3ria marcada pela humaniza\u00e7\u00e3o e pela excel\u00eancia. \u201cCelebrar esses 76 anos \u00e9 reconhecer n\u00e3o apenas uma institui\u00e7\u00e3o, mas hist\u00f3rias de luta, supera\u00e7\u00e3o e, principalmente, de esperan\u00e7a\u201d, completou.<\/p>\r\n<p>O presidente do Conselho Curador da Liga, Dr. Aldo da Cunha Medeiros, agradeceu pelo reconhecimento e falou sobre o momento de expans\u00e3o da institui\u00e7\u00e3o. \u201cNos sentimos lisonjeados por essa homenagem, que reconhece o trabalho que realizamos com amor, acolhimento e compet\u00eancia\u201d, disse.\u00a0<\/p>\r\n<p>Al\u00e9m da interioriza\u00e7\u00e3o dos servi\u00e7os, ele destacou que Natal ganhou um dos principais avan\u00e7os da Liga, ano passado, com a inaugura\u00e7\u00e3o do Hospital de Oncopediatria, com 40 leitos voltados exclusivamente ao atendimento de crian\u00e7as. \u201cHoje contamos com uma estrutura que n\u00e3o existia no estado para o tratamento oncol\u00f3gico infantil, garantindo acolhimento e assist\u00eancia adequados\u201d, afirmou.<\/p>\r\n<p>J\u00e1 o presidente do Conselho de Administra\u00e7\u00e3o da Liga, Dr. Roberto Magnus Duarte Salles, enfatizou o papel da institui\u00e7\u00e3o no sistema p\u00fablico de sa\u00fade e o compromisso com a equidade no atendimento. \u201cA Liga \u00e9 respons\u00e1vel por mais de 70% do atendimento oncol\u00f3gico do estado e, em Natal, esse n\u00famero ultrapassa 90%. Isso demonstra a dimens\u00e3o do trabalho que realizamos\u201d, pontuou. Segundo ele, o diferencial da institui\u00e7\u00e3o est\u00e1 na forma como os pacientes s\u00e3o atendidos. \u201cTodos recebem o mesmo padr\u00e3o de atendimento, independentemente de serem do SUS, de conv\u00eanios ou particulares. Todos entram pela mesma porta, utilizam os mesmos equipamentos e seguem os mesmos protocolos\u201d, explicou.<\/p>\r\n<p>A Rede Feminina Estadual de Combate ao C\u00e2ncer foi homenageada pelos 58 anos de atua\u00e7\u00e3o no apoio aos pacientes, sendo respons\u00e1vel pela Casa Irm\u00e3 Gabriela, que acolhe pessoas do interior durante o tratamento em Natal, al\u00e9m de desenvolver a\u00e7\u00f5es de conscientiza\u00e7\u00e3o e assist\u00eancia social. \u201cA Rede Feminina se sente muito lisonjeada por essa homenagem. Nosso trabalho tem o mesmo foco da Liga, que \u00e9 acolher os pacientes em tratamento oncol\u00f3gico\u201d, disse a\u00a0<br \/>presidente Magda Maria Oliveira Silva,\u00a0\u00a0<\/p>\r\n<p>Fundada em 17 de julho de 1949, a Liga Norte-Riograndense contra o C\u00e2ncer consolidou-se como refer\u00eancia no atendimento oncol\u00f3gico no estado. Em 2025, ultrapassou a marca de um milh\u00e3o de procedimentos realizados, atendendo mais de 130 mil pacientes, sendo a maioria oriunda do Sistema \u00danico de Sa\u00fade (SUS). A atua\u00e7\u00e3o \u00e9 complementada pelo Instituto de Ensino, Pesquisa e Inova\u00e7\u00e3o, que contribui para a forma\u00e7\u00e3o de profissionais e o avan\u00e7o cient\u00edfico na \u00e1rea.<\/p>\r\n<p>A sess\u00e3o contou ainda com a presen\u00e7a de autoridades, profissionais de sa\u00fade e representantes das institui\u00e7\u00f5es homenageadas, refor\u00e7ando o reconhecimento coletivo ao trabalho desenvolvido ao longo de d\u00e9cadas em favor da vida e da dignidade dos pacientes oncol\u00f3gicos.<\/p>\r\n<p>Na mesa que presidiu a sess\u00e3o solene, a secret\u00e1ria estadual de Sa\u00fade, Leidiane Fernandes de Queiroz, representou o Governo do Estado; o deputado estadual Ubaldo Fernandes,\u00a0 a Assembleia Legislativa,\u00a0 e o secret\u00e1rio executivo adjunto de Concess\u00f5es de Parcerias P\u00fablico -Privada, Raniere Barbosa, a Prefeitura de Natal.\u00a0<\/p>\r\n<p><br \/>Texto: Ilana Albuquerque<br \/>Fotos: Ver\u00f4nica Macedo<img data-recalc-dims=\"1\" fetchpriority=\"high\" decoding=\"async\" class=\"alignnone size-medium wp-image-19650\" src=\"https:\/\/i0.wp.com\/blogdobispo.com.br\/wp-content\/uploads\/2026\/03\/c0c34d3bda86893e15caaa449dfad5f8.jpg?resize=300%2C200\" alt=\"\" width=\"300\" height=\"200\" srcset=\"https:\/\/i0.wp.com\/blogdobispo.com.br\/wp-content\/uploads\/2026\/03\/c0c34d3bda86893e15caaa449dfad5f8.jpg?resize=300%2C200&amp;ssl=1 300w, https:\/\/i0.wp.com\/blogdobispo.com.br\/wp-content\/uploads\/2026\/03\/c0c34d3bda86893e15caaa449dfad5f8.jpg?resize=1024%2C682&amp;ssl=1 1024w, https:\/\/i0.wp.com\/blogdobispo.com.br\/wp-content\/uploads\/2026\/03\/c0c34d3bda86893e15caaa449dfad5f8.jpg?resize=768%2C512&amp;ssl=1 768w, https:\/\/i0.wp.com\/blogdobispo.com.br\/wp-content\/uploads\/2026\/03\/c0c34d3bda86893e15caaa449dfad5f8.jpg?resize=1536%2C1023&amp;ssl=1 1536w, https:\/\/i0.wp.com\/blogdobispo.com.br\/wp-content\/uploads\/2026\/03\/c0c34d3bda86893e15caaa449dfad5f8.jpg?w=1600&amp;ssl=1 1600w\" sizes=\"(max-width: 300px) 100vw, 300px\" \/><\/p>\r\n","protected":false},"excerpt":{"rendered":"","protected":false},"author":1,"featured_media":19650,"comment_status":"open","ping_status":"open","sticky":false,"template":"","format":"standard","meta":{"cybocfi_hide_featured_image":"","_jetpack_memberships_contains_paid_content":false,"footnotes":""},"categories":[1],"tags":[],"class_list":["post-19446","post","type-post","status-publish","format-standard","has-post-thumbnail","hentry","category-diversos"],"yoast_head":"<!-- This site is optimized with the Yoast SEO plugin v25.6 - https:\/\/yoast.com\/wordpress\/plugins\/seo\/ -->\n<title>CMN homenageia Liga Contra o C\u00e2ncer - Blog do Bispo<\/title>\n<meta name=\"robots\" content=\"index, follow, max-snippet:-1, max-image-preview:large, max-video-preview:-1\" \/>\n<link rel=\"canonical\" href=\"https:\/\/blogdobispo.com.br\/?p=19446\" \/>\n<meta property=\"og:locale\" content=\"pt_BR\" \/>\n<meta property=\"og:type\" content=\"article\" \/>\n<meta property=\"og:title\" content=\"CMN homenageia Liga Contra o C\u00e2ncer - Blog do Bispo\" \/>\n<meta property=\"og:url\" content=\"https:\/\/blogdobispo.com.br\/?p=19446\" \/>\n<meta property=\"og:site_name\" content=\"Blog do Bispo\" \/>\n<meta property=\"article:published_time\" content=\"2026-03-17T18:07:02+00:00\" \/>\n<meta property=\"article:modified_time\" content=\"2026-04-06T16:25:42+00:00\" \/>\n<meta property=\"og:image\" content=\"http:\/\/blogdobispo.com.br\/wp-content\/uploads\/2026\/03\/c0c34d3bda86893e15caaa449dfad5f8.jpg\" \/>\n\t<meta property=\"og:image:width\" content=\"1600\" \/>\n\t<meta property=\"og:image:height\" content=\"1066\" \/>\n\t<meta property=\"og:image:type\" content=\"image\/jpeg\" \/>\n<meta name=\"author\" content=\"Jefferson Sterfeno\" \/>\n<meta name=\"twitter:card\" content=\"summary_large_image\" \/>\n<meta name=\"twitter:label1\" content=\"Escrito por\" \/>\n\t<meta name=\"twitter:data1\" content=\"Jefferson Sterfeno\" \/>\n\t<meta name=\"twitter:label2\" content=\"Est. tempo de leitura\" \/>\n\t<meta name=\"twitter:data2\" content=\"4 minutos\" \/>\n<script type=\"application\/ld+json\" class=\"yoast-schema-graph\">{\"@context\":\"https:\/\/schema.org\",\"@graph\":[{\"@type\":\"Article\",\"@id\":\"https:\/\/blogdobispo.com.br\/?p=19446#article\",\"isPartOf\":{\"@id\":\"https:\/\/blogdobispo.com.br\/?p=19446\"},\"author\":{\"name\":\"Jefferson Sterfeno\",\"@id\":\"https:\/\/blogdobispo.com.br\/#\/schema\/person\/e2209cc0e6cea5c5233d033e997b373f\"},\"headline\":\"CMN homenageia Liga Contra o C\u00e2ncer\",\"datePublished\":\"2026-03-17T18:07:02+00:00\",\"dateModified\":\"2026-04-06T16:25:42+00:00\",\"mainEntityOfPage\":{\"@id\":\"https:\/\/blogdobispo.com.br\/?p=19446\"},\"wordCount\":694,\"commentCount\":0,\"publisher\":{\"@id\":\"https:\/\/blogdobispo.com.br\/#organization\"},\"image\":{\"@id\":\"https:\/\/blogdobispo.com.br\/?p=19446#primaryimage\"},\"thumbnailUrl\":\"https:\/\/i0.wp.com\/blogdobispo.com.br\/wp-content\/uploads\/2026\/03\/c0c34d3bda86893e15caaa449dfad5f8.jpg?fit=1600%2C1066&ssl=1\",\"articleSection\":[\"diversos\"],\"inLanguage\":\"pt-BR\",\"potentialAction\":[{\"@type\":\"CommentAction\",\"name\":\"Comment\",\"target\":[\"https:\/\/blogdobispo.com.br\/?p=19446#respond\"]}]},{\"@type\":\"WebPage\",\"@id\":\"https:\/\/blogdobispo.com.br\/?p=19446\",\"url\":\"https:\/\/blogdobispo.com.br\/?p=19446\",\"name\":\"CMN homenageia Liga Contra o C\u00e2ncer - Blog do Bispo\",\"isPartOf\":{\"@id\":\"https:\/\/blogdobispo.com.br\/#website\"},\"primaryImageOfPage\":{\"@id\":\"https:\/\/blogdobispo.com.br\/?p=19446#primaryimage\"},\"image\":{\"@id\":\"https:\/\/blogdobispo.com.br\/?p=19446#primaryimage\"},\"thumbnailUrl\":\"https:\/\/i0.wp.com\/blogdobispo.com.br\/wp-content\/uploads\/2026\/03\/c0c34d3bda86893e15caaa449dfad5f8.jpg?fit=1600%2C1066&ssl=1\",\"datePublished\":\"2026-03-17T18:07:02+00:00\",\"dateModified\":\"2026-04-06T16:25:42+00:00\",\"breadcrumb\":{\"@id\":\"https:\/\/blogdobispo.com.br\/?p=19446#breadcrumb\"},\"inLanguage\":\"pt-BR\",\"potentialAction\":[{\"@type\":\"ReadAction\",\"target\":[\"https:\/\/blogdobispo.com.br\/?p=19446\"]}]},{\"@type\":\"ImageObject\",\"inLanguage\":\"pt-BR\",\"@id\":\"https:\/\/blogdobispo.com.br\/?p=19446#primaryimage\",\"url\":\"https:\/\/i0.wp.com\/blogdobispo.com.br\/wp-content\/uploads\/2026\/03\/c0c34d3bda86893e15caaa449dfad5f8.jpg?fit=1600%2C1066&ssl=1\",\"contentUrl\":\"https:\/\/i0.wp.com\/blogdobispo.com.br\/wp-content\/uploads\/2026\/03\/c0c34d3bda86893e15caaa449dfad5f8.jpg?fit=1600%2C1066&ssl=1\",\"width\":1600,\"height\":1066},{\"@type\":\"BreadcrumbList\",\"@id\":\"https:\/\/blogdobispo.com.br\/?p=19446#breadcrumb\",\"itemListElement\":[{\"@type\":\"ListItem\",\"position\":1,\"name\":\"In\u00edcio\",\"item\":\"https:\/\/blogdobispo.com.br\/\"},{\"@type\":\"ListItem\",\"position\":2,\"name\":\"CMN homenageia Liga Contra o C\u00e2ncer\"}]},{\"@type\":\"WebSite\",\"@id\":\"https:\/\/blogdobispo.com.br\/#website\",\"url\":\"https:\/\/blogdobispo.com.br\/\",\"name\":\"Blog do Bispo\",\"description\":\"Comprometido apenas com o leitor\",\"publisher\":{\"@id\":\"https:\/\/blogdobispo.com.br\/#organization\"},\"potentialAction\":[{\"@type\":\"SearchAction\",\"target\":{\"@type\":\"EntryPoint\",\"urlTemplate\":\"https:\/\/blogdobispo.com.br\/?s={search_term_string}\"},\"query-input\":{\"@type\":\"PropertyValueSpecification\",\"valueRequired\":true,\"valueName\":\"search_term_string\"}}],\"inLanguage\":\"pt-BR\"},{\"@type\":\"Organization\",\"@id\":\"https:\/\/blogdobispo.com.br\/#organization\",\"name\":\"Blog do Bispo\",\"url\":\"https:\/\/blogdobispo.com.br\/\",\"logo\":{\"@type\":\"ImageObject\",\"inLanguage\":\"pt-BR\",\"@id\":\"https:\/\/blogdobispo.com.br\/#\/schema\/logo\/image\/\",\"url\":\"http:\/\/blogdobispo.com.br\/wp-content\/uploads\/2023\/05\/cropped-headear.png\",\"contentUrl\":\"http:\/\/blogdobispo.com.br\/wp-content\/uploads\/2023\/05\/cropped-headear.png\",\"width\":1500,\"height\":399,\"caption\":\"Blog do Bispo\"},\"image\":{\"@id\":\"https:\/\/blogdobispo.com.br\/#\/schema\/logo\/image\/\"}},{\"@type\":\"Person\",\"@id\":\"https:\/\/blogdobispo.com.br\/#\/schema\/person\/e2209cc0e6cea5c5233d033e997b373f\",\"name\":\"Jefferson Sterfeno\",\"image\":{\"@type\":\"ImageObject\",\"inLanguage\":\"pt-BR\",\"@id\":\"https:\/\/blogdobispo.com.br\/#\/schema\/person\/image\/\",\"url\":\"https:\/\/secure.gravatar.com\/avatar\/0534e84764641168a677026b6d57a3f51dc7ac4db0b4f6186d9cb330d4ee1160?s=96&d=mm&r=g\",\"contentUrl\":\"https:\/\/secure.gravatar.com\/avatar\/0534e84764641168a677026b6d57a3f51dc7ac4db0b4f6186d9cb330d4ee1160?s=96&d=mm&r=g\",\"caption\":\"Jefferson Sterfeno\"},\"sameAs\":[\"http:\/\/blogdobispo.com.br\"],\"url\":\"https:\/\/blogdobispo.com.br\/?author=1\"}]}<\/script>\n<!-- \/ Yoast SEO plugin. -->","yoast_head_json":{"title":"CMN homenageia Liga Contra o C\u00e2ncer - Blog do Bispo","robots":{"index":"index","follow":"follow","max-snippet":"max-snippet:-1","max-image-preview":"max-image-preview:large","max-video-preview":"max-video-preview:-1"},"canonical":"https:\/\/blogdobispo.com.br\/?p=19446","og_locale":"pt_BR","og_type":"article","og_title":"CMN homenageia Liga Contra o C\u00e2ncer - Blog do Bispo","og_url":"https:\/\/blogdobispo.com.br\/?p=19446","og_site_name":"Blog do Bispo","article_published_time":"2026-03-17T18:07:02+00:00","article_modified_time":"2026-04-06T16:25:42+00:00","og_image":[{"width":1600,"height":1066,"url":"http:\/\/blogdobispo.com.br\/wp-content\/uploads\/2026\/03\/c0c34d3bda86893e15caaa449dfad5f8.jpg","type":"image\/jpeg"}],"author":"Jefferson Sterfeno","twitter_card":"summary_large_image","twitter_misc":{"Escrito por":"Jefferson Sterfeno","Est. tempo de leitura":"4 minutos"},"schema":{"@context":"https:\/\/schema.org","@graph":[{"@type":"Article","@id":"https:\/\/blogdobispo.com.br\/?p=19446#article","isPartOf":{"@id":"https:\/\/blogdobispo.com.br\/?p=19446"},"author":{"name":"Jefferson Sterfeno","@id":"https:\/\/blogdobispo.com.br\/#\/schema\/person\/e2209cc0e6cea5c5233d033e997b373f"},"headline":"CMN homenageia Liga Contra o C\u00e2ncer","datePublished":"2026-03-17T18:07:02+00:00","dateModified":"2026-04-06T16:25:42+00:00","mainEntityOfPage":{"@id":"https:\/\/blogdobispo.com.br\/?p=19446"},"wordCount":694,"commentCount":0,"publisher":{"@id":"https:\/\/blogdobispo.com.br\/#organization"},"image":{"@id":"https:\/\/blogdobispo.com.br\/?p=19446#primaryimage"},"thumbnailUrl":"https:\/\/i0.wp.com\/blogdobispo.com.br\/wp-content\/uploads\/2026\/03\/c0c34d3bda86893e15caaa449dfad5f8.jpg?fit=1600%2C1066&ssl=1","articleSection":["diversos"],"inLanguage":"pt-BR","potentialAction":[{"@type":"CommentAction","name":"Comment","target":["https:\/\/blogdobispo.com.br\/?p=19446#respond"]}]},{"@type":"WebPage","@id":"https:\/\/blogdobispo.com.br\/?p=19446","url":"https:\/\/blogdobispo.com.br\/?p=19446","name":"CMN homenageia Liga Contra o C\u00e2ncer - Blog do Bispo","isPartOf":{"@id":"https:\/\/blogdobispo.com.br\/#website"},"primaryImageOfPage":{"@id":"https:\/\/blogdobispo.com.br\/?p=19446#primaryimage"},"image":{"@id":"https:\/\/blogdobispo.com.br\/?p=19446#primaryimage"},"thumbnailUrl":"https:\/\/i0.wp.com\/blogdobispo.com.br\/wp-content\/uploads\/2026\/03\/c0c34d3bda86893e15caaa449dfad5f8.jpg?fit=1600%2C1066&ssl=1","datePublished":"2026-03-17T18:07:02+00:00","dateModified":"2026-04-06T16:25:42+00:00","breadcrumb":{"@id":"https:\/\/blogdobispo.com.br\/?p=19446#breadcrumb"},"inLanguage":"pt-BR","potentialAction":[{"@type":"ReadAction","target":["https:\/\/blogdobispo.com.br\/?p=19446"]}]},{"@type":"ImageObject","inLanguage":"pt-BR","@id":"https:\/\/blogdobispo.com.br\/?p=19446#primaryimage","url":"https:\/\/i0.wp.com\/blogdobispo.com.br\/wp-content\/uploads\/2026\/03\/c0c34d3bda86893e15caaa449dfad5f8.jpg?fit=1600%2C1066&ssl=1","contentUrl":"https:\/\/i0.wp.com\/blogdobispo.com.br\/wp-content\/uploads\/2026\/03\/c0c34d3bda86893e15caaa449dfad5f8.jpg?fit=1600%2C1066&ssl=1","width":1600,"height":1066},{"@type":"BreadcrumbList","@id":"https:\/\/blogdobispo.com.br\/?p=19446#breadcrumb","itemListElement":[{"@type":"ListItem","position":1,"name":"In\u00edcio","item":"https:\/\/blogdobispo.com.br\/"},{"@type":"ListItem","position":2,"name":"CMN homenageia Liga Contra o C\u00e2ncer"}]},{"@type":"WebSite","@id":"https:\/\/blogdobispo.com.br\/#website","url":"https:\/\/blogdobispo.com.br\/","name":"Blog do Bispo","description":"Comprometido apenas com o leitor","publisher":{"@id":"https:\/\/blogdobispo.com.br\/#organization"},"potentialAction":[{"@type":"SearchAction","target":{"@type":"EntryPoint","urlTemplate":"https:\/\/blogdobispo.com.br\/?s={search_term_string}"},"query-input":{"@type":"PropertyValueSpecification","valueRequired":true,"valueName":"search_term_string"}}],"inLanguage":"pt-BR"},{"@type":"Organization","@id":"https:\/\/blogdobispo.com.br\/#organization","name":"Blog do Bispo","url":"https:\/\/blogdobispo.com.br\/","logo":{"@type":"ImageObject","inLanguage":"pt-BR","@id":"https:\/\/blogdobispo.com.br\/#\/schema\/logo\/image\/","url":"http:\/\/blogdobispo.com.br\/wp-content\/uploads\/2023\/05\/cropped-headear.png","contentUrl":"http:\/\/blogdobispo.com.br\/wp-content\/uploads\/2023\/05\/cropped-headear.png","width":1500,"height":399,"caption":"Blog do Bispo"},"image":{"@id":"https:\/\/blogdobispo.com.br\/#\/schema\/logo\/image\/"}},{"@type":"Person","@id":"https:\/\/blogdobispo.com.br\/#\/schema\/person\/e2209cc0e6cea5c5233d033e997b373f","name":"Jefferson Sterfeno","image":{"@type":"ImageObject","inLanguage":"pt-BR","@id":"https:\/\/blogdobispo.com.br\/#\/schema\/person\/image\/","url":"https:\/\/secure.gravatar.com\/avatar\/0534e84764641168a677026b6d57a3f51dc7ac4db0b4f6186d9cb330d4ee1160?s=96&d=mm&r=g","contentUrl":"https:\/\/secure.gravatar.com\/avatar\/0534e84764641168a677026b6d57a3f51dc7ac4db0b4f6186d9cb330d4ee1160?s=96&d=mm&r=g","caption":"Jefferson Sterfeno"},"sameAs":["http:\/\/blogdobispo.com.br"],"url":"https:\/\/blogdobispo.com.br\/?author=1"}]}},"featured_image_urls":{"full":["https:\/\/i0.wp.com\/blogdobispo.com.br\/wp-content\/uploads\/2026\/03\/c0c34d3bda86893e15caaa449dfad5f8.jpg?fit=1600%2C1066&ssl=1",1600,1066,false],"thumbnail":["https:\/\/i0.wp.com\/blogdobispo.com.br\/wp-content\/uploads\/2026\/03\/c0c34d3bda86893e15caaa449dfad5f8.jpg?resize=150%2C150&ssl=1",150,150,true],"medium":["https:\/\/i0.wp.com\/blogdobispo.com.br\/wp-content\/uploads\/2026\/03\/c0c34d3bda86893e15caaa449dfad5f8.jpg?fit=300%2C200&ssl=1",300,200,true],"medium_large":["https:\/\/i0.wp.com\/blogdobispo.com.br\/wp-content\/uploads\/2026\/03\/c0c34d3bda86893e15caaa449dfad5f8.jpg?fit=768%2C512&ssl=1",768,512,true],"large":["https:\/\/i0.wp.com\/blogdobispo.com.br\/wp-content\/uploads\/2026\/03\/c0c34d3bda86893e15caaa449dfad5f8.jpg?fit=800%2C533&ssl=1",800,533,true],"1536x1536":["https:\/\/i0.wp.com\/blogdobispo.com.br\/wp-content\/uploads\/2026\/03\/c0c34d3bda86893e15caaa449dfad5f8.jpg?fit=1536%2C1023&ssl=1",1536,1023,true],"2048x2048":["https:\/\/i0.wp.com\/blogdobispo.com.br\/wp-content\/uploads\/2026\/03\/c0c34d3bda86893e15caaa449dfad5f8.jpg?fit=1600%2C1066&ssl=1",1600,1066,true]},"author_info":{"display_name":"Jefferson Sterfeno","author_link":"https:\/\/blogdobispo.com.br\/?author=1"},"category_info":"<a href=\"https:\/\/blogdobispo.com.br\/?cat=1\" rel=\"category\">diversos<\/a>","tag_info":"diversos","comment_count":"0","jetpack_featured_media_url":"https:\/\/i0.wp.com\/blogdobispo.com.br\/wp-content\/uploads\/2026\/03\/c0c34d3bda86893e15caaa449dfad5f8.jpg?fit=1600%2C1066&ssl=1","jetpack_sharing_enabled":true,"_links":{"self":[{"href":"https:\/\/blogdobispo.com.br\/index.php?rest_route=\/wp\/v2\/posts\/19446","targetHints":{"allow":["GET"]}}],"collection":[{"href":"https:\/\/blogdobispo.com.br\/index.php?rest_route=\/wp\/v2\/posts"}],"about":[{"href":"https:\/\/blogdobispo.com.br\/index.php?rest_route=\/wp\/v2\/types\/post"}],"author":[{"embeddable":true,"href":"https:\/\/blogdobispo.com.br\/index.php?rest_route=\/wp\/v2\/users\/1"}],"replies":[{"embeddable":true,"href":"https:\/\/blogdobispo.com.br\/index.php?rest_route=%2Fwp%2Fv2%2Fcomments&post=19446"}],"version-history":[{"count":2,"href":"https:\/\/blogdobispo.com.br\/index.php?rest_route=\/wp\/v2\/posts\/19446\/revisions"}],"predecessor-version":[{"id":19651,"href":"https:\/\/blogdobispo.com.br\/index.php?rest_route=\/wp\/v2\/posts\/19446\/revisions\/19651"}],"wp:featuredmedia":[{"embeddable":true,"href":"https:\/\/blogdobispo.com.br\/index.php?rest_route=\/wp\/v2\/media\/19650"}],"wp:attachment":[{"href":"https:\/\/blogdobispo.com.br\/index.php?rest_route=%2Fwp%2Fv2%2Fmedia&parent=19446"}],"wp:term":[{"taxonomy":"category","embeddable":true,"href":"https:\/\/blogdobispo.com.br\/index.php?rest_route=%2Fwp%2Fv2%2Fcategories&post=19446"},{"taxonomy":"post_tag","embeddable":true,"href":"https:\/\/blogdobispo.com.br\/index.php?rest_route=%2Fwp%2Fv2%2Ftags&post=19446"}],"curies":[{"name":"wp","href":"https:\/\/api.w.org\/{rel}","templated":true}]}}