{"id":19443,"date":"2026-03-17T18:00:03","date_gmt":"2026-03-17T18:00:03","guid":{"rendered":"https:\/\/blogdobispo.com.br\/?p=19443"},"modified":"2026-03-17T18:00:03","modified_gmt":"2026-03-17T18:00:03","slug":"eriko-jacome-comemora-o-inicio-da-pavimentacao-de-34-ruas-na-zona-norte-de-natal","status":"publish","type":"post","link":"https:\/\/blogdobispo.com.br\/?p=19443","title":{"rendered":"Eriko J\u00e1come comemora o in\u00edcio da pavimenta\u00e7\u00e3o de 34 ruas na Zona Norte de Natal"},"content":{"rendered":"\n<figure class=\"wp-block-image size-large\"><img data-recalc-dims=\"1\" fetchpriority=\"high\" decoding=\"async\" width=\"570\" height=\"1024\" src=\"https:\/\/i0.wp.com\/blogdobispo.com.br\/wp-content\/uploads\/2026\/03\/22c51960-0559-42a5-b607-db06f64e01b8-570x1024.jpg?resize=570%2C1024&#038;ssl=1\" class=\"wp-image-19441\" srcset=\"https:\/\/i0.wp.com\/blogdobispo.com.br\/wp-content\/uploads\/2026\/03\/22c51960-0559-42a5-b607-db06f64e01b8.jpg?resize=570%2C1024&amp;ssl=1 570w, https:\/\/i0.wp.com\/blogdobispo.com.br\/wp-content\/uploads\/2026\/03\/22c51960-0559-42a5-b607-db06f64e01b8.jpg?resize=167%2C300&amp;ssl=1 167w, https:\/\/i0.wp.com\/blogdobispo.com.br\/wp-content\/uploads\/2026\/03\/22c51960-0559-42a5-b607-db06f64e01b8.jpg?w=712&amp;ssl=1 712w\" sizes=\"(max-width: 570px) 100vw, 570px\" \/><\/figure>\n\n\n\n<p><\/p>\n\n\n\n<p>Na tarde desta segunda-feira (16), o presidente da C\u00e2mara Municipal de Natal, Eriko J\u00e1come, acompanhou o prefeito Paulinho Freire e o senador Styvenson Valentim durante visita t\u00e9cnica ao conjunto Parque dos Coqueiros, no bairro Nossa Senhora da Apresenta\u00e7\u00e3o, Zona Norte da capital. A agenda marcou o acompanhamento das obras de pavimenta\u00e7\u00e3o e capeamento asf\u00e1ltico que ir\u00e3o beneficiar cerca de 34 ruas da regi\u00e3o.<\/p>\n\n\n\n<p>Durante a visita, Eriko destacou a import\u00e2ncia da parceria entre os poderes e parabenizou a iniciativa. \u201cQuero parabenizar o senador Styvenson Valentim pelo compromisso com Natal e o prefeito Paulinho Freire por conduzir esse trabalho com responsabilidade. Essas 34 ruas representam um avan\u00e7o muito esperado pela popula\u00e7\u00e3o da Zona Norte\u201d, afirmou.<br \/>O parlamentar ressaltou ainda a relev\u00e2ncia das obras para a melhoria da mobilidade urbana, especialmente em vias que fazem parte de rotas de transporte p\u00fablico, al\u00e9m do impacto direto na qualidade de vida dos moradores.<\/p>\n\n\n\n<p>Eriko J\u00e1come tamb\u00e9m enfatizou sua liga\u00e7\u00e3o com a regi\u00e3o e a satisfa\u00e7\u00e3o em ver investimentos chegando \u00e0 Zona Norte. \u201c\u00c9 uma alegria muito grande ver a Zona Norte sendo contemplada com obras t\u00e3o importantes. Foi uma regi\u00e3o que me acolheu e me tornou o vereador mais votado, e sigo trabalhando para que esse desenvolvimento continue chegando para todos\u201d, destacou.<\/p>\n","protected":false},"excerpt":{"rendered":"<p>Na tarde desta segunda-feira (16), o presidente da C\u00e2mara Municipal de Natal, Eriko J\u00e1come, acompanhou o prefeito Paulinho Freire e o senador Styvenson Valentim durante visita t\u00e9cnica ao conjunto Parque dos Coqueiros, no bairro Nossa Senhora da Apresenta\u00e7\u00e3o, Zona Norte da capital. A agenda marcou o acompanhamento das obras de pavimenta\u00e7\u00e3o e capeamento asf\u00e1ltico que [&hellip;]<\/p>\n","protected":false},"author":1,"featured_media":19442,"comment_status":"open","ping_status":"open","sticky":false,"template":"","format":"standard","meta":{"cybocfi_hide_featured_image":"","_jetpack_memberships_contains_paid_content":false,"footnotes":""},"categories":[1],"tags":[],"class_list":["post-19443","post","type-post","status-publish","format-standard","has-post-thumbnail","hentry","category-diversos"],"yoast_head":"<!-- This site is optimized with the Yoast SEO plugin v25.6 - https:\/\/yoast.com\/wordpress\/plugins\/seo\/ -->\n<title>Eriko J\u00e1come comemora o in\u00edcio da pavimenta\u00e7\u00e3o de 34 ruas na Zona Norte de Natal - Blog do Bispo<\/title>\n<meta name=\"robots\" content=\"index, follow, max-snippet:-1, max-image-preview:large, max-video-preview:-1\" \/>\n<link rel=\"canonical\" href=\"https:\/\/blogdobispo.com.br\/?p=19443\" \/>\n<meta property=\"og:locale\" content=\"pt_BR\" \/>\n<meta property=\"og:type\" content=\"article\" \/>\n<meta property=\"og:title\" content=\"Eriko J\u00e1come comemora o in\u00edcio da pavimenta\u00e7\u00e3o de 34 ruas na Zona Norte de Natal - Blog do Bispo\" \/>\n<meta property=\"og:description\" content=\"Na tarde desta segunda-feira (16), o presidente da C\u00e2mara Municipal de Natal, Eriko J\u00e1come, acompanhou o prefeito Paulinho Freire e o senador Styvenson Valentim durante visita t\u00e9cnica ao conjunto Parque dos Coqueiros, no bairro Nossa Senhora da Apresenta\u00e7\u00e3o, Zona Norte da capital. A agenda marcou o acompanhamento das obras de pavimenta\u00e7\u00e3o e capeamento asf\u00e1ltico que [&hellip;]\" \/>\n<meta property=\"og:url\" content=\"https:\/\/blogdobispo.com.br\/?p=19443\" \/>\n<meta property=\"og:site_name\" content=\"Blog do Bispo\" \/>\n<meta property=\"article:published_time\" content=\"2026-03-17T18:00:03+00:00\" \/>\n<meta property=\"og:image\" content=\"https:\/\/blogdobispo.com.br\/wp-content\/uploads\/2026\/03\/22c51960-0559-42a5-b607-db06f64e01b8-570x1024.jpg\" \/>\n<meta name=\"author\" content=\"Jefferson Sterfeno\" \/>\n<meta name=\"twitter:card\" content=\"summary_large_image\" \/>\n<meta name=\"twitter:label1\" content=\"Escrito por\" \/>\n\t<meta name=\"twitter:data1\" content=\"Jefferson Sterfeno\" \/>\n\t<meta name=\"twitter:label2\" content=\"Est. tempo de leitura\" \/>\n\t<meta name=\"twitter:data2\" content=\"1 minuto\" \/>\n<script type=\"application\/ld+json\" class=\"yoast-schema-graph\">{\"@context\":\"https:\/\/schema.org\",\"@graph\":[{\"@type\":\"Article\",\"@id\":\"https:\/\/blogdobispo.com.br\/?p=19443#article\",\"isPartOf\":{\"@id\":\"https:\/\/blogdobispo.com.br\/?p=19443\"},\"author\":{\"name\":\"Jefferson Sterfeno\",\"@id\":\"https:\/\/blogdobispo.com.br\/#\/schema\/person\/e2209cc0e6cea5c5233d033e997b373f\"},\"headline\":\"Eriko J\u00e1come comemora o in\u00edcio da pavimenta\u00e7\u00e3o de 34 ruas na Zona Norte de Natal\",\"datePublished\":\"2026-03-17T18:00:03+00:00\",\"mainEntityOfPage\":{\"@id\":\"https:\/\/blogdobispo.com.br\/?p=19443\"},\"wordCount\":241,\"commentCount\":0,\"publisher\":{\"@id\":\"https:\/\/blogdobispo.com.br\/#organization\"},\"image\":{\"@id\":\"https:\/\/blogdobispo.com.br\/?p=19443#primaryimage\"},\"thumbnailUrl\":\"https:\/\/i0.wp.com\/blogdobispo.com.br\/wp-content\/uploads\/2026\/03\/22c51960-0559-42a5-b607-db06f64e01b8-1.jpg?fit=712%2C1280&ssl=1\",\"articleSection\":[\"diversos\"],\"inLanguage\":\"pt-BR\",\"potentialAction\":[{\"@type\":\"CommentAction\",\"name\":\"Comment\",\"target\":[\"https:\/\/blogdobispo.com.br\/?p=19443#respond\"]}]},{\"@type\":\"WebPage\",\"@id\":\"https:\/\/blogdobispo.com.br\/?p=19443\",\"url\":\"https:\/\/blogdobispo.com.br\/?p=19443\",\"name\":\"Eriko J\u00e1come comemora o in\u00edcio da pavimenta\u00e7\u00e3o de 34 ruas na Zona Norte de Natal - Blog do Bispo\",\"isPartOf\":{\"@id\":\"https:\/\/blogdobispo.com.br\/#website\"},\"primaryImageOfPage\":{\"@id\":\"https:\/\/blogdobispo.com.br\/?p=19443#primaryimage\"},\"image\":{\"@id\":\"https:\/\/blogdobispo.com.br\/?p=19443#primaryimage\"},\"thumbnailUrl\":\"https:\/\/i0.wp.com\/blogdobispo.com.br\/wp-content\/uploads\/2026\/03\/22c51960-0559-42a5-b607-db06f64e01b8-1.jpg?fit=712%2C1280&ssl=1\",\"datePublished\":\"2026-03-17T18:00:03+00:00\",\"breadcrumb\":{\"@id\":\"https:\/\/blogdobispo.com.br\/?p=19443#breadcrumb\"},\"inLanguage\":\"pt-BR\",\"potentialAction\":[{\"@type\":\"ReadAction\",\"target\":[\"https:\/\/blogdobispo.com.br\/?p=19443\"]}]},{\"@type\":\"ImageObject\",\"inLanguage\":\"pt-BR\",\"@id\":\"https:\/\/blogdobispo.com.br\/?p=19443#primaryimage\",\"url\":\"https:\/\/i0.wp.com\/blogdobispo.com.br\/wp-content\/uploads\/2026\/03\/22c51960-0559-42a5-b607-db06f64e01b8-1.jpg?fit=712%2C1280&ssl=1\",\"contentUrl\":\"https:\/\/i0.wp.com\/blogdobispo.com.br\/wp-content\/uploads\/2026\/03\/22c51960-0559-42a5-b607-db06f64e01b8-1.jpg?fit=712%2C1280&ssl=1\",\"width\":712,\"height\":1280},{\"@type\":\"BreadcrumbList\",\"@id\":\"https:\/\/blogdobispo.com.br\/?p=19443#breadcrumb\",\"itemListElement\":[{\"@type\":\"ListItem\",\"position\":1,\"name\":\"In\u00edcio\",\"item\":\"https:\/\/blogdobispo.com.br\/\"},{\"@type\":\"ListItem\",\"position\":2,\"name\":\"Eriko J\u00e1come comemora o in\u00edcio da pavimenta\u00e7\u00e3o de 34 ruas na Zona Norte de Natal\"}]},{\"@type\":\"WebSite\",\"@id\":\"https:\/\/blogdobispo.com.br\/#website\",\"url\":\"https:\/\/blogdobispo.com.br\/\",\"name\":\"Blog do Bispo\",\"description\":\"Comprometido apenas com o leitor\",\"publisher\":{\"@id\":\"https:\/\/blogdobispo.com.br\/#organization\"},\"potentialAction\":[{\"@type\":\"SearchAction\",\"target\":{\"@type\":\"EntryPoint\",\"urlTemplate\":\"https:\/\/blogdobispo.com.br\/?s={search_term_string}\"},\"query-input\":{\"@type\":\"PropertyValueSpecification\",\"valueRequired\":true,\"valueName\":\"search_term_string\"}}],\"inLanguage\":\"pt-BR\"},{\"@type\":\"Organization\",\"@id\":\"https:\/\/blogdobispo.com.br\/#organization\",\"name\":\"Blog do Bispo\",\"url\":\"https:\/\/blogdobispo.com.br\/\",\"logo\":{\"@type\":\"ImageObject\",\"inLanguage\":\"pt-BR\",\"@id\":\"https:\/\/blogdobispo.com.br\/#\/schema\/logo\/image\/\",\"url\":\"http:\/\/blogdobispo.com.br\/wp-content\/uploads\/2023\/05\/cropped-headear.png\",\"contentUrl\":\"http:\/\/blogdobispo.com.br\/wp-content\/uploads\/2023\/05\/cropped-headear.png\",\"width\":1500,\"height\":399,\"caption\":\"Blog do Bispo\"},\"image\":{\"@id\":\"https:\/\/blogdobispo.com.br\/#\/schema\/logo\/image\/\"}},{\"@type\":\"Person\",\"@id\":\"https:\/\/blogdobispo.com.br\/#\/schema\/person\/e2209cc0e6cea5c5233d033e997b373f\",\"name\":\"Jefferson Sterfeno\",\"image\":{\"@type\":\"ImageObject\",\"inLanguage\":\"pt-BR\",\"@id\":\"https:\/\/blogdobispo.com.br\/#\/schema\/person\/image\/\",\"url\":\"https:\/\/secure.gravatar.com\/avatar\/0534e84764641168a677026b6d57a3f51dc7ac4db0b4f6186d9cb330d4ee1160?s=96&d=mm&r=g\",\"contentUrl\":\"https:\/\/secure.gravatar.com\/avatar\/0534e84764641168a677026b6d57a3f51dc7ac4db0b4f6186d9cb330d4ee1160?s=96&d=mm&r=g\",\"caption\":\"Jefferson Sterfeno\"},\"sameAs\":[\"http:\/\/blogdobispo.com.br\"],\"url\":\"https:\/\/blogdobispo.com.br\/?author=1\"}]}<\/script>\n<!-- \/ Yoast SEO plugin. -->","yoast_head_json":{"title":"Eriko J\u00e1come comemora o in\u00edcio da pavimenta\u00e7\u00e3o de 34 ruas na Zona Norte de Natal - Blog do Bispo","robots":{"index":"index","follow":"follow","max-snippet":"max-snippet:-1","max-image-preview":"max-image-preview:large","max-video-preview":"max-video-preview:-1"},"canonical":"https:\/\/blogdobispo.com.br\/?p=19443","og_locale":"pt_BR","og_type":"article","og_title":"Eriko J\u00e1come comemora o in\u00edcio da pavimenta\u00e7\u00e3o de 34 ruas na Zona Norte de Natal - Blog do Bispo","og_description":"Na tarde desta segunda-feira (16), o presidente da C\u00e2mara Municipal de Natal, Eriko J\u00e1come, acompanhou o prefeito Paulinho Freire e o senador Styvenson Valentim durante visita t\u00e9cnica ao conjunto Parque dos Coqueiros, no bairro Nossa Senhora da Apresenta\u00e7\u00e3o, Zona Norte da capital. A agenda marcou o acompanhamento das obras de pavimenta\u00e7\u00e3o e capeamento asf\u00e1ltico que [&hellip;]","og_url":"https:\/\/blogdobispo.com.br\/?p=19443","og_site_name":"Blog do Bispo","article_published_time":"2026-03-17T18:00:03+00:00","og_image":[{"url":"https:\/\/blogdobispo.com.br\/wp-content\/uploads\/2026\/03\/22c51960-0559-42a5-b607-db06f64e01b8-570x1024.jpg","type":"","width":"","height":""}],"author":"Jefferson Sterfeno","twitter_card":"summary_large_image","twitter_misc":{"Escrito por":"Jefferson Sterfeno","Est. tempo de leitura":"1 minuto"},"schema":{"@context":"https:\/\/schema.org","@graph":[{"@type":"Article","@id":"https:\/\/blogdobispo.com.br\/?p=19443#article","isPartOf":{"@id":"https:\/\/blogdobispo.com.br\/?p=19443"},"author":{"name":"Jefferson Sterfeno","@id":"https:\/\/blogdobispo.com.br\/#\/schema\/person\/e2209cc0e6cea5c5233d033e997b373f"},"headline":"Eriko J\u00e1come comemora o in\u00edcio da pavimenta\u00e7\u00e3o de 34 ruas na Zona Norte de Natal","datePublished":"2026-03-17T18:00:03+00:00","mainEntityOfPage":{"@id":"https:\/\/blogdobispo.com.br\/?p=19443"},"wordCount":241,"commentCount":0,"publisher":{"@id":"https:\/\/blogdobispo.com.br\/#organization"},"image":{"@id":"https:\/\/blogdobispo.com.br\/?p=19443#primaryimage"},"thumbnailUrl":"https:\/\/i0.wp.com\/blogdobispo.com.br\/wp-content\/uploads\/2026\/03\/22c51960-0559-42a5-b607-db06f64e01b8-1.jpg?fit=712%2C1280&ssl=1","articleSection":["diversos"],"inLanguage":"pt-BR","potentialAction":[{"@type":"CommentAction","name":"Comment","target":["https:\/\/blogdobispo.com.br\/?p=19443#respond"]}]},{"@type":"WebPage","@id":"https:\/\/blogdobispo.com.br\/?p=19443","url":"https:\/\/blogdobispo.com.br\/?p=19443","name":"Eriko J\u00e1come comemora o in\u00edcio da pavimenta\u00e7\u00e3o de 34 ruas na Zona Norte de Natal - Blog do Bispo","isPartOf":{"@id":"https:\/\/blogdobispo.com.br\/#website"},"primaryImageOfPage":{"@id":"https:\/\/blogdobispo.com.br\/?p=19443#primaryimage"},"image":{"@id":"https:\/\/blogdobispo.com.br\/?p=19443#primaryimage"},"thumbnailUrl":"https:\/\/i0.wp.com\/blogdobispo.com.br\/wp-content\/uploads\/2026\/03\/22c51960-0559-42a5-b607-db06f64e01b8-1.jpg?fit=712%2C1280&ssl=1","datePublished":"2026-03-17T18:00:03+00:00","breadcrumb":{"@id":"https:\/\/blogdobispo.com.br\/?p=19443#breadcrumb"},"inLanguage":"pt-BR","potentialAction":[{"@type":"ReadAction","target":["https:\/\/blogdobispo.com.br\/?p=19443"]}]},{"@type":"ImageObject","inLanguage":"pt-BR","@id":"https:\/\/blogdobispo.com.br\/?p=19443#primaryimage","url":"https:\/\/i0.wp.com\/blogdobispo.com.br\/wp-content\/uploads\/2026\/03\/22c51960-0559-42a5-b607-db06f64e01b8-1.jpg?fit=712%2C1280&ssl=1","contentUrl":"https:\/\/i0.wp.com\/blogdobispo.com.br\/wp-content\/uploads\/2026\/03\/22c51960-0559-42a5-b607-db06f64e01b8-1.jpg?fit=712%2C1280&ssl=1","width":712,"height":1280},{"@type":"BreadcrumbList","@id":"https:\/\/blogdobispo.com.br\/?p=19443#breadcrumb","itemListElement":[{"@type":"ListItem","position":1,"name":"In\u00edcio","item":"https:\/\/blogdobispo.com.br\/"},{"@type":"ListItem","position":2,"name":"Eriko J\u00e1come comemora o in\u00edcio da pavimenta\u00e7\u00e3o de 34 ruas na Zona Norte de Natal"}]},{"@type":"WebSite","@id":"https:\/\/blogdobispo.com.br\/#website","url":"https:\/\/blogdobispo.com.br\/","name":"Blog do Bispo","description":"Comprometido apenas com o leitor","publisher":{"@id":"https:\/\/blogdobispo.com.br\/#organization"},"potentialAction":[{"@type":"SearchAction","target":{"@type":"EntryPoint","urlTemplate":"https:\/\/blogdobispo.com.br\/?s={search_term_string}"},"query-input":{"@type":"PropertyValueSpecification","valueRequired":true,"valueName":"search_term_string"}}],"inLanguage":"pt-BR"},{"@type":"Organization","@id":"https:\/\/blogdobispo.com.br\/#organization","name":"Blog do Bispo","url":"https:\/\/blogdobispo.com.br\/","logo":{"@type":"ImageObject","inLanguage":"pt-BR","@id":"https:\/\/blogdobispo.com.br\/#\/schema\/logo\/image\/","url":"http:\/\/blogdobispo.com.br\/wp-content\/uploads\/2023\/05\/cropped-headear.png","contentUrl":"http:\/\/blogdobispo.com.br\/wp-content\/uploads\/2023\/05\/cropped-headear.png","width":1500,"height":399,"caption":"Blog do Bispo"},"image":{"@id":"https:\/\/blogdobispo.com.br\/#\/schema\/logo\/image\/"}},{"@type":"Person","@id":"https:\/\/blogdobispo.com.br\/#\/schema\/person\/e2209cc0e6cea5c5233d033e997b373f","name":"Jefferson Sterfeno","image":{"@type":"ImageObject","inLanguage":"pt-BR","@id":"https:\/\/blogdobispo.com.br\/#\/schema\/person\/image\/","url":"https:\/\/secure.gravatar.com\/avatar\/0534e84764641168a677026b6d57a3f51dc7ac4db0b4f6186d9cb330d4ee1160?s=96&d=mm&r=g","contentUrl":"https:\/\/secure.gravatar.com\/avatar\/0534e84764641168a677026b6d57a3f51dc7ac4db0b4f6186d9cb330d4ee1160?s=96&d=mm&r=g","caption":"Jefferson Sterfeno"},"sameAs":["http:\/\/blogdobispo.com.br"],"url":"https:\/\/blogdobispo.com.br\/?author=1"}]}},"featured_image_urls":{"full":["https:\/\/i0.wp.com\/blogdobispo.com.br\/wp-content\/uploads\/2026\/03\/22c51960-0559-42a5-b607-db06f64e01b8-1.jpg?fit=712%2C1280&ssl=1",712,1280,false],"thumbnail":["https:\/\/i0.wp.com\/blogdobispo.com.br\/wp-content\/uploads\/2026\/03\/22c51960-0559-42a5-b607-db06f64e01b8-1.jpg?resize=150%2C150&ssl=1",150,150,true],"medium":["https:\/\/i0.wp.com\/blogdobispo.com.br\/wp-content\/uploads\/2026\/03\/22c51960-0559-42a5-b607-db06f64e01b8-1.jpg?fit=167%2C300&ssl=1",167,300,true],"medium_large":["https:\/\/i0.wp.com\/blogdobispo.com.br\/wp-content\/uploads\/2026\/03\/22c51960-0559-42a5-b607-db06f64e01b8-1.jpg?fit=712%2C1280&ssl=1",712,1280,true],"large":["https:\/\/i0.wp.com\/blogdobispo.com.br\/wp-content\/uploads\/2026\/03\/22c51960-0559-42a5-b607-db06f64e01b8-1.jpg?fit=570%2C1024&ssl=1",570,1024,true],"1536x1536":["https:\/\/i0.wp.com\/blogdobispo.com.br\/wp-content\/uploads\/2026\/03\/22c51960-0559-42a5-b607-db06f64e01b8-1.jpg?fit=712%2C1280&ssl=1",712,1280,true],"2048x2048":["https:\/\/i0.wp.com\/blogdobispo.com.br\/wp-content\/uploads\/2026\/03\/22c51960-0559-42a5-b607-db06f64e01b8-1.jpg?fit=712%2C1280&ssl=1",712,1280,true]},"author_info":{"display_name":"Jefferson Sterfeno","author_link":"https:\/\/blogdobispo.com.br\/?author=1"},"category_info":"<a href=\"https:\/\/blogdobispo.com.br\/?cat=1\" rel=\"category\">diversos<\/a>","tag_info":"diversos","comment_count":"0","jetpack_featured_media_url":"https:\/\/i0.wp.com\/blogdobispo.com.br\/wp-content\/uploads\/2026\/03\/22c51960-0559-42a5-b607-db06f64e01b8-1.jpg?fit=712%2C1280&ssl=1","jetpack_sharing_enabled":true,"_links":{"self":[{"href":"https:\/\/blogdobispo.com.br\/index.php?rest_route=\/wp\/v2\/posts\/19443","targetHints":{"allow":["GET"]}}],"collection":[{"href":"https:\/\/blogdobispo.com.br\/index.php?rest_route=\/wp\/v2\/posts"}],"about":[{"href":"https:\/\/blogdobispo.com.br\/index.php?rest_route=\/wp\/v2\/types\/post"}],"author":[{"embeddable":true,"href":"https:\/\/blogdobispo.com.br\/index.php?rest_route=\/wp\/v2\/users\/1"}],"replies":[{"embeddable":true,"href":"https:\/\/blogdobispo.com.br\/index.php?rest_route=%2Fwp%2Fv2%2Fcomments&post=19443"}],"version-history":[{"count":0,"href":"https:\/\/blogdobispo.com.br\/index.php?rest_route=\/wp\/v2\/posts\/19443\/revisions"}],"wp:featuredmedia":[{"embeddable":true,"href":"https:\/\/blogdobispo.com.br\/index.php?rest_route=\/wp\/v2\/media\/19442"}],"wp:attachment":[{"href":"https:\/\/blogdobispo.com.br\/index.php?rest_route=%2Fwp%2Fv2%2Fmedia&parent=19443"}],"wp:term":[{"taxonomy":"category","embeddable":true,"href":"https:\/\/blogdobispo.com.br\/index.php?rest_route=%2Fwp%2Fv2%2Fcategories&post=19443"},{"taxonomy":"post_tag","embeddable":true,"href":"https:\/\/blogdobispo.com.br\/index.php?rest_route=%2Fwp%2Fv2%2Ftags&post=19443"}],"curies":[{"name":"wp","href":"https:\/\/api.w.org\/{rel}","templated":true}]}}