{"id":19440,"date":"2026-03-17T17:18:10","date_gmt":"2026-03-17T17:18:10","guid":{"rendered":"https:\/\/blogdobispo.com.br\/?p=19440"},"modified":"2026-03-17T17:18:10","modified_gmt":"2026-03-17T17:18:10","slug":"vereador-eribaldo-medeiros-confirma-apoio-a-cei-da-energia-em-natal","status":"publish","type":"post","link":"https:\/\/blogdobispo.com.br\/?p=19440","title":{"rendered":"Vereador Eribaldo Medeiros confirma apoio \u00e0 CEI da energia em Natal"},"content":{"rendered":"\n<figure class=\"wp-block-image size-large\"><img data-recalc-dims=\"1\" fetchpriority=\"high\" decoding=\"async\" width=\"387\" height=\"516\" src=\"https:\/\/i0.wp.com\/blogdobispo.com.br\/wp-content\/uploads\/2026\/03\/img_0521.jpg?resize=387%2C516&#038;ssl=1\" class=\"wp-image-19438\" srcset=\"https:\/\/i0.wp.com\/blogdobispo.com.br\/wp-content\/uploads\/2026\/03\/img_0521.jpg?w=387&amp;ssl=1 387w, https:\/\/i0.wp.com\/blogdobispo.com.br\/wp-content\/uploads\/2026\/03\/img_0521.jpg?resize=225%2C300&amp;ssl=1 225w\" sizes=\"(max-width: 387px) 100vw, 387px\" \/><\/figure>\n\n\n\n<p><\/p>\n\n\n\n<p>O vereador Eribaldo Medeiros est\u00e1 entre os parlamentares que assinaram o requerimento para a instaura\u00e7\u00e3o de uma Comiss\u00e3o Especial de Inqu\u00e9rito (CEI) na C\u00e2mara Municipal de Natal com o objetivo de investigar poss\u00edveis irregularidades na presta\u00e7\u00e3o do servi\u00e7o de energia el\u00e9trica na capital potiguar.<\/p>\n\n\n\n<p>A comiss\u00e3o proposta pretende apurar den\u00fancias envolvendo a concession\u00e1ria Neoenergia Cosern, especialmente relacionadas a cobran\u00e7as consideradas abusivas e falhas no fornecimento. O pedido de investiga\u00e7\u00e3o ganha for\u00e7a ap\u00f3s o registro de mais de 200 reclama\u00e7\u00f5es junto ao Procon Municipal, indicando insatisfa\u00e7\u00e3o crescente por parte dos consumidores.<\/p>\n\n\n\n<p>A iniciativa \u00e9 liderada pelo vereador Kleber Fernandes, presidente da Comiss\u00e3o de Defesa do Consumidor, e re\u00fane apoio de outros parlamentares da Casa. A CEI, caso instalada, ter\u00e1 prazo de 120 dias para conduzir os trabalhos, podendo convocar representantes da empresa, requisitar documentos e ouvir usu\u00e1rios do servi\u00e7o.<\/p>\n\n\n\n<p>Nos \u00faltimos meses, a C\u00e2mara j\u00e1 vinha sendo pressionada a investigar a concession\u00e1ria diante do aumento de queixas relacionadas ao servi\u00e7o de energia, incluindo questionamentos sobre tarifas e mudan\u00e7as em cobran\u00e7as, tema que tem gerado debate p\u00fablico na cidade.<\/p>\n\n\n\n<p>A participa\u00e7\u00e3o de Eribaldo Medeiros no requerimento refor\u00e7a o movimento dentro do Legislativo municipal por maior fiscaliza\u00e7\u00e3o do servi\u00e7o prestado \u00e0 popula\u00e7\u00e3o de Natal.<\/p>\n","protected":false},"excerpt":{"rendered":"<p>O vereador Eribaldo Medeiros est\u00e1 entre os parlamentares que assinaram o requerimento para a instaura\u00e7\u00e3o de uma Comiss\u00e3o Especial de Inqu\u00e9rito (CEI) na C\u00e2mara Municipal de Natal com o objetivo de investigar poss\u00edveis irregularidades na presta\u00e7\u00e3o do servi\u00e7o de energia el\u00e9trica na capital potiguar. A comiss\u00e3o proposta pretende apurar den\u00fancias envolvendo a concession\u00e1ria Neoenergia Cosern, [&hellip;]<\/p>\n","protected":false},"author":1,"featured_media":19439,"comment_status":"open","ping_status":"open","sticky":false,"template":"","format":"standard","meta":{"cybocfi_hide_featured_image":"","_jetpack_memberships_contains_paid_content":false,"footnotes":""},"categories":[1],"tags":[],"class_list":["post-19440","post","type-post","status-publish","format-standard","has-post-thumbnail","hentry","category-diversos"],"yoast_head":"<!-- This site is optimized with the Yoast SEO plugin v25.6 - https:\/\/yoast.com\/wordpress\/plugins\/seo\/ -->\n<title>Vereador Eribaldo Medeiros confirma apoio \u00e0 CEI da energia em Natal - Blog do Bispo<\/title>\n<meta name=\"robots\" content=\"index, follow, max-snippet:-1, max-image-preview:large, max-video-preview:-1\" \/>\n<link rel=\"canonical\" href=\"https:\/\/blogdobispo.com.br\/?p=19440\" \/>\n<meta property=\"og:locale\" content=\"pt_BR\" \/>\n<meta property=\"og:type\" content=\"article\" \/>\n<meta property=\"og:title\" content=\"Vereador Eribaldo Medeiros confirma apoio \u00e0 CEI da energia em Natal - Blog do Bispo\" \/>\n<meta property=\"og:description\" content=\"O vereador Eribaldo Medeiros est\u00e1 entre os parlamentares que assinaram o requerimento para a instaura\u00e7\u00e3o de uma Comiss\u00e3o Especial de Inqu\u00e9rito (CEI) na C\u00e2mara Municipal de Natal com o objetivo de investigar poss\u00edveis irregularidades na presta\u00e7\u00e3o do servi\u00e7o de energia el\u00e9trica na capital potiguar. A comiss\u00e3o proposta pretende apurar den\u00fancias envolvendo a concession\u00e1ria Neoenergia Cosern, [&hellip;]\" \/>\n<meta property=\"og:url\" content=\"https:\/\/blogdobispo.com.br\/?p=19440\" \/>\n<meta property=\"og:site_name\" content=\"Blog do Bispo\" \/>\n<meta property=\"article:published_time\" content=\"2026-03-17T17:18:10+00:00\" \/>\n<meta property=\"og:image\" content=\"https:\/\/blogdobispo.com.br\/wp-content\/uploads\/2026\/03\/img_0521.jpg\" \/>\n<meta name=\"author\" content=\"Jefferson Sterfeno\" \/>\n<meta name=\"twitter:card\" content=\"summary_large_image\" \/>\n<meta name=\"twitter:label1\" content=\"Escrito por\" \/>\n\t<meta name=\"twitter:data1\" content=\"Jefferson Sterfeno\" \/>\n\t<meta name=\"twitter:label2\" content=\"Est. tempo de leitura\" \/>\n\t<meta name=\"twitter:data2\" content=\"1 minuto\" \/>\n<script type=\"application\/ld+json\" class=\"yoast-schema-graph\">{\"@context\":\"https:\/\/schema.org\",\"@graph\":[{\"@type\":\"Article\",\"@id\":\"https:\/\/blogdobispo.com.br\/?p=19440#article\",\"isPartOf\":{\"@id\":\"https:\/\/blogdobispo.com.br\/?p=19440\"},\"author\":{\"name\":\"Jefferson Sterfeno\",\"@id\":\"https:\/\/blogdobispo.com.br\/#\/schema\/person\/e2209cc0e6cea5c5233d033e997b373f\"},\"headline\":\"Vereador Eribaldo Medeiros confirma apoio \u00e0 CEI da energia em Natal\",\"datePublished\":\"2026-03-17T17:18:10+00:00\",\"mainEntityOfPage\":{\"@id\":\"https:\/\/blogdobispo.com.br\/?p=19440\"},\"wordCount\":239,\"commentCount\":0,\"publisher\":{\"@id\":\"https:\/\/blogdobispo.com.br\/#organization\"},\"image\":{\"@id\":\"https:\/\/blogdobispo.com.br\/?p=19440#primaryimage\"},\"thumbnailUrl\":\"https:\/\/i0.wp.com\/blogdobispo.com.br\/wp-content\/uploads\/2026\/03\/img_0521-1.jpg?fit=387%2C516&ssl=1\",\"articleSection\":[\"diversos\"],\"inLanguage\":\"pt-BR\",\"potentialAction\":[{\"@type\":\"CommentAction\",\"name\":\"Comment\",\"target\":[\"https:\/\/blogdobispo.com.br\/?p=19440#respond\"]}]},{\"@type\":\"WebPage\",\"@id\":\"https:\/\/blogdobispo.com.br\/?p=19440\",\"url\":\"https:\/\/blogdobispo.com.br\/?p=19440\",\"name\":\"Vereador Eribaldo Medeiros confirma apoio \u00e0 CEI da energia em Natal - Blog do Bispo\",\"isPartOf\":{\"@id\":\"https:\/\/blogdobispo.com.br\/#website\"},\"primaryImageOfPage\":{\"@id\":\"https:\/\/blogdobispo.com.br\/?p=19440#primaryimage\"},\"image\":{\"@id\":\"https:\/\/blogdobispo.com.br\/?p=19440#primaryimage\"},\"thumbnailUrl\":\"https:\/\/i0.wp.com\/blogdobispo.com.br\/wp-content\/uploads\/2026\/03\/img_0521-1.jpg?fit=387%2C516&ssl=1\",\"datePublished\":\"2026-03-17T17:18:10+00:00\",\"breadcrumb\":{\"@id\":\"https:\/\/blogdobispo.com.br\/?p=19440#breadcrumb\"},\"inLanguage\":\"pt-BR\",\"potentialAction\":[{\"@type\":\"ReadAction\",\"target\":[\"https:\/\/blogdobispo.com.br\/?p=19440\"]}]},{\"@type\":\"ImageObject\",\"inLanguage\":\"pt-BR\",\"@id\":\"https:\/\/blogdobispo.com.br\/?p=19440#primaryimage\",\"url\":\"https:\/\/i0.wp.com\/blogdobispo.com.br\/wp-content\/uploads\/2026\/03\/img_0521-1.jpg?fit=387%2C516&ssl=1\",\"contentUrl\":\"https:\/\/i0.wp.com\/blogdobispo.com.br\/wp-content\/uploads\/2026\/03\/img_0521-1.jpg?fit=387%2C516&ssl=1\",\"width\":387,\"height\":516},{\"@type\":\"BreadcrumbList\",\"@id\":\"https:\/\/blogdobispo.com.br\/?p=19440#breadcrumb\",\"itemListElement\":[{\"@type\":\"ListItem\",\"position\":1,\"name\":\"In\u00edcio\",\"item\":\"https:\/\/blogdobispo.com.br\/\"},{\"@type\":\"ListItem\",\"position\":2,\"name\":\"Vereador Eribaldo Medeiros confirma apoio \u00e0 CEI da energia em Natal\"}]},{\"@type\":\"WebSite\",\"@id\":\"https:\/\/blogdobispo.com.br\/#website\",\"url\":\"https:\/\/blogdobispo.com.br\/\",\"name\":\"Blog do Bispo\",\"description\":\"Comprometido apenas com o leitor\",\"publisher\":{\"@id\":\"https:\/\/blogdobispo.com.br\/#organization\"},\"potentialAction\":[{\"@type\":\"SearchAction\",\"target\":{\"@type\":\"EntryPoint\",\"urlTemplate\":\"https:\/\/blogdobispo.com.br\/?s={search_term_string}\"},\"query-input\":{\"@type\":\"PropertyValueSpecification\",\"valueRequired\":true,\"valueName\":\"search_term_string\"}}],\"inLanguage\":\"pt-BR\"},{\"@type\":\"Organization\",\"@id\":\"https:\/\/blogdobispo.com.br\/#organization\",\"name\":\"Blog do Bispo\",\"url\":\"https:\/\/blogdobispo.com.br\/\",\"logo\":{\"@type\":\"ImageObject\",\"inLanguage\":\"pt-BR\",\"@id\":\"https:\/\/blogdobispo.com.br\/#\/schema\/logo\/image\/\",\"url\":\"http:\/\/blogdobispo.com.br\/wp-content\/uploads\/2023\/05\/cropped-headear.png\",\"contentUrl\":\"http:\/\/blogdobispo.com.br\/wp-content\/uploads\/2023\/05\/cropped-headear.png\",\"width\":1500,\"height\":399,\"caption\":\"Blog do Bispo\"},\"image\":{\"@id\":\"https:\/\/blogdobispo.com.br\/#\/schema\/logo\/image\/\"}},{\"@type\":\"Person\",\"@id\":\"https:\/\/blogdobispo.com.br\/#\/schema\/person\/e2209cc0e6cea5c5233d033e997b373f\",\"name\":\"Jefferson Sterfeno\",\"image\":{\"@type\":\"ImageObject\",\"inLanguage\":\"pt-BR\",\"@id\":\"https:\/\/blogdobispo.com.br\/#\/schema\/person\/image\/\",\"url\":\"https:\/\/secure.gravatar.com\/avatar\/0534e84764641168a677026b6d57a3f51dc7ac4db0b4f6186d9cb330d4ee1160?s=96&d=mm&r=g\",\"contentUrl\":\"https:\/\/secure.gravatar.com\/avatar\/0534e84764641168a677026b6d57a3f51dc7ac4db0b4f6186d9cb330d4ee1160?s=96&d=mm&r=g\",\"caption\":\"Jefferson Sterfeno\"},\"sameAs\":[\"http:\/\/blogdobispo.com.br\"],\"url\":\"https:\/\/blogdobispo.com.br\/?author=1\"}]}<\/script>\n<!-- \/ Yoast SEO plugin. -->","yoast_head_json":{"title":"Vereador Eribaldo Medeiros confirma apoio \u00e0 CEI da energia em Natal - Blog do Bispo","robots":{"index":"index","follow":"follow","max-snippet":"max-snippet:-1","max-image-preview":"max-image-preview:large","max-video-preview":"max-video-preview:-1"},"canonical":"https:\/\/blogdobispo.com.br\/?p=19440","og_locale":"pt_BR","og_type":"article","og_title":"Vereador Eribaldo Medeiros confirma apoio \u00e0 CEI da energia em Natal - Blog do Bispo","og_description":"O vereador Eribaldo Medeiros est\u00e1 entre os parlamentares que assinaram o requerimento para a instaura\u00e7\u00e3o de uma Comiss\u00e3o Especial de Inqu\u00e9rito (CEI) na C\u00e2mara Municipal de Natal com o objetivo de investigar poss\u00edveis irregularidades na presta\u00e7\u00e3o do servi\u00e7o de energia el\u00e9trica na capital potiguar. A comiss\u00e3o proposta pretende apurar den\u00fancias envolvendo a concession\u00e1ria Neoenergia Cosern, [&hellip;]","og_url":"https:\/\/blogdobispo.com.br\/?p=19440","og_site_name":"Blog do Bispo","article_published_time":"2026-03-17T17:18:10+00:00","og_image":[{"url":"https:\/\/blogdobispo.com.br\/wp-content\/uploads\/2026\/03\/img_0521.jpg","type":"","width":"","height":""}],"author":"Jefferson Sterfeno","twitter_card":"summary_large_image","twitter_misc":{"Escrito por":"Jefferson Sterfeno","Est. tempo de leitura":"1 minuto"},"schema":{"@context":"https:\/\/schema.org","@graph":[{"@type":"Article","@id":"https:\/\/blogdobispo.com.br\/?p=19440#article","isPartOf":{"@id":"https:\/\/blogdobispo.com.br\/?p=19440"},"author":{"name":"Jefferson Sterfeno","@id":"https:\/\/blogdobispo.com.br\/#\/schema\/person\/e2209cc0e6cea5c5233d033e997b373f"},"headline":"Vereador Eribaldo Medeiros confirma apoio \u00e0 CEI da energia em Natal","datePublished":"2026-03-17T17:18:10+00:00","mainEntityOfPage":{"@id":"https:\/\/blogdobispo.com.br\/?p=19440"},"wordCount":239,"commentCount":0,"publisher":{"@id":"https:\/\/blogdobispo.com.br\/#organization"},"image":{"@id":"https:\/\/blogdobispo.com.br\/?p=19440#primaryimage"},"thumbnailUrl":"https:\/\/i0.wp.com\/blogdobispo.com.br\/wp-content\/uploads\/2026\/03\/img_0521-1.jpg?fit=387%2C516&ssl=1","articleSection":["diversos"],"inLanguage":"pt-BR","potentialAction":[{"@type":"CommentAction","name":"Comment","target":["https:\/\/blogdobispo.com.br\/?p=19440#respond"]}]},{"@type":"WebPage","@id":"https:\/\/blogdobispo.com.br\/?p=19440","url":"https:\/\/blogdobispo.com.br\/?p=19440","name":"Vereador Eribaldo Medeiros confirma apoio \u00e0 CEI da energia em Natal - Blog do Bispo","isPartOf":{"@id":"https:\/\/blogdobispo.com.br\/#website"},"primaryImageOfPage":{"@id":"https:\/\/blogdobispo.com.br\/?p=19440#primaryimage"},"image":{"@id":"https:\/\/blogdobispo.com.br\/?p=19440#primaryimage"},"thumbnailUrl":"https:\/\/i0.wp.com\/blogdobispo.com.br\/wp-content\/uploads\/2026\/03\/img_0521-1.jpg?fit=387%2C516&ssl=1","datePublished":"2026-03-17T17:18:10+00:00","breadcrumb":{"@id":"https:\/\/blogdobispo.com.br\/?p=19440#breadcrumb"},"inLanguage":"pt-BR","potentialAction":[{"@type":"ReadAction","target":["https:\/\/blogdobispo.com.br\/?p=19440"]}]},{"@type":"ImageObject","inLanguage":"pt-BR","@id":"https:\/\/blogdobispo.com.br\/?p=19440#primaryimage","url":"https:\/\/i0.wp.com\/blogdobispo.com.br\/wp-content\/uploads\/2026\/03\/img_0521-1.jpg?fit=387%2C516&ssl=1","contentUrl":"https:\/\/i0.wp.com\/blogdobispo.com.br\/wp-content\/uploads\/2026\/03\/img_0521-1.jpg?fit=387%2C516&ssl=1","width":387,"height":516},{"@type":"BreadcrumbList","@id":"https:\/\/blogdobispo.com.br\/?p=19440#breadcrumb","itemListElement":[{"@type":"ListItem","position":1,"name":"In\u00edcio","item":"https:\/\/blogdobispo.com.br\/"},{"@type":"ListItem","position":2,"name":"Vereador Eribaldo Medeiros confirma apoio \u00e0 CEI da energia em Natal"}]},{"@type":"WebSite","@id":"https:\/\/blogdobispo.com.br\/#website","url":"https:\/\/blogdobispo.com.br\/","name":"Blog do Bispo","description":"Comprometido apenas com o leitor","publisher":{"@id":"https:\/\/blogdobispo.com.br\/#organization"},"potentialAction":[{"@type":"SearchAction","target":{"@type":"EntryPoint","urlTemplate":"https:\/\/blogdobispo.com.br\/?s={search_term_string}"},"query-input":{"@type":"PropertyValueSpecification","valueRequired":true,"valueName":"search_term_string"}}],"inLanguage":"pt-BR"},{"@type":"Organization","@id":"https:\/\/blogdobispo.com.br\/#organization","name":"Blog do Bispo","url":"https:\/\/blogdobispo.com.br\/","logo":{"@type":"ImageObject","inLanguage":"pt-BR","@id":"https:\/\/blogdobispo.com.br\/#\/schema\/logo\/image\/","url":"http:\/\/blogdobispo.com.br\/wp-content\/uploads\/2023\/05\/cropped-headear.png","contentUrl":"http:\/\/blogdobispo.com.br\/wp-content\/uploads\/2023\/05\/cropped-headear.png","width":1500,"height":399,"caption":"Blog do Bispo"},"image":{"@id":"https:\/\/blogdobispo.com.br\/#\/schema\/logo\/image\/"}},{"@type":"Person","@id":"https:\/\/blogdobispo.com.br\/#\/schema\/person\/e2209cc0e6cea5c5233d033e997b373f","name":"Jefferson Sterfeno","image":{"@type":"ImageObject","inLanguage":"pt-BR","@id":"https:\/\/blogdobispo.com.br\/#\/schema\/person\/image\/","url":"https:\/\/secure.gravatar.com\/avatar\/0534e84764641168a677026b6d57a3f51dc7ac4db0b4f6186d9cb330d4ee1160?s=96&d=mm&r=g","contentUrl":"https:\/\/secure.gravatar.com\/avatar\/0534e84764641168a677026b6d57a3f51dc7ac4db0b4f6186d9cb330d4ee1160?s=96&d=mm&r=g","caption":"Jefferson Sterfeno"},"sameAs":["http:\/\/blogdobispo.com.br"],"url":"https:\/\/blogdobispo.com.br\/?author=1"}]}},"featured_image_urls":{"full":["https:\/\/i0.wp.com\/blogdobispo.com.br\/wp-content\/uploads\/2026\/03\/img_0521-1.jpg?fit=387%2C516&ssl=1",387,516,false],"thumbnail":["https:\/\/i0.wp.com\/blogdobispo.com.br\/wp-content\/uploads\/2026\/03\/img_0521-1.jpg?resize=150%2C150&ssl=1",150,150,true],"medium":["https:\/\/i0.wp.com\/blogdobispo.com.br\/wp-content\/uploads\/2026\/03\/img_0521-1.jpg?fit=225%2C300&ssl=1",225,300,true],"medium_large":["https:\/\/i0.wp.com\/blogdobispo.com.br\/wp-content\/uploads\/2026\/03\/img_0521-1.jpg?fit=387%2C516&ssl=1",387,516,true],"large":["https:\/\/i0.wp.com\/blogdobispo.com.br\/wp-content\/uploads\/2026\/03\/img_0521-1.jpg?fit=387%2C516&ssl=1",387,516,true],"1536x1536":["https:\/\/i0.wp.com\/blogdobispo.com.br\/wp-content\/uploads\/2026\/03\/img_0521-1.jpg?fit=387%2C516&ssl=1",387,516,true],"2048x2048":["https:\/\/i0.wp.com\/blogdobispo.com.br\/wp-content\/uploads\/2026\/03\/img_0521-1.jpg?fit=387%2C516&ssl=1",387,516,true]},"author_info":{"display_name":"Jefferson Sterfeno","author_link":"https:\/\/blogdobispo.com.br\/?author=1"},"category_info":"<a href=\"https:\/\/blogdobispo.com.br\/?cat=1\" rel=\"category\">diversos<\/a>","tag_info":"diversos","comment_count":"0","jetpack_featured_media_url":"https:\/\/i0.wp.com\/blogdobispo.com.br\/wp-content\/uploads\/2026\/03\/img_0521-1.jpg?fit=387%2C516&ssl=1","jetpack_sharing_enabled":true,"_links":{"self":[{"href":"https:\/\/blogdobispo.com.br\/index.php?rest_route=\/wp\/v2\/posts\/19440","targetHints":{"allow":["GET"]}}],"collection":[{"href":"https:\/\/blogdobispo.com.br\/index.php?rest_route=\/wp\/v2\/posts"}],"about":[{"href":"https:\/\/blogdobispo.com.br\/index.php?rest_route=\/wp\/v2\/types\/post"}],"author":[{"embeddable":true,"href":"https:\/\/blogdobispo.com.br\/index.php?rest_route=\/wp\/v2\/users\/1"}],"replies":[{"embeddable":true,"href":"https:\/\/blogdobispo.com.br\/index.php?rest_route=%2Fwp%2Fv2%2Fcomments&post=19440"}],"version-history":[{"count":0,"href":"https:\/\/blogdobispo.com.br\/index.php?rest_route=\/wp\/v2\/posts\/19440\/revisions"}],"wp:featuredmedia":[{"embeddable":true,"href":"https:\/\/blogdobispo.com.br\/index.php?rest_route=\/wp\/v2\/media\/19439"}],"wp:attachment":[{"href":"https:\/\/blogdobispo.com.br\/index.php?rest_route=%2Fwp%2Fv2%2Fmedia&parent=19440"}],"wp:term":[{"taxonomy":"category","embeddable":true,"href":"https:\/\/blogdobispo.com.br\/index.php?rest_route=%2Fwp%2Fv2%2Fcategories&post=19440"},{"taxonomy":"post_tag","embeddable":true,"href":"https:\/\/blogdobispo.com.br\/index.php?rest_route=%2Fwp%2Fv2%2Ftags&post=19440"}],"curies":[{"name":"wp","href":"https:\/\/api.w.org\/{rel}","templated":true}]}}