{"id":19433,"date":"2026-03-17T16:55:52","date_gmt":"2026-03-17T16:55:52","guid":{"rendered":"https:\/\/blogdobispo.com.br\/?p=19433"},"modified":"2026-03-17T16:55:52","modified_gmt":"2026-03-17T16:55:52","slug":"prefeita-aize-bezerra-anuncia-ultimos-ajustes-para-funcionamento-do-corpo-de-bombeiros-em-joao-camara","status":"publish","type":"post","link":"https:\/\/blogdobispo.com.br\/?p=19433","title":{"rendered":"Prefeita Aize Bezerra anuncia \u00faltimos ajustes para funcionamento do Corpo de Bombeiros em Jo\u00e3o C\u00e2mara"},"content":{"rendered":"\n<figure class=\"wp-block-image size-large\"><img data-recalc-dims=\"1\" fetchpriority=\"high\" decoding=\"async\" width=\"800\" height=\"450\" src=\"https:\/\/i0.wp.com\/blogdobispo.com.br\/wp-content\/uploads\/2026\/03\/a00523c1-78a7-4ae9-b673-1a27ab70ad6d-1024x576.jpg?resize=800%2C450&#038;ssl=1\" class=\"wp-image-19431\" srcset=\"https:\/\/i0.wp.com\/blogdobispo.com.br\/wp-content\/uploads\/2026\/03\/a00523c1-78a7-4ae9-b673-1a27ab70ad6d.jpg?resize=1024%2C576&amp;ssl=1 1024w, https:\/\/i0.wp.com\/blogdobispo.com.br\/wp-content\/uploads\/2026\/03\/a00523c1-78a7-4ae9-b673-1a27ab70ad6d.jpg?resize=300%2C169&amp;ssl=1 300w, https:\/\/i0.wp.com\/blogdobispo.com.br\/wp-content\/uploads\/2026\/03\/a00523c1-78a7-4ae9-b673-1a27ab70ad6d.jpg?resize=768%2C432&amp;ssl=1 768w, https:\/\/i0.wp.com\/blogdobispo.com.br\/wp-content\/uploads\/2026\/03\/a00523c1-78a7-4ae9-b673-1a27ab70ad6d.jpg?resize=1536%2C864&amp;ssl=1 1536w, https:\/\/i0.wp.com\/blogdobispo.com.br\/wp-content\/uploads\/2026\/03\/a00523c1-78a7-4ae9-b673-1a27ab70ad6d.jpg?w=2000&amp;ssl=1 2000w, https:\/\/i0.wp.com\/blogdobispo.com.br\/wp-content\/uploads\/2026\/03\/a00523c1-78a7-4ae9-b673-1a27ab70ad6d.jpg?w=1600 1600w\" sizes=\"(max-width: 800px) 100vw, 800px\" \/><\/figure>\n\n\n\n<p><\/p>\n\n\n\n<p>A prefeita de Jo\u00e3o C\u00e2mara, Aize Bezerra, visitou na sexta-feira, 13, as instala\u00e7\u00f5es da futura sede do Corpo de Bombeiros Militar do Rio Grande do Norte no munic\u00edpio e realizou uma checklist para a inaugura\u00e7\u00e3o. O sistema de bombas j\u00e1 est\u00e1 instalado, com capacidade para mais de 5.000 litros de \u00e1gua abastecidos em menos de tr\u00eas minutos. A \u00faltima etapa \u00e9 a instala\u00e7\u00e3o do hidrante, e a escava\u00e7\u00e3o para a obra j\u00e1 teve in\u00edcio.<\/p>\n\n\n\n<p>\u201cDepois de tantas promessas ao longo de d\u00e9cadas, estamos cada vez mais perto de tornar esse sonho realidade. \u00c9 uma conquista muito esperada pela popula\u00e7\u00e3o e um passo importante para salvar vidas e fortalecer a seguran\u00e7a do nosso povo\u201d, afirmou Aize Bezerra. A unidade vai atender Jo\u00e3o C\u00e2mara e a regi\u00e3o, ampliando a capacidade de resposta a emerg\u00eancias em uma \u00e1rea que hoje n\u00e3o conta com cobertura pr\u00f3pria do servi\u00e7o.<\/p>\n\n\n\n<p>Com a inaugura\u00e7\u00e3o da sede, a popula\u00e7\u00e3o de Jo\u00e3o C\u00e2mara passar\u00e1 a ter atendimento local do Corpo de Bombeiros Militar, com mais agilidade nas ocorr\u00eancias e redu\u00e7\u00e3o do tempo de resposta em situa\u00e7\u00f5es de risco. A instala\u00e7\u00e3o do hidrante \u00e9 a \u00faltima etapa antes da abertura oficial da unidade.<\/p>\n","protected":false},"excerpt":{"rendered":"<p>A prefeita de Jo\u00e3o C\u00e2mara, Aize Bezerra, visitou na sexta-feira, 13, as instala\u00e7\u00f5es da futura sede do Corpo de Bombeiros Militar do Rio Grande do Norte no munic\u00edpio e realizou uma checklist para a inaugura\u00e7\u00e3o. O sistema de bombas j\u00e1 est\u00e1 instalado, com capacidade para mais de 5.000 litros de \u00e1gua abastecidos em menos de [&hellip;]<\/p>\n","protected":false},"author":1,"featured_media":19432,"comment_status":"open","ping_status":"open","sticky":false,"template":"","format":"standard","meta":{"cybocfi_hide_featured_image":"","_jetpack_memberships_contains_paid_content":false,"footnotes":""},"categories":[1],"tags":[],"class_list":["post-19433","post","type-post","status-publish","format-standard","has-post-thumbnail","hentry","category-diversos"],"yoast_head":"<!-- This site is optimized with the Yoast SEO plugin v25.6 - https:\/\/yoast.com\/wordpress\/plugins\/seo\/ -->\n<title>Prefeita Aize Bezerra anuncia \u00faltimos ajustes para funcionamento do Corpo de Bombeiros em Jo\u00e3o C\u00e2mara - Blog do Bispo<\/title>\n<meta name=\"robots\" content=\"index, follow, max-snippet:-1, max-image-preview:large, max-video-preview:-1\" \/>\n<link rel=\"canonical\" href=\"https:\/\/blogdobispo.com.br\/?p=19433\" \/>\n<meta property=\"og:locale\" content=\"pt_BR\" \/>\n<meta property=\"og:type\" content=\"article\" \/>\n<meta property=\"og:title\" content=\"Prefeita Aize Bezerra anuncia \u00faltimos ajustes para funcionamento do Corpo de Bombeiros em Jo\u00e3o C\u00e2mara - Blog do Bispo\" \/>\n<meta property=\"og:description\" content=\"A prefeita de Jo\u00e3o C\u00e2mara, Aize Bezerra, visitou na sexta-feira, 13, as instala\u00e7\u00f5es da futura sede do Corpo de Bombeiros Militar do Rio Grande do Norte no munic\u00edpio e realizou uma checklist para a inaugura\u00e7\u00e3o. O sistema de bombas j\u00e1 est\u00e1 instalado, com capacidade para mais de 5.000 litros de \u00e1gua abastecidos em menos de [&hellip;]\" \/>\n<meta property=\"og:url\" content=\"https:\/\/blogdobispo.com.br\/?p=19433\" \/>\n<meta property=\"og:site_name\" content=\"Blog do Bispo\" \/>\n<meta property=\"article:published_time\" content=\"2026-03-17T16:55:52+00:00\" \/>\n<meta property=\"og:image\" content=\"https:\/\/blogdobispo.com.br\/wp-content\/uploads\/2026\/03\/a00523c1-78a7-4ae9-b673-1a27ab70ad6d-1024x576.jpg\" \/>\n<meta name=\"author\" content=\"Jefferson Sterfeno\" \/>\n<meta name=\"twitter:card\" content=\"summary_large_image\" \/>\n<meta name=\"twitter:label1\" content=\"Escrito por\" \/>\n\t<meta name=\"twitter:data1\" content=\"Jefferson Sterfeno\" \/>\n\t<meta name=\"twitter:label2\" content=\"Est. tempo de leitura\" \/>\n\t<meta name=\"twitter:data2\" content=\"1 minuto\" \/>\n<script type=\"application\/ld+json\" class=\"yoast-schema-graph\">{\"@context\":\"https:\/\/schema.org\",\"@graph\":[{\"@type\":\"Article\",\"@id\":\"https:\/\/blogdobispo.com.br\/?p=19433#article\",\"isPartOf\":{\"@id\":\"https:\/\/blogdobispo.com.br\/?p=19433\"},\"author\":{\"name\":\"Jefferson Sterfeno\",\"@id\":\"https:\/\/blogdobispo.com.br\/#\/schema\/person\/e2209cc0e6cea5c5233d033e997b373f\"},\"headline\":\"Prefeita Aize Bezerra anuncia \u00faltimos ajustes para funcionamento do Corpo de Bombeiros em Jo\u00e3o C\u00e2mara\",\"datePublished\":\"2026-03-17T16:55:52+00:00\",\"mainEntityOfPage\":{\"@id\":\"https:\/\/blogdobispo.com.br\/?p=19433\"},\"wordCount\":232,\"commentCount\":0,\"publisher\":{\"@id\":\"https:\/\/blogdobispo.com.br\/#organization\"},\"image\":{\"@id\":\"https:\/\/blogdobispo.com.br\/?p=19433#primaryimage\"},\"thumbnailUrl\":\"https:\/\/i0.wp.com\/blogdobispo.com.br\/wp-content\/uploads\/2026\/03\/a00523c1-78a7-4ae9-b673-1a27ab70ad6d-1.jpg?fit=2000%2C1125&ssl=1\",\"articleSection\":[\"diversos\"],\"inLanguage\":\"pt-BR\",\"potentialAction\":[{\"@type\":\"CommentAction\",\"name\":\"Comment\",\"target\":[\"https:\/\/blogdobispo.com.br\/?p=19433#respond\"]}]},{\"@type\":\"WebPage\",\"@id\":\"https:\/\/blogdobispo.com.br\/?p=19433\",\"url\":\"https:\/\/blogdobispo.com.br\/?p=19433\",\"name\":\"Prefeita Aize Bezerra anuncia \u00faltimos ajustes para funcionamento do Corpo de Bombeiros em Jo\u00e3o C\u00e2mara - Blog do Bispo\",\"isPartOf\":{\"@id\":\"https:\/\/blogdobispo.com.br\/#website\"},\"primaryImageOfPage\":{\"@id\":\"https:\/\/blogdobispo.com.br\/?p=19433#primaryimage\"},\"image\":{\"@id\":\"https:\/\/blogdobispo.com.br\/?p=19433#primaryimage\"},\"thumbnailUrl\":\"https:\/\/i0.wp.com\/blogdobispo.com.br\/wp-content\/uploads\/2026\/03\/a00523c1-78a7-4ae9-b673-1a27ab70ad6d-1.jpg?fit=2000%2C1125&ssl=1\",\"datePublished\":\"2026-03-17T16:55:52+00:00\",\"breadcrumb\":{\"@id\":\"https:\/\/blogdobispo.com.br\/?p=19433#breadcrumb\"},\"inLanguage\":\"pt-BR\",\"potentialAction\":[{\"@type\":\"ReadAction\",\"target\":[\"https:\/\/blogdobispo.com.br\/?p=19433\"]}]},{\"@type\":\"ImageObject\",\"inLanguage\":\"pt-BR\",\"@id\":\"https:\/\/blogdobispo.com.br\/?p=19433#primaryimage\",\"url\":\"https:\/\/i0.wp.com\/blogdobispo.com.br\/wp-content\/uploads\/2026\/03\/a00523c1-78a7-4ae9-b673-1a27ab70ad6d-1.jpg?fit=2000%2C1125&ssl=1\",\"contentUrl\":\"https:\/\/i0.wp.com\/blogdobispo.com.br\/wp-content\/uploads\/2026\/03\/a00523c1-78a7-4ae9-b673-1a27ab70ad6d-1.jpg?fit=2000%2C1125&ssl=1\",\"width\":2000,\"height\":1125},{\"@type\":\"BreadcrumbList\",\"@id\":\"https:\/\/blogdobispo.com.br\/?p=19433#breadcrumb\",\"itemListElement\":[{\"@type\":\"ListItem\",\"position\":1,\"name\":\"In\u00edcio\",\"item\":\"https:\/\/blogdobispo.com.br\/\"},{\"@type\":\"ListItem\",\"position\":2,\"name\":\"Prefeita Aize Bezerra anuncia \u00faltimos ajustes para funcionamento do Corpo de Bombeiros em Jo\u00e3o C\u00e2mara\"}]},{\"@type\":\"WebSite\",\"@id\":\"https:\/\/blogdobispo.com.br\/#website\",\"url\":\"https:\/\/blogdobispo.com.br\/\",\"name\":\"Blog do Bispo\",\"description\":\"Comprometido apenas com o leitor\",\"publisher\":{\"@id\":\"https:\/\/blogdobispo.com.br\/#organization\"},\"potentialAction\":[{\"@type\":\"SearchAction\",\"target\":{\"@type\":\"EntryPoint\",\"urlTemplate\":\"https:\/\/blogdobispo.com.br\/?s={search_term_string}\"},\"query-input\":{\"@type\":\"PropertyValueSpecification\",\"valueRequired\":true,\"valueName\":\"search_term_string\"}}],\"inLanguage\":\"pt-BR\"},{\"@type\":\"Organization\",\"@id\":\"https:\/\/blogdobispo.com.br\/#organization\",\"name\":\"Blog do Bispo\",\"url\":\"https:\/\/blogdobispo.com.br\/\",\"logo\":{\"@type\":\"ImageObject\",\"inLanguage\":\"pt-BR\",\"@id\":\"https:\/\/blogdobispo.com.br\/#\/schema\/logo\/image\/\",\"url\":\"http:\/\/blogdobispo.com.br\/wp-content\/uploads\/2023\/05\/cropped-headear.png\",\"contentUrl\":\"http:\/\/blogdobispo.com.br\/wp-content\/uploads\/2023\/05\/cropped-headear.png\",\"width\":1500,\"height\":399,\"caption\":\"Blog do Bispo\"},\"image\":{\"@id\":\"https:\/\/blogdobispo.com.br\/#\/schema\/logo\/image\/\"}},{\"@type\":\"Person\",\"@id\":\"https:\/\/blogdobispo.com.br\/#\/schema\/person\/e2209cc0e6cea5c5233d033e997b373f\",\"name\":\"Jefferson Sterfeno\",\"image\":{\"@type\":\"ImageObject\",\"inLanguage\":\"pt-BR\",\"@id\":\"https:\/\/blogdobispo.com.br\/#\/schema\/person\/image\/\",\"url\":\"https:\/\/secure.gravatar.com\/avatar\/0534e84764641168a677026b6d57a3f51dc7ac4db0b4f6186d9cb330d4ee1160?s=96&d=mm&r=g\",\"contentUrl\":\"https:\/\/secure.gravatar.com\/avatar\/0534e84764641168a677026b6d57a3f51dc7ac4db0b4f6186d9cb330d4ee1160?s=96&d=mm&r=g\",\"caption\":\"Jefferson Sterfeno\"},\"sameAs\":[\"http:\/\/blogdobispo.com.br\"],\"url\":\"https:\/\/blogdobispo.com.br\/?author=1\"}]}<\/script>\n<!-- \/ Yoast SEO plugin. -->","yoast_head_json":{"title":"Prefeita Aize Bezerra anuncia \u00faltimos ajustes para funcionamento do Corpo de Bombeiros em Jo\u00e3o C\u00e2mara - Blog do Bispo","robots":{"index":"index","follow":"follow","max-snippet":"max-snippet:-1","max-image-preview":"max-image-preview:large","max-video-preview":"max-video-preview:-1"},"canonical":"https:\/\/blogdobispo.com.br\/?p=19433","og_locale":"pt_BR","og_type":"article","og_title":"Prefeita Aize Bezerra anuncia \u00faltimos ajustes para funcionamento do Corpo de Bombeiros em Jo\u00e3o C\u00e2mara - Blog do Bispo","og_description":"A prefeita de Jo\u00e3o C\u00e2mara, Aize Bezerra, visitou na sexta-feira, 13, as instala\u00e7\u00f5es da futura sede do Corpo de Bombeiros Militar do Rio Grande do Norte no munic\u00edpio e realizou uma checklist para a inaugura\u00e7\u00e3o. O sistema de bombas j\u00e1 est\u00e1 instalado, com capacidade para mais de 5.000 litros de \u00e1gua abastecidos em menos de [&hellip;]","og_url":"https:\/\/blogdobispo.com.br\/?p=19433","og_site_name":"Blog do Bispo","article_published_time":"2026-03-17T16:55:52+00:00","og_image":[{"url":"https:\/\/blogdobispo.com.br\/wp-content\/uploads\/2026\/03\/a00523c1-78a7-4ae9-b673-1a27ab70ad6d-1024x576.jpg","type":"","width":"","height":""}],"author":"Jefferson Sterfeno","twitter_card":"summary_large_image","twitter_misc":{"Escrito por":"Jefferson Sterfeno","Est. tempo de leitura":"1 minuto"},"schema":{"@context":"https:\/\/schema.org","@graph":[{"@type":"Article","@id":"https:\/\/blogdobispo.com.br\/?p=19433#article","isPartOf":{"@id":"https:\/\/blogdobispo.com.br\/?p=19433"},"author":{"name":"Jefferson Sterfeno","@id":"https:\/\/blogdobispo.com.br\/#\/schema\/person\/e2209cc0e6cea5c5233d033e997b373f"},"headline":"Prefeita Aize Bezerra anuncia \u00faltimos ajustes para funcionamento do Corpo de Bombeiros em Jo\u00e3o C\u00e2mara","datePublished":"2026-03-17T16:55:52+00:00","mainEntityOfPage":{"@id":"https:\/\/blogdobispo.com.br\/?p=19433"},"wordCount":232,"commentCount":0,"publisher":{"@id":"https:\/\/blogdobispo.com.br\/#organization"},"image":{"@id":"https:\/\/blogdobispo.com.br\/?p=19433#primaryimage"},"thumbnailUrl":"https:\/\/i0.wp.com\/blogdobispo.com.br\/wp-content\/uploads\/2026\/03\/a00523c1-78a7-4ae9-b673-1a27ab70ad6d-1.jpg?fit=2000%2C1125&ssl=1","articleSection":["diversos"],"inLanguage":"pt-BR","potentialAction":[{"@type":"CommentAction","name":"Comment","target":["https:\/\/blogdobispo.com.br\/?p=19433#respond"]}]},{"@type":"WebPage","@id":"https:\/\/blogdobispo.com.br\/?p=19433","url":"https:\/\/blogdobispo.com.br\/?p=19433","name":"Prefeita Aize Bezerra anuncia \u00faltimos ajustes para funcionamento do Corpo de Bombeiros em Jo\u00e3o C\u00e2mara - Blog do Bispo","isPartOf":{"@id":"https:\/\/blogdobispo.com.br\/#website"},"primaryImageOfPage":{"@id":"https:\/\/blogdobispo.com.br\/?p=19433#primaryimage"},"image":{"@id":"https:\/\/blogdobispo.com.br\/?p=19433#primaryimage"},"thumbnailUrl":"https:\/\/i0.wp.com\/blogdobispo.com.br\/wp-content\/uploads\/2026\/03\/a00523c1-78a7-4ae9-b673-1a27ab70ad6d-1.jpg?fit=2000%2C1125&ssl=1","datePublished":"2026-03-17T16:55:52+00:00","breadcrumb":{"@id":"https:\/\/blogdobispo.com.br\/?p=19433#breadcrumb"},"inLanguage":"pt-BR","potentialAction":[{"@type":"ReadAction","target":["https:\/\/blogdobispo.com.br\/?p=19433"]}]},{"@type":"ImageObject","inLanguage":"pt-BR","@id":"https:\/\/blogdobispo.com.br\/?p=19433#primaryimage","url":"https:\/\/i0.wp.com\/blogdobispo.com.br\/wp-content\/uploads\/2026\/03\/a00523c1-78a7-4ae9-b673-1a27ab70ad6d-1.jpg?fit=2000%2C1125&ssl=1","contentUrl":"https:\/\/i0.wp.com\/blogdobispo.com.br\/wp-content\/uploads\/2026\/03\/a00523c1-78a7-4ae9-b673-1a27ab70ad6d-1.jpg?fit=2000%2C1125&ssl=1","width":2000,"height":1125},{"@type":"BreadcrumbList","@id":"https:\/\/blogdobispo.com.br\/?p=19433#breadcrumb","itemListElement":[{"@type":"ListItem","position":1,"name":"In\u00edcio","item":"https:\/\/blogdobispo.com.br\/"},{"@type":"ListItem","position":2,"name":"Prefeita Aize Bezerra anuncia \u00faltimos ajustes para funcionamento do Corpo de Bombeiros em Jo\u00e3o C\u00e2mara"}]},{"@type":"WebSite","@id":"https:\/\/blogdobispo.com.br\/#website","url":"https:\/\/blogdobispo.com.br\/","name":"Blog do Bispo","description":"Comprometido apenas com o leitor","publisher":{"@id":"https:\/\/blogdobispo.com.br\/#organization"},"potentialAction":[{"@type":"SearchAction","target":{"@type":"EntryPoint","urlTemplate":"https:\/\/blogdobispo.com.br\/?s={search_term_string}"},"query-input":{"@type":"PropertyValueSpecification","valueRequired":true,"valueName":"search_term_string"}}],"inLanguage":"pt-BR"},{"@type":"Organization","@id":"https:\/\/blogdobispo.com.br\/#organization","name":"Blog do Bispo","url":"https:\/\/blogdobispo.com.br\/","logo":{"@type":"ImageObject","inLanguage":"pt-BR","@id":"https:\/\/blogdobispo.com.br\/#\/schema\/logo\/image\/","url":"http:\/\/blogdobispo.com.br\/wp-content\/uploads\/2023\/05\/cropped-headear.png","contentUrl":"http:\/\/blogdobispo.com.br\/wp-content\/uploads\/2023\/05\/cropped-headear.png","width":1500,"height":399,"caption":"Blog do Bispo"},"image":{"@id":"https:\/\/blogdobispo.com.br\/#\/schema\/logo\/image\/"}},{"@type":"Person","@id":"https:\/\/blogdobispo.com.br\/#\/schema\/person\/e2209cc0e6cea5c5233d033e997b373f","name":"Jefferson Sterfeno","image":{"@type":"ImageObject","inLanguage":"pt-BR","@id":"https:\/\/blogdobispo.com.br\/#\/schema\/person\/image\/","url":"https:\/\/secure.gravatar.com\/avatar\/0534e84764641168a677026b6d57a3f51dc7ac4db0b4f6186d9cb330d4ee1160?s=96&d=mm&r=g","contentUrl":"https:\/\/secure.gravatar.com\/avatar\/0534e84764641168a677026b6d57a3f51dc7ac4db0b4f6186d9cb330d4ee1160?s=96&d=mm&r=g","caption":"Jefferson Sterfeno"},"sameAs":["http:\/\/blogdobispo.com.br"],"url":"https:\/\/blogdobispo.com.br\/?author=1"}]}},"featured_image_urls":{"full":["https:\/\/i0.wp.com\/blogdobispo.com.br\/wp-content\/uploads\/2026\/03\/a00523c1-78a7-4ae9-b673-1a27ab70ad6d-1.jpg?fit=2000%2C1125&ssl=1",2000,1125,false],"thumbnail":["https:\/\/i0.wp.com\/blogdobispo.com.br\/wp-content\/uploads\/2026\/03\/a00523c1-78a7-4ae9-b673-1a27ab70ad6d-1.jpg?resize=150%2C150&ssl=1",150,150,true],"medium":["https:\/\/i0.wp.com\/blogdobispo.com.br\/wp-content\/uploads\/2026\/03\/a00523c1-78a7-4ae9-b673-1a27ab70ad6d-1.jpg?fit=300%2C169&ssl=1",300,169,true],"medium_large":["https:\/\/i0.wp.com\/blogdobispo.com.br\/wp-content\/uploads\/2026\/03\/a00523c1-78a7-4ae9-b673-1a27ab70ad6d-1.jpg?fit=768%2C432&ssl=1",768,432,true],"large":["https:\/\/i0.wp.com\/blogdobispo.com.br\/wp-content\/uploads\/2026\/03\/a00523c1-78a7-4ae9-b673-1a27ab70ad6d-1.jpg?fit=800%2C450&ssl=1",800,450,true],"1536x1536":["https:\/\/i0.wp.com\/blogdobispo.com.br\/wp-content\/uploads\/2026\/03\/a00523c1-78a7-4ae9-b673-1a27ab70ad6d-1.jpg?fit=1536%2C864&ssl=1",1536,864,true],"2048x2048":["https:\/\/i0.wp.com\/blogdobispo.com.br\/wp-content\/uploads\/2026\/03\/a00523c1-78a7-4ae9-b673-1a27ab70ad6d-1.jpg?fit=2000%2C1125&ssl=1",2000,1125,true]},"author_info":{"display_name":"Jefferson Sterfeno","author_link":"https:\/\/blogdobispo.com.br\/?author=1"},"category_info":"<a href=\"https:\/\/blogdobispo.com.br\/?cat=1\" rel=\"category\">diversos<\/a>","tag_info":"diversos","comment_count":"0","jetpack_featured_media_url":"https:\/\/i0.wp.com\/blogdobispo.com.br\/wp-content\/uploads\/2026\/03\/a00523c1-78a7-4ae9-b673-1a27ab70ad6d-1.jpg?fit=2000%2C1125&ssl=1","jetpack_sharing_enabled":true,"_links":{"self":[{"href":"https:\/\/blogdobispo.com.br\/index.php?rest_route=\/wp\/v2\/posts\/19433","targetHints":{"allow":["GET"]}}],"collection":[{"href":"https:\/\/blogdobispo.com.br\/index.php?rest_route=\/wp\/v2\/posts"}],"about":[{"href":"https:\/\/blogdobispo.com.br\/index.php?rest_route=\/wp\/v2\/types\/post"}],"author":[{"embeddable":true,"href":"https:\/\/blogdobispo.com.br\/index.php?rest_route=\/wp\/v2\/users\/1"}],"replies":[{"embeddable":true,"href":"https:\/\/blogdobispo.com.br\/index.php?rest_route=%2Fwp%2Fv2%2Fcomments&post=19433"}],"version-history":[{"count":0,"href":"https:\/\/blogdobispo.com.br\/index.php?rest_route=\/wp\/v2\/posts\/19433\/revisions"}],"wp:featuredmedia":[{"embeddable":true,"href":"https:\/\/blogdobispo.com.br\/index.php?rest_route=\/wp\/v2\/media\/19432"}],"wp:attachment":[{"href":"https:\/\/blogdobispo.com.br\/index.php?rest_route=%2Fwp%2Fv2%2Fmedia&parent=19433"}],"wp:term":[{"taxonomy":"category","embeddable":true,"href":"https:\/\/blogdobispo.com.br\/index.php?rest_route=%2Fwp%2Fv2%2Fcategories&post=19433"},{"taxonomy":"post_tag","embeddable":true,"href":"https:\/\/blogdobispo.com.br\/index.php?rest_route=%2Fwp%2Fv2%2Ftags&post=19433"}],"curies":[{"name":"wp","href":"https:\/\/api.w.org\/{rel}","templated":true}]}}