{"id":19424,"date":"2026-03-17T15:31:01","date_gmt":"2026-03-17T15:31:01","guid":{"rendered":"https:\/\/blogdobispo.com.br\/?p=19424"},"modified":"2026-03-17T15:31:01","modified_gmt":"2026-03-17T15:31:01","slug":"fatima-desiste-do-senado-e-vai-continuar-no-governo","status":"publish","type":"post","link":"https:\/\/blogdobispo.com.br\/?p=19424","title":{"rendered":"F\u00e1tima desiste do Senado e vai continuar no governo"},"content":{"rendered":"\n<p class=\"p1\">A governadora <a href=\"chatgpt:\/\/generic-entity?number=0\">F\u00e1tima Bezerra<\/a> bateu o martelo: vai permanecer \u00e0 frente do Governo do Estado e n\u00e3o disputar\u00e1 uma vaga no Senado nas elei\u00e7\u00f5es de 2026.<\/p>\n\n\n\n<p class=\"p1\">A decis\u00e3o, que j\u00e1 vinha sendo desenhada nos bastidores, coloca como prioridade a continuidade da gest\u00e3o no <a href=\"chatgpt:\/\/generic-entity?number=1\">Rio Grande do Norte<\/a> at\u00e9 o fim do mandato. Com isso, F\u00e1tima evita deixar o cargo em um momento estrat\u00e9gico e mant\u00e9m o controle direto da administra\u00e7\u00e3o estadual.<\/p>\n\n\n\n<p class=\"p1\">A escolha tamb\u00e9m provoca impactos imediatos no cen\u00e1rio pol\u00edtico. A sa\u00edda dela da corrida ao Senado obriga o grupo governista a reorganizar seus planos e buscar novos nomes para a disputa majorit\u00e1ria, abrindo espa\u00e7o para rearranjos e novas alian\u00e7as. Surge o nome da vereadora Samanda Alves para disputar o Senado ao lado de Cadu Xavier que disputar\u00e1 o governo. <\/p>\n\n\n\n<figure class=\"wp-block-image size-large\"><img data-recalc-dims=\"1\" fetchpriority=\"high\" decoding=\"async\" width=\"800\" height=\"534\" src=\"https:\/\/i0.wp.com\/blogdobispo.com.br\/wp-content\/uploads\/2026\/03\/img_0515-1024x683.jpg?resize=800%2C534&#038;ssl=1\" class=\"wp-image-19422\" srcset=\"https:\/\/i0.wp.com\/blogdobispo.com.br\/wp-content\/uploads\/2026\/03\/img_0515.jpg?resize=1024%2C683&amp;ssl=1 1024w, https:\/\/i0.wp.com\/blogdobispo.com.br\/wp-content\/uploads\/2026\/03\/img_0515.jpg?resize=300%2C200&amp;ssl=1 300w, https:\/\/i0.wp.com\/blogdobispo.com.br\/wp-content\/uploads\/2026\/03\/img_0515.jpg?resize=768%2C512&amp;ssl=1 768w, https:\/\/i0.wp.com\/blogdobispo.com.br\/wp-content\/uploads\/2026\/03\/img_0515.jpg?resize=1536%2C1024&amp;ssl=1 1536w, https:\/\/i0.wp.com\/blogdobispo.com.br\/wp-content\/uploads\/2026\/03\/img_0515.jpg?w=1920&amp;ssl=1 1920w, https:\/\/i0.wp.com\/blogdobispo.com.br\/wp-content\/uploads\/2026\/03\/img_0515.jpg?w=1600 1600w\" sizes=\"(max-width: 800px) 100vw, 800px\" \/><\/figure>\n\n\n\n<p class=\"p1\">Al\u00e9m disso, a perman\u00eancia no cargo sinaliza uma aposta na entrega de resultados e na consolida\u00e7\u00e3o pol\u00edtica dentro do estado, o que pode influenciar diretamente o desempenho do seu grupo nas elei\u00e7\u00f5es de 2026.<\/p>\n\n\n\n<p><\/p>\n","protected":false},"excerpt":{"rendered":"<p>A governadora F\u00e1tima Bezerra bateu o martelo: vai permanecer \u00e0 frente do Governo do Estado e n\u00e3o disputar\u00e1 uma vaga no Senado nas elei\u00e7\u00f5es de 2026. A decis\u00e3o, que j\u00e1 vinha sendo desenhada nos bastidores, coloca como prioridade a continuidade da gest\u00e3o no Rio Grande do Norte at\u00e9 o fim do mandato. Com isso, F\u00e1tima [&hellip;]<\/p>\n","protected":false},"author":1,"featured_media":19423,"comment_status":"open","ping_status":"open","sticky":false,"template":"","format":"standard","meta":{"cybocfi_hide_featured_image":"","_jetpack_memberships_contains_paid_content":false,"footnotes":""},"categories":[1],"tags":[],"class_list":["post-19424","post","type-post","status-publish","format-standard","has-post-thumbnail","hentry","category-diversos"],"yoast_head":"<!-- This site is optimized with the Yoast SEO plugin v25.6 - https:\/\/yoast.com\/wordpress\/plugins\/seo\/ -->\n<title>F\u00e1tima desiste do Senado e vai continuar no governo - Blog do Bispo<\/title>\n<meta name=\"robots\" content=\"index, follow, max-snippet:-1, max-image-preview:large, max-video-preview:-1\" \/>\n<link rel=\"canonical\" href=\"https:\/\/blogdobispo.com.br\/?p=19424\" \/>\n<meta property=\"og:locale\" content=\"pt_BR\" \/>\n<meta property=\"og:type\" content=\"article\" \/>\n<meta property=\"og:title\" content=\"F\u00e1tima desiste do Senado e vai continuar no governo - Blog do Bispo\" \/>\n<meta property=\"og:description\" content=\"A governadora F\u00e1tima Bezerra bateu o martelo: vai permanecer \u00e0 frente do Governo do Estado e n\u00e3o disputar\u00e1 uma vaga no Senado nas elei\u00e7\u00f5es de 2026. A decis\u00e3o, que j\u00e1 vinha sendo desenhada nos bastidores, coloca como prioridade a continuidade da gest\u00e3o no Rio Grande do Norte at\u00e9 o fim do mandato. Com isso, F\u00e1tima [&hellip;]\" \/>\n<meta property=\"og:url\" content=\"https:\/\/blogdobispo.com.br\/?p=19424\" \/>\n<meta property=\"og:site_name\" content=\"Blog do Bispo\" \/>\n<meta property=\"article:published_time\" content=\"2026-03-17T15:31:01+00:00\" \/>\n<meta property=\"og:image\" content=\"https:\/\/blogdobispo.com.br\/wp-content\/uploads\/2026\/03\/img_0515-1024x683.jpg\" \/>\n<meta name=\"author\" content=\"Jefferson Sterfeno\" \/>\n<meta name=\"twitter:card\" content=\"summary_large_image\" \/>\n<meta name=\"twitter:label1\" content=\"Escrito por\" \/>\n\t<meta name=\"twitter:data1\" content=\"Jefferson Sterfeno\" \/>\n\t<meta name=\"twitter:label2\" content=\"Est. tempo de leitura\" \/>\n\t<meta name=\"twitter:data2\" content=\"1 minuto\" \/>\n<script type=\"application\/ld+json\" class=\"yoast-schema-graph\">{\"@context\":\"https:\/\/schema.org\",\"@graph\":[{\"@type\":\"Article\",\"@id\":\"https:\/\/blogdobispo.com.br\/?p=19424#article\",\"isPartOf\":{\"@id\":\"https:\/\/blogdobispo.com.br\/?p=19424\"},\"author\":{\"name\":\"Jefferson Sterfeno\",\"@id\":\"https:\/\/blogdobispo.com.br\/#\/schema\/person\/e2209cc0e6cea5c5233d033e997b373f\"},\"headline\":\"F\u00e1tima desiste do Senado e vai continuar no governo\",\"datePublished\":\"2026-03-17T15:31:01+00:00\",\"mainEntityOfPage\":{\"@id\":\"https:\/\/blogdobispo.com.br\/?p=19424\"},\"wordCount\":192,\"commentCount\":0,\"publisher\":{\"@id\":\"https:\/\/blogdobispo.com.br\/#organization\"},\"image\":{\"@id\":\"https:\/\/blogdobispo.com.br\/?p=19424#primaryimage\"},\"thumbnailUrl\":\"https:\/\/i0.wp.com\/blogdobispo.com.br\/wp-content\/uploads\/2026\/03\/img_0515-1.jpg?fit=1920%2C1280&ssl=1\",\"articleSection\":[\"diversos\"],\"inLanguage\":\"pt-BR\",\"potentialAction\":[{\"@type\":\"CommentAction\",\"name\":\"Comment\",\"target\":[\"https:\/\/blogdobispo.com.br\/?p=19424#respond\"]}]},{\"@type\":\"WebPage\",\"@id\":\"https:\/\/blogdobispo.com.br\/?p=19424\",\"url\":\"https:\/\/blogdobispo.com.br\/?p=19424\",\"name\":\"F\u00e1tima desiste do Senado e vai continuar no governo - Blog do Bispo\",\"isPartOf\":{\"@id\":\"https:\/\/blogdobispo.com.br\/#website\"},\"primaryImageOfPage\":{\"@id\":\"https:\/\/blogdobispo.com.br\/?p=19424#primaryimage\"},\"image\":{\"@id\":\"https:\/\/blogdobispo.com.br\/?p=19424#primaryimage\"},\"thumbnailUrl\":\"https:\/\/i0.wp.com\/blogdobispo.com.br\/wp-content\/uploads\/2026\/03\/img_0515-1.jpg?fit=1920%2C1280&ssl=1\",\"datePublished\":\"2026-03-17T15:31:01+00:00\",\"breadcrumb\":{\"@id\":\"https:\/\/blogdobispo.com.br\/?p=19424#breadcrumb\"},\"inLanguage\":\"pt-BR\",\"potentialAction\":[{\"@type\":\"ReadAction\",\"target\":[\"https:\/\/blogdobispo.com.br\/?p=19424\"]}]},{\"@type\":\"ImageObject\",\"inLanguage\":\"pt-BR\",\"@id\":\"https:\/\/blogdobispo.com.br\/?p=19424#primaryimage\",\"url\":\"https:\/\/i0.wp.com\/blogdobispo.com.br\/wp-content\/uploads\/2026\/03\/img_0515-1.jpg?fit=1920%2C1280&ssl=1\",\"contentUrl\":\"https:\/\/i0.wp.com\/blogdobispo.com.br\/wp-content\/uploads\/2026\/03\/img_0515-1.jpg?fit=1920%2C1280&ssl=1\",\"width\":1920,\"height\":1280},{\"@type\":\"BreadcrumbList\",\"@id\":\"https:\/\/blogdobispo.com.br\/?p=19424#breadcrumb\",\"itemListElement\":[{\"@type\":\"ListItem\",\"position\":1,\"name\":\"In\u00edcio\",\"item\":\"https:\/\/blogdobispo.com.br\/\"},{\"@type\":\"ListItem\",\"position\":2,\"name\":\"F\u00e1tima desiste do Senado e vai continuar no governo\"}]},{\"@type\":\"WebSite\",\"@id\":\"https:\/\/blogdobispo.com.br\/#website\",\"url\":\"https:\/\/blogdobispo.com.br\/\",\"name\":\"Blog do Bispo\",\"description\":\"Comprometido apenas com o leitor\",\"publisher\":{\"@id\":\"https:\/\/blogdobispo.com.br\/#organization\"},\"potentialAction\":[{\"@type\":\"SearchAction\",\"target\":{\"@type\":\"EntryPoint\",\"urlTemplate\":\"https:\/\/blogdobispo.com.br\/?s={search_term_string}\"},\"query-input\":{\"@type\":\"PropertyValueSpecification\",\"valueRequired\":true,\"valueName\":\"search_term_string\"}}],\"inLanguage\":\"pt-BR\"},{\"@type\":\"Organization\",\"@id\":\"https:\/\/blogdobispo.com.br\/#organization\",\"name\":\"Blog do Bispo\",\"url\":\"https:\/\/blogdobispo.com.br\/\",\"logo\":{\"@type\":\"ImageObject\",\"inLanguage\":\"pt-BR\",\"@id\":\"https:\/\/blogdobispo.com.br\/#\/schema\/logo\/image\/\",\"url\":\"http:\/\/blogdobispo.com.br\/wp-content\/uploads\/2023\/05\/cropped-headear.png\",\"contentUrl\":\"http:\/\/blogdobispo.com.br\/wp-content\/uploads\/2023\/05\/cropped-headear.png\",\"width\":1500,\"height\":399,\"caption\":\"Blog do Bispo\"},\"image\":{\"@id\":\"https:\/\/blogdobispo.com.br\/#\/schema\/logo\/image\/\"}},{\"@type\":\"Person\",\"@id\":\"https:\/\/blogdobispo.com.br\/#\/schema\/person\/e2209cc0e6cea5c5233d033e997b373f\",\"name\":\"Jefferson Sterfeno\",\"image\":{\"@type\":\"ImageObject\",\"inLanguage\":\"pt-BR\",\"@id\":\"https:\/\/blogdobispo.com.br\/#\/schema\/person\/image\/\",\"url\":\"https:\/\/secure.gravatar.com\/avatar\/0534e84764641168a677026b6d57a3f51dc7ac4db0b4f6186d9cb330d4ee1160?s=96&d=mm&r=g\",\"contentUrl\":\"https:\/\/secure.gravatar.com\/avatar\/0534e84764641168a677026b6d57a3f51dc7ac4db0b4f6186d9cb330d4ee1160?s=96&d=mm&r=g\",\"caption\":\"Jefferson Sterfeno\"},\"sameAs\":[\"http:\/\/blogdobispo.com.br\"],\"url\":\"https:\/\/blogdobispo.com.br\/?author=1\"}]}<\/script>\n<!-- \/ Yoast SEO plugin. -->","yoast_head_json":{"title":"F\u00e1tima desiste do Senado e vai continuar no governo - Blog do Bispo","robots":{"index":"index","follow":"follow","max-snippet":"max-snippet:-1","max-image-preview":"max-image-preview:large","max-video-preview":"max-video-preview:-1"},"canonical":"https:\/\/blogdobispo.com.br\/?p=19424","og_locale":"pt_BR","og_type":"article","og_title":"F\u00e1tima desiste do Senado e vai continuar no governo - Blog do Bispo","og_description":"A governadora F\u00e1tima Bezerra bateu o martelo: vai permanecer \u00e0 frente do Governo do Estado e n\u00e3o disputar\u00e1 uma vaga no Senado nas elei\u00e7\u00f5es de 2026. A decis\u00e3o, que j\u00e1 vinha sendo desenhada nos bastidores, coloca como prioridade a continuidade da gest\u00e3o no Rio Grande do Norte at\u00e9 o fim do mandato. Com isso, F\u00e1tima [&hellip;]","og_url":"https:\/\/blogdobispo.com.br\/?p=19424","og_site_name":"Blog do Bispo","article_published_time":"2026-03-17T15:31:01+00:00","og_image":[{"url":"https:\/\/blogdobispo.com.br\/wp-content\/uploads\/2026\/03\/img_0515-1024x683.jpg","type":"","width":"","height":""}],"author":"Jefferson Sterfeno","twitter_card":"summary_large_image","twitter_misc":{"Escrito por":"Jefferson Sterfeno","Est. tempo de leitura":"1 minuto"},"schema":{"@context":"https:\/\/schema.org","@graph":[{"@type":"Article","@id":"https:\/\/blogdobispo.com.br\/?p=19424#article","isPartOf":{"@id":"https:\/\/blogdobispo.com.br\/?p=19424"},"author":{"name":"Jefferson Sterfeno","@id":"https:\/\/blogdobispo.com.br\/#\/schema\/person\/e2209cc0e6cea5c5233d033e997b373f"},"headline":"F\u00e1tima desiste do Senado e vai continuar no governo","datePublished":"2026-03-17T15:31:01+00:00","mainEntityOfPage":{"@id":"https:\/\/blogdobispo.com.br\/?p=19424"},"wordCount":192,"commentCount":0,"publisher":{"@id":"https:\/\/blogdobispo.com.br\/#organization"},"image":{"@id":"https:\/\/blogdobispo.com.br\/?p=19424#primaryimage"},"thumbnailUrl":"https:\/\/i0.wp.com\/blogdobispo.com.br\/wp-content\/uploads\/2026\/03\/img_0515-1.jpg?fit=1920%2C1280&ssl=1","articleSection":["diversos"],"inLanguage":"pt-BR","potentialAction":[{"@type":"CommentAction","name":"Comment","target":["https:\/\/blogdobispo.com.br\/?p=19424#respond"]}]},{"@type":"WebPage","@id":"https:\/\/blogdobispo.com.br\/?p=19424","url":"https:\/\/blogdobispo.com.br\/?p=19424","name":"F\u00e1tima desiste do Senado e vai continuar no governo - Blog do Bispo","isPartOf":{"@id":"https:\/\/blogdobispo.com.br\/#website"},"primaryImageOfPage":{"@id":"https:\/\/blogdobispo.com.br\/?p=19424#primaryimage"},"image":{"@id":"https:\/\/blogdobispo.com.br\/?p=19424#primaryimage"},"thumbnailUrl":"https:\/\/i0.wp.com\/blogdobispo.com.br\/wp-content\/uploads\/2026\/03\/img_0515-1.jpg?fit=1920%2C1280&ssl=1","datePublished":"2026-03-17T15:31:01+00:00","breadcrumb":{"@id":"https:\/\/blogdobispo.com.br\/?p=19424#breadcrumb"},"inLanguage":"pt-BR","potentialAction":[{"@type":"ReadAction","target":["https:\/\/blogdobispo.com.br\/?p=19424"]}]},{"@type":"ImageObject","inLanguage":"pt-BR","@id":"https:\/\/blogdobispo.com.br\/?p=19424#primaryimage","url":"https:\/\/i0.wp.com\/blogdobispo.com.br\/wp-content\/uploads\/2026\/03\/img_0515-1.jpg?fit=1920%2C1280&ssl=1","contentUrl":"https:\/\/i0.wp.com\/blogdobispo.com.br\/wp-content\/uploads\/2026\/03\/img_0515-1.jpg?fit=1920%2C1280&ssl=1","width":1920,"height":1280},{"@type":"BreadcrumbList","@id":"https:\/\/blogdobispo.com.br\/?p=19424#breadcrumb","itemListElement":[{"@type":"ListItem","position":1,"name":"In\u00edcio","item":"https:\/\/blogdobispo.com.br\/"},{"@type":"ListItem","position":2,"name":"F\u00e1tima desiste do Senado e vai continuar no governo"}]},{"@type":"WebSite","@id":"https:\/\/blogdobispo.com.br\/#website","url":"https:\/\/blogdobispo.com.br\/","name":"Blog do Bispo","description":"Comprometido apenas com o leitor","publisher":{"@id":"https:\/\/blogdobispo.com.br\/#organization"},"potentialAction":[{"@type":"SearchAction","target":{"@type":"EntryPoint","urlTemplate":"https:\/\/blogdobispo.com.br\/?s={search_term_string}"},"query-input":{"@type":"PropertyValueSpecification","valueRequired":true,"valueName":"search_term_string"}}],"inLanguage":"pt-BR"},{"@type":"Organization","@id":"https:\/\/blogdobispo.com.br\/#organization","name":"Blog do Bispo","url":"https:\/\/blogdobispo.com.br\/","logo":{"@type":"ImageObject","inLanguage":"pt-BR","@id":"https:\/\/blogdobispo.com.br\/#\/schema\/logo\/image\/","url":"http:\/\/blogdobispo.com.br\/wp-content\/uploads\/2023\/05\/cropped-headear.png","contentUrl":"http:\/\/blogdobispo.com.br\/wp-content\/uploads\/2023\/05\/cropped-headear.png","width":1500,"height":399,"caption":"Blog do Bispo"},"image":{"@id":"https:\/\/blogdobispo.com.br\/#\/schema\/logo\/image\/"}},{"@type":"Person","@id":"https:\/\/blogdobispo.com.br\/#\/schema\/person\/e2209cc0e6cea5c5233d033e997b373f","name":"Jefferson Sterfeno","image":{"@type":"ImageObject","inLanguage":"pt-BR","@id":"https:\/\/blogdobispo.com.br\/#\/schema\/person\/image\/","url":"https:\/\/secure.gravatar.com\/avatar\/0534e84764641168a677026b6d57a3f51dc7ac4db0b4f6186d9cb330d4ee1160?s=96&d=mm&r=g","contentUrl":"https:\/\/secure.gravatar.com\/avatar\/0534e84764641168a677026b6d57a3f51dc7ac4db0b4f6186d9cb330d4ee1160?s=96&d=mm&r=g","caption":"Jefferson Sterfeno"},"sameAs":["http:\/\/blogdobispo.com.br"],"url":"https:\/\/blogdobispo.com.br\/?author=1"}]}},"featured_image_urls":{"full":["https:\/\/i0.wp.com\/blogdobispo.com.br\/wp-content\/uploads\/2026\/03\/img_0515-1.jpg?fit=1920%2C1280&ssl=1",1920,1280,false],"thumbnail":["https:\/\/i0.wp.com\/blogdobispo.com.br\/wp-content\/uploads\/2026\/03\/img_0515-1.jpg?resize=150%2C150&ssl=1",150,150,true],"medium":["https:\/\/i0.wp.com\/blogdobispo.com.br\/wp-content\/uploads\/2026\/03\/img_0515-1.jpg?fit=300%2C200&ssl=1",300,200,true],"medium_large":["https:\/\/i0.wp.com\/blogdobispo.com.br\/wp-content\/uploads\/2026\/03\/img_0515-1.jpg?fit=768%2C512&ssl=1",768,512,true],"large":["https:\/\/i0.wp.com\/blogdobispo.com.br\/wp-content\/uploads\/2026\/03\/img_0515-1.jpg?fit=800%2C534&ssl=1",800,534,true],"1536x1536":["https:\/\/i0.wp.com\/blogdobispo.com.br\/wp-content\/uploads\/2026\/03\/img_0515-1.jpg?fit=1536%2C1024&ssl=1",1536,1024,true],"2048x2048":["https:\/\/i0.wp.com\/blogdobispo.com.br\/wp-content\/uploads\/2026\/03\/img_0515-1.jpg?fit=1920%2C1280&ssl=1",1920,1280,true]},"author_info":{"display_name":"Jefferson Sterfeno","author_link":"https:\/\/blogdobispo.com.br\/?author=1"},"category_info":"<a href=\"https:\/\/blogdobispo.com.br\/?cat=1\" rel=\"category\">diversos<\/a>","tag_info":"diversos","comment_count":"0","jetpack_featured_media_url":"https:\/\/i0.wp.com\/blogdobispo.com.br\/wp-content\/uploads\/2026\/03\/img_0515-1.jpg?fit=1920%2C1280&ssl=1","jetpack_sharing_enabled":true,"_links":{"self":[{"href":"https:\/\/blogdobispo.com.br\/index.php?rest_route=\/wp\/v2\/posts\/19424","targetHints":{"allow":["GET"]}}],"collection":[{"href":"https:\/\/blogdobispo.com.br\/index.php?rest_route=\/wp\/v2\/posts"}],"about":[{"href":"https:\/\/blogdobispo.com.br\/index.php?rest_route=\/wp\/v2\/types\/post"}],"author":[{"embeddable":true,"href":"https:\/\/blogdobispo.com.br\/index.php?rest_route=\/wp\/v2\/users\/1"}],"replies":[{"embeddable":true,"href":"https:\/\/blogdobispo.com.br\/index.php?rest_route=%2Fwp%2Fv2%2Fcomments&post=19424"}],"version-history":[{"count":0,"href":"https:\/\/blogdobispo.com.br\/index.php?rest_route=\/wp\/v2\/posts\/19424\/revisions"}],"wp:featuredmedia":[{"embeddable":true,"href":"https:\/\/blogdobispo.com.br\/index.php?rest_route=\/wp\/v2\/media\/19423"}],"wp:attachment":[{"href":"https:\/\/blogdobispo.com.br\/index.php?rest_route=%2Fwp%2Fv2%2Fmedia&parent=19424"}],"wp:term":[{"taxonomy":"category","embeddable":true,"href":"https:\/\/blogdobispo.com.br\/index.php?rest_route=%2Fwp%2Fv2%2Fcategories&post=19424"},{"taxonomy":"post_tag","embeddable":true,"href":"https:\/\/blogdobispo.com.br\/index.php?rest_route=%2Fwp%2Fv2%2Ftags&post=19424"}],"curies":[{"name":"wp","href":"https:\/\/api.w.org\/{rel}","templated":true}]}}