{"id":19419,"date":"2026-03-17T12:56:00","date_gmt":"2026-03-17T12:56:00","guid":{"rendered":"https:\/\/blogdobispo.com.br\/?p=19419"},"modified":"2026-03-17T12:56:00","modified_gmt":"2026-03-17T12:56:00","slug":"alrn-recebe-trofeu-da-unale-2025-com-presidente-deputados-e-servidores","status":"publish","type":"post","link":"https:\/\/blogdobispo.com.br\/?p=19419","title":{"rendered":"ALRN recebe Trof\u00e9u da Unale 2025 com presidente, deputados e servidores"},"content":{"rendered":"<p>H\u00e1 conquistas que ultrapassam o peso do trof\u00e9u. Elas carregam hist\u00f3rias, dedica\u00e7\u00e3o e o silencioso esfor\u00e7o de muitas m\u00e3os. Foi com esse sentimento que a Assembleia Legislativa do Rio Grande do Norte viveu, nesta quinta-feira (12), no Audit\u00f3rio Deputado Cortez Pereira, um momento de celebra\u00e7\u00e3o e orgulho institucional: a entrega do Trof\u00e9u Pr\u00eamio Unale Assembleia Cidad\u00e3 2025, conquistado pela Casa na categoria Gest\u00e3o, com o projeto Legis V\u00eddeos.<\/p>\n<p>Ao receber oficialmente o trof\u00e9u, o presidente da Assembleia Legislativa do RN, deputado Ezequiel Ferreira (PSDB), fez quest\u00e3o de destacar que o pr\u00eamio pertence a todos que fazem a institui\u00e7\u00e3o funcionar todos os dias. \u201cEsse pr\u00eamio n\u00e3o \u00e9 de uma pessoa. Ele \u00e9 da Assembleia Legislativa e, principalmente, de seus servidores. S\u00e3o eles que, com dedica\u00e7\u00e3o e compet\u00eancia, ajudam a transformar ideias em resultados e fazem a Casa avan\u00e7ar em inova\u00e7\u00e3o e efici\u00eancia\u201d, afirmou.<\/p>\n<p>Durante a solenidade, o presidente da Unale, deputado estadual Vilmar Zanchin, destacou exatamente esse aspecto ao reconhecer o trabalho desenvolvido pela Assembleia potiguar. \u201cRendemos nossas homenagens a todos que comp\u00f5em a Diretoria de Gest\u00e3o Tecnol\u00f3gica e Inova\u00e7\u00e3o da Assembleia Legislativa do Rio Grande do Norte. A Casa se tornou refer\u00eancia no pa\u00eds quando falamos em inova\u00e7\u00e3o e moderniza\u00e7\u00e3o da gest\u00e3o p\u00fablica\u201d, afirmou.<\/p>\n<p>Criado para reconhecer iniciativas que fortalecem o Legislativo brasileiro, o Pr\u00eamio Unale Assembleia Cidad\u00e3 chega \u00e0 sua sexta edi\u00e7\u00e3o valorizando projetos que aproximam o Parlamento da sociedade e aprimoram a gest\u00e3o p\u00fablica. As iniciativas s\u00e3o avaliadas em quatro categorias: Gest\u00e3o, Atendimento ao Cidad\u00e3o, Projetos Especiais e Reportagem Legislativa, sempre tendo como horizonte valores como transpar\u00eancia, cidadania, humaniza\u00e7\u00e3o e efici\u00eancia administrativa.<\/p>\n<p>Neste ano, a Assembleia Legislativa do Rio Grande do Norte foi novamente destaque nacional com o Legis V\u00eddeos, uma ferramenta que amplia a transpar\u00eancia institucional e facilita o acesso da popula\u00e7\u00e3o \u00e0s atividades parlamentares. Ao transformar informa\u00e7\u00e3o em linguagem acess\u00edvel, o sistema refor\u00e7a a ponte entre o Parlamento e o cidad\u00e3o. Mas o pr\u00eamio tamb\u00e9m carrega um significado ainda maior: ele traduz uma trajet\u00f3ria de consist\u00eancia administrativa e inova\u00e7\u00e3o tecnol\u00f3gica.<\/p>\n<p>Por tr\u00e1s de cada sistema e de cada inova\u00e7\u00e3o, existe um trabalho silencioso e dedicado realizado por servidores da pr\u00f3pria Assembleia, especialmente pelas equipes da Diretoria de Gest\u00e3o Tecnol\u00f3gica e Inova\u00e7\u00e3o. S\u00e3o profissionais que transformam conhecimento em solu\u00e7\u00f5es concretas, fazendo nascer, dentro da pr\u00f3pria Casa, ferramentas que fortalecem o funcionamento do Parlamento e ampliam o acesso da popula\u00e7\u00e3o \u00e0s atividades legislativas.<\/p>\n<p>A secret\u00e1ria-geral da Unale, deputada estadual Tia Ju, tamb\u00e9m ressaltou que a premia\u00e7\u00e3o simboliza mais do que um reconhecimento institucional. \u201cHoje celebramos uma conquista que orgulha o Legislativo brasileiro. O projeto Legis V\u00eddeos demonstra como a inova\u00e7\u00e3o pode fortalecer a transpar\u00eancia e aproximar o Parlamento da sociedade\u201d, destacou.<\/p>\n<p>Para o vice-presidente da Unale na regi\u00e3o Nordeste, deputado S\u00e9rgio Aguiar, o resultado refor\u00e7a o protagonismo do Legislativo potiguar no cen\u00e1rio nacional. \u201cO Rio Grande do Norte mostra ao Brasil sua capacidade de inovar e de avan\u00e7ar. \u00c9 uma demonstra\u00e7\u00e3o clara de compet\u00eancia e compromisso com o servi\u00e7o p\u00fablico\u201d, disse.<\/p>\n<p>A cerim\u00f4nia reuniu os deputados estaduais Dr Bernardo (PSDB), Tomba Farias (PL), Jos\u00e9 Dias (PL), Coronel Azevedo (PL), Ubaldo Fernandes (PSDB), Nelter Queiroz (PSDB), Eudiane Macedo (PV), Divaneide Bas\u00edlio (PT), Taveira J\u00fanior (Uni\u00e3o), Adjuto Dias (MDB), Luiz Eduardo (PL), Isolda Dantas (PT) e Francisco do PT. Formando a comitiva da Unale estavam os deputados S\u00e9rgio Aguiar, vice- presidente da Regi\u00e3o Nordeste da Unale; Tia Ju, secret\u00e1ria geral da Unale; Z\u00e9 Laviola vice-presidente da regi\u00e3o sudeste; Adjuto Afonso representante do Maranh\u00e3o; Dirceu Tencati representante do Par\u00e1 e Jo\u00e3o Luiz, representante do Amazonas, reafirmando o reconhecimento nacional ao trabalho desenvolvido pela institui\u00e7\u00e3o potiguar.<\/p>\n<p>Das seis edi\u00e7\u00f5es do pr\u00eamio realizadas at\u00e9 hoje, a Assembleia potiguar conquistou cinco trof\u00e9us, um feito que a coloca entre as institui\u00e7\u00f5es legislativas mais premiadas do pa\u00eds. Quatro dessas conquistas vieram na categoria Gest\u00e3o: em 2019, com o sistema Legis RH; em 2021, com o e-Legis; em 2022, com o Legis Plen\u00e1rio; e agora, em 2025, com o Legis V\u00eddeos. Em 2023, a Casa tamb\u00e9m foi reconhecida na categoria Atendimento ao Cidad\u00e3o, com o Programa Assembleia e Voc\u00ea, iniciativa que leva servi\u00e7os e cidadania \u00e0s comunidades do Rio Grande do Norte.<\/p>\n<p>Entre discursos e aplausos, o que se percebia no audit\u00f3rio era algo que vai al\u00e9m da formalidade de uma solenidade. Havia um sentimento compartilhado de pertencimento, o orgulho de fazer parte de uma institui\u00e7\u00e3o que honra sua hist\u00f3ria, valoriza seu quadro t\u00e9cnico e olha para o futuro com a certeza de que inova\u00e7\u00e3o e servi\u00e7o p\u00fablico podem caminhar lado a lado.<\/p>\n<p>\u201cPorque, no fim das contas, cada pr\u00eamio conquistado pela Assembleia Legislativa do Rio Grande do Norte carrega muito mais do que um nome gravado em metal. Carrega o trabalho de uma Casa inteira. E a convic\u00e7\u00e3o de que, quando servidores e gest\u00e3o caminham juntos, o resultado sempre encontra o caminho do reconhecimento. Mais do que uma solenidade, o momento foi a reafirma\u00e7\u00e3o de uma trajet\u00f3ria que vem sendo escrita com trabalho, inova\u00e7\u00e3o e compromisso p\u00fablico\u201d, finalizou Ezequiel Ferreira.<\/p>\n<p><strong class=\"title-new\"><a class=\"btn-album-noticia\" href=\"https:\/\/www.al.rn.leg.br\/album\/8408\/al-solenidade-de-entrega-do-premio-unale-assembleia-cidada-2025-12032026-ft-eduardo-maia\">\u00c1lbum de fotos<\/a><\/strong><img data-recalc-dims=\"1\" fetchpriority=\"high\" decoding=\"async\" class=\"alignnone size-medium wp-image-19420\" src=\"https:\/\/i0.wp.com\/blogdobispo.com.br\/wp-content\/uploads\/2026\/03\/SWqGg2bwVbh7a0xYMbFFOQVkRqDJs656TENYLkbW.jpg?resize=300%2C200\" alt=\"\" width=\"300\" height=\"200\" srcset=\"https:\/\/i0.wp.com\/blogdobispo.com.br\/wp-content\/uploads\/2026\/03\/SWqGg2bwVbh7a0xYMbFFOQVkRqDJs656TENYLkbW-scaled.jpg?resize=300%2C200&amp;ssl=1 300w, https:\/\/i0.wp.com\/blogdobispo.com.br\/wp-content\/uploads\/2026\/03\/SWqGg2bwVbh7a0xYMbFFOQVkRqDJs656TENYLkbW-scaled.jpg?resize=1024%2C681&amp;ssl=1 1024w, https:\/\/i0.wp.com\/blogdobispo.com.br\/wp-content\/uploads\/2026\/03\/SWqGg2bwVbh7a0xYMbFFOQVkRqDJs656TENYLkbW-scaled.jpg?resize=768%2C511&amp;ssl=1 768w, https:\/\/i0.wp.com\/blogdobispo.com.br\/wp-content\/uploads\/2026\/03\/SWqGg2bwVbh7a0xYMbFFOQVkRqDJs656TENYLkbW-scaled.jpg?resize=1536%2C1022&amp;ssl=1 1536w, https:\/\/i0.wp.com\/blogdobispo.com.br\/wp-content\/uploads\/2026\/03\/SWqGg2bwVbh7a0xYMbFFOQVkRqDJs656TENYLkbW-scaled.jpg?resize=2048%2C1363&amp;ssl=1 2048w, https:\/\/i0.wp.com\/blogdobispo.com.br\/wp-content\/uploads\/2026\/03\/SWqGg2bwVbh7a0xYMbFFOQVkRqDJs656TENYLkbW-scaled.jpg?w=1600 1600w, https:\/\/i0.wp.com\/blogdobispo.com.br\/wp-content\/uploads\/2026\/03\/SWqGg2bwVbh7a0xYMbFFOQVkRqDJs656TENYLkbW-scaled.jpg?w=2400 2400w\" sizes=\"(max-width: 300px) 100vw, 300px\" \/><\/p>\n","protected":false},"excerpt":{"rendered":"<p>H\u00e1 conquistas que ultrapassam o peso do trof\u00e9u. Elas carregam hist\u00f3rias, dedica\u00e7\u00e3o e o silencioso esfor\u00e7o de muitas m\u00e3os. Foi com esse sentimento que a Assembleia Legislativa do Rio Grande do Norte viveu, nesta quinta-feira (12), no Audit\u00f3rio Deputado Cortez Pereira, um momento de celebra\u00e7\u00e3o e orgulho institucional: a entrega do Trof\u00e9u Pr\u00eamio Unale Assembleia [&hellip;]<\/p>\n","protected":false},"author":1,"featured_media":0,"comment_status":"open","ping_status":"open","sticky":false,"template":"","format":"standard","meta":{"cybocfi_hide_featured_image":"","_jetpack_memberships_contains_paid_content":false,"footnotes":""},"categories":[1],"tags":[],"class_list":["post-19419","post","type-post","status-publish","format-standard","hentry","category-diversos"],"yoast_head":"<!-- This site is optimized with the Yoast SEO plugin v25.6 - https:\/\/yoast.com\/wordpress\/plugins\/seo\/ -->\n<title>ALRN recebe Trof\u00e9u da Unale 2025 com presidente, deputados e servidores - Blog do Bispo<\/title>\n<meta name=\"robots\" content=\"index, follow, max-snippet:-1, max-image-preview:large, max-video-preview:-1\" \/>\n<link rel=\"canonical\" href=\"https:\/\/blogdobispo.com.br\/?p=19419\" \/>\n<meta property=\"og:locale\" content=\"pt_BR\" \/>\n<meta property=\"og:type\" content=\"article\" \/>\n<meta property=\"og:title\" content=\"ALRN recebe Trof\u00e9u da Unale 2025 com presidente, deputados e servidores - Blog do Bispo\" \/>\n<meta property=\"og:description\" content=\"H\u00e1 conquistas que ultrapassam o peso do trof\u00e9u. Elas carregam hist\u00f3rias, dedica\u00e7\u00e3o e o silencioso esfor\u00e7o de muitas m\u00e3os. Foi com esse sentimento que a Assembleia Legislativa do Rio Grande do Norte viveu, nesta quinta-feira (12), no Audit\u00f3rio Deputado Cortez Pereira, um momento de celebra\u00e7\u00e3o e orgulho institucional: a entrega do Trof\u00e9u Pr\u00eamio Unale Assembleia [&hellip;]\" \/>\n<meta property=\"og:url\" content=\"https:\/\/blogdobispo.com.br\/?p=19419\" \/>\n<meta property=\"og:site_name\" content=\"Blog do Bispo\" \/>\n<meta property=\"article:published_time\" content=\"2026-03-17T12:56:00+00:00\" \/>\n<meta property=\"og:image\" content=\"http:\/\/blogdobispo.com.br\/wp-content\/uploads\/2026\/03\/SWqGg2bwVbh7a0xYMbFFOQVkRqDJs656TENYLkbW-300x200.jpg\" \/>\n<meta name=\"author\" content=\"Jefferson Sterfeno\" \/>\n<meta name=\"twitter:card\" content=\"summary_large_image\" \/>\n<meta name=\"twitter:label1\" content=\"Escrito por\" \/>\n\t<meta name=\"twitter:data1\" content=\"Jefferson Sterfeno\" \/>\n\t<meta name=\"twitter:label2\" content=\"Est. tempo de leitura\" \/>\n\t<meta name=\"twitter:data2\" content=\"5 minutos\" \/>\n<script type=\"application\/ld+json\" class=\"yoast-schema-graph\">{\"@context\":\"https:\/\/schema.org\",\"@graph\":[{\"@type\":\"Article\",\"@id\":\"https:\/\/blogdobispo.com.br\/?p=19419#article\",\"isPartOf\":{\"@id\":\"https:\/\/blogdobispo.com.br\/?p=19419\"},\"author\":{\"name\":\"Jefferson Sterfeno\",\"@id\":\"https:\/\/blogdobispo.com.br\/#\/schema\/person\/e2209cc0e6cea5c5233d033e997b373f\"},\"headline\":\"ALRN recebe Trof\u00e9u da Unale 2025 com presidente, deputados e servidores\",\"datePublished\":\"2026-03-17T12:56:00+00:00\",\"mainEntityOfPage\":{\"@id\":\"https:\/\/blogdobispo.com.br\/?p=19419\"},\"wordCount\":945,\"commentCount\":0,\"publisher\":{\"@id\":\"https:\/\/blogdobispo.com.br\/#organization\"},\"image\":{\"@id\":\"https:\/\/blogdobispo.com.br\/?p=19419#primaryimage\"},\"thumbnailUrl\":\"http:\/\/blogdobispo.com.br\/wp-content\/uploads\/2026\/03\/SWqGg2bwVbh7a0xYMbFFOQVkRqDJs656TENYLkbW-300x200.jpg\",\"articleSection\":[\"diversos\"],\"inLanguage\":\"pt-BR\",\"potentialAction\":[{\"@type\":\"CommentAction\",\"name\":\"Comment\",\"target\":[\"https:\/\/blogdobispo.com.br\/?p=19419#respond\"]}]},{\"@type\":\"WebPage\",\"@id\":\"https:\/\/blogdobispo.com.br\/?p=19419\",\"url\":\"https:\/\/blogdobispo.com.br\/?p=19419\",\"name\":\"ALRN recebe Trof\u00e9u da Unale 2025 com presidente, deputados e servidores - Blog do Bispo\",\"isPartOf\":{\"@id\":\"https:\/\/blogdobispo.com.br\/#website\"},\"primaryImageOfPage\":{\"@id\":\"https:\/\/blogdobispo.com.br\/?p=19419#primaryimage\"},\"image\":{\"@id\":\"https:\/\/blogdobispo.com.br\/?p=19419#primaryimage\"},\"thumbnailUrl\":\"http:\/\/blogdobispo.com.br\/wp-content\/uploads\/2026\/03\/SWqGg2bwVbh7a0xYMbFFOQVkRqDJs656TENYLkbW-300x200.jpg\",\"datePublished\":\"2026-03-17T12:56:00+00:00\",\"breadcrumb\":{\"@id\":\"https:\/\/blogdobispo.com.br\/?p=19419#breadcrumb\"},\"inLanguage\":\"pt-BR\",\"potentialAction\":[{\"@type\":\"ReadAction\",\"target\":[\"https:\/\/blogdobispo.com.br\/?p=19419\"]}]},{\"@type\":\"ImageObject\",\"inLanguage\":\"pt-BR\",\"@id\":\"https:\/\/blogdobispo.com.br\/?p=19419#primaryimage\",\"url\":\"https:\/\/i0.wp.com\/blogdobispo.com.br\/wp-content\/uploads\/2026\/03\/SWqGg2bwVbh7a0xYMbFFOQVkRqDJs656TENYLkbW-scaled.jpg?fit=2560%2C1703&ssl=1\",\"contentUrl\":\"https:\/\/i0.wp.com\/blogdobispo.com.br\/wp-content\/uploads\/2026\/03\/SWqGg2bwVbh7a0xYMbFFOQVkRqDJs656TENYLkbW-scaled.jpg?fit=2560%2C1703&ssl=1\",\"width\":2560,\"height\":1703},{\"@type\":\"BreadcrumbList\",\"@id\":\"https:\/\/blogdobispo.com.br\/?p=19419#breadcrumb\",\"itemListElement\":[{\"@type\":\"ListItem\",\"position\":1,\"name\":\"In\u00edcio\",\"item\":\"https:\/\/blogdobispo.com.br\/\"},{\"@type\":\"ListItem\",\"position\":2,\"name\":\"ALRN recebe Trof\u00e9u da Unale 2025 com presidente, deputados e servidores\"}]},{\"@type\":\"WebSite\",\"@id\":\"https:\/\/blogdobispo.com.br\/#website\",\"url\":\"https:\/\/blogdobispo.com.br\/\",\"name\":\"Blog do Bispo\",\"description\":\"Comprometido apenas com o leitor\",\"publisher\":{\"@id\":\"https:\/\/blogdobispo.com.br\/#organization\"},\"potentialAction\":[{\"@type\":\"SearchAction\",\"target\":{\"@type\":\"EntryPoint\",\"urlTemplate\":\"https:\/\/blogdobispo.com.br\/?s={search_term_string}\"},\"query-input\":{\"@type\":\"PropertyValueSpecification\",\"valueRequired\":true,\"valueName\":\"search_term_string\"}}],\"inLanguage\":\"pt-BR\"},{\"@type\":\"Organization\",\"@id\":\"https:\/\/blogdobispo.com.br\/#organization\",\"name\":\"Blog do Bispo\",\"url\":\"https:\/\/blogdobispo.com.br\/\",\"logo\":{\"@type\":\"ImageObject\",\"inLanguage\":\"pt-BR\",\"@id\":\"https:\/\/blogdobispo.com.br\/#\/schema\/logo\/image\/\",\"url\":\"http:\/\/blogdobispo.com.br\/wp-content\/uploads\/2023\/05\/cropped-headear.png\",\"contentUrl\":\"http:\/\/blogdobispo.com.br\/wp-content\/uploads\/2023\/05\/cropped-headear.png\",\"width\":1500,\"height\":399,\"caption\":\"Blog do Bispo\"},\"image\":{\"@id\":\"https:\/\/blogdobispo.com.br\/#\/schema\/logo\/image\/\"}},{\"@type\":\"Person\",\"@id\":\"https:\/\/blogdobispo.com.br\/#\/schema\/person\/e2209cc0e6cea5c5233d033e997b373f\",\"name\":\"Jefferson Sterfeno\",\"image\":{\"@type\":\"ImageObject\",\"inLanguage\":\"pt-BR\",\"@id\":\"https:\/\/blogdobispo.com.br\/#\/schema\/person\/image\/\",\"url\":\"https:\/\/secure.gravatar.com\/avatar\/0534e84764641168a677026b6d57a3f51dc7ac4db0b4f6186d9cb330d4ee1160?s=96&d=mm&r=g\",\"contentUrl\":\"https:\/\/secure.gravatar.com\/avatar\/0534e84764641168a677026b6d57a3f51dc7ac4db0b4f6186d9cb330d4ee1160?s=96&d=mm&r=g\",\"caption\":\"Jefferson Sterfeno\"},\"sameAs\":[\"http:\/\/blogdobispo.com.br\"],\"url\":\"https:\/\/blogdobispo.com.br\/?author=1\"}]}<\/script>\n<!-- \/ Yoast SEO plugin. -->","yoast_head_json":{"title":"ALRN recebe Trof\u00e9u da Unale 2025 com presidente, deputados e servidores - Blog do Bispo","robots":{"index":"index","follow":"follow","max-snippet":"max-snippet:-1","max-image-preview":"max-image-preview:large","max-video-preview":"max-video-preview:-1"},"canonical":"https:\/\/blogdobispo.com.br\/?p=19419","og_locale":"pt_BR","og_type":"article","og_title":"ALRN recebe Trof\u00e9u da Unale 2025 com presidente, deputados e servidores - Blog do Bispo","og_description":"H\u00e1 conquistas que ultrapassam o peso do trof\u00e9u. Elas carregam hist\u00f3rias, dedica\u00e7\u00e3o e o silencioso esfor\u00e7o de muitas m\u00e3os. Foi com esse sentimento que a Assembleia Legislativa do Rio Grande do Norte viveu, nesta quinta-feira (12), no Audit\u00f3rio Deputado Cortez Pereira, um momento de celebra\u00e7\u00e3o e orgulho institucional: a entrega do Trof\u00e9u Pr\u00eamio Unale Assembleia [&hellip;]","og_url":"https:\/\/blogdobispo.com.br\/?p=19419","og_site_name":"Blog do Bispo","article_published_time":"2026-03-17T12:56:00+00:00","og_image":[{"url":"http:\/\/blogdobispo.com.br\/wp-content\/uploads\/2026\/03\/SWqGg2bwVbh7a0xYMbFFOQVkRqDJs656TENYLkbW-300x200.jpg","type":"","width":"","height":""}],"author":"Jefferson Sterfeno","twitter_card":"summary_large_image","twitter_misc":{"Escrito por":"Jefferson Sterfeno","Est. tempo de leitura":"5 minutos"},"schema":{"@context":"https:\/\/schema.org","@graph":[{"@type":"Article","@id":"https:\/\/blogdobispo.com.br\/?p=19419#article","isPartOf":{"@id":"https:\/\/blogdobispo.com.br\/?p=19419"},"author":{"name":"Jefferson Sterfeno","@id":"https:\/\/blogdobispo.com.br\/#\/schema\/person\/e2209cc0e6cea5c5233d033e997b373f"},"headline":"ALRN recebe Trof\u00e9u da Unale 2025 com presidente, deputados e servidores","datePublished":"2026-03-17T12:56:00+00:00","mainEntityOfPage":{"@id":"https:\/\/blogdobispo.com.br\/?p=19419"},"wordCount":945,"commentCount":0,"publisher":{"@id":"https:\/\/blogdobispo.com.br\/#organization"},"image":{"@id":"https:\/\/blogdobispo.com.br\/?p=19419#primaryimage"},"thumbnailUrl":"http:\/\/blogdobispo.com.br\/wp-content\/uploads\/2026\/03\/SWqGg2bwVbh7a0xYMbFFOQVkRqDJs656TENYLkbW-300x200.jpg","articleSection":["diversos"],"inLanguage":"pt-BR","potentialAction":[{"@type":"CommentAction","name":"Comment","target":["https:\/\/blogdobispo.com.br\/?p=19419#respond"]}]},{"@type":"WebPage","@id":"https:\/\/blogdobispo.com.br\/?p=19419","url":"https:\/\/blogdobispo.com.br\/?p=19419","name":"ALRN recebe Trof\u00e9u da Unale 2025 com presidente, deputados e servidores - Blog do Bispo","isPartOf":{"@id":"https:\/\/blogdobispo.com.br\/#website"},"primaryImageOfPage":{"@id":"https:\/\/blogdobispo.com.br\/?p=19419#primaryimage"},"image":{"@id":"https:\/\/blogdobispo.com.br\/?p=19419#primaryimage"},"thumbnailUrl":"http:\/\/blogdobispo.com.br\/wp-content\/uploads\/2026\/03\/SWqGg2bwVbh7a0xYMbFFOQVkRqDJs656TENYLkbW-300x200.jpg","datePublished":"2026-03-17T12:56:00+00:00","breadcrumb":{"@id":"https:\/\/blogdobispo.com.br\/?p=19419#breadcrumb"},"inLanguage":"pt-BR","potentialAction":[{"@type":"ReadAction","target":["https:\/\/blogdobispo.com.br\/?p=19419"]}]},{"@type":"ImageObject","inLanguage":"pt-BR","@id":"https:\/\/blogdobispo.com.br\/?p=19419#primaryimage","url":"https:\/\/i0.wp.com\/blogdobispo.com.br\/wp-content\/uploads\/2026\/03\/SWqGg2bwVbh7a0xYMbFFOQVkRqDJs656TENYLkbW-scaled.jpg?fit=2560%2C1703&ssl=1","contentUrl":"https:\/\/i0.wp.com\/blogdobispo.com.br\/wp-content\/uploads\/2026\/03\/SWqGg2bwVbh7a0xYMbFFOQVkRqDJs656TENYLkbW-scaled.jpg?fit=2560%2C1703&ssl=1","width":2560,"height":1703},{"@type":"BreadcrumbList","@id":"https:\/\/blogdobispo.com.br\/?p=19419#breadcrumb","itemListElement":[{"@type":"ListItem","position":1,"name":"In\u00edcio","item":"https:\/\/blogdobispo.com.br\/"},{"@type":"ListItem","position":2,"name":"ALRN recebe Trof\u00e9u da Unale 2025 com presidente, deputados e servidores"}]},{"@type":"WebSite","@id":"https:\/\/blogdobispo.com.br\/#website","url":"https:\/\/blogdobispo.com.br\/","name":"Blog do Bispo","description":"Comprometido apenas com o leitor","publisher":{"@id":"https:\/\/blogdobispo.com.br\/#organization"},"potentialAction":[{"@type":"SearchAction","target":{"@type":"EntryPoint","urlTemplate":"https:\/\/blogdobispo.com.br\/?s={search_term_string}"},"query-input":{"@type":"PropertyValueSpecification","valueRequired":true,"valueName":"search_term_string"}}],"inLanguage":"pt-BR"},{"@type":"Organization","@id":"https:\/\/blogdobispo.com.br\/#organization","name":"Blog do Bispo","url":"https:\/\/blogdobispo.com.br\/","logo":{"@type":"ImageObject","inLanguage":"pt-BR","@id":"https:\/\/blogdobispo.com.br\/#\/schema\/logo\/image\/","url":"http:\/\/blogdobispo.com.br\/wp-content\/uploads\/2023\/05\/cropped-headear.png","contentUrl":"http:\/\/blogdobispo.com.br\/wp-content\/uploads\/2023\/05\/cropped-headear.png","width":1500,"height":399,"caption":"Blog do Bispo"},"image":{"@id":"https:\/\/blogdobispo.com.br\/#\/schema\/logo\/image\/"}},{"@type":"Person","@id":"https:\/\/blogdobispo.com.br\/#\/schema\/person\/e2209cc0e6cea5c5233d033e997b373f","name":"Jefferson Sterfeno","image":{"@type":"ImageObject","inLanguage":"pt-BR","@id":"https:\/\/blogdobispo.com.br\/#\/schema\/person\/image\/","url":"https:\/\/secure.gravatar.com\/avatar\/0534e84764641168a677026b6d57a3f51dc7ac4db0b4f6186d9cb330d4ee1160?s=96&d=mm&r=g","contentUrl":"https:\/\/secure.gravatar.com\/avatar\/0534e84764641168a677026b6d57a3f51dc7ac4db0b4f6186d9cb330d4ee1160?s=96&d=mm&r=g","caption":"Jefferson Sterfeno"},"sameAs":["http:\/\/blogdobispo.com.br"],"url":"https:\/\/blogdobispo.com.br\/?author=1"}]}},"featured_image_urls":{"full":"","thumbnail":"","medium":"","medium_large":"","large":"","1536x1536":"","2048x2048":""},"author_info":{"display_name":"Jefferson Sterfeno","author_link":"https:\/\/blogdobispo.com.br\/?author=1"},"category_info":"<a href=\"https:\/\/blogdobispo.com.br\/?cat=1\" rel=\"category\">diversos<\/a>","tag_info":"diversos","comment_count":"0","jetpack_featured_media_url":"","jetpack_sharing_enabled":true,"_links":{"self":[{"href":"https:\/\/blogdobispo.com.br\/index.php?rest_route=\/wp\/v2\/posts\/19419","targetHints":{"allow":["GET"]}}],"collection":[{"href":"https:\/\/blogdobispo.com.br\/index.php?rest_route=\/wp\/v2\/posts"}],"about":[{"href":"https:\/\/blogdobispo.com.br\/index.php?rest_route=\/wp\/v2\/types\/post"}],"author":[{"embeddable":true,"href":"https:\/\/blogdobispo.com.br\/index.php?rest_route=\/wp\/v2\/users\/1"}],"replies":[{"embeddable":true,"href":"https:\/\/blogdobispo.com.br\/index.php?rest_route=%2Fwp%2Fv2%2Fcomments&post=19419"}],"version-history":[{"count":1,"href":"https:\/\/blogdobispo.com.br\/index.php?rest_route=\/wp\/v2\/posts\/19419\/revisions"}],"predecessor-version":[{"id":19421,"href":"https:\/\/blogdobispo.com.br\/index.php?rest_route=\/wp\/v2\/posts\/19419\/revisions\/19421"}],"wp:attachment":[{"href":"https:\/\/blogdobispo.com.br\/index.php?rest_route=%2Fwp%2Fv2%2Fmedia&parent=19419"}],"wp:term":[{"taxonomy":"category","embeddable":true,"href":"https:\/\/blogdobispo.com.br\/index.php?rest_route=%2Fwp%2Fv2%2Fcategories&post=19419"},{"taxonomy":"post_tag","embeddable":true,"href":"https:\/\/blogdobispo.com.br\/index.php?rest_route=%2Fwp%2Fv2%2Ftags&post=19419"}],"curies":[{"name":"wp","href":"https:\/\/api.w.org\/{rel}","templated":true}]}}