{"id":19413,"date":"2026-03-17T12:53:34","date_gmt":"2026-03-17T12:53:34","guid":{"rendered":"https:\/\/blogdobispo.com.br\/?p=19413"},"modified":"2026-03-17T12:53:34","modified_gmt":"2026-03-17T12:53:34","slug":"prefeitura-anuncia-pavimentacao-em-34-ruas-da-zona-norte-durante-visita-tecnica","status":"publish","type":"post","link":"https:\/\/blogdobispo.com.br\/?p=19413","title":{"rendered":"Prefeitura anuncia pavimenta\u00e7\u00e3o em 34 ruas da Zona Norte durante visita t\u00e9cnica"},"content":{"rendered":"<p>O prefeito de Natal, Paulinho Freire, realizou na tarde desta segunda-feira (16) uma visita t\u00e9cnica ao conjunto Parque dos Coqueiros, no bairro Nossa Senhora da Apresenta\u00e7\u00e3o, na Zona Norte da capital. A agenda contou com a presen\u00e7a do senador Styvenson Valentim e teve como objetivo acompanhar de perto as a\u00e7\u00f5es de pavimenta\u00e7\u00e3o e capeamento asf\u00e1ltico que ser\u00e3o executadas na regi\u00e3o.<\/p>\n<p>Durante a visita, o prefeito conversou com moradores e ouviu demandas da popula\u00e7\u00e3o. \u201cEstou do lado de quem ajuda Natal. Nosso interesse \u00e9 ajudar a cidade a crescer. Estamos acompanhando as obras executadas e tamb\u00e9m as que ainda ser\u00e3o, por meio das emendas e trabalhando junto de quem quer avan\u00e7ar por Natal\u201d, afirmou.<\/p>\n<p>As interven\u00e7\u00f5es fazem parte de um conjunto de obras que contemplar\u00e1 cerca de 34 ruas da regi\u00e3o, garantindo melhorias importantes para a mobilidade urbana e para a qualidade de vida dos moradores.<\/p>\n<p>Entre as vias que receber\u00e3o pavimenta\u00e7\u00e3o est\u00e3o a Rua das Pedrinhas, Rua do Poeta Ol\u00edmpio Batista, Rua dos Pinheirinhos e a Rua Parque das Na\u00e7\u00f5es, localizadas em um quadrante do conjunto Parque dos Coqueiros.<\/p>\n<p>A prioridade da obra ser\u00e1 atender vias que fazem parte de rotas de transporte p\u00fablico, garantindo melhores condi\u00e7\u00f5es de circula\u00e7\u00e3o para \u00f4nibus e mais conforto e seguran\u00e7a para os usu\u00e1rios do sistema.<\/p>\n<p>A visita t\u00e9cnica contou com a presen\u00e7a da secret\u00e1ria municipal de Infraestrutura, Shirley Cavalcanti, e da secret\u00e1ria municipal de Mobilidade Urbana (STTU), J\u00f3dia Melo, que afirmou que a pavimenta\u00e7\u00e3o de ruas que recebem circula\u00e7\u00e3o de \u00f4nibus contribui diretamente para a melhoria da mobilidade urbana na Zona Norte.<\/p>\n<p>Tamb\u00e9m participaram da agenda a vice-prefeita Joanna Guerra e o vereador e presidente da C\u00e2mara Municipal de Natal, Eriko J\u00e1come, que acompanharam o prefeito durante a visita \u00e0s ruas da regi\u00e3o.<\/p>\n<p>Moradora da \u00e1rea, Valeska Nunes comentou sobre a presen\u00e7a da gest\u00e3o municipal no local e a expectativa da comunidade com as melhorias anunciadas. \u201cEstamos vendo o prefeito olhar pela Zona Norte. Ele vem de perto nos ouvir, isso \u00e9 o que faz acreditar que ele quer trabalhar mesmo\u201d, afirmou.<\/p>\n<p>Os recursos para as obras s\u00e3o oriundos de emenda parlamentar do senador Styvenson Valentim. A execu\u00e7\u00e3o do projeto ficar\u00e1 sob responsabilidade da Companhia de Desenvolvimento dos Vales do S\u00e3o Francisco e do Parna\u00edba (Codevasf), \u00f3rg\u00e3o federal respons\u00e1vel por obras de infraestrutura em diversas regi\u00f5es do pa\u00eds.<\/p>\n<p>A Prefeitura do Natal, por meio da Seinfra, acompanhar\u00e1 a execu\u00e7\u00e3o dos servi\u00e7os para garantir o alinhamento t\u00e9cnico e o atendimento \u00e0s necessidades da popula\u00e7\u00e3o local. A empresa respons\u00e1vel pela obra j\u00e1 foi contratada e realizar\u00e1 as adequa\u00e7\u00f5es necess\u00e1rias para iniciar o processo de pavimenta\u00e7\u00e3o e asfaltamento das vias.<\/p>\n<p>Com a interven\u00e7\u00e3o, a gest\u00e3o municipal busca melhorar o acesso, reduzir transtornos em per\u00edodos de chuva e proporcionar mais seguran\u00e7a, mobilidade e qualidade de vida para os moradores da Zona Norte.<img data-recalc-dims=\"1\" fetchpriority=\"high\" decoding=\"async\" class=\"alignnone size-medium wp-image-19414\" src=\"https:\/\/i0.wp.com\/blogdobispo.com.br\/wp-content\/uploads\/2026\/03\/44561_Original.jpeg?resize=300%2C200\" alt=\"\" width=\"300\" height=\"200\" srcset=\"https:\/\/i0.wp.com\/blogdobispo.com.br\/wp-content\/uploads\/2026\/03\/44561_Original-scaled.jpeg?resize=300%2C200&amp;ssl=1 300w, https:\/\/i0.wp.com\/blogdobispo.com.br\/wp-content\/uploads\/2026\/03\/44561_Original-scaled.jpeg?resize=1024%2C683&amp;ssl=1 1024w, https:\/\/i0.wp.com\/blogdobispo.com.br\/wp-content\/uploads\/2026\/03\/44561_Original-scaled.jpeg?resize=768%2C512&amp;ssl=1 768w, https:\/\/i0.wp.com\/blogdobispo.com.br\/wp-content\/uploads\/2026\/03\/44561_Original-scaled.jpeg?resize=1536%2C1024&amp;ssl=1 1536w, https:\/\/i0.wp.com\/blogdobispo.com.br\/wp-content\/uploads\/2026\/03\/44561_Original-scaled.jpeg?resize=2048%2C1365&amp;ssl=1 2048w, https:\/\/i0.wp.com\/blogdobispo.com.br\/wp-content\/uploads\/2026\/03\/44561_Original-scaled.jpeg?w=1600 1600w, https:\/\/i0.wp.com\/blogdobispo.com.br\/wp-content\/uploads\/2026\/03\/44561_Original-scaled.jpeg?w=2400 2400w\" sizes=\"(max-width: 300px) 100vw, 300px\" \/><\/p>\n","protected":false},"excerpt":{"rendered":"<p>O prefeito de Natal, Paulinho Freire, realizou na tarde desta segunda-feira (16) uma visita t\u00e9cnica ao conjunto Parque dos Coqueiros, no bairro Nossa Senhora da Apresenta\u00e7\u00e3o, na Zona Norte da capital. A agenda contou com a presen\u00e7a do senador Styvenson Valentim e teve como objetivo acompanhar de perto as a\u00e7\u00f5es de pavimenta\u00e7\u00e3o e capeamento asf\u00e1ltico [&hellip;]<\/p>\n","protected":false},"author":1,"featured_media":19414,"comment_status":"open","ping_status":"open","sticky":false,"template":"","format":"standard","meta":{"cybocfi_hide_featured_image":"","_jetpack_memberships_contains_paid_content":false,"footnotes":""},"categories":[1],"tags":[],"class_list":["post-19413","post","type-post","status-publish","format-standard","has-post-thumbnail","hentry","category-diversos"],"yoast_head":"<!-- This site is optimized with the Yoast SEO plugin v25.6 - https:\/\/yoast.com\/wordpress\/plugins\/seo\/ -->\n<title>Prefeitura anuncia pavimenta\u00e7\u00e3o em 34 ruas da Zona Norte durante visita t\u00e9cnica - Blog do Bispo<\/title>\n<meta name=\"robots\" content=\"index, follow, max-snippet:-1, max-image-preview:large, max-video-preview:-1\" \/>\n<link rel=\"canonical\" href=\"https:\/\/blogdobispo.com.br\/?p=19413\" \/>\n<meta property=\"og:locale\" content=\"pt_BR\" \/>\n<meta property=\"og:type\" content=\"article\" \/>\n<meta property=\"og:title\" content=\"Prefeitura anuncia pavimenta\u00e7\u00e3o em 34 ruas da Zona Norte durante visita t\u00e9cnica - Blog do Bispo\" \/>\n<meta property=\"og:description\" content=\"O prefeito de Natal, Paulinho Freire, realizou na tarde desta segunda-feira (16) uma visita t\u00e9cnica ao conjunto Parque dos Coqueiros, no bairro Nossa Senhora da Apresenta\u00e7\u00e3o, na Zona Norte da capital. A agenda contou com a presen\u00e7a do senador Styvenson Valentim e teve como objetivo acompanhar de perto as a\u00e7\u00f5es de pavimenta\u00e7\u00e3o e capeamento asf\u00e1ltico [&hellip;]\" \/>\n<meta property=\"og:url\" content=\"https:\/\/blogdobispo.com.br\/?p=19413\" \/>\n<meta property=\"og:site_name\" content=\"Blog do Bispo\" \/>\n<meta property=\"article:published_time\" content=\"2026-03-17T12:53:34+00:00\" \/>\n<meta property=\"og:image\" content=\"http:\/\/blogdobispo.com.br\/wp-content\/uploads\/2026\/03\/44561_Original-scaled.jpeg\" \/>\n\t<meta property=\"og:image:width\" content=\"2560\" \/>\n\t<meta property=\"og:image:height\" content=\"1707\" \/>\n\t<meta property=\"og:image:type\" content=\"image\/jpeg\" \/>\n<meta name=\"author\" content=\"Jefferson Sterfeno\" \/>\n<meta name=\"twitter:card\" content=\"summary_large_image\" \/>\n<meta name=\"twitter:label1\" content=\"Escrito por\" \/>\n\t<meta name=\"twitter:data1\" content=\"Jefferson Sterfeno\" \/>\n\t<meta name=\"twitter:label2\" content=\"Est. tempo de leitura\" \/>\n\t<meta name=\"twitter:data2\" content=\"3 minutos\" \/>\n<script type=\"application\/ld+json\" class=\"yoast-schema-graph\">{\"@context\":\"https:\/\/schema.org\",\"@graph\":[{\"@type\":\"Article\",\"@id\":\"https:\/\/blogdobispo.com.br\/?p=19413#article\",\"isPartOf\":{\"@id\":\"https:\/\/blogdobispo.com.br\/?p=19413\"},\"author\":{\"name\":\"Jefferson Sterfeno\",\"@id\":\"https:\/\/blogdobispo.com.br\/#\/schema\/person\/e2209cc0e6cea5c5233d033e997b373f\"},\"headline\":\"Prefeitura anuncia pavimenta\u00e7\u00e3o em 34 ruas da Zona Norte durante visita t\u00e9cnica\",\"datePublished\":\"2026-03-17T12:53:34+00:00\",\"mainEntityOfPage\":{\"@id\":\"https:\/\/blogdobispo.com.br\/?p=19413\"},\"wordCount\":530,\"commentCount\":0,\"publisher\":{\"@id\":\"https:\/\/blogdobispo.com.br\/#organization\"},\"image\":{\"@id\":\"https:\/\/blogdobispo.com.br\/?p=19413#primaryimage\"},\"thumbnailUrl\":\"https:\/\/i0.wp.com\/blogdobispo.com.br\/wp-content\/uploads\/2026\/03\/44561_Original-scaled.jpeg?fit=2560%2C1707&ssl=1\",\"articleSection\":[\"diversos\"],\"inLanguage\":\"pt-BR\",\"potentialAction\":[{\"@type\":\"CommentAction\",\"name\":\"Comment\",\"target\":[\"https:\/\/blogdobispo.com.br\/?p=19413#respond\"]}]},{\"@type\":\"WebPage\",\"@id\":\"https:\/\/blogdobispo.com.br\/?p=19413\",\"url\":\"https:\/\/blogdobispo.com.br\/?p=19413\",\"name\":\"Prefeitura anuncia pavimenta\u00e7\u00e3o em 34 ruas da Zona Norte durante visita t\u00e9cnica - Blog do Bispo\",\"isPartOf\":{\"@id\":\"https:\/\/blogdobispo.com.br\/#website\"},\"primaryImageOfPage\":{\"@id\":\"https:\/\/blogdobispo.com.br\/?p=19413#primaryimage\"},\"image\":{\"@id\":\"https:\/\/blogdobispo.com.br\/?p=19413#primaryimage\"},\"thumbnailUrl\":\"https:\/\/i0.wp.com\/blogdobispo.com.br\/wp-content\/uploads\/2026\/03\/44561_Original-scaled.jpeg?fit=2560%2C1707&ssl=1\",\"datePublished\":\"2026-03-17T12:53:34+00:00\",\"breadcrumb\":{\"@id\":\"https:\/\/blogdobispo.com.br\/?p=19413#breadcrumb\"},\"inLanguage\":\"pt-BR\",\"potentialAction\":[{\"@type\":\"ReadAction\",\"target\":[\"https:\/\/blogdobispo.com.br\/?p=19413\"]}]},{\"@type\":\"ImageObject\",\"inLanguage\":\"pt-BR\",\"@id\":\"https:\/\/blogdobispo.com.br\/?p=19413#primaryimage\",\"url\":\"https:\/\/i0.wp.com\/blogdobispo.com.br\/wp-content\/uploads\/2026\/03\/44561_Original-scaled.jpeg?fit=2560%2C1707&ssl=1\",\"contentUrl\":\"https:\/\/i0.wp.com\/blogdobispo.com.br\/wp-content\/uploads\/2026\/03\/44561_Original-scaled.jpeg?fit=2560%2C1707&ssl=1\",\"width\":2560,\"height\":1707},{\"@type\":\"BreadcrumbList\",\"@id\":\"https:\/\/blogdobispo.com.br\/?p=19413#breadcrumb\",\"itemListElement\":[{\"@type\":\"ListItem\",\"position\":1,\"name\":\"In\u00edcio\",\"item\":\"https:\/\/blogdobispo.com.br\/\"},{\"@type\":\"ListItem\",\"position\":2,\"name\":\"Prefeitura anuncia pavimenta\u00e7\u00e3o em 34 ruas da Zona Norte durante visita t\u00e9cnica\"}]},{\"@type\":\"WebSite\",\"@id\":\"https:\/\/blogdobispo.com.br\/#website\",\"url\":\"https:\/\/blogdobispo.com.br\/\",\"name\":\"Blog do Bispo\",\"description\":\"Comprometido apenas com o leitor\",\"publisher\":{\"@id\":\"https:\/\/blogdobispo.com.br\/#organization\"},\"potentialAction\":[{\"@type\":\"SearchAction\",\"target\":{\"@type\":\"EntryPoint\",\"urlTemplate\":\"https:\/\/blogdobispo.com.br\/?s={search_term_string}\"},\"query-input\":{\"@type\":\"PropertyValueSpecification\",\"valueRequired\":true,\"valueName\":\"search_term_string\"}}],\"inLanguage\":\"pt-BR\"},{\"@type\":\"Organization\",\"@id\":\"https:\/\/blogdobispo.com.br\/#organization\",\"name\":\"Blog do Bispo\",\"url\":\"https:\/\/blogdobispo.com.br\/\",\"logo\":{\"@type\":\"ImageObject\",\"inLanguage\":\"pt-BR\",\"@id\":\"https:\/\/blogdobispo.com.br\/#\/schema\/logo\/image\/\",\"url\":\"http:\/\/blogdobispo.com.br\/wp-content\/uploads\/2023\/05\/cropped-headear.png\",\"contentUrl\":\"http:\/\/blogdobispo.com.br\/wp-content\/uploads\/2023\/05\/cropped-headear.png\",\"width\":1500,\"height\":399,\"caption\":\"Blog do Bispo\"},\"image\":{\"@id\":\"https:\/\/blogdobispo.com.br\/#\/schema\/logo\/image\/\"}},{\"@type\":\"Person\",\"@id\":\"https:\/\/blogdobispo.com.br\/#\/schema\/person\/e2209cc0e6cea5c5233d033e997b373f\",\"name\":\"Jefferson Sterfeno\",\"image\":{\"@type\":\"ImageObject\",\"inLanguage\":\"pt-BR\",\"@id\":\"https:\/\/blogdobispo.com.br\/#\/schema\/person\/image\/\",\"url\":\"https:\/\/secure.gravatar.com\/avatar\/0534e84764641168a677026b6d57a3f51dc7ac4db0b4f6186d9cb330d4ee1160?s=96&d=mm&r=g\",\"contentUrl\":\"https:\/\/secure.gravatar.com\/avatar\/0534e84764641168a677026b6d57a3f51dc7ac4db0b4f6186d9cb330d4ee1160?s=96&d=mm&r=g\",\"caption\":\"Jefferson Sterfeno\"},\"sameAs\":[\"http:\/\/blogdobispo.com.br\"],\"url\":\"https:\/\/blogdobispo.com.br\/?author=1\"}]}<\/script>\n<!-- \/ Yoast SEO plugin. -->","yoast_head_json":{"title":"Prefeitura anuncia pavimenta\u00e7\u00e3o em 34 ruas da Zona Norte durante visita t\u00e9cnica - Blog do Bispo","robots":{"index":"index","follow":"follow","max-snippet":"max-snippet:-1","max-image-preview":"max-image-preview:large","max-video-preview":"max-video-preview:-1"},"canonical":"https:\/\/blogdobispo.com.br\/?p=19413","og_locale":"pt_BR","og_type":"article","og_title":"Prefeitura anuncia pavimenta\u00e7\u00e3o em 34 ruas da Zona Norte durante visita t\u00e9cnica - Blog do Bispo","og_description":"O prefeito de Natal, Paulinho Freire, realizou na tarde desta segunda-feira (16) uma visita t\u00e9cnica ao conjunto Parque dos Coqueiros, no bairro Nossa Senhora da Apresenta\u00e7\u00e3o, na Zona Norte da capital. A agenda contou com a presen\u00e7a do senador Styvenson Valentim e teve como objetivo acompanhar de perto as a\u00e7\u00f5es de pavimenta\u00e7\u00e3o e capeamento asf\u00e1ltico [&hellip;]","og_url":"https:\/\/blogdobispo.com.br\/?p=19413","og_site_name":"Blog do Bispo","article_published_time":"2026-03-17T12:53:34+00:00","og_image":[{"width":2560,"height":1707,"url":"http:\/\/blogdobispo.com.br\/wp-content\/uploads\/2026\/03\/44561_Original-scaled.jpeg","type":"image\/jpeg"}],"author":"Jefferson Sterfeno","twitter_card":"summary_large_image","twitter_misc":{"Escrito por":"Jefferson Sterfeno","Est. tempo de leitura":"3 minutos"},"schema":{"@context":"https:\/\/schema.org","@graph":[{"@type":"Article","@id":"https:\/\/blogdobispo.com.br\/?p=19413#article","isPartOf":{"@id":"https:\/\/blogdobispo.com.br\/?p=19413"},"author":{"name":"Jefferson Sterfeno","@id":"https:\/\/blogdobispo.com.br\/#\/schema\/person\/e2209cc0e6cea5c5233d033e997b373f"},"headline":"Prefeitura anuncia pavimenta\u00e7\u00e3o em 34 ruas da Zona Norte durante visita t\u00e9cnica","datePublished":"2026-03-17T12:53:34+00:00","mainEntityOfPage":{"@id":"https:\/\/blogdobispo.com.br\/?p=19413"},"wordCount":530,"commentCount":0,"publisher":{"@id":"https:\/\/blogdobispo.com.br\/#organization"},"image":{"@id":"https:\/\/blogdobispo.com.br\/?p=19413#primaryimage"},"thumbnailUrl":"https:\/\/i0.wp.com\/blogdobispo.com.br\/wp-content\/uploads\/2026\/03\/44561_Original-scaled.jpeg?fit=2560%2C1707&ssl=1","articleSection":["diversos"],"inLanguage":"pt-BR","potentialAction":[{"@type":"CommentAction","name":"Comment","target":["https:\/\/blogdobispo.com.br\/?p=19413#respond"]}]},{"@type":"WebPage","@id":"https:\/\/blogdobispo.com.br\/?p=19413","url":"https:\/\/blogdobispo.com.br\/?p=19413","name":"Prefeitura anuncia pavimenta\u00e7\u00e3o em 34 ruas da Zona Norte durante visita t\u00e9cnica - Blog do Bispo","isPartOf":{"@id":"https:\/\/blogdobispo.com.br\/#website"},"primaryImageOfPage":{"@id":"https:\/\/blogdobispo.com.br\/?p=19413#primaryimage"},"image":{"@id":"https:\/\/blogdobispo.com.br\/?p=19413#primaryimage"},"thumbnailUrl":"https:\/\/i0.wp.com\/blogdobispo.com.br\/wp-content\/uploads\/2026\/03\/44561_Original-scaled.jpeg?fit=2560%2C1707&ssl=1","datePublished":"2026-03-17T12:53:34+00:00","breadcrumb":{"@id":"https:\/\/blogdobispo.com.br\/?p=19413#breadcrumb"},"inLanguage":"pt-BR","potentialAction":[{"@type":"ReadAction","target":["https:\/\/blogdobispo.com.br\/?p=19413"]}]},{"@type":"ImageObject","inLanguage":"pt-BR","@id":"https:\/\/blogdobispo.com.br\/?p=19413#primaryimage","url":"https:\/\/i0.wp.com\/blogdobispo.com.br\/wp-content\/uploads\/2026\/03\/44561_Original-scaled.jpeg?fit=2560%2C1707&ssl=1","contentUrl":"https:\/\/i0.wp.com\/blogdobispo.com.br\/wp-content\/uploads\/2026\/03\/44561_Original-scaled.jpeg?fit=2560%2C1707&ssl=1","width":2560,"height":1707},{"@type":"BreadcrumbList","@id":"https:\/\/blogdobispo.com.br\/?p=19413#breadcrumb","itemListElement":[{"@type":"ListItem","position":1,"name":"In\u00edcio","item":"https:\/\/blogdobispo.com.br\/"},{"@type":"ListItem","position":2,"name":"Prefeitura anuncia pavimenta\u00e7\u00e3o em 34 ruas da Zona Norte durante visita t\u00e9cnica"}]},{"@type":"WebSite","@id":"https:\/\/blogdobispo.com.br\/#website","url":"https:\/\/blogdobispo.com.br\/","name":"Blog do Bispo","description":"Comprometido apenas com o leitor","publisher":{"@id":"https:\/\/blogdobispo.com.br\/#organization"},"potentialAction":[{"@type":"SearchAction","target":{"@type":"EntryPoint","urlTemplate":"https:\/\/blogdobispo.com.br\/?s={search_term_string}"},"query-input":{"@type":"PropertyValueSpecification","valueRequired":true,"valueName":"search_term_string"}}],"inLanguage":"pt-BR"},{"@type":"Organization","@id":"https:\/\/blogdobispo.com.br\/#organization","name":"Blog do Bispo","url":"https:\/\/blogdobispo.com.br\/","logo":{"@type":"ImageObject","inLanguage":"pt-BR","@id":"https:\/\/blogdobispo.com.br\/#\/schema\/logo\/image\/","url":"http:\/\/blogdobispo.com.br\/wp-content\/uploads\/2023\/05\/cropped-headear.png","contentUrl":"http:\/\/blogdobispo.com.br\/wp-content\/uploads\/2023\/05\/cropped-headear.png","width":1500,"height":399,"caption":"Blog do Bispo"},"image":{"@id":"https:\/\/blogdobispo.com.br\/#\/schema\/logo\/image\/"}},{"@type":"Person","@id":"https:\/\/blogdobispo.com.br\/#\/schema\/person\/e2209cc0e6cea5c5233d033e997b373f","name":"Jefferson Sterfeno","image":{"@type":"ImageObject","inLanguage":"pt-BR","@id":"https:\/\/blogdobispo.com.br\/#\/schema\/person\/image\/","url":"https:\/\/secure.gravatar.com\/avatar\/0534e84764641168a677026b6d57a3f51dc7ac4db0b4f6186d9cb330d4ee1160?s=96&d=mm&r=g","contentUrl":"https:\/\/secure.gravatar.com\/avatar\/0534e84764641168a677026b6d57a3f51dc7ac4db0b4f6186d9cb330d4ee1160?s=96&d=mm&r=g","caption":"Jefferson Sterfeno"},"sameAs":["http:\/\/blogdobispo.com.br"],"url":"https:\/\/blogdobispo.com.br\/?author=1"}]}},"featured_image_urls":{"full":["https:\/\/i0.wp.com\/blogdobispo.com.br\/wp-content\/uploads\/2026\/03\/44561_Original-scaled.jpeg?fit=2560%2C1707&ssl=1",2560,1707,false],"thumbnail":["https:\/\/i0.wp.com\/blogdobispo.com.br\/wp-content\/uploads\/2026\/03\/44561_Original-scaled.jpeg?resize=150%2C150&ssl=1",150,150,true],"medium":["https:\/\/i0.wp.com\/blogdobispo.com.br\/wp-content\/uploads\/2026\/03\/44561_Original-scaled.jpeg?fit=300%2C200&ssl=1",300,200,true],"medium_large":["https:\/\/i0.wp.com\/blogdobispo.com.br\/wp-content\/uploads\/2026\/03\/44561_Original-scaled.jpeg?fit=768%2C512&ssl=1",768,512,true],"large":["https:\/\/i0.wp.com\/blogdobispo.com.br\/wp-content\/uploads\/2026\/03\/44561_Original-scaled.jpeg?fit=800%2C534&ssl=1",800,534,true],"1536x1536":["https:\/\/i0.wp.com\/blogdobispo.com.br\/wp-content\/uploads\/2026\/03\/44561_Original-scaled.jpeg?fit=1536%2C1024&ssl=1",1536,1024,true],"2048x2048":["https:\/\/i0.wp.com\/blogdobispo.com.br\/wp-content\/uploads\/2026\/03\/44561_Original-scaled.jpeg?fit=2048%2C1365&ssl=1",2048,1365,true]},"author_info":{"display_name":"Jefferson Sterfeno","author_link":"https:\/\/blogdobispo.com.br\/?author=1"},"category_info":"<a href=\"https:\/\/blogdobispo.com.br\/?cat=1\" rel=\"category\">diversos<\/a>","tag_info":"diversos","comment_count":"0","jetpack_featured_media_url":"https:\/\/i0.wp.com\/blogdobispo.com.br\/wp-content\/uploads\/2026\/03\/44561_Original-scaled.jpeg?fit=2560%2C1707&ssl=1","jetpack_sharing_enabled":true,"_links":{"self":[{"href":"https:\/\/blogdobispo.com.br\/index.php?rest_route=\/wp\/v2\/posts\/19413","targetHints":{"allow":["GET"]}}],"collection":[{"href":"https:\/\/blogdobispo.com.br\/index.php?rest_route=\/wp\/v2\/posts"}],"about":[{"href":"https:\/\/blogdobispo.com.br\/index.php?rest_route=\/wp\/v2\/types\/post"}],"author":[{"embeddable":true,"href":"https:\/\/blogdobispo.com.br\/index.php?rest_route=\/wp\/v2\/users\/1"}],"replies":[{"embeddable":true,"href":"https:\/\/blogdobispo.com.br\/index.php?rest_route=%2Fwp%2Fv2%2Fcomments&post=19413"}],"version-history":[{"count":1,"href":"https:\/\/blogdobispo.com.br\/index.php?rest_route=\/wp\/v2\/posts\/19413\/revisions"}],"predecessor-version":[{"id":19415,"href":"https:\/\/blogdobispo.com.br\/index.php?rest_route=\/wp\/v2\/posts\/19413\/revisions\/19415"}],"wp:featuredmedia":[{"embeddable":true,"href":"https:\/\/blogdobispo.com.br\/index.php?rest_route=\/wp\/v2\/media\/19414"}],"wp:attachment":[{"href":"https:\/\/blogdobispo.com.br\/index.php?rest_route=%2Fwp%2Fv2%2Fmedia&parent=19413"}],"wp:term":[{"taxonomy":"category","embeddable":true,"href":"https:\/\/blogdobispo.com.br\/index.php?rest_route=%2Fwp%2Fv2%2Fcategories&post=19413"},{"taxonomy":"post_tag","embeddable":true,"href":"https:\/\/blogdobispo.com.br\/index.php?rest_route=%2Fwp%2Fv2%2Ftags&post=19413"}],"curies":[{"name":"wp","href":"https:\/\/api.w.org\/{rel}","templated":true}]}}