{"id":19407,"date":"2026-03-17T12:43:19","date_gmt":"2026-03-17T12:43:19","guid":{"rendered":"https:\/\/blogdobispo.com.br\/?p=19407"},"modified":"2026-03-17T12:44:46","modified_gmt":"2026-03-17T12:44:46","slug":"ezequiel-deve-assumir-republicanos-no-rn-e-filiar-paulinho-eriko-e-6-deputados","status":"publish","type":"post","link":"https:\/\/blogdobispo.com.br\/?p=19407","title":{"rendered":"Ezequiel deve assumir Republicanos no RN e filiar Paulinho, Eriko e 6 deputados"},"content":{"rendered":"<p>O partido Republicanos dever\u00e1 ter uma mudan\u00e7a no comando nas pr\u00f3ximas semanas no Rio Grande do Norte. O presidente da Assembleia Legislativa, deputado estadual Ezequiel Ferreira, caminha para assumir a lideran\u00e7a do partido no Estado ap\u00f3s ficar quase nove anos \u00e0 frente do PSDB potiguar.<\/p>\n<p>Segundo apura\u00e7\u00e3o do&nbsp;<strong>AGORA RN<\/strong>, o convite para que Ezequiel Ferreira trocasse de legenda partiu do presidente da C\u00e2mara dos Deputados, o paraibano Hugo Motta. O movimento acontece ap\u00f3s o ex-prefeito de Natal \u00c1lvaro Dias, atual presidente da sigla, confirmar transfer\u00eancia para o PL, partido pelo qual disputar\u00e1 o Governo do Estado.<\/p>\n<div class=\"contentnotice\">\n<p>Al\u00e9m de Ezequiel Ferreira, o Republicanos tamb\u00e9m dever\u00e1 ganhar outras filia\u00e7\u00f5es. Uma delas \u00e9 a do prefeito de Natal, Paulinho Freire, que deixa o Uni\u00e3o Brasil. Al\u00e9m deles, est\u00e3o confirmados no Republicanos o presidente da C\u00e2mara Municipal de Natal, vereador Eriko J\u00e1come (de sa\u00edda do PP), e o ex-vice-governador F\u00e1bio Dantas (de sa\u00edda do Solidariedade).<\/p>\n<p>As mudan\u00e7as ocorrem em meio \u00e0 janela partid\u00e1ria \u2014 prazo aberto pela Justi\u00e7a Eleitoral para que deputados estaduais e deputados federais possam mudar de partido livremente sem risco de perder o mandato. Neste ano, o prazo vai at\u00e9 3 de abril. A janela n\u00e3o \u00e9 v\u00e1lida para vereadores, de modo que Eriko J\u00e1come precisar\u00e1 de carta de anu\u00eancia do PP para trocar de partido, sob pena de perder o mandato na C\u00e2mara.<\/p>\n<p>Os \u00faltimos dias tem sido de intensas reuni\u00f5es e contatos. Os partidos costuram novas filia\u00e7\u00f5es de olho na forma\u00e7\u00e3o de chapas para as disputas proporcionais (para C\u00e2mara dos Deputados e Assembleia Legislativa). A expectativa no Republicanos \u00e9 de fechar at\u00e9 o fim do m\u00eas a lista completa dos 25 candidatos \u00e0 Assembleia Legislativa, al\u00e9m dos 9 que j\u00e1 est\u00e3o sendo articulados para concorrer a deputado federal pela legenda.<\/p>\n<p>Entre os nomes que s\u00e3o cogitados na nominata do Republicanos para a Assembleia Legislativa, est\u00e3o \u2014 al\u00e9m de Ezequiel Ferreira e Eriko J\u00e1come \u2014 seis deputados estaduais: Taveira J\u00fanior e Ivanilson Oliveira (ambos de sa\u00edda do Uni\u00e3o Brasil), Ubaldo Fernandes (de sa\u00edda do PSDB), Cristiane Dantas (de sa\u00edda do Solidariedade), Terezinha Maia (de sa\u00edda do PL) e Eudiane Macedo (de sa\u00edda do PV).<\/p>\n<p>Outros nomes considerados competitivos na disputa s\u00e3o: o ex-prefeito de Ass\u00fa Gustavo Soares, os vereadores de Natal L\u00e9o Souza e Robson Carvalho (este de sa\u00edda do Uni\u00e3o Brasil), o ex-deputado estadual Get\u00falio Rego e o ex-prefeito de Nova Cruz Fl\u00e1vio de Ber\u00f3i. A jornalista Juliana Celli, influenciadora com mais de 60 mil seguidores somente no Instagram, tamb\u00e9m articula uma poss\u00edvel candidatura pelo grupo.<\/p>\n<p>AGORA RN<\/p>\n<\/div>\n<p><img data-recalc-dims=\"1\" fetchpriority=\"high\" decoding=\"async\" src=\"https:\/\/i0.wp.com\/blogdobispo.com.br\/wp-content\/uploads\/2026\/03\/img_0512.jpg?resize=800%2C451&#038;ssl=1\" class=\"size-full wp-image-19410\" width=\"800\" height=\"451\" srcset=\"https:\/\/i0.wp.com\/blogdobispo.com.br\/wp-content\/uploads\/2026\/03\/img_0512.jpg?w=830&amp;ssl=1 830w, https:\/\/i0.wp.com\/blogdobispo.com.br\/wp-content\/uploads\/2026\/03\/img_0512.jpg?resize=300%2C169&amp;ssl=1 300w, https:\/\/i0.wp.com\/blogdobispo.com.br\/wp-content\/uploads\/2026\/03\/img_0512.jpg?resize=768%2C433&amp;ssl=1 768w\" sizes=\"(max-width: 800px) 100vw, 800px\" \/><\/p>\n","protected":false},"excerpt":{"rendered":"<p>O partido Republicanos dever\u00e1 ter uma mudan\u00e7a no comando nas pr\u00f3ximas semanas no Rio Grande do Norte. O presidente da Assembleia Legislativa, deputado estadual Ezequiel Ferreira, caminha para assumir a lideran\u00e7a do partido no Estado ap\u00f3s ficar quase nove anos \u00e0 frente do PSDB potiguar. Segundo apura\u00e7\u00e3o do&nbsp;AGORA RN, o convite para que Ezequiel Ferreira [&hellip;]<\/p>\n","protected":false},"author":1,"featured_media":19411,"comment_status":"open","ping_status":"open","sticky":false,"template":"","format":"standard","meta":{"cybocfi_hide_featured_image":"","_jetpack_memberships_contains_paid_content":false,"footnotes":""},"categories":[1],"tags":[],"class_list":["post-19407","post","type-post","status-publish","format-standard","has-post-thumbnail","hentry","category-diversos"],"yoast_head":"<!-- This site is optimized with the Yoast SEO plugin v25.6 - https:\/\/yoast.com\/wordpress\/plugins\/seo\/ -->\n<title>Ezequiel deve assumir Republicanos no RN e filiar Paulinho, Eriko e 6 deputados - Blog do Bispo<\/title>\n<meta name=\"robots\" content=\"index, follow, max-snippet:-1, max-image-preview:large, max-video-preview:-1\" \/>\n<link rel=\"canonical\" href=\"https:\/\/blogdobispo.com.br\/?p=19407\" \/>\n<meta property=\"og:locale\" content=\"pt_BR\" \/>\n<meta property=\"og:type\" content=\"article\" \/>\n<meta property=\"og:title\" content=\"Ezequiel deve assumir Republicanos no RN e filiar Paulinho, Eriko e 6 deputados - Blog do Bispo\" \/>\n<meta property=\"og:description\" content=\"O partido Republicanos dever\u00e1 ter uma mudan\u00e7a no comando nas pr\u00f3ximas semanas no Rio Grande do Norte. O presidente da Assembleia Legislativa, deputado estadual Ezequiel Ferreira, caminha para assumir a lideran\u00e7a do partido no Estado ap\u00f3s ficar quase nove anos \u00e0 frente do PSDB potiguar. Segundo apura\u00e7\u00e3o do&nbsp;AGORA RN, o convite para que Ezequiel Ferreira [&hellip;]\" \/>\n<meta property=\"og:url\" content=\"https:\/\/blogdobispo.com.br\/?p=19407\" \/>\n<meta property=\"og:site_name\" content=\"Blog do Bispo\" \/>\n<meta property=\"article:published_time\" content=\"2026-03-17T12:43:19+00:00\" \/>\n<meta property=\"article:modified_time\" content=\"2026-03-17T12:44:46+00:00\" \/>\n<meta property=\"og:image\" content=\"https:\/\/i0.wp.com\/blogdobispo.com.br\/wp-content\/uploads\/2026\/03\/Republicanos-e1773705585510-830x468-1.jpg?fit=830%2C468&ssl=1\" \/>\n\t<meta property=\"og:image:width\" content=\"830\" \/>\n\t<meta property=\"og:image:height\" content=\"468\" \/>\n\t<meta property=\"og:image:type\" content=\"image\/jpeg\" \/>\n<meta name=\"author\" content=\"Jefferson Sterfeno\" \/>\n<meta name=\"twitter:card\" content=\"summary_large_image\" \/>\n<meta name=\"twitter:label1\" content=\"Escrito por\" \/>\n\t<meta name=\"twitter:data1\" content=\"Jefferson Sterfeno\" \/>\n\t<meta name=\"twitter:label2\" content=\"Est. tempo de leitura\" \/>\n\t<meta name=\"twitter:data2\" content=\"3 minutos\" \/>\n<script type=\"application\/ld+json\" class=\"yoast-schema-graph\">{\"@context\":\"https:\/\/schema.org\",\"@graph\":[{\"@type\":\"Article\",\"@id\":\"https:\/\/blogdobispo.com.br\/?p=19407#article\",\"isPartOf\":{\"@id\":\"https:\/\/blogdobispo.com.br\/?p=19407\"},\"author\":{\"name\":\"Jefferson Sterfeno\",\"@id\":\"https:\/\/blogdobispo.com.br\/#\/schema\/person\/e2209cc0e6cea5c5233d033e997b373f\"},\"headline\":\"Ezequiel deve assumir Republicanos no RN e filiar Paulinho, Eriko e 6 deputados\",\"datePublished\":\"2026-03-17T12:43:19+00:00\",\"dateModified\":\"2026-03-17T12:44:46+00:00\",\"mainEntityOfPage\":{\"@id\":\"https:\/\/blogdobispo.com.br\/?p=19407\"},\"wordCount\":474,\"commentCount\":0,\"publisher\":{\"@id\":\"https:\/\/blogdobispo.com.br\/#organization\"},\"image\":{\"@id\":\"https:\/\/blogdobispo.com.br\/?p=19407#primaryimage\"},\"thumbnailUrl\":\"https:\/\/i0.wp.com\/blogdobispo.com.br\/wp-content\/uploads\/2026\/03\/img_0512-1.jpg?fit=830%2C468&ssl=1\",\"articleSection\":[\"diversos\"],\"inLanguage\":\"pt-BR\",\"potentialAction\":[{\"@type\":\"CommentAction\",\"name\":\"Comment\",\"target\":[\"https:\/\/blogdobispo.com.br\/?p=19407#respond\"]}]},{\"@type\":\"WebPage\",\"@id\":\"https:\/\/blogdobispo.com.br\/?p=19407\",\"url\":\"https:\/\/blogdobispo.com.br\/?p=19407\",\"name\":\"Ezequiel deve assumir Republicanos no RN e filiar Paulinho, Eriko e 6 deputados - Blog do Bispo\",\"isPartOf\":{\"@id\":\"https:\/\/blogdobispo.com.br\/#website\"},\"primaryImageOfPage\":{\"@id\":\"https:\/\/blogdobispo.com.br\/?p=19407#primaryimage\"},\"image\":{\"@id\":\"https:\/\/blogdobispo.com.br\/?p=19407#primaryimage\"},\"thumbnailUrl\":\"https:\/\/i0.wp.com\/blogdobispo.com.br\/wp-content\/uploads\/2026\/03\/img_0512-1.jpg?fit=830%2C468&ssl=1\",\"datePublished\":\"2026-03-17T12:43:19+00:00\",\"dateModified\":\"2026-03-17T12:44:46+00:00\",\"breadcrumb\":{\"@id\":\"https:\/\/blogdobispo.com.br\/?p=19407#breadcrumb\"},\"inLanguage\":\"pt-BR\",\"potentialAction\":[{\"@type\":\"ReadAction\",\"target\":[\"https:\/\/blogdobispo.com.br\/?p=19407\"]}]},{\"@type\":\"ImageObject\",\"inLanguage\":\"pt-BR\",\"@id\":\"https:\/\/blogdobispo.com.br\/?p=19407#primaryimage\",\"url\":\"https:\/\/i0.wp.com\/blogdobispo.com.br\/wp-content\/uploads\/2026\/03\/img_0512-1.jpg?fit=830%2C468&ssl=1\",\"contentUrl\":\"https:\/\/i0.wp.com\/blogdobispo.com.br\/wp-content\/uploads\/2026\/03\/img_0512-1.jpg?fit=830%2C468&ssl=1\",\"width\":830,\"height\":468},{\"@type\":\"BreadcrumbList\",\"@id\":\"https:\/\/blogdobispo.com.br\/?p=19407#breadcrumb\",\"itemListElement\":[{\"@type\":\"ListItem\",\"position\":1,\"name\":\"In\u00edcio\",\"item\":\"https:\/\/blogdobispo.com.br\/\"},{\"@type\":\"ListItem\",\"position\":2,\"name\":\"Ezequiel deve assumir Republicanos no RN e filiar Paulinho, Eriko e 6 deputados\"}]},{\"@type\":\"WebSite\",\"@id\":\"https:\/\/blogdobispo.com.br\/#website\",\"url\":\"https:\/\/blogdobispo.com.br\/\",\"name\":\"Blog do Bispo\",\"description\":\"Comprometido apenas com o leitor\",\"publisher\":{\"@id\":\"https:\/\/blogdobispo.com.br\/#organization\"},\"potentialAction\":[{\"@type\":\"SearchAction\",\"target\":{\"@type\":\"EntryPoint\",\"urlTemplate\":\"https:\/\/blogdobispo.com.br\/?s={search_term_string}\"},\"query-input\":{\"@type\":\"PropertyValueSpecification\",\"valueRequired\":true,\"valueName\":\"search_term_string\"}}],\"inLanguage\":\"pt-BR\"},{\"@type\":\"Organization\",\"@id\":\"https:\/\/blogdobispo.com.br\/#organization\",\"name\":\"Blog do Bispo\",\"url\":\"https:\/\/blogdobispo.com.br\/\",\"logo\":{\"@type\":\"ImageObject\",\"inLanguage\":\"pt-BR\",\"@id\":\"https:\/\/blogdobispo.com.br\/#\/schema\/logo\/image\/\",\"url\":\"http:\/\/blogdobispo.com.br\/wp-content\/uploads\/2023\/05\/cropped-headear.png\",\"contentUrl\":\"http:\/\/blogdobispo.com.br\/wp-content\/uploads\/2023\/05\/cropped-headear.png\",\"width\":1500,\"height\":399,\"caption\":\"Blog do Bispo\"},\"image\":{\"@id\":\"https:\/\/blogdobispo.com.br\/#\/schema\/logo\/image\/\"}},{\"@type\":\"Person\",\"@id\":\"https:\/\/blogdobispo.com.br\/#\/schema\/person\/e2209cc0e6cea5c5233d033e997b373f\",\"name\":\"Jefferson Sterfeno\",\"image\":{\"@type\":\"ImageObject\",\"inLanguage\":\"pt-BR\",\"@id\":\"https:\/\/blogdobispo.com.br\/#\/schema\/person\/image\/\",\"url\":\"https:\/\/secure.gravatar.com\/avatar\/0534e84764641168a677026b6d57a3f51dc7ac4db0b4f6186d9cb330d4ee1160?s=96&d=mm&r=g\",\"contentUrl\":\"https:\/\/secure.gravatar.com\/avatar\/0534e84764641168a677026b6d57a3f51dc7ac4db0b4f6186d9cb330d4ee1160?s=96&d=mm&r=g\",\"caption\":\"Jefferson Sterfeno\"},\"sameAs\":[\"http:\/\/blogdobispo.com.br\"],\"url\":\"https:\/\/blogdobispo.com.br\/?author=1\"}]}<\/script>\n<!-- \/ Yoast SEO plugin. -->","yoast_head_json":{"title":"Ezequiel deve assumir Republicanos no RN e filiar Paulinho, Eriko e 6 deputados - Blog do Bispo","robots":{"index":"index","follow":"follow","max-snippet":"max-snippet:-1","max-image-preview":"max-image-preview:large","max-video-preview":"max-video-preview:-1"},"canonical":"https:\/\/blogdobispo.com.br\/?p=19407","og_locale":"pt_BR","og_type":"article","og_title":"Ezequiel deve assumir Republicanos no RN e filiar Paulinho, Eriko e 6 deputados - Blog do Bispo","og_description":"O partido Republicanos dever\u00e1 ter uma mudan\u00e7a no comando nas pr\u00f3ximas semanas no Rio Grande do Norte. O presidente da Assembleia Legislativa, deputado estadual Ezequiel Ferreira, caminha para assumir a lideran\u00e7a do partido no Estado ap\u00f3s ficar quase nove anos \u00e0 frente do PSDB potiguar. Segundo apura\u00e7\u00e3o do&nbsp;AGORA RN, o convite para que Ezequiel Ferreira [&hellip;]","og_url":"https:\/\/blogdobispo.com.br\/?p=19407","og_site_name":"Blog do Bispo","article_published_time":"2026-03-17T12:43:19+00:00","article_modified_time":"2026-03-17T12:44:46+00:00","og_image":[{"width":830,"height":468,"url":"https:\/\/i0.wp.com\/blogdobispo.com.br\/wp-content\/uploads\/2026\/03\/Republicanos-e1773705585510-830x468-1.jpg?fit=830%2C468&ssl=1","type":"image\/jpeg"}],"author":"Jefferson Sterfeno","twitter_card":"summary_large_image","twitter_misc":{"Escrito por":"Jefferson Sterfeno","Est. tempo de leitura":"3 minutos"},"schema":{"@context":"https:\/\/schema.org","@graph":[{"@type":"Article","@id":"https:\/\/blogdobispo.com.br\/?p=19407#article","isPartOf":{"@id":"https:\/\/blogdobispo.com.br\/?p=19407"},"author":{"name":"Jefferson Sterfeno","@id":"https:\/\/blogdobispo.com.br\/#\/schema\/person\/e2209cc0e6cea5c5233d033e997b373f"},"headline":"Ezequiel deve assumir Republicanos no RN e filiar Paulinho, Eriko e 6 deputados","datePublished":"2026-03-17T12:43:19+00:00","dateModified":"2026-03-17T12:44:46+00:00","mainEntityOfPage":{"@id":"https:\/\/blogdobispo.com.br\/?p=19407"},"wordCount":474,"commentCount":0,"publisher":{"@id":"https:\/\/blogdobispo.com.br\/#organization"},"image":{"@id":"https:\/\/blogdobispo.com.br\/?p=19407#primaryimage"},"thumbnailUrl":"https:\/\/i0.wp.com\/blogdobispo.com.br\/wp-content\/uploads\/2026\/03\/img_0512-1.jpg?fit=830%2C468&ssl=1","articleSection":["diversos"],"inLanguage":"pt-BR","potentialAction":[{"@type":"CommentAction","name":"Comment","target":["https:\/\/blogdobispo.com.br\/?p=19407#respond"]}]},{"@type":"WebPage","@id":"https:\/\/blogdobispo.com.br\/?p=19407","url":"https:\/\/blogdobispo.com.br\/?p=19407","name":"Ezequiel deve assumir Republicanos no RN e filiar Paulinho, Eriko e 6 deputados - Blog do Bispo","isPartOf":{"@id":"https:\/\/blogdobispo.com.br\/#website"},"primaryImageOfPage":{"@id":"https:\/\/blogdobispo.com.br\/?p=19407#primaryimage"},"image":{"@id":"https:\/\/blogdobispo.com.br\/?p=19407#primaryimage"},"thumbnailUrl":"https:\/\/i0.wp.com\/blogdobispo.com.br\/wp-content\/uploads\/2026\/03\/img_0512-1.jpg?fit=830%2C468&ssl=1","datePublished":"2026-03-17T12:43:19+00:00","dateModified":"2026-03-17T12:44:46+00:00","breadcrumb":{"@id":"https:\/\/blogdobispo.com.br\/?p=19407#breadcrumb"},"inLanguage":"pt-BR","potentialAction":[{"@type":"ReadAction","target":["https:\/\/blogdobispo.com.br\/?p=19407"]}]},{"@type":"ImageObject","inLanguage":"pt-BR","@id":"https:\/\/blogdobispo.com.br\/?p=19407#primaryimage","url":"https:\/\/i0.wp.com\/blogdobispo.com.br\/wp-content\/uploads\/2026\/03\/img_0512-1.jpg?fit=830%2C468&ssl=1","contentUrl":"https:\/\/i0.wp.com\/blogdobispo.com.br\/wp-content\/uploads\/2026\/03\/img_0512-1.jpg?fit=830%2C468&ssl=1","width":830,"height":468},{"@type":"BreadcrumbList","@id":"https:\/\/blogdobispo.com.br\/?p=19407#breadcrumb","itemListElement":[{"@type":"ListItem","position":1,"name":"In\u00edcio","item":"https:\/\/blogdobispo.com.br\/"},{"@type":"ListItem","position":2,"name":"Ezequiel deve assumir Republicanos no RN e filiar Paulinho, Eriko e 6 deputados"}]},{"@type":"WebSite","@id":"https:\/\/blogdobispo.com.br\/#website","url":"https:\/\/blogdobispo.com.br\/","name":"Blog do Bispo","description":"Comprometido apenas com o leitor","publisher":{"@id":"https:\/\/blogdobispo.com.br\/#organization"},"potentialAction":[{"@type":"SearchAction","target":{"@type":"EntryPoint","urlTemplate":"https:\/\/blogdobispo.com.br\/?s={search_term_string}"},"query-input":{"@type":"PropertyValueSpecification","valueRequired":true,"valueName":"search_term_string"}}],"inLanguage":"pt-BR"},{"@type":"Organization","@id":"https:\/\/blogdobispo.com.br\/#organization","name":"Blog do Bispo","url":"https:\/\/blogdobispo.com.br\/","logo":{"@type":"ImageObject","inLanguage":"pt-BR","@id":"https:\/\/blogdobispo.com.br\/#\/schema\/logo\/image\/","url":"http:\/\/blogdobispo.com.br\/wp-content\/uploads\/2023\/05\/cropped-headear.png","contentUrl":"http:\/\/blogdobispo.com.br\/wp-content\/uploads\/2023\/05\/cropped-headear.png","width":1500,"height":399,"caption":"Blog do Bispo"},"image":{"@id":"https:\/\/blogdobispo.com.br\/#\/schema\/logo\/image\/"}},{"@type":"Person","@id":"https:\/\/blogdobispo.com.br\/#\/schema\/person\/e2209cc0e6cea5c5233d033e997b373f","name":"Jefferson Sterfeno","image":{"@type":"ImageObject","inLanguage":"pt-BR","@id":"https:\/\/blogdobispo.com.br\/#\/schema\/person\/image\/","url":"https:\/\/secure.gravatar.com\/avatar\/0534e84764641168a677026b6d57a3f51dc7ac4db0b4f6186d9cb330d4ee1160?s=96&d=mm&r=g","contentUrl":"https:\/\/secure.gravatar.com\/avatar\/0534e84764641168a677026b6d57a3f51dc7ac4db0b4f6186d9cb330d4ee1160?s=96&d=mm&r=g","caption":"Jefferson Sterfeno"},"sameAs":["http:\/\/blogdobispo.com.br"],"url":"https:\/\/blogdobispo.com.br\/?author=1"}]}},"featured_image_urls":{"full":["https:\/\/i0.wp.com\/blogdobispo.com.br\/wp-content\/uploads\/2026\/03\/img_0512-1.jpg?fit=830%2C468&ssl=1",830,468,false],"thumbnail":["https:\/\/i0.wp.com\/blogdobispo.com.br\/wp-content\/uploads\/2026\/03\/img_0512-1.jpg?resize=150%2C150&ssl=1",150,150,true],"medium":["https:\/\/i0.wp.com\/blogdobispo.com.br\/wp-content\/uploads\/2026\/03\/img_0512-1.jpg?fit=300%2C169&ssl=1",300,169,true],"medium_large":["https:\/\/i0.wp.com\/blogdobispo.com.br\/wp-content\/uploads\/2026\/03\/img_0512-1.jpg?fit=768%2C433&ssl=1",768,433,true],"large":["https:\/\/i0.wp.com\/blogdobispo.com.br\/wp-content\/uploads\/2026\/03\/img_0512-1.jpg?fit=800%2C451&ssl=1",800,451,true],"1536x1536":["https:\/\/i0.wp.com\/blogdobispo.com.br\/wp-content\/uploads\/2026\/03\/img_0512-1.jpg?fit=830%2C468&ssl=1",830,468,true],"2048x2048":["https:\/\/i0.wp.com\/blogdobispo.com.br\/wp-content\/uploads\/2026\/03\/img_0512-1.jpg?fit=830%2C468&ssl=1",830,468,true]},"author_info":{"display_name":"Jefferson Sterfeno","author_link":"https:\/\/blogdobispo.com.br\/?author=1"},"category_info":"<a href=\"https:\/\/blogdobispo.com.br\/?cat=1\" rel=\"category\">diversos<\/a>","tag_info":"diversos","comment_count":"0","jetpack_featured_media_url":"https:\/\/i0.wp.com\/blogdobispo.com.br\/wp-content\/uploads\/2026\/03\/img_0512-1.jpg?fit=830%2C468&ssl=1","jetpack_sharing_enabled":true,"_links":{"self":[{"href":"https:\/\/blogdobispo.com.br\/index.php?rest_route=\/wp\/v2\/posts\/19407","targetHints":{"allow":["GET"]}}],"collection":[{"href":"https:\/\/blogdobispo.com.br\/index.php?rest_route=\/wp\/v2\/posts"}],"about":[{"href":"https:\/\/blogdobispo.com.br\/index.php?rest_route=\/wp\/v2\/types\/post"}],"author":[{"embeddable":true,"href":"https:\/\/blogdobispo.com.br\/index.php?rest_route=\/wp\/v2\/users\/1"}],"replies":[{"embeddable":true,"href":"https:\/\/blogdobispo.com.br\/index.php?rest_route=%2Fwp%2Fv2%2Fcomments&post=19407"}],"version-history":[{"count":2,"href":"https:\/\/blogdobispo.com.br\/index.php?rest_route=\/wp\/v2\/posts\/19407\/revisions"}],"predecessor-version":[{"id":19412,"href":"https:\/\/blogdobispo.com.br\/index.php?rest_route=\/wp\/v2\/posts\/19407\/revisions\/19412"}],"wp:featuredmedia":[{"embeddable":true,"href":"https:\/\/blogdobispo.com.br\/index.php?rest_route=\/wp\/v2\/media\/19411"}],"wp:attachment":[{"href":"https:\/\/blogdobispo.com.br\/index.php?rest_route=%2Fwp%2Fv2%2Fmedia&parent=19407"}],"wp:term":[{"taxonomy":"category","embeddable":true,"href":"https:\/\/blogdobispo.com.br\/index.php?rest_route=%2Fwp%2Fv2%2Fcategories&post=19407"},{"taxonomy":"post_tag","embeddable":true,"href":"https:\/\/blogdobispo.com.br\/index.php?rest_route=%2Fwp%2Fv2%2Ftags&post=19407"}],"curies":[{"name":"wp","href":"https:\/\/api.w.org\/{rel}","templated":true}]}}