{"id":19404,"date":"2026-03-17T02:09:44","date_gmt":"2026-03-17T02:09:44","guid":{"rendered":"https:\/\/blogdobispo.com.br\/?p=19404"},"modified":"2026-03-17T02:09:44","modified_gmt":"2026-03-17T02:09:44","slug":"kleber-fernandes-propoe-cei-para-investigar-cobrancas-da-neoenergia-a-consumidores-de-energia-solar-em-natal","status":"publish","type":"post","link":"https:\/\/blogdobispo.com.br\/?p=19404","title":{"rendered":"Kleber Fernandes prop\u00f5e CEI para investigar cobran\u00e7as da Neoenergia a consumidores de energia solar em Natal"},"content":{"rendered":"\n<figure class=\"wp-block-image size-large\"><img data-recalc-dims=\"1\" fetchpriority=\"high\" decoding=\"async\" width=\"800\" height=\"626\" src=\"https:\/\/i0.wp.com\/blogdobispo.com.br\/wp-content\/uploads\/2026\/03\/ef4ca440-8068-4788-ad80-a3d940ff58fc-1024x801.jpg?resize=800%2C626&#038;ssl=1\" class=\"wp-image-19402\" srcset=\"https:\/\/i0.wp.com\/blogdobispo.com.br\/wp-content\/uploads\/2026\/03\/ef4ca440-8068-4788-ad80-a3d940ff58fc.jpg?resize=1024%2C801&amp;ssl=1 1024w, https:\/\/i0.wp.com\/blogdobispo.com.br\/wp-content\/uploads\/2026\/03\/ef4ca440-8068-4788-ad80-a3d940ff58fc.jpg?resize=300%2C235&amp;ssl=1 300w, https:\/\/i0.wp.com\/blogdobispo.com.br\/wp-content\/uploads\/2026\/03\/ef4ca440-8068-4788-ad80-a3d940ff58fc.jpg?resize=768%2C600&amp;ssl=1 768w, https:\/\/i0.wp.com\/blogdobispo.com.br\/wp-content\/uploads\/2026\/03\/ef4ca440-8068-4788-ad80-a3d940ff58fc.jpg?resize=1536%2C1201&amp;ssl=1 1536w, https:\/\/i0.wp.com\/blogdobispo.com.br\/wp-content\/uploads\/2026\/03\/ef4ca440-8068-4788-ad80-a3d940ff58fc.jpg?w=1600&amp;ssl=1 1600w\" sizes=\"(max-width: 800px) 100vw, 800px\" \/><\/figure>\n\n\n\n<p><\/p>\n\n\n\n<p><em>Parlamentar inicia coleta de assinaturas na C\u00e2mara Municipal para apurar den\u00fancias de inconsist\u00eancias nas contas de luz e poss\u00edveis falhas na compensa\u00e7\u00e3o de cr\u00e9ditos de energia solar<\/em><\/p>\n\n\n\n<p>O vereador de Natal Kleber Fernandes (Republicanos), presidente da Comiss\u00e3o de Defesa do Consumidor, protocolou na C\u00e2mara Municipal um requerimento solicitando a cria\u00e7\u00e3o de uma Comiss\u00e3o Especial de Inqu\u00e9rito (CEI) para investigar poss\u00edveis irregularidades nas cobran\u00e7as de energia el\u00e9trica realizadas pela concession\u00e1ria Neoenergia Cosern, especialmente em rela\u00e7\u00e3o aos consumidores que possuem sistemas de gera\u00e7\u00e3o de energia solar.<\/p>\n\n\n\n<p>A proposta surge diante do aumento significativo de reclama\u00e7\u00f5es registradas por consumidores nos \u00faltimos meses. De acordo com dados do Procon Natal, mais de 150 reclama\u00e7\u00f5es formais foram protocoladas recentemente envolvendo questionamentos sobre a compensa\u00e7\u00e3o de cr\u00e9ditos de energia solar, al\u00e9m de dificuldades na compreens\u00e3o das cobran\u00e7as presentes nas faturas emitidas pela concession\u00e1ria.<\/p>\n\n\n\n<p>Segundo estimativas de entidades do setor de energia renov\u00e1vel, entre 10 mil e 15 mil consumidores no Rio Grande do Norte podem ter sido impactados por poss\u00edveis falhas na compensa\u00e7\u00e3o de cr\u00e9ditos de energia gerada por sistemas solares, o que tem provocado aumento inesperado nas contas de luz de quem investiu na produ\u00e7\u00e3o pr\u00f3pria de energia.<\/p>\n\n\n\n<p>A situa\u00e7\u00e3o j\u00e1 motivou a abertura de procedimentos de investiga\u00e7\u00e3o por parte da Defensoria P\u00fablica do Estado do Rio Grande do Norte e do Minist\u00e9rio P\u00fablico do Estado do Rio Grande do Norte, que apuram den\u00fancias relacionadas \u00e0s cobran\u00e7as feitas pela distribuidora.<\/p>\n\n\n\n<p>Caso seja instalada, a CEI dever\u00e1 apurar poss\u00edveis inconsist\u00eancias na compensa\u00e7\u00e3o dos cr\u00e9ditos de energia solar, analisar a transpar\u00eancia na composi\u00e7\u00e3o das faturas de energia e avaliar a qualidade da presta\u00e7\u00e3o do servi\u00e7o de distribui\u00e7\u00e3o de energia el\u00e9trica no munic\u00edpio.<\/p>\n\n\n\n<p>A investiga\u00e7\u00e3o parlamentar tamb\u00e9m poder\u00e1 analisar aspectos regulat\u00f3rios do setor el\u00e9trico e a atua\u00e7\u00e3o da Ag\u00eancia Nacional de Energia El\u00e9trica, respons\u00e1vel pela fiscaliza\u00e7\u00e3o das concession\u00e1rias de energia no pa\u00eds.<\/p>\n\n\n\n<p>\u201cEstamos falando de milhares de consumidores que investiram recursos pr\u00f3prios para gerar energia limpa e reduzir seus custos, mas que agora relatam dificuldades para entender as cobran\u00e7as e poss\u00edveis inconsist\u00eancias na compensa\u00e7\u00e3o dos cr\u00e9ditos. A C\u00e2mara precisa cumprir seu papel de fiscalizar e esclarecer esses fatos\u201d, afirmou Kleber Fernandes.<\/p>\n\n\n\n<p>O requerimento para abertura da Comiss\u00e3o Especial de Inqu\u00e9rito segue em fase de coleta de assinaturas entre os vereadores da C\u00e2mara Municipal do Natal. Ap\u00f3s alcan\u00e7ar o n\u00famero m\u00ednimo necess\u00e1rio de apoios, a CEI poder\u00e1 ser oficialmente instaurada para iniciar os trabalhos de investiga\u00e7\u00e3o.<\/p>\n","protected":false},"excerpt":{"rendered":"<p>Parlamentar inicia coleta de assinaturas na C\u00e2mara Municipal para apurar den\u00fancias de inconsist\u00eancias nas contas de luz e poss\u00edveis falhas na compensa\u00e7\u00e3o de cr\u00e9ditos de energia solar O vereador de Natal Kleber Fernandes (Republicanos), presidente da Comiss\u00e3o de Defesa do Consumidor, protocolou na C\u00e2mara Municipal um requerimento solicitando a cria\u00e7\u00e3o de uma Comiss\u00e3o Especial de [&hellip;]<\/p>\n","protected":false},"author":1,"featured_media":19403,"comment_status":"open","ping_status":"open","sticky":false,"template":"","format":"standard","meta":{"cybocfi_hide_featured_image":"","_jetpack_memberships_contains_paid_content":false,"footnotes":""},"categories":[1],"tags":[],"class_list":["post-19404","post","type-post","status-publish","format-standard","has-post-thumbnail","hentry","category-diversos"],"yoast_head":"<!-- This site is optimized with the Yoast SEO plugin v25.6 - https:\/\/yoast.com\/wordpress\/plugins\/seo\/ -->\n<title>Kleber Fernandes prop\u00f5e CEI para investigar cobran\u00e7as da Neoenergia a consumidores de energia solar em Natal - Blog do Bispo<\/title>\n<meta name=\"robots\" content=\"index, follow, max-snippet:-1, max-image-preview:large, max-video-preview:-1\" \/>\n<link rel=\"canonical\" href=\"https:\/\/blogdobispo.com.br\/?p=19404\" \/>\n<meta property=\"og:locale\" content=\"pt_BR\" \/>\n<meta property=\"og:type\" content=\"article\" \/>\n<meta property=\"og:title\" content=\"Kleber Fernandes prop\u00f5e CEI para investigar cobran\u00e7as da Neoenergia a consumidores de energia solar em Natal - Blog do Bispo\" \/>\n<meta property=\"og:description\" content=\"Parlamentar inicia coleta de assinaturas na C\u00e2mara Municipal para apurar den\u00fancias de inconsist\u00eancias nas contas de luz e poss\u00edveis falhas na compensa\u00e7\u00e3o de cr\u00e9ditos de energia solar O vereador de Natal Kleber Fernandes (Republicanos), presidente da Comiss\u00e3o de Defesa do Consumidor, protocolou na C\u00e2mara Municipal um requerimento solicitando a cria\u00e7\u00e3o de uma Comiss\u00e3o Especial de [&hellip;]\" \/>\n<meta property=\"og:url\" content=\"https:\/\/blogdobispo.com.br\/?p=19404\" \/>\n<meta property=\"og:site_name\" content=\"Blog do Bispo\" \/>\n<meta property=\"article:published_time\" content=\"2026-03-17T02:09:44+00:00\" \/>\n<meta property=\"og:image\" content=\"https:\/\/blogdobispo.com.br\/wp-content\/uploads\/2026\/03\/ef4ca440-8068-4788-ad80-a3d940ff58fc-1024x801.jpg\" \/>\n<meta name=\"author\" content=\"Jefferson Sterfeno\" \/>\n<meta name=\"twitter:card\" content=\"summary_large_image\" \/>\n<meta name=\"twitter:label1\" content=\"Escrito por\" \/>\n\t<meta name=\"twitter:data1\" content=\"Jefferson Sterfeno\" \/>\n\t<meta name=\"twitter:label2\" content=\"Est. tempo de leitura\" \/>\n\t<meta name=\"twitter:data2\" content=\"2 minutos\" \/>\n<script type=\"application\/ld+json\" class=\"yoast-schema-graph\">{\"@context\":\"https:\/\/schema.org\",\"@graph\":[{\"@type\":\"Article\",\"@id\":\"https:\/\/blogdobispo.com.br\/?p=19404#article\",\"isPartOf\":{\"@id\":\"https:\/\/blogdobispo.com.br\/?p=19404\"},\"author\":{\"name\":\"Jefferson Sterfeno\",\"@id\":\"https:\/\/blogdobispo.com.br\/#\/schema\/person\/e2209cc0e6cea5c5233d033e997b373f\"},\"headline\":\"Kleber Fernandes prop\u00f5e CEI para investigar cobran\u00e7as da Neoenergia a consumidores de energia solar em Natal\",\"datePublished\":\"2026-03-17T02:09:44+00:00\",\"mainEntityOfPage\":{\"@id\":\"https:\/\/blogdobispo.com.br\/?p=19404\"},\"wordCount\":488,\"commentCount\":0,\"publisher\":{\"@id\":\"https:\/\/blogdobispo.com.br\/#organization\"},\"image\":{\"@id\":\"https:\/\/blogdobispo.com.br\/?p=19404#primaryimage\"},\"thumbnailUrl\":\"https:\/\/i0.wp.com\/blogdobispo.com.br\/wp-content\/uploads\/2026\/03\/ef4ca440-8068-4788-ad80-a3d940ff58fc-1.jpg?fit=1600%2C1251&ssl=1\",\"articleSection\":[\"diversos\"],\"inLanguage\":\"pt-BR\",\"potentialAction\":[{\"@type\":\"CommentAction\",\"name\":\"Comment\",\"target\":[\"https:\/\/blogdobispo.com.br\/?p=19404#respond\"]}]},{\"@type\":\"WebPage\",\"@id\":\"https:\/\/blogdobispo.com.br\/?p=19404\",\"url\":\"https:\/\/blogdobispo.com.br\/?p=19404\",\"name\":\"Kleber Fernandes prop\u00f5e CEI para investigar cobran\u00e7as da Neoenergia a consumidores de energia solar em Natal - Blog do Bispo\",\"isPartOf\":{\"@id\":\"https:\/\/blogdobispo.com.br\/#website\"},\"primaryImageOfPage\":{\"@id\":\"https:\/\/blogdobispo.com.br\/?p=19404#primaryimage\"},\"image\":{\"@id\":\"https:\/\/blogdobispo.com.br\/?p=19404#primaryimage\"},\"thumbnailUrl\":\"https:\/\/i0.wp.com\/blogdobispo.com.br\/wp-content\/uploads\/2026\/03\/ef4ca440-8068-4788-ad80-a3d940ff58fc-1.jpg?fit=1600%2C1251&ssl=1\",\"datePublished\":\"2026-03-17T02:09:44+00:00\",\"breadcrumb\":{\"@id\":\"https:\/\/blogdobispo.com.br\/?p=19404#breadcrumb\"},\"inLanguage\":\"pt-BR\",\"potentialAction\":[{\"@type\":\"ReadAction\",\"target\":[\"https:\/\/blogdobispo.com.br\/?p=19404\"]}]},{\"@type\":\"ImageObject\",\"inLanguage\":\"pt-BR\",\"@id\":\"https:\/\/blogdobispo.com.br\/?p=19404#primaryimage\",\"url\":\"https:\/\/i0.wp.com\/blogdobispo.com.br\/wp-content\/uploads\/2026\/03\/ef4ca440-8068-4788-ad80-a3d940ff58fc-1.jpg?fit=1600%2C1251&ssl=1\",\"contentUrl\":\"https:\/\/i0.wp.com\/blogdobispo.com.br\/wp-content\/uploads\/2026\/03\/ef4ca440-8068-4788-ad80-a3d940ff58fc-1.jpg?fit=1600%2C1251&ssl=1\",\"width\":1600,\"height\":1251},{\"@type\":\"BreadcrumbList\",\"@id\":\"https:\/\/blogdobispo.com.br\/?p=19404#breadcrumb\",\"itemListElement\":[{\"@type\":\"ListItem\",\"position\":1,\"name\":\"In\u00edcio\",\"item\":\"https:\/\/blogdobispo.com.br\/\"},{\"@type\":\"ListItem\",\"position\":2,\"name\":\"Kleber Fernandes prop\u00f5e CEI para investigar cobran\u00e7as da Neoenergia a consumidores de energia solar em Natal\"}]},{\"@type\":\"WebSite\",\"@id\":\"https:\/\/blogdobispo.com.br\/#website\",\"url\":\"https:\/\/blogdobispo.com.br\/\",\"name\":\"Blog do Bispo\",\"description\":\"Comprometido apenas com o leitor\",\"publisher\":{\"@id\":\"https:\/\/blogdobispo.com.br\/#organization\"},\"potentialAction\":[{\"@type\":\"SearchAction\",\"target\":{\"@type\":\"EntryPoint\",\"urlTemplate\":\"https:\/\/blogdobispo.com.br\/?s={search_term_string}\"},\"query-input\":{\"@type\":\"PropertyValueSpecification\",\"valueRequired\":true,\"valueName\":\"search_term_string\"}}],\"inLanguage\":\"pt-BR\"},{\"@type\":\"Organization\",\"@id\":\"https:\/\/blogdobispo.com.br\/#organization\",\"name\":\"Blog do Bispo\",\"url\":\"https:\/\/blogdobispo.com.br\/\",\"logo\":{\"@type\":\"ImageObject\",\"inLanguage\":\"pt-BR\",\"@id\":\"https:\/\/blogdobispo.com.br\/#\/schema\/logo\/image\/\",\"url\":\"http:\/\/blogdobispo.com.br\/wp-content\/uploads\/2023\/05\/cropped-headear.png\",\"contentUrl\":\"http:\/\/blogdobispo.com.br\/wp-content\/uploads\/2023\/05\/cropped-headear.png\",\"width\":1500,\"height\":399,\"caption\":\"Blog do Bispo\"},\"image\":{\"@id\":\"https:\/\/blogdobispo.com.br\/#\/schema\/logo\/image\/\"}},{\"@type\":\"Person\",\"@id\":\"https:\/\/blogdobispo.com.br\/#\/schema\/person\/e2209cc0e6cea5c5233d033e997b373f\",\"name\":\"Jefferson Sterfeno\",\"image\":{\"@type\":\"ImageObject\",\"inLanguage\":\"pt-BR\",\"@id\":\"https:\/\/blogdobispo.com.br\/#\/schema\/person\/image\/\",\"url\":\"https:\/\/secure.gravatar.com\/avatar\/0534e84764641168a677026b6d57a3f51dc7ac4db0b4f6186d9cb330d4ee1160?s=96&d=mm&r=g\",\"contentUrl\":\"https:\/\/secure.gravatar.com\/avatar\/0534e84764641168a677026b6d57a3f51dc7ac4db0b4f6186d9cb330d4ee1160?s=96&d=mm&r=g\",\"caption\":\"Jefferson Sterfeno\"},\"sameAs\":[\"http:\/\/blogdobispo.com.br\"],\"url\":\"https:\/\/blogdobispo.com.br\/?author=1\"}]}<\/script>\n<!-- \/ Yoast SEO plugin. -->","yoast_head_json":{"title":"Kleber Fernandes prop\u00f5e CEI para investigar cobran\u00e7as da Neoenergia a consumidores de energia solar em Natal - Blog do Bispo","robots":{"index":"index","follow":"follow","max-snippet":"max-snippet:-1","max-image-preview":"max-image-preview:large","max-video-preview":"max-video-preview:-1"},"canonical":"https:\/\/blogdobispo.com.br\/?p=19404","og_locale":"pt_BR","og_type":"article","og_title":"Kleber Fernandes prop\u00f5e CEI para investigar cobran\u00e7as da Neoenergia a consumidores de energia solar em Natal - Blog do Bispo","og_description":"Parlamentar inicia coleta de assinaturas na C\u00e2mara Municipal para apurar den\u00fancias de inconsist\u00eancias nas contas de luz e poss\u00edveis falhas na compensa\u00e7\u00e3o de cr\u00e9ditos de energia solar O vereador de Natal Kleber Fernandes (Republicanos), presidente da Comiss\u00e3o de Defesa do Consumidor, protocolou na C\u00e2mara Municipal um requerimento solicitando a cria\u00e7\u00e3o de uma Comiss\u00e3o Especial de [&hellip;]","og_url":"https:\/\/blogdobispo.com.br\/?p=19404","og_site_name":"Blog do Bispo","article_published_time":"2026-03-17T02:09:44+00:00","og_image":[{"url":"https:\/\/blogdobispo.com.br\/wp-content\/uploads\/2026\/03\/ef4ca440-8068-4788-ad80-a3d940ff58fc-1024x801.jpg","type":"","width":"","height":""}],"author":"Jefferson Sterfeno","twitter_card":"summary_large_image","twitter_misc":{"Escrito por":"Jefferson Sterfeno","Est. tempo de leitura":"2 minutos"},"schema":{"@context":"https:\/\/schema.org","@graph":[{"@type":"Article","@id":"https:\/\/blogdobispo.com.br\/?p=19404#article","isPartOf":{"@id":"https:\/\/blogdobispo.com.br\/?p=19404"},"author":{"name":"Jefferson Sterfeno","@id":"https:\/\/blogdobispo.com.br\/#\/schema\/person\/e2209cc0e6cea5c5233d033e997b373f"},"headline":"Kleber Fernandes prop\u00f5e CEI para investigar cobran\u00e7as da Neoenergia a consumidores de energia solar em Natal","datePublished":"2026-03-17T02:09:44+00:00","mainEntityOfPage":{"@id":"https:\/\/blogdobispo.com.br\/?p=19404"},"wordCount":488,"commentCount":0,"publisher":{"@id":"https:\/\/blogdobispo.com.br\/#organization"},"image":{"@id":"https:\/\/blogdobispo.com.br\/?p=19404#primaryimage"},"thumbnailUrl":"https:\/\/i0.wp.com\/blogdobispo.com.br\/wp-content\/uploads\/2026\/03\/ef4ca440-8068-4788-ad80-a3d940ff58fc-1.jpg?fit=1600%2C1251&ssl=1","articleSection":["diversos"],"inLanguage":"pt-BR","potentialAction":[{"@type":"CommentAction","name":"Comment","target":["https:\/\/blogdobispo.com.br\/?p=19404#respond"]}]},{"@type":"WebPage","@id":"https:\/\/blogdobispo.com.br\/?p=19404","url":"https:\/\/blogdobispo.com.br\/?p=19404","name":"Kleber Fernandes prop\u00f5e CEI para investigar cobran\u00e7as da Neoenergia a consumidores de energia solar em Natal - Blog do Bispo","isPartOf":{"@id":"https:\/\/blogdobispo.com.br\/#website"},"primaryImageOfPage":{"@id":"https:\/\/blogdobispo.com.br\/?p=19404#primaryimage"},"image":{"@id":"https:\/\/blogdobispo.com.br\/?p=19404#primaryimage"},"thumbnailUrl":"https:\/\/i0.wp.com\/blogdobispo.com.br\/wp-content\/uploads\/2026\/03\/ef4ca440-8068-4788-ad80-a3d940ff58fc-1.jpg?fit=1600%2C1251&ssl=1","datePublished":"2026-03-17T02:09:44+00:00","breadcrumb":{"@id":"https:\/\/blogdobispo.com.br\/?p=19404#breadcrumb"},"inLanguage":"pt-BR","potentialAction":[{"@type":"ReadAction","target":["https:\/\/blogdobispo.com.br\/?p=19404"]}]},{"@type":"ImageObject","inLanguage":"pt-BR","@id":"https:\/\/blogdobispo.com.br\/?p=19404#primaryimage","url":"https:\/\/i0.wp.com\/blogdobispo.com.br\/wp-content\/uploads\/2026\/03\/ef4ca440-8068-4788-ad80-a3d940ff58fc-1.jpg?fit=1600%2C1251&ssl=1","contentUrl":"https:\/\/i0.wp.com\/blogdobispo.com.br\/wp-content\/uploads\/2026\/03\/ef4ca440-8068-4788-ad80-a3d940ff58fc-1.jpg?fit=1600%2C1251&ssl=1","width":1600,"height":1251},{"@type":"BreadcrumbList","@id":"https:\/\/blogdobispo.com.br\/?p=19404#breadcrumb","itemListElement":[{"@type":"ListItem","position":1,"name":"In\u00edcio","item":"https:\/\/blogdobispo.com.br\/"},{"@type":"ListItem","position":2,"name":"Kleber Fernandes prop\u00f5e CEI para investigar cobran\u00e7as da Neoenergia a consumidores de energia solar em Natal"}]},{"@type":"WebSite","@id":"https:\/\/blogdobispo.com.br\/#website","url":"https:\/\/blogdobispo.com.br\/","name":"Blog do Bispo","description":"Comprometido apenas com o leitor","publisher":{"@id":"https:\/\/blogdobispo.com.br\/#organization"},"potentialAction":[{"@type":"SearchAction","target":{"@type":"EntryPoint","urlTemplate":"https:\/\/blogdobispo.com.br\/?s={search_term_string}"},"query-input":{"@type":"PropertyValueSpecification","valueRequired":true,"valueName":"search_term_string"}}],"inLanguage":"pt-BR"},{"@type":"Organization","@id":"https:\/\/blogdobispo.com.br\/#organization","name":"Blog do Bispo","url":"https:\/\/blogdobispo.com.br\/","logo":{"@type":"ImageObject","inLanguage":"pt-BR","@id":"https:\/\/blogdobispo.com.br\/#\/schema\/logo\/image\/","url":"http:\/\/blogdobispo.com.br\/wp-content\/uploads\/2023\/05\/cropped-headear.png","contentUrl":"http:\/\/blogdobispo.com.br\/wp-content\/uploads\/2023\/05\/cropped-headear.png","width":1500,"height":399,"caption":"Blog do Bispo"},"image":{"@id":"https:\/\/blogdobispo.com.br\/#\/schema\/logo\/image\/"}},{"@type":"Person","@id":"https:\/\/blogdobispo.com.br\/#\/schema\/person\/e2209cc0e6cea5c5233d033e997b373f","name":"Jefferson Sterfeno","image":{"@type":"ImageObject","inLanguage":"pt-BR","@id":"https:\/\/blogdobispo.com.br\/#\/schema\/person\/image\/","url":"https:\/\/secure.gravatar.com\/avatar\/0534e84764641168a677026b6d57a3f51dc7ac4db0b4f6186d9cb330d4ee1160?s=96&d=mm&r=g","contentUrl":"https:\/\/secure.gravatar.com\/avatar\/0534e84764641168a677026b6d57a3f51dc7ac4db0b4f6186d9cb330d4ee1160?s=96&d=mm&r=g","caption":"Jefferson Sterfeno"},"sameAs":["http:\/\/blogdobispo.com.br"],"url":"https:\/\/blogdobispo.com.br\/?author=1"}]}},"featured_image_urls":{"full":["https:\/\/i0.wp.com\/blogdobispo.com.br\/wp-content\/uploads\/2026\/03\/ef4ca440-8068-4788-ad80-a3d940ff58fc-1.jpg?fit=1600%2C1251&ssl=1",1600,1251,false],"thumbnail":["https:\/\/i0.wp.com\/blogdobispo.com.br\/wp-content\/uploads\/2026\/03\/ef4ca440-8068-4788-ad80-a3d940ff58fc-1.jpg?resize=150%2C150&ssl=1",150,150,true],"medium":["https:\/\/i0.wp.com\/blogdobispo.com.br\/wp-content\/uploads\/2026\/03\/ef4ca440-8068-4788-ad80-a3d940ff58fc-1.jpg?fit=300%2C235&ssl=1",300,235,true],"medium_large":["https:\/\/i0.wp.com\/blogdobispo.com.br\/wp-content\/uploads\/2026\/03\/ef4ca440-8068-4788-ad80-a3d940ff58fc-1.jpg?fit=768%2C600&ssl=1",768,600,true],"large":["https:\/\/i0.wp.com\/blogdobispo.com.br\/wp-content\/uploads\/2026\/03\/ef4ca440-8068-4788-ad80-a3d940ff58fc-1.jpg?fit=800%2C626&ssl=1",800,626,true],"1536x1536":["https:\/\/i0.wp.com\/blogdobispo.com.br\/wp-content\/uploads\/2026\/03\/ef4ca440-8068-4788-ad80-a3d940ff58fc-1.jpg?fit=1536%2C1201&ssl=1",1536,1201,true],"2048x2048":["https:\/\/i0.wp.com\/blogdobispo.com.br\/wp-content\/uploads\/2026\/03\/ef4ca440-8068-4788-ad80-a3d940ff58fc-1.jpg?fit=1600%2C1251&ssl=1",1600,1251,true]},"author_info":{"display_name":"Jefferson Sterfeno","author_link":"https:\/\/blogdobispo.com.br\/?author=1"},"category_info":"<a href=\"https:\/\/blogdobispo.com.br\/?cat=1\" rel=\"category\">diversos<\/a>","tag_info":"diversos","comment_count":"0","jetpack_featured_media_url":"https:\/\/i0.wp.com\/blogdobispo.com.br\/wp-content\/uploads\/2026\/03\/ef4ca440-8068-4788-ad80-a3d940ff58fc-1.jpg?fit=1600%2C1251&ssl=1","jetpack_sharing_enabled":true,"_links":{"self":[{"href":"https:\/\/blogdobispo.com.br\/index.php?rest_route=\/wp\/v2\/posts\/19404","targetHints":{"allow":["GET"]}}],"collection":[{"href":"https:\/\/blogdobispo.com.br\/index.php?rest_route=\/wp\/v2\/posts"}],"about":[{"href":"https:\/\/blogdobispo.com.br\/index.php?rest_route=\/wp\/v2\/types\/post"}],"author":[{"embeddable":true,"href":"https:\/\/blogdobispo.com.br\/index.php?rest_route=\/wp\/v2\/users\/1"}],"replies":[{"embeddable":true,"href":"https:\/\/blogdobispo.com.br\/index.php?rest_route=%2Fwp%2Fv2%2Fcomments&post=19404"}],"version-history":[{"count":0,"href":"https:\/\/blogdobispo.com.br\/index.php?rest_route=\/wp\/v2\/posts\/19404\/revisions"}],"wp:featuredmedia":[{"embeddable":true,"href":"https:\/\/blogdobispo.com.br\/index.php?rest_route=\/wp\/v2\/media\/19403"}],"wp:attachment":[{"href":"https:\/\/blogdobispo.com.br\/index.php?rest_route=%2Fwp%2Fv2%2Fmedia&parent=19404"}],"wp:term":[{"taxonomy":"category","embeddable":true,"href":"https:\/\/blogdobispo.com.br\/index.php?rest_route=%2Fwp%2Fv2%2Fcategories&post=19404"},{"taxonomy":"post_tag","embeddable":true,"href":"https:\/\/blogdobispo.com.br\/index.php?rest_route=%2Fwp%2Fv2%2Ftags&post=19404"}],"curies":[{"name":"wp","href":"https:\/\/api.w.org\/{rel}","templated":true}]}}