{"id":19401,"date":"2026-03-17T02:08:33","date_gmt":"2026-03-17T02:08:33","guid":{"rendered":"https:\/\/blogdobispo.com.br\/?p=19401"},"modified":"2026-03-17T02:08:33","modified_gmt":"2026-03-17T02:08:33","slug":"apos-anos-de-tradicao-quadrilha-junina-sao-joao-anuncia-2026-como-ultimo-ano-e-promete-temporada-historica-de-despedida","status":"publish","type":"post","link":"https:\/\/blogdobispo.com.br\/?p=19401","title":{"rendered":"Ap\u00f3s anos de tradi\u00e7\u00e3o, Quadrilha Junina S\u00e3o Jo\u00e3o anuncia 2026 como \u00faltimo ano e promete temporada hist\u00f3rica de despedida"},"content":{"rendered":"\n<figure class=\"wp-block-image size-large\"><img data-recalc-dims=\"1\" fetchpriority=\"high\" decoding=\"async\" width=\"800\" height=\"447\" src=\"https:\/\/i0.wp.com\/blogdobispo.com.br\/wp-content\/uploads\/2026\/03\/a3be3b60-e63a-4737-b518-1b7270797f84.jpg?resize=800%2C447&#038;ssl=1\" class=\"wp-image-19399\" srcset=\"https:\/\/i0.wp.com\/blogdobispo.com.br\/wp-content\/uploads\/2026\/03\/a3be3b60-e63a-4737-b518-1b7270797f84.jpg?w=805&amp;ssl=1 805w, https:\/\/i0.wp.com\/blogdobispo.com.br\/wp-content\/uploads\/2026\/03\/a3be3b60-e63a-4737-b518-1b7270797f84.jpg?resize=300%2C168&amp;ssl=1 300w, https:\/\/i0.wp.com\/blogdobispo.com.br\/wp-content\/uploads\/2026\/03\/a3be3b60-e63a-4737-b518-1b7270797f84.jpg?resize=768%2C429&amp;ssl=1 768w\" sizes=\"(max-width: 800px) 100vw, 800px\" \/><\/figure>\n\n\n\n<p><\/p>\n\n\n\n<p>Ap\u00f3s anos levando alegria e tradi\u00e7\u00e3o aos arraiais, a Quadrilha Junina S\u00e3o Jo\u00e3o anuncia que 2026 marcar\u00e1 sua \u00faltima temporada, prometendo um ano especial de celebra\u00e7\u00e3o, emo\u00e7\u00e3o e despedida da cultura junina.<\/p>\n\n\n\n<p>A tradi\u00e7\u00e3o das festas juninas no Rio Grande do Norte ganhar\u00e1 um cap\u00edtulo emocionante em 2026. A Quadrilha Junina S\u00e3o Jo\u00e3o anunciou oficialmente que o pr\u00f3ximo ano marcar\u00e1 o encerramento de suas atividades ap\u00f3s uma longa trajet\u00f3ria dedicada \u00e0 valoriza\u00e7\u00e3o da cultura popular nordestina.<br>Conhecida por suas apresenta\u00e7\u00f5es marcantes, figurinos elaborados e pela energia contagiante de seus brincantes, a quadrilha construiu ao longo dos anos uma hist\u00f3ria de amor pela cultura junina. A decis\u00e3o de encerrar o ciclo, segundo o grupo, foi tomada ap\u00f3s muita reflex\u00e3o, principalmente diante das dificuldades crescentes para capta\u00e7\u00e3o de recursos financeiros \u2014 fator essencial para manter o alto n\u00edvel art\u00edstico e estrutural das apresenta\u00e7\u00f5es.<br>Mais do que um grupo cultural, a quadrilha sempre se definiu como uma verdadeira fam\u00edlia. Brincantes, artistas, costureiras, core\u00f3grafos, m\u00fasicos, apoiadores e amigos formaram uma rede de pessoas apaixonadas pela cultura nordestina e comprometidas em manter viva a ess\u00eancia do S\u00e3o Jo\u00e3o.<br>Cada espet\u00e1culo apresentado carregou muito mais que dan\u00e7a e m\u00fasica: trouxe hist\u00f3rias, sonhos e o brilho de quem vive intensamente a tradi\u00e7\u00e3o junina. Ensaios, figurinos, cen\u00e1rios e coreografias sempre foram preparados com dedica\u00e7\u00e3o e carinho, refletindo o orgulho de representar o verdadeiro esp\u00edrito das festas de S\u00e3o Jo\u00e3o.<br>Apesar do an\u00fancio do encerramento, o grupo faz quest\u00e3o de destacar que o afastamento dos palcos n\u00e3o significa um adeus \u00e0 cultura. A inten\u00e7\u00e3o dos integrantes \u00e9 continuar contribuindo com a arte e com a comunidade por meio de novos projetos culturais e outras iniciativas ligadas \u00e0 valoriza\u00e7\u00e3o da cultura popular do estado.<br>Para marcar essa despedida, a expectativa \u00e9 que 2026 seja um ano especial. A proposta \u00e9 transformar a temporada em uma grande celebra\u00e7\u00e3o da hist\u00f3ria constru\u00edda pela quadrilha, reunindo emo\u00e7\u00e3o, mem\u00f3ria e alegria em cada apresenta\u00e7\u00e3o.<br>A despedida promete ser tamb\u00e9m um momento de gratid\u00e3o. O grupo faz quest\u00e3o de agradecer a todos que fizeram parte dessa caminhada \u2014 integrantes, apoiadores, patrocinadores e o p\u00fablico que acompanhou e incentivou cada passo da trajet\u00f3ria.<br>\u201cQueremos que 2026 seja inesquec\u00edvel. Um ano para celebrar tudo o que vivemos e constru\u00edmos juntos\u201d, destacou o grupo em nota.<br>Assim, a Quadrilha Junina S\u00e3o Jo\u00e3o se prepara para seu \u00faltimo ciclo de apresenta\u00e7\u00f5es, deixando como legado uma hist\u00f3ria marcada pela paix\u00e3o pela cultura nordestina e pela certeza de que a tradi\u00e7\u00e3o do S\u00e3o Jo\u00e3o continuar\u00e1 viva nos cora\u00e7\u00f5es de todos que fizeram parte dessa jornada.<br>Gratid\u00e3o.<\/p>\n","protected":false},"excerpt":{"rendered":"<p>Ap\u00f3s anos levando alegria e tradi\u00e7\u00e3o aos arraiais, a Quadrilha Junina S\u00e3o Jo\u00e3o anuncia que 2026 marcar\u00e1 sua \u00faltima temporada, prometendo um ano especial de celebra\u00e7\u00e3o, emo\u00e7\u00e3o e despedida da cultura junina. A tradi\u00e7\u00e3o das festas juninas no Rio Grande do Norte ganhar\u00e1 um cap\u00edtulo emocionante em 2026. A Quadrilha Junina S\u00e3o Jo\u00e3o anunciou oficialmente [&hellip;]<\/p>\n","protected":false},"author":1,"featured_media":19400,"comment_status":"open","ping_status":"open","sticky":false,"template":"","format":"standard","meta":{"cybocfi_hide_featured_image":"","_jetpack_memberships_contains_paid_content":false,"footnotes":""},"categories":[1],"tags":[],"class_list":["post-19401","post","type-post","status-publish","format-standard","has-post-thumbnail","hentry","category-diversos"],"yoast_head":"<!-- This site is optimized with the Yoast SEO plugin v25.6 - https:\/\/yoast.com\/wordpress\/plugins\/seo\/ -->\n<title>Ap\u00f3s anos de tradi\u00e7\u00e3o, Quadrilha Junina S\u00e3o Jo\u00e3o anuncia 2026 como \u00faltimo ano e promete temporada hist\u00f3rica de despedida - Blog do Bispo<\/title>\n<meta name=\"robots\" content=\"index, follow, max-snippet:-1, max-image-preview:large, max-video-preview:-1\" \/>\n<link rel=\"canonical\" href=\"https:\/\/blogdobispo.com.br\/?p=19401\" \/>\n<meta property=\"og:locale\" content=\"pt_BR\" \/>\n<meta property=\"og:type\" content=\"article\" \/>\n<meta property=\"og:title\" content=\"Ap\u00f3s anos de tradi\u00e7\u00e3o, Quadrilha Junina S\u00e3o Jo\u00e3o anuncia 2026 como \u00faltimo ano e promete temporada hist\u00f3rica de despedida - Blog do Bispo\" \/>\n<meta property=\"og:description\" content=\"Ap\u00f3s anos levando alegria e tradi\u00e7\u00e3o aos arraiais, a Quadrilha Junina S\u00e3o Jo\u00e3o anuncia que 2026 marcar\u00e1 sua \u00faltima temporada, prometendo um ano especial de celebra\u00e7\u00e3o, emo\u00e7\u00e3o e despedida da cultura junina. A tradi\u00e7\u00e3o das festas juninas no Rio Grande do Norte ganhar\u00e1 um cap\u00edtulo emocionante em 2026. A Quadrilha Junina S\u00e3o Jo\u00e3o anunciou oficialmente [&hellip;]\" \/>\n<meta property=\"og:url\" content=\"https:\/\/blogdobispo.com.br\/?p=19401\" \/>\n<meta property=\"og:site_name\" content=\"Blog do Bispo\" \/>\n<meta property=\"article:published_time\" content=\"2026-03-17T02:08:33+00:00\" \/>\n<meta property=\"og:image\" content=\"https:\/\/blogdobispo.com.br\/wp-content\/uploads\/2026\/03\/a3be3b60-e63a-4737-b518-1b7270797f84.jpg\" \/>\n<meta name=\"author\" content=\"Jefferson Sterfeno\" \/>\n<meta name=\"twitter:card\" content=\"summary_large_image\" \/>\n<meta name=\"twitter:label1\" content=\"Escrito por\" \/>\n\t<meta name=\"twitter:data1\" content=\"Jefferson Sterfeno\" \/>\n\t<meta name=\"twitter:label2\" content=\"Est. tempo de leitura\" \/>\n\t<meta name=\"twitter:data2\" content=\"2 minutos\" \/>\n<script type=\"application\/ld+json\" class=\"yoast-schema-graph\">{\"@context\":\"https:\/\/schema.org\",\"@graph\":[{\"@type\":\"Article\",\"@id\":\"https:\/\/blogdobispo.com.br\/?p=19401#article\",\"isPartOf\":{\"@id\":\"https:\/\/blogdobispo.com.br\/?p=19401\"},\"author\":{\"name\":\"Jefferson Sterfeno\",\"@id\":\"https:\/\/blogdobispo.com.br\/#\/schema\/person\/e2209cc0e6cea5c5233d033e997b373f\"},\"headline\":\"Ap\u00f3s anos de tradi\u00e7\u00e3o, Quadrilha Junina S\u00e3o Jo\u00e3o anuncia 2026 como \u00faltimo ano e promete temporada hist\u00f3rica de despedida\",\"datePublished\":\"2026-03-17T02:08:33+00:00\",\"mainEntityOfPage\":{\"@id\":\"https:\/\/blogdobispo.com.br\/?p=19401\"},\"wordCount\":503,\"commentCount\":0,\"publisher\":{\"@id\":\"https:\/\/blogdobispo.com.br\/#organization\"},\"image\":{\"@id\":\"https:\/\/blogdobispo.com.br\/?p=19401#primaryimage\"},\"thumbnailUrl\":\"https:\/\/i0.wp.com\/blogdobispo.com.br\/wp-content\/uploads\/2026\/03\/a3be3b60-e63a-4737-b518-1b7270797f84-1.jpg?fit=805%2C450&ssl=1\",\"articleSection\":[\"diversos\"],\"inLanguage\":\"pt-BR\",\"potentialAction\":[{\"@type\":\"CommentAction\",\"name\":\"Comment\",\"target\":[\"https:\/\/blogdobispo.com.br\/?p=19401#respond\"]}]},{\"@type\":\"WebPage\",\"@id\":\"https:\/\/blogdobispo.com.br\/?p=19401\",\"url\":\"https:\/\/blogdobispo.com.br\/?p=19401\",\"name\":\"Ap\u00f3s anos de tradi\u00e7\u00e3o, Quadrilha Junina S\u00e3o Jo\u00e3o anuncia 2026 como \u00faltimo ano e promete temporada hist\u00f3rica de despedida - Blog do Bispo\",\"isPartOf\":{\"@id\":\"https:\/\/blogdobispo.com.br\/#website\"},\"primaryImageOfPage\":{\"@id\":\"https:\/\/blogdobispo.com.br\/?p=19401#primaryimage\"},\"image\":{\"@id\":\"https:\/\/blogdobispo.com.br\/?p=19401#primaryimage\"},\"thumbnailUrl\":\"https:\/\/i0.wp.com\/blogdobispo.com.br\/wp-content\/uploads\/2026\/03\/a3be3b60-e63a-4737-b518-1b7270797f84-1.jpg?fit=805%2C450&ssl=1\",\"datePublished\":\"2026-03-17T02:08:33+00:00\",\"breadcrumb\":{\"@id\":\"https:\/\/blogdobispo.com.br\/?p=19401#breadcrumb\"},\"inLanguage\":\"pt-BR\",\"potentialAction\":[{\"@type\":\"ReadAction\",\"target\":[\"https:\/\/blogdobispo.com.br\/?p=19401\"]}]},{\"@type\":\"ImageObject\",\"inLanguage\":\"pt-BR\",\"@id\":\"https:\/\/blogdobispo.com.br\/?p=19401#primaryimage\",\"url\":\"https:\/\/i0.wp.com\/blogdobispo.com.br\/wp-content\/uploads\/2026\/03\/a3be3b60-e63a-4737-b518-1b7270797f84-1.jpg?fit=805%2C450&ssl=1\",\"contentUrl\":\"https:\/\/i0.wp.com\/blogdobispo.com.br\/wp-content\/uploads\/2026\/03\/a3be3b60-e63a-4737-b518-1b7270797f84-1.jpg?fit=805%2C450&ssl=1\",\"width\":805,\"height\":450},{\"@type\":\"BreadcrumbList\",\"@id\":\"https:\/\/blogdobispo.com.br\/?p=19401#breadcrumb\",\"itemListElement\":[{\"@type\":\"ListItem\",\"position\":1,\"name\":\"In\u00edcio\",\"item\":\"https:\/\/blogdobispo.com.br\/\"},{\"@type\":\"ListItem\",\"position\":2,\"name\":\"Ap\u00f3s anos de tradi\u00e7\u00e3o, Quadrilha Junina S\u00e3o Jo\u00e3o anuncia 2026 como \u00faltimo ano e promete temporada hist\u00f3rica de despedida\"}]},{\"@type\":\"WebSite\",\"@id\":\"https:\/\/blogdobispo.com.br\/#website\",\"url\":\"https:\/\/blogdobispo.com.br\/\",\"name\":\"Blog do Bispo\",\"description\":\"Comprometido apenas com o leitor\",\"publisher\":{\"@id\":\"https:\/\/blogdobispo.com.br\/#organization\"},\"potentialAction\":[{\"@type\":\"SearchAction\",\"target\":{\"@type\":\"EntryPoint\",\"urlTemplate\":\"https:\/\/blogdobispo.com.br\/?s={search_term_string}\"},\"query-input\":{\"@type\":\"PropertyValueSpecification\",\"valueRequired\":true,\"valueName\":\"search_term_string\"}}],\"inLanguage\":\"pt-BR\"},{\"@type\":\"Organization\",\"@id\":\"https:\/\/blogdobispo.com.br\/#organization\",\"name\":\"Blog do Bispo\",\"url\":\"https:\/\/blogdobispo.com.br\/\",\"logo\":{\"@type\":\"ImageObject\",\"inLanguage\":\"pt-BR\",\"@id\":\"https:\/\/blogdobispo.com.br\/#\/schema\/logo\/image\/\",\"url\":\"http:\/\/blogdobispo.com.br\/wp-content\/uploads\/2023\/05\/cropped-headear.png\",\"contentUrl\":\"http:\/\/blogdobispo.com.br\/wp-content\/uploads\/2023\/05\/cropped-headear.png\",\"width\":1500,\"height\":399,\"caption\":\"Blog do Bispo\"},\"image\":{\"@id\":\"https:\/\/blogdobispo.com.br\/#\/schema\/logo\/image\/\"}},{\"@type\":\"Person\",\"@id\":\"https:\/\/blogdobispo.com.br\/#\/schema\/person\/e2209cc0e6cea5c5233d033e997b373f\",\"name\":\"Jefferson Sterfeno\",\"image\":{\"@type\":\"ImageObject\",\"inLanguage\":\"pt-BR\",\"@id\":\"https:\/\/blogdobispo.com.br\/#\/schema\/person\/image\/\",\"url\":\"https:\/\/secure.gravatar.com\/avatar\/0534e84764641168a677026b6d57a3f51dc7ac4db0b4f6186d9cb330d4ee1160?s=96&d=mm&r=g\",\"contentUrl\":\"https:\/\/secure.gravatar.com\/avatar\/0534e84764641168a677026b6d57a3f51dc7ac4db0b4f6186d9cb330d4ee1160?s=96&d=mm&r=g\",\"caption\":\"Jefferson Sterfeno\"},\"sameAs\":[\"http:\/\/blogdobispo.com.br\"],\"url\":\"https:\/\/blogdobispo.com.br\/?author=1\"}]}<\/script>\n<!-- \/ Yoast SEO plugin. -->","yoast_head_json":{"title":"Ap\u00f3s anos de tradi\u00e7\u00e3o, Quadrilha Junina S\u00e3o Jo\u00e3o anuncia 2026 como \u00faltimo ano e promete temporada hist\u00f3rica de despedida - Blog do Bispo","robots":{"index":"index","follow":"follow","max-snippet":"max-snippet:-1","max-image-preview":"max-image-preview:large","max-video-preview":"max-video-preview:-1"},"canonical":"https:\/\/blogdobispo.com.br\/?p=19401","og_locale":"pt_BR","og_type":"article","og_title":"Ap\u00f3s anos de tradi\u00e7\u00e3o, Quadrilha Junina S\u00e3o Jo\u00e3o anuncia 2026 como \u00faltimo ano e promete temporada hist\u00f3rica de despedida - Blog do Bispo","og_description":"Ap\u00f3s anos levando alegria e tradi\u00e7\u00e3o aos arraiais, a Quadrilha Junina S\u00e3o Jo\u00e3o anuncia que 2026 marcar\u00e1 sua \u00faltima temporada, prometendo um ano especial de celebra\u00e7\u00e3o, emo\u00e7\u00e3o e despedida da cultura junina. A tradi\u00e7\u00e3o das festas juninas no Rio Grande do Norte ganhar\u00e1 um cap\u00edtulo emocionante em 2026. A Quadrilha Junina S\u00e3o Jo\u00e3o anunciou oficialmente [&hellip;]","og_url":"https:\/\/blogdobispo.com.br\/?p=19401","og_site_name":"Blog do Bispo","article_published_time":"2026-03-17T02:08:33+00:00","og_image":[{"url":"https:\/\/blogdobispo.com.br\/wp-content\/uploads\/2026\/03\/a3be3b60-e63a-4737-b518-1b7270797f84.jpg","type":"","width":"","height":""}],"author":"Jefferson Sterfeno","twitter_card":"summary_large_image","twitter_misc":{"Escrito por":"Jefferson Sterfeno","Est. tempo de leitura":"2 minutos"},"schema":{"@context":"https:\/\/schema.org","@graph":[{"@type":"Article","@id":"https:\/\/blogdobispo.com.br\/?p=19401#article","isPartOf":{"@id":"https:\/\/blogdobispo.com.br\/?p=19401"},"author":{"name":"Jefferson Sterfeno","@id":"https:\/\/blogdobispo.com.br\/#\/schema\/person\/e2209cc0e6cea5c5233d033e997b373f"},"headline":"Ap\u00f3s anos de tradi\u00e7\u00e3o, Quadrilha Junina S\u00e3o Jo\u00e3o anuncia 2026 como \u00faltimo ano e promete temporada hist\u00f3rica de despedida","datePublished":"2026-03-17T02:08:33+00:00","mainEntityOfPage":{"@id":"https:\/\/blogdobispo.com.br\/?p=19401"},"wordCount":503,"commentCount":0,"publisher":{"@id":"https:\/\/blogdobispo.com.br\/#organization"},"image":{"@id":"https:\/\/blogdobispo.com.br\/?p=19401#primaryimage"},"thumbnailUrl":"https:\/\/i0.wp.com\/blogdobispo.com.br\/wp-content\/uploads\/2026\/03\/a3be3b60-e63a-4737-b518-1b7270797f84-1.jpg?fit=805%2C450&ssl=1","articleSection":["diversos"],"inLanguage":"pt-BR","potentialAction":[{"@type":"CommentAction","name":"Comment","target":["https:\/\/blogdobispo.com.br\/?p=19401#respond"]}]},{"@type":"WebPage","@id":"https:\/\/blogdobispo.com.br\/?p=19401","url":"https:\/\/blogdobispo.com.br\/?p=19401","name":"Ap\u00f3s anos de tradi\u00e7\u00e3o, Quadrilha Junina S\u00e3o Jo\u00e3o anuncia 2026 como \u00faltimo ano e promete temporada hist\u00f3rica de despedida - Blog do Bispo","isPartOf":{"@id":"https:\/\/blogdobispo.com.br\/#website"},"primaryImageOfPage":{"@id":"https:\/\/blogdobispo.com.br\/?p=19401#primaryimage"},"image":{"@id":"https:\/\/blogdobispo.com.br\/?p=19401#primaryimage"},"thumbnailUrl":"https:\/\/i0.wp.com\/blogdobispo.com.br\/wp-content\/uploads\/2026\/03\/a3be3b60-e63a-4737-b518-1b7270797f84-1.jpg?fit=805%2C450&ssl=1","datePublished":"2026-03-17T02:08:33+00:00","breadcrumb":{"@id":"https:\/\/blogdobispo.com.br\/?p=19401#breadcrumb"},"inLanguage":"pt-BR","potentialAction":[{"@type":"ReadAction","target":["https:\/\/blogdobispo.com.br\/?p=19401"]}]},{"@type":"ImageObject","inLanguage":"pt-BR","@id":"https:\/\/blogdobispo.com.br\/?p=19401#primaryimage","url":"https:\/\/i0.wp.com\/blogdobispo.com.br\/wp-content\/uploads\/2026\/03\/a3be3b60-e63a-4737-b518-1b7270797f84-1.jpg?fit=805%2C450&ssl=1","contentUrl":"https:\/\/i0.wp.com\/blogdobispo.com.br\/wp-content\/uploads\/2026\/03\/a3be3b60-e63a-4737-b518-1b7270797f84-1.jpg?fit=805%2C450&ssl=1","width":805,"height":450},{"@type":"BreadcrumbList","@id":"https:\/\/blogdobispo.com.br\/?p=19401#breadcrumb","itemListElement":[{"@type":"ListItem","position":1,"name":"In\u00edcio","item":"https:\/\/blogdobispo.com.br\/"},{"@type":"ListItem","position":2,"name":"Ap\u00f3s anos de tradi\u00e7\u00e3o, Quadrilha Junina S\u00e3o Jo\u00e3o anuncia 2026 como \u00faltimo ano e promete temporada hist\u00f3rica de despedida"}]},{"@type":"WebSite","@id":"https:\/\/blogdobispo.com.br\/#website","url":"https:\/\/blogdobispo.com.br\/","name":"Blog do Bispo","description":"Comprometido apenas com o leitor","publisher":{"@id":"https:\/\/blogdobispo.com.br\/#organization"},"potentialAction":[{"@type":"SearchAction","target":{"@type":"EntryPoint","urlTemplate":"https:\/\/blogdobispo.com.br\/?s={search_term_string}"},"query-input":{"@type":"PropertyValueSpecification","valueRequired":true,"valueName":"search_term_string"}}],"inLanguage":"pt-BR"},{"@type":"Organization","@id":"https:\/\/blogdobispo.com.br\/#organization","name":"Blog do Bispo","url":"https:\/\/blogdobispo.com.br\/","logo":{"@type":"ImageObject","inLanguage":"pt-BR","@id":"https:\/\/blogdobispo.com.br\/#\/schema\/logo\/image\/","url":"http:\/\/blogdobispo.com.br\/wp-content\/uploads\/2023\/05\/cropped-headear.png","contentUrl":"http:\/\/blogdobispo.com.br\/wp-content\/uploads\/2023\/05\/cropped-headear.png","width":1500,"height":399,"caption":"Blog do Bispo"},"image":{"@id":"https:\/\/blogdobispo.com.br\/#\/schema\/logo\/image\/"}},{"@type":"Person","@id":"https:\/\/blogdobispo.com.br\/#\/schema\/person\/e2209cc0e6cea5c5233d033e997b373f","name":"Jefferson Sterfeno","image":{"@type":"ImageObject","inLanguage":"pt-BR","@id":"https:\/\/blogdobispo.com.br\/#\/schema\/person\/image\/","url":"https:\/\/secure.gravatar.com\/avatar\/0534e84764641168a677026b6d57a3f51dc7ac4db0b4f6186d9cb330d4ee1160?s=96&d=mm&r=g","contentUrl":"https:\/\/secure.gravatar.com\/avatar\/0534e84764641168a677026b6d57a3f51dc7ac4db0b4f6186d9cb330d4ee1160?s=96&d=mm&r=g","caption":"Jefferson Sterfeno"},"sameAs":["http:\/\/blogdobispo.com.br"],"url":"https:\/\/blogdobispo.com.br\/?author=1"}]}},"featured_image_urls":{"full":["https:\/\/i0.wp.com\/blogdobispo.com.br\/wp-content\/uploads\/2026\/03\/a3be3b60-e63a-4737-b518-1b7270797f84-1.jpg?fit=805%2C450&ssl=1",805,450,false],"thumbnail":["https:\/\/i0.wp.com\/blogdobispo.com.br\/wp-content\/uploads\/2026\/03\/a3be3b60-e63a-4737-b518-1b7270797f84-1.jpg?resize=150%2C150&ssl=1",150,150,true],"medium":["https:\/\/i0.wp.com\/blogdobispo.com.br\/wp-content\/uploads\/2026\/03\/a3be3b60-e63a-4737-b518-1b7270797f84-1.jpg?fit=300%2C168&ssl=1",300,168,true],"medium_large":["https:\/\/i0.wp.com\/blogdobispo.com.br\/wp-content\/uploads\/2026\/03\/a3be3b60-e63a-4737-b518-1b7270797f84-1.jpg?fit=768%2C429&ssl=1",768,429,true],"large":["https:\/\/i0.wp.com\/blogdobispo.com.br\/wp-content\/uploads\/2026\/03\/a3be3b60-e63a-4737-b518-1b7270797f84-1.jpg?fit=800%2C447&ssl=1",800,447,true],"1536x1536":["https:\/\/i0.wp.com\/blogdobispo.com.br\/wp-content\/uploads\/2026\/03\/a3be3b60-e63a-4737-b518-1b7270797f84-1.jpg?fit=805%2C450&ssl=1",805,450,true],"2048x2048":["https:\/\/i0.wp.com\/blogdobispo.com.br\/wp-content\/uploads\/2026\/03\/a3be3b60-e63a-4737-b518-1b7270797f84-1.jpg?fit=805%2C450&ssl=1",805,450,true]},"author_info":{"display_name":"Jefferson Sterfeno","author_link":"https:\/\/blogdobispo.com.br\/?author=1"},"category_info":"<a href=\"https:\/\/blogdobispo.com.br\/?cat=1\" rel=\"category\">diversos<\/a>","tag_info":"diversos","comment_count":"0","jetpack_featured_media_url":"https:\/\/i0.wp.com\/blogdobispo.com.br\/wp-content\/uploads\/2026\/03\/a3be3b60-e63a-4737-b518-1b7270797f84-1.jpg?fit=805%2C450&ssl=1","jetpack_sharing_enabled":true,"_links":{"self":[{"href":"https:\/\/blogdobispo.com.br\/index.php?rest_route=\/wp\/v2\/posts\/19401","targetHints":{"allow":["GET"]}}],"collection":[{"href":"https:\/\/blogdobispo.com.br\/index.php?rest_route=\/wp\/v2\/posts"}],"about":[{"href":"https:\/\/blogdobispo.com.br\/index.php?rest_route=\/wp\/v2\/types\/post"}],"author":[{"embeddable":true,"href":"https:\/\/blogdobispo.com.br\/index.php?rest_route=\/wp\/v2\/users\/1"}],"replies":[{"embeddable":true,"href":"https:\/\/blogdobispo.com.br\/index.php?rest_route=%2Fwp%2Fv2%2Fcomments&post=19401"}],"version-history":[{"count":0,"href":"https:\/\/blogdobispo.com.br\/index.php?rest_route=\/wp\/v2\/posts\/19401\/revisions"}],"wp:featuredmedia":[{"embeddable":true,"href":"https:\/\/blogdobispo.com.br\/index.php?rest_route=\/wp\/v2\/media\/19400"}],"wp:attachment":[{"href":"https:\/\/blogdobispo.com.br\/index.php?rest_route=%2Fwp%2Fv2%2Fmedia&parent=19401"}],"wp:term":[{"taxonomy":"category","embeddable":true,"href":"https:\/\/blogdobispo.com.br\/index.php?rest_route=%2Fwp%2Fv2%2Fcategories&post=19401"},{"taxonomy":"post_tag","embeddable":true,"href":"https:\/\/blogdobispo.com.br\/index.php?rest_route=%2Fwp%2Fv2%2Ftags&post=19401"}],"curies":[{"name":"wp","href":"https:\/\/api.w.org\/{rel}","templated":true}]}}