{"id":1939,"date":"2023-10-16T23:59:22","date_gmt":"2023-10-16T23:59:22","guid":{"rendered":"https:\/\/blogdobispo.com.br\/?p=1939"},"modified":"2023-10-16T23:59:22","modified_gmt":"2023-10-16T23:59:22","slug":"comissao-de-justica-aprova-11-projetos-e-zera-pauta","status":"publish","type":"post","link":"https:\/\/blogdobispo.com.br\/?p=1939","title":{"rendered":"Comiss\u00e3o de Justi\u00e7a aprova 11 projetos e zera pauta"},"content":{"rendered":"\n<p><\/p>\n\n\n\n<figure class=\"wp-block-image\"><img data-recalc-dims=\"1\" decoding=\"async\" src=\"https:\/\/i0.wp.com\/www.cmnat.rn.gov.br\/_ups\/noticias\/2023\/10\/16\/47d4d8656a532a644548054446987e78.jpeg?w=800&#038;ssl=1\" alt=\"\"\/><\/figure>\n\n\n\n<p>A Comiss\u00e3o de Legisla\u00e7\u00e3o, Justi\u00e7a e Reda\u00e7\u00e3o Final da C\u00e2mara Municipal de Natal apreciou 17 projetos em reuni\u00e3o nesta segunda-feira (16). Desses, 11 foram aprovados, deixando assim a pauta zerada.<\/p>\n\n\n\n<p>&#8220;A Comiss\u00e3o de Justi\u00e7a \u00e9 uma das mais produtivas porque todas as mat\u00e9rias, obrigatoriamente, passam por aqui. Ent\u00e3o, temos, em m\u00e9dia, por ano, mais de 200 processos para deliberar. E isso \u00e9 bom e tamb\u00e9m desgastante, mas fazemos a atividade com muito gosto. A nossa pauta est\u00e1 zerada, esperando apenas o intervalo de 15 dias para apresenta\u00e7\u00e3o dos pareceres&#8221;, observou a vereadora Nina Souza (PDT), presidente da Comiss\u00e3o.<\/p>\n\n\n\n<p>Entre as mat\u00e9rias aprovadas, est\u00e1 o PL 483\/2023 que institui o Dia da Renova\u00e7\u00e3o Carism\u00e1tica Cat\u00f3lica e o PL 484\/2023 que Institui o dia do Encontro de Casais com Cristo (ECC). Os projetos s\u00e3o de autoria do vereador Milklei Leite (PV).&nbsp;<\/p>\n\n\n\n<p>&#8220;Esse calend\u00e1rio de datas, principalmente os eventos religiosos, comemorativos da nossa cidade, tem um papel fundamental dentro da sociedade. E Natal, gra\u00e7as a Deus, tem eventos importantes realizados atrav\u00e9s das par\u00f3quias, diretamente ligados \u00e0 Catedral Metropolitana&#8221;, comentou o vereador Preto Aquino (PSD).&nbsp;<\/p>\n\n\n\n<p>A Comiss\u00e3o tamb\u00e9m aprovou a derrubada do veto ao Projeto de Lei n.\u00ba 327\/2022, de autoria da Vereadora Nina Souza, que \u201cInstitui o Programa sobre Pessoas Desaparecidas na cidade do Natal \u2013 PROPEDE, cria o Comit\u00ea Permanente de Preven\u00e7\u00e3o e Aux\u00edlio \u00e0 busca de Pessoas de Desaparecidas e d\u00e1 outras provid\u00eancias&#8221;, conforme mensagem n.\u00ba 122\/2023.&nbsp;<\/p>\n\n\n\n<p>&#8220;S\u00e3o pessoas que n\u00f3s n\u00e3o sabemos onde est\u00e3o. A gente v\u00ea muitas pessoas na rua e essas pessoas n\u00e3o t\u00eam nenhuma identifica\u00e7\u00e3o. N\u00e3o t\u00eam nenhum documento, n\u00e3o t\u00eam nenhum registro. Ent\u00e3o, n\u00f3s queremos um sistema, um programa que venha tutelar essas pessoas, para que possamos dar o m\u00ednimo de dignidade, o reconhecimento. Ficamos surpresos com o veto, haja vista que n\u00e3o h\u00e1 a necessidade de or\u00e7amento largo para dizer que o munic\u00edpio n\u00e3o tem condi\u00e7\u00f5es de arcar. A pr\u00f3pria secretaria j\u00e1 tem um conjunto de atividades para um entendimento de prote\u00e7\u00e3o \u00e0s pessoas que s\u00e3o moradoras de rua. Por isso que a Comiss\u00e3o entendeu que h\u00e1 legalidade na mat\u00e9ria, e agora vamos para o debate do plen\u00e1rio&#8221;, falou a vereadora Nina.&nbsp;<\/p>\n\n\n\n<p>Os vereadores Raniere Barbosa (AVANTE), Klaus Ara\u00fajo (PSDB) e Kleber Fernandes (PSDB) tamb\u00e9m estiveram na reuni\u00e3o. <\/p>\n","protected":false},"excerpt":{"rendered":"<p>A Comiss\u00e3o de Legisla\u00e7\u00e3o, Justi\u00e7a e Reda\u00e7\u00e3o Final da C\u00e2mara Municipal de Natal apreciou 17 projetos em reuni\u00e3o nesta segunda-feira (16). Desses, 11 foram aprovados, deixando assim a pauta zerada. &#8220;A Comiss\u00e3o de Justi\u00e7a \u00e9 uma das mais produtivas porque todas as mat\u00e9rias, obrigatoriamente, passam por aqui. Ent\u00e3o, temos, em m\u00e9dia, por ano, mais de [&hellip;]<\/p>\n","protected":false},"author":1,"featured_media":0,"comment_status":"open","ping_status":"open","sticky":false,"template":"","format":"standard","meta":{"cybocfi_hide_featured_image":"","_jetpack_memberships_contains_paid_content":false,"footnotes":""},"categories":[1],"tags":[],"class_list":["post-1939","post","type-post","status-publish","format-standard","hentry","category-diversos"],"yoast_head":"<!-- This site is optimized with the Yoast SEO plugin v25.6 - https:\/\/yoast.com\/wordpress\/plugins\/seo\/ -->\n<title>Comiss\u00e3o de Justi\u00e7a aprova 11 projetos e zera pauta - Blog do Bispo<\/title>\n<meta name=\"robots\" content=\"index, follow, max-snippet:-1, max-image-preview:large, max-video-preview:-1\" \/>\n<link rel=\"canonical\" href=\"https:\/\/blogdobispo.com.br\/?p=1939\" \/>\n<meta property=\"og:locale\" content=\"pt_BR\" \/>\n<meta property=\"og:type\" content=\"article\" \/>\n<meta property=\"og:title\" content=\"Comiss\u00e3o de Justi\u00e7a aprova 11 projetos e zera pauta - Blog do Bispo\" \/>\n<meta property=\"og:description\" content=\"A Comiss\u00e3o de Legisla\u00e7\u00e3o, Justi\u00e7a e Reda\u00e7\u00e3o Final da C\u00e2mara Municipal de Natal apreciou 17 projetos em reuni\u00e3o nesta segunda-feira (16). Desses, 11 foram aprovados, deixando assim a pauta zerada. &#8220;A Comiss\u00e3o de Justi\u00e7a \u00e9 uma das mais produtivas porque todas as mat\u00e9rias, obrigatoriamente, passam por aqui. Ent\u00e3o, temos, em m\u00e9dia, por ano, mais de [&hellip;]\" \/>\n<meta property=\"og:url\" content=\"https:\/\/blogdobispo.com.br\/?p=1939\" \/>\n<meta property=\"og:site_name\" content=\"Blog do Bispo\" \/>\n<meta property=\"article:published_time\" content=\"2023-10-16T23:59:22+00:00\" \/>\n<meta property=\"og:image\" content=\"https:\/\/www.cmnat.rn.gov.br\/_ups\/noticias\/2023\/10\/16\/47d4d8656a532a644548054446987e78.jpeg\" \/>\n<meta name=\"author\" content=\"Jefferson Sterfeno\" \/>\n<meta name=\"twitter:card\" content=\"summary_large_image\" \/>\n<meta name=\"twitter:label1\" content=\"Escrito por\" \/>\n\t<meta name=\"twitter:data1\" content=\"Jefferson Sterfeno\" \/>\n\t<meta name=\"twitter:label2\" content=\"Est. tempo de leitura\" \/>\n\t<meta name=\"twitter:data2\" content=\"2 minutos\" \/>\n<script type=\"application\/ld+json\" class=\"yoast-schema-graph\">{\"@context\":\"https:\/\/schema.org\",\"@graph\":[{\"@type\":\"Article\",\"@id\":\"https:\/\/blogdobispo.com.br\/?p=1939#article\",\"isPartOf\":{\"@id\":\"https:\/\/blogdobispo.com.br\/?p=1939\"},\"author\":{\"name\":\"Jefferson Sterfeno\",\"@id\":\"https:\/\/blogdobispo.com.br\/#\/schema\/person\/e2209cc0e6cea5c5233d033e997b373f\"},\"headline\":\"Comiss\u00e3o de Justi\u00e7a aprova 11 projetos e zera pauta\",\"datePublished\":\"2023-10-16T23:59:22+00:00\",\"mainEntityOfPage\":{\"@id\":\"https:\/\/blogdobispo.com.br\/?p=1939\"},\"wordCount\":429,\"commentCount\":0,\"publisher\":{\"@id\":\"https:\/\/blogdobispo.com.br\/#organization\"},\"image\":{\"@id\":\"https:\/\/blogdobispo.com.br\/?p=1939#primaryimage\"},\"thumbnailUrl\":\"https:\/\/www.cmnat.rn.gov.br\/_ups\/noticias\/2023\/10\/16\/47d4d8656a532a644548054446987e78.jpeg\",\"articleSection\":[\"diversos\"],\"inLanguage\":\"pt-BR\",\"potentialAction\":[{\"@type\":\"CommentAction\",\"name\":\"Comment\",\"target\":[\"https:\/\/blogdobispo.com.br\/?p=1939#respond\"]}]},{\"@type\":\"WebPage\",\"@id\":\"https:\/\/blogdobispo.com.br\/?p=1939\",\"url\":\"https:\/\/blogdobispo.com.br\/?p=1939\",\"name\":\"Comiss\u00e3o de Justi\u00e7a aprova 11 projetos e zera pauta - Blog do Bispo\",\"isPartOf\":{\"@id\":\"https:\/\/blogdobispo.com.br\/#website\"},\"primaryImageOfPage\":{\"@id\":\"https:\/\/blogdobispo.com.br\/?p=1939#primaryimage\"},\"image\":{\"@id\":\"https:\/\/blogdobispo.com.br\/?p=1939#primaryimage\"},\"thumbnailUrl\":\"https:\/\/www.cmnat.rn.gov.br\/_ups\/noticias\/2023\/10\/16\/47d4d8656a532a644548054446987e78.jpeg\",\"datePublished\":\"2023-10-16T23:59:22+00:00\",\"breadcrumb\":{\"@id\":\"https:\/\/blogdobispo.com.br\/?p=1939#breadcrumb\"},\"inLanguage\":\"pt-BR\",\"potentialAction\":[{\"@type\":\"ReadAction\",\"target\":[\"https:\/\/blogdobispo.com.br\/?p=1939\"]}]},{\"@type\":\"ImageObject\",\"inLanguage\":\"pt-BR\",\"@id\":\"https:\/\/blogdobispo.com.br\/?p=1939#primaryimage\",\"url\":\"https:\/\/www.cmnat.rn.gov.br\/_ups\/noticias\/2023\/10\/16\/47d4d8656a532a644548054446987e78.jpeg\",\"contentUrl\":\"https:\/\/www.cmnat.rn.gov.br\/_ups\/noticias\/2023\/10\/16\/47d4d8656a532a644548054446987e78.jpeg\"},{\"@type\":\"BreadcrumbList\",\"@id\":\"https:\/\/blogdobispo.com.br\/?p=1939#breadcrumb\",\"itemListElement\":[{\"@type\":\"ListItem\",\"position\":1,\"name\":\"In\u00edcio\",\"item\":\"https:\/\/blogdobispo.com.br\/\"},{\"@type\":\"ListItem\",\"position\":2,\"name\":\"Comiss\u00e3o de Justi\u00e7a aprova 11 projetos e zera pauta\"}]},{\"@type\":\"WebSite\",\"@id\":\"https:\/\/blogdobispo.com.br\/#website\",\"url\":\"https:\/\/blogdobispo.com.br\/\",\"name\":\"Blog do Bispo\",\"description\":\"Comprometido apenas com o leitor\",\"publisher\":{\"@id\":\"https:\/\/blogdobispo.com.br\/#organization\"},\"potentialAction\":[{\"@type\":\"SearchAction\",\"target\":{\"@type\":\"EntryPoint\",\"urlTemplate\":\"https:\/\/blogdobispo.com.br\/?s={search_term_string}\"},\"query-input\":{\"@type\":\"PropertyValueSpecification\",\"valueRequired\":true,\"valueName\":\"search_term_string\"}}],\"inLanguage\":\"pt-BR\"},{\"@type\":\"Organization\",\"@id\":\"https:\/\/blogdobispo.com.br\/#organization\",\"name\":\"Blog do Bispo\",\"url\":\"https:\/\/blogdobispo.com.br\/\",\"logo\":{\"@type\":\"ImageObject\",\"inLanguage\":\"pt-BR\",\"@id\":\"https:\/\/blogdobispo.com.br\/#\/schema\/logo\/image\/\",\"url\":\"http:\/\/blogdobispo.com.br\/wp-content\/uploads\/2023\/05\/cropped-headear.png\",\"contentUrl\":\"http:\/\/blogdobispo.com.br\/wp-content\/uploads\/2023\/05\/cropped-headear.png\",\"width\":1500,\"height\":399,\"caption\":\"Blog do Bispo\"},\"image\":{\"@id\":\"https:\/\/blogdobispo.com.br\/#\/schema\/logo\/image\/\"}},{\"@type\":\"Person\",\"@id\":\"https:\/\/blogdobispo.com.br\/#\/schema\/person\/e2209cc0e6cea5c5233d033e997b373f\",\"name\":\"Jefferson Sterfeno\",\"image\":{\"@type\":\"ImageObject\",\"inLanguage\":\"pt-BR\",\"@id\":\"https:\/\/blogdobispo.com.br\/#\/schema\/person\/image\/\",\"url\":\"https:\/\/secure.gravatar.com\/avatar\/0534e84764641168a677026b6d57a3f51dc7ac4db0b4f6186d9cb330d4ee1160?s=96&d=mm&r=g\",\"contentUrl\":\"https:\/\/secure.gravatar.com\/avatar\/0534e84764641168a677026b6d57a3f51dc7ac4db0b4f6186d9cb330d4ee1160?s=96&d=mm&r=g\",\"caption\":\"Jefferson Sterfeno\"},\"sameAs\":[\"http:\/\/blogdobispo.com.br\"],\"url\":\"https:\/\/blogdobispo.com.br\/?author=1\"}]}<\/script>\n<!-- \/ Yoast SEO plugin. -->","yoast_head_json":{"title":"Comiss\u00e3o de Justi\u00e7a aprova 11 projetos e zera pauta - Blog do Bispo","robots":{"index":"index","follow":"follow","max-snippet":"max-snippet:-1","max-image-preview":"max-image-preview:large","max-video-preview":"max-video-preview:-1"},"canonical":"https:\/\/blogdobispo.com.br\/?p=1939","og_locale":"pt_BR","og_type":"article","og_title":"Comiss\u00e3o de Justi\u00e7a aprova 11 projetos e zera pauta - Blog do Bispo","og_description":"A Comiss\u00e3o de Legisla\u00e7\u00e3o, Justi\u00e7a e Reda\u00e7\u00e3o Final da C\u00e2mara Municipal de Natal apreciou 17 projetos em reuni\u00e3o nesta segunda-feira (16). Desses, 11 foram aprovados, deixando assim a pauta zerada. &#8220;A Comiss\u00e3o de Justi\u00e7a \u00e9 uma das mais produtivas porque todas as mat\u00e9rias, obrigatoriamente, passam por aqui. Ent\u00e3o, temos, em m\u00e9dia, por ano, mais de [&hellip;]","og_url":"https:\/\/blogdobispo.com.br\/?p=1939","og_site_name":"Blog do Bispo","article_published_time":"2023-10-16T23:59:22+00:00","og_image":[{"url":"https:\/\/www.cmnat.rn.gov.br\/_ups\/noticias\/2023\/10\/16\/47d4d8656a532a644548054446987e78.jpeg","type":"","width":"","height":""}],"author":"Jefferson Sterfeno","twitter_card":"summary_large_image","twitter_misc":{"Escrito por":"Jefferson Sterfeno","Est. tempo de leitura":"2 minutos"},"schema":{"@context":"https:\/\/schema.org","@graph":[{"@type":"Article","@id":"https:\/\/blogdobispo.com.br\/?p=1939#article","isPartOf":{"@id":"https:\/\/blogdobispo.com.br\/?p=1939"},"author":{"name":"Jefferson Sterfeno","@id":"https:\/\/blogdobispo.com.br\/#\/schema\/person\/e2209cc0e6cea5c5233d033e997b373f"},"headline":"Comiss\u00e3o de Justi\u00e7a aprova 11 projetos e zera pauta","datePublished":"2023-10-16T23:59:22+00:00","mainEntityOfPage":{"@id":"https:\/\/blogdobispo.com.br\/?p=1939"},"wordCount":429,"commentCount":0,"publisher":{"@id":"https:\/\/blogdobispo.com.br\/#organization"},"image":{"@id":"https:\/\/blogdobispo.com.br\/?p=1939#primaryimage"},"thumbnailUrl":"https:\/\/www.cmnat.rn.gov.br\/_ups\/noticias\/2023\/10\/16\/47d4d8656a532a644548054446987e78.jpeg","articleSection":["diversos"],"inLanguage":"pt-BR","potentialAction":[{"@type":"CommentAction","name":"Comment","target":["https:\/\/blogdobispo.com.br\/?p=1939#respond"]}]},{"@type":"WebPage","@id":"https:\/\/blogdobispo.com.br\/?p=1939","url":"https:\/\/blogdobispo.com.br\/?p=1939","name":"Comiss\u00e3o de Justi\u00e7a aprova 11 projetos e zera pauta - Blog do Bispo","isPartOf":{"@id":"https:\/\/blogdobispo.com.br\/#website"},"primaryImageOfPage":{"@id":"https:\/\/blogdobispo.com.br\/?p=1939#primaryimage"},"image":{"@id":"https:\/\/blogdobispo.com.br\/?p=1939#primaryimage"},"thumbnailUrl":"https:\/\/www.cmnat.rn.gov.br\/_ups\/noticias\/2023\/10\/16\/47d4d8656a532a644548054446987e78.jpeg","datePublished":"2023-10-16T23:59:22+00:00","breadcrumb":{"@id":"https:\/\/blogdobispo.com.br\/?p=1939#breadcrumb"},"inLanguage":"pt-BR","potentialAction":[{"@type":"ReadAction","target":["https:\/\/blogdobispo.com.br\/?p=1939"]}]},{"@type":"ImageObject","inLanguage":"pt-BR","@id":"https:\/\/blogdobispo.com.br\/?p=1939#primaryimage","url":"https:\/\/www.cmnat.rn.gov.br\/_ups\/noticias\/2023\/10\/16\/47d4d8656a532a644548054446987e78.jpeg","contentUrl":"https:\/\/www.cmnat.rn.gov.br\/_ups\/noticias\/2023\/10\/16\/47d4d8656a532a644548054446987e78.jpeg"},{"@type":"BreadcrumbList","@id":"https:\/\/blogdobispo.com.br\/?p=1939#breadcrumb","itemListElement":[{"@type":"ListItem","position":1,"name":"In\u00edcio","item":"https:\/\/blogdobispo.com.br\/"},{"@type":"ListItem","position":2,"name":"Comiss\u00e3o de Justi\u00e7a aprova 11 projetos e zera pauta"}]},{"@type":"WebSite","@id":"https:\/\/blogdobispo.com.br\/#website","url":"https:\/\/blogdobispo.com.br\/","name":"Blog do Bispo","description":"Comprometido apenas com o leitor","publisher":{"@id":"https:\/\/blogdobispo.com.br\/#organization"},"potentialAction":[{"@type":"SearchAction","target":{"@type":"EntryPoint","urlTemplate":"https:\/\/blogdobispo.com.br\/?s={search_term_string}"},"query-input":{"@type":"PropertyValueSpecification","valueRequired":true,"valueName":"search_term_string"}}],"inLanguage":"pt-BR"},{"@type":"Organization","@id":"https:\/\/blogdobispo.com.br\/#organization","name":"Blog do Bispo","url":"https:\/\/blogdobispo.com.br\/","logo":{"@type":"ImageObject","inLanguage":"pt-BR","@id":"https:\/\/blogdobispo.com.br\/#\/schema\/logo\/image\/","url":"http:\/\/blogdobispo.com.br\/wp-content\/uploads\/2023\/05\/cropped-headear.png","contentUrl":"http:\/\/blogdobispo.com.br\/wp-content\/uploads\/2023\/05\/cropped-headear.png","width":1500,"height":399,"caption":"Blog do Bispo"},"image":{"@id":"https:\/\/blogdobispo.com.br\/#\/schema\/logo\/image\/"}},{"@type":"Person","@id":"https:\/\/blogdobispo.com.br\/#\/schema\/person\/e2209cc0e6cea5c5233d033e997b373f","name":"Jefferson Sterfeno","image":{"@type":"ImageObject","inLanguage":"pt-BR","@id":"https:\/\/blogdobispo.com.br\/#\/schema\/person\/image\/","url":"https:\/\/secure.gravatar.com\/avatar\/0534e84764641168a677026b6d57a3f51dc7ac4db0b4f6186d9cb330d4ee1160?s=96&d=mm&r=g","contentUrl":"https:\/\/secure.gravatar.com\/avatar\/0534e84764641168a677026b6d57a3f51dc7ac4db0b4f6186d9cb330d4ee1160?s=96&d=mm&r=g","caption":"Jefferson Sterfeno"},"sameAs":["http:\/\/blogdobispo.com.br"],"url":"https:\/\/blogdobispo.com.br\/?author=1"}]}},"featured_image_urls":{"full":"","thumbnail":"","medium":"","medium_large":"","large":"","1536x1536":"","2048x2048":""},"author_info":{"display_name":"Jefferson Sterfeno","author_link":"https:\/\/blogdobispo.com.br\/?author=1"},"category_info":"<a href=\"https:\/\/blogdobispo.com.br\/?cat=1\" rel=\"category\">diversos<\/a>","tag_info":"diversos","comment_count":"0","jetpack_featured_media_url":"","jetpack_sharing_enabled":true,"_links":{"self":[{"href":"https:\/\/blogdobispo.com.br\/index.php?rest_route=\/wp\/v2\/posts\/1939","targetHints":{"allow":["GET"]}}],"collection":[{"href":"https:\/\/blogdobispo.com.br\/index.php?rest_route=\/wp\/v2\/posts"}],"about":[{"href":"https:\/\/blogdobispo.com.br\/index.php?rest_route=\/wp\/v2\/types\/post"}],"author":[{"embeddable":true,"href":"https:\/\/blogdobispo.com.br\/index.php?rest_route=\/wp\/v2\/users\/1"}],"replies":[{"embeddable":true,"href":"https:\/\/blogdobispo.com.br\/index.php?rest_route=%2Fwp%2Fv2%2Fcomments&post=1939"}],"version-history":[{"count":0,"href":"https:\/\/blogdobispo.com.br\/index.php?rest_route=\/wp\/v2\/posts\/1939\/revisions"}],"wp:attachment":[{"href":"https:\/\/blogdobispo.com.br\/index.php?rest_route=%2Fwp%2Fv2%2Fmedia&parent=1939"}],"wp:term":[{"taxonomy":"category","embeddable":true,"href":"https:\/\/blogdobispo.com.br\/index.php?rest_route=%2Fwp%2Fv2%2Fcategories&post=1939"},{"taxonomy":"post_tag","embeddable":true,"href":"https:\/\/blogdobispo.com.br\/index.php?rest_route=%2Fwp%2Fv2%2Ftags&post=1939"}],"curies":[{"name":"wp","href":"https:\/\/api.w.org\/{rel}","templated":true}]}}