{"id":1938,"date":"2023-10-16T23:56:32","date_gmt":"2023-10-16T23:56:32","guid":{"rendered":"https:\/\/blogdobispo.com.br\/?p=1938"},"modified":"2023-10-17T00:23:19","modified_gmt":"2023-10-17T00:23:19","slug":"luta-de-aroldo-alves-pontilhao-de-cidade-nova-finalmente-sai-do-papel","status":"publish","type":"post","link":"https:\/\/blogdobispo.com.br\/?p=1938","title":{"rendered":"Luta de Aroldo Alves: Pontilh\u00e3o de Cidade Nova finalmente saiu do papel"},"content":{"rendered":"\n<p>O Prefeito \u00c1lvaro Dias assinou na tarde desta segunda-feira (16), a ordem de servi\u00e7o para a constru\u00e7\u00e3o do Pontilh\u00e3o Cidade Nova, interligando a Avenida Solange Nunes com a Rua Engenheiro Jo\u00e3o H\u00e9lio, encerrando o problema de congestionamento de ve\u00edculos no local.<\/p>\n\n\n\n<p>O Pontilh\u00e3o tem como objetivo principal eliminar o problema de congestionamento de ve\u00edculos na \u00e1rea, proporcionando uma alternativa mais eficiente para a passagem de ve\u00edculos sobre a linha f\u00e9rrea que divide os bairros de Cidade Nova e Planalto. Esta passagem em n\u00edvel estava causando problemas de tr\u00e1fego e seguran\u00e7a h\u00e1 mais de duas d\u00e9cadas.<\/p>\n\n\n\n<p>O pontilh\u00e3o foi uma luta de Aroldo Alves h\u00e1 20 anos. E come\u00e7ou a virar realidade com a emenda do ent\u00e3o Ministro Rog\u00e9rio Marinho que destinou recursos para a obra que beneficiar\u00e1 mais de 75 mil moradores da regi\u00e3o.<\/p>\n\n\n\n<figure class=\"wp-block-image size-large\"><img data-recalc-dims=\"1\" fetchpriority=\"high\" decoding=\"async\" width=\"800\" height=\"849\" src=\"https:\/\/i0.wp.com\/blogdobispo.com.br\/wp-content\/uploads\/2023\/10\/img_3356-1.jpg?resize=800%2C849&#038;ssl=1\" alt=\"\" class=\"wp-image-1937\" srcset=\"https:\/\/i0.wp.com\/blogdobispo.com.br\/wp-content\/uploads\/2023\/10\/img_3356-1.jpg?w=828&amp;ssl=1 828w, https:\/\/i0.wp.com\/blogdobispo.com.br\/wp-content\/uploads\/2023\/10\/img_3356-1.jpg?resize=283%2C300&amp;ssl=1 283w, https:\/\/i0.wp.com\/blogdobispo.com.br\/wp-content\/uploads\/2023\/10\/img_3356-1.jpg?resize=768%2C815&amp;ssl=1 768w\" sizes=\"(max-width: 800px) 100vw, 800px\" \/><\/figure>\n\n\n\n<p>A constru\u00e7\u00e3o do Pontilh\u00e3o Cidade Nova \u00e9 uma excelente not\u00edcia para a popula\u00e7\u00e3o de Natal e demonstra o compromisso da prefeitura em melhorar a infraestrutura da cidade, tornando-a mais acess\u00edvel e segura.<\/p>\n","protected":false},"excerpt":{"rendered":"<p>O Prefeito \u00c1lvaro Dias assinou na tarde desta segunda-feira (16), a ordem de servi\u00e7o para a constru\u00e7\u00e3o do Pontilh\u00e3o Cidade Nova, interligando a Avenida Solange Nunes com a Rua Engenheiro Jo\u00e3o H\u00e9lio, encerrando o problema de congestionamento de ve\u00edculos no local. O Pontilh\u00e3o tem como objetivo principal eliminar o problema de congestionamento de ve\u00edculos na [&hellip;]<\/p>\n","protected":false},"author":1,"featured_media":0,"comment_status":"open","ping_status":"open","sticky":false,"template":"","format":"standard","meta":{"cybocfi_hide_featured_image":"","_jetpack_memberships_contains_paid_content":false,"footnotes":""},"categories":[1],"tags":[],"class_list":["post-1938","post","type-post","status-publish","format-standard","hentry","category-diversos"],"yoast_head":"<!-- This site is optimized with the Yoast SEO plugin v25.6 - https:\/\/yoast.com\/wordpress\/plugins\/seo\/ -->\n<title>Luta de Aroldo Alves: Pontilh\u00e3o de Cidade Nova finalmente saiu do papel - Blog do Bispo<\/title>\n<meta name=\"robots\" content=\"index, follow, max-snippet:-1, max-image-preview:large, max-video-preview:-1\" \/>\n<link rel=\"canonical\" href=\"https:\/\/blogdobispo.com.br\/?p=1938\" \/>\n<meta property=\"og:locale\" content=\"pt_BR\" \/>\n<meta property=\"og:type\" content=\"article\" \/>\n<meta property=\"og:title\" content=\"Luta de Aroldo Alves: Pontilh\u00e3o de Cidade Nova finalmente saiu do papel - Blog do Bispo\" \/>\n<meta property=\"og:description\" content=\"O Prefeito \u00c1lvaro Dias assinou na tarde desta segunda-feira (16), a ordem de servi\u00e7o para a constru\u00e7\u00e3o do Pontilh\u00e3o Cidade Nova, interligando a Avenida Solange Nunes com a Rua Engenheiro Jo\u00e3o H\u00e9lio, encerrando o problema de congestionamento de ve\u00edculos no local. O Pontilh\u00e3o tem como objetivo principal eliminar o problema de congestionamento de ve\u00edculos na [&hellip;]\" \/>\n<meta property=\"og:url\" content=\"https:\/\/blogdobispo.com.br\/?p=1938\" \/>\n<meta property=\"og:site_name\" content=\"Blog do Bispo\" \/>\n<meta property=\"article:published_time\" content=\"2023-10-16T23:56:32+00:00\" \/>\n<meta property=\"article:modified_time\" content=\"2023-10-17T00:23:19+00:00\" \/>\n<meta property=\"og:image\" content=\"https:\/\/blogdobispo.com.br\/wp-content\/uploads\/2023\/10\/img_3356-1.jpg\" \/>\n<meta name=\"author\" content=\"Jefferson Sterfeno\" \/>\n<meta name=\"twitter:card\" content=\"summary_large_image\" \/>\n<meta name=\"twitter:label1\" content=\"Escrito por\" \/>\n\t<meta name=\"twitter:data1\" content=\"Jefferson Sterfeno\" \/>\n\t<meta name=\"twitter:label2\" content=\"Est. tempo de leitura\" \/>\n\t<meta name=\"twitter:data2\" content=\"1 minuto\" \/>\n<script type=\"application\/ld+json\" class=\"yoast-schema-graph\">{\"@context\":\"https:\/\/schema.org\",\"@graph\":[{\"@type\":\"Article\",\"@id\":\"https:\/\/blogdobispo.com.br\/?p=1938#article\",\"isPartOf\":{\"@id\":\"https:\/\/blogdobispo.com.br\/?p=1938\"},\"author\":{\"name\":\"Jefferson Sterfeno\",\"@id\":\"https:\/\/blogdobispo.com.br\/#\/schema\/person\/e2209cc0e6cea5c5233d033e997b373f\"},\"headline\":\"Luta de Aroldo Alves: Pontilh\u00e3o de Cidade Nova finalmente saiu do papel\",\"datePublished\":\"2023-10-16T23:56:32+00:00\",\"dateModified\":\"2023-10-17T00:23:19+00:00\",\"mainEntityOfPage\":{\"@id\":\"https:\/\/blogdobispo.com.br\/?p=1938\"},\"wordCount\":199,\"commentCount\":5,\"publisher\":{\"@id\":\"https:\/\/blogdobispo.com.br\/#organization\"},\"image\":{\"@id\":\"https:\/\/blogdobispo.com.br\/?p=1938#primaryimage\"},\"thumbnailUrl\":\"https:\/\/blogdobispo.com.br\/wp-content\/uploads\/2023\/10\/img_3356-1.jpg\",\"articleSection\":[\"diversos\"],\"inLanguage\":\"pt-BR\",\"potentialAction\":[{\"@type\":\"CommentAction\",\"name\":\"Comment\",\"target\":[\"https:\/\/blogdobispo.com.br\/?p=1938#respond\"]}]},{\"@type\":\"WebPage\",\"@id\":\"https:\/\/blogdobispo.com.br\/?p=1938\",\"url\":\"https:\/\/blogdobispo.com.br\/?p=1938\",\"name\":\"Luta de Aroldo Alves: Pontilh\u00e3o de Cidade Nova finalmente saiu do papel - Blog do Bispo\",\"isPartOf\":{\"@id\":\"https:\/\/blogdobispo.com.br\/#website\"},\"primaryImageOfPage\":{\"@id\":\"https:\/\/blogdobispo.com.br\/?p=1938#primaryimage\"},\"image\":{\"@id\":\"https:\/\/blogdobispo.com.br\/?p=1938#primaryimage\"},\"thumbnailUrl\":\"https:\/\/blogdobispo.com.br\/wp-content\/uploads\/2023\/10\/img_3356-1.jpg\",\"datePublished\":\"2023-10-16T23:56:32+00:00\",\"dateModified\":\"2023-10-17T00:23:19+00:00\",\"breadcrumb\":{\"@id\":\"https:\/\/blogdobispo.com.br\/?p=1938#breadcrumb\"},\"inLanguage\":\"pt-BR\",\"potentialAction\":[{\"@type\":\"ReadAction\",\"target\":[\"https:\/\/blogdobispo.com.br\/?p=1938\"]}]},{\"@type\":\"ImageObject\",\"inLanguage\":\"pt-BR\",\"@id\":\"https:\/\/blogdobispo.com.br\/?p=1938#primaryimage\",\"url\":\"https:\/\/blogdobispo.com.br\/wp-content\/uploads\/2023\/10\/img_3356-1.jpg\",\"contentUrl\":\"https:\/\/blogdobispo.com.br\/wp-content\/uploads\/2023\/10\/img_3356-1.jpg\"},{\"@type\":\"BreadcrumbList\",\"@id\":\"https:\/\/blogdobispo.com.br\/?p=1938#breadcrumb\",\"itemListElement\":[{\"@type\":\"ListItem\",\"position\":1,\"name\":\"In\u00edcio\",\"item\":\"https:\/\/blogdobispo.com.br\/\"},{\"@type\":\"ListItem\",\"position\":2,\"name\":\"Luta de Aroldo Alves: Pontilh\u00e3o de Cidade Nova finalmente saiu do papel\"}]},{\"@type\":\"WebSite\",\"@id\":\"https:\/\/blogdobispo.com.br\/#website\",\"url\":\"https:\/\/blogdobispo.com.br\/\",\"name\":\"Blog do Bispo\",\"description\":\"Comprometido apenas com o leitor\",\"publisher\":{\"@id\":\"https:\/\/blogdobispo.com.br\/#organization\"},\"potentialAction\":[{\"@type\":\"SearchAction\",\"target\":{\"@type\":\"EntryPoint\",\"urlTemplate\":\"https:\/\/blogdobispo.com.br\/?s={search_term_string}\"},\"query-input\":{\"@type\":\"PropertyValueSpecification\",\"valueRequired\":true,\"valueName\":\"search_term_string\"}}],\"inLanguage\":\"pt-BR\"},{\"@type\":\"Organization\",\"@id\":\"https:\/\/blogdobispo.com.br\/#organization\",\"name\":\"Blog do Bispo\",\"url\":\"https:\/\/blogdobispo.com.br\/\",\"logo\":{\"@type\":\"ImageObject\",\"inLanguage\":\"pt-BR\",\"@id\":\"https:\/\/blogdobispo.com.br\/#\/schema\/logo\/image\/\",\"url\":\"http:\/\/blogdobispo.com.br\/wp-content\/uploads\/2023\/05\/cropped-headear.png\",\"contentUrl\":\"http:\/\/blogdobispo.com.br\/wp-content\/uploads\/2023\/05\/cropped-headear.png\",\"width\":1500,\"height\":399,\"caption\":\"Blog do Bispo\"},\"image\":{\"@id\":\"https:\/\/blogdobispo.com.br\/#\/schema\/logo\/image\/\"}},{\"@type\":\"Person\",\"@id\":\"https:\/\/blogdobispo.com.br\/#\/schema\/person\/e2209cc0e6cea5c5233d033e997b373f\",\"name\":\"Jefferson Sterfeno\",\"image\":{\"@type\":\"ImageObject\",\"inLanguage\":\"pt-BR\",\"@id\":\"https:\/\/blogdobispo.com.br\/#\/schema\/person\/image\/\",\"url\":\"https:\/\/secure.gravatar.com\/avatar\/0534e84764641168a677026b6d57a3f51dc7ac4db0b4f6186d9cb330d4ee1160?s=96&d=mm&r=g\",\"contentUrl\":\"https:\/\/secure.gravatar.com\/avatar\/0534e84764641168a677026b6d57a3f51dc7ac4db0b4f6186d9cb330d4ee1160?s=96&d=mm&r=g\",\"caption\":\"Jefferson Sterfeno\"},\"sameAs\":[\"http:\/\/blogdobispo.com.br\"],\"url\":\"https:\/\/blogdobispo.com.br\/?author=1\"}]}<\/script>\n<!-- \/ Yoast SEO plugin. -->","yoast_head_json":{"title":"Luta de Aroldo Alves: Pontilh\u00e3o de Cidade Nova finalmente saiu do papel - Blog do Bispo","robots":{"index":"index","follow":"follow","max-snippet":"max-snippet:-1","max-image-preview":"max-image-preview:large","max-video-preview":"max-video-preview:-1"},"canonical":"https:\/\/blogdobispo.com.br\/?p=1938","og_locale":"pt_BR","og_type":"article","og_title":"Luta de Aroldo Alves: Pontilh\u00e3o de Cidade Nova finalmente saiu do papel - Blog do Bispo","og_description":"O Prefeito \u00c1lvaro Dias assinou na tarde desta segunda-feira (16), a ordem de servi\u00e7o para a constru\u00e7\u00e3o do Pontilh\u00e3o Cidade Nova, interligando a Avenida Solange Nunes com a Rua Engenheiro Jo\u00e3o H\u00e9lio, encerrando o problema de congestionamento de ve\u00edculos no local. O Pontilh\u00e3o tem como objetivo principal eliminar o problema de congestionamento de ve\u00edculos na [&hellip;]","og_url":"https:\/\/blogdobispo.com.br\/?p=1938","og_site_name":"Blog do Bispo","article_published_time":"2023-10-16T23:56:32+00:00","article_modified_time":"2023-10-17T00:23:19+00:00","og_image":[{"url":"https:\/\/blogdobispo.com.br\/wp-content\/uploads\/2023\/10\/img_3356-1.jpg","type":"","width":"","height":""}],"author":"Jefferson Sterfeno","twitter_card":"summary_large_image","twitter_misc":{"Escrito por":"Jefferson Sterfeno","Est. tempo de leitura":"1 minuto"},"schema":{"@context":"https:\/\/schema.org","@graph":[{"@type":"Article","@id":"https:\/\/blogdobispo.com.br\/?p=1938#article","isPartOf":{"@id":"https:\/\/blogdobispo.com.br\/?p=1938"},"author":{"name":"Jefferson Sterfeno","@id":"https:\/\/blogdobispo.com.br\/#\/schema\/person\/e2209cc0e6cea5c5233d033e997b373f"},"headline":"Luta de Aroldo Alves: Pontilh\u00e3o de Cidade Nova finalmente saiu do papel","datePublished":"2023-10-16T23:56:32+00:00","dateModified":"2023-10-17T00:23:19+00:00","mainEntityOfPage":{"@id":"https:\/\/blogdobispo.com.br\/?p=1938"},"wordCount":199,"commentCount":5,"publisher":{"@id":"https:\/\/blogdobispo.com.br\/#organization"},"image":{"@id":"https:\/\/blogdobispo.com.br\/?p=1938#primaryimage"},"thumbnailUrl":"https:\/\/blogdobispo.com.br\/wp-content\/uploads\/2023\/10\/img_3356-1.jpg","articleSection":["diversos"],"inLanguage":"pt-BR","potentialAction":[{"@type":"CommentAction","name":"Comment","target":["https:\/\/blogdobispo.com.br\/?p=1938#respond"]}]},{"@type":"WebPage","@id":"https:\/\/blogdobispo.com.br\/?p=1938","url":"https:\/\/blogdobispo.com.br\/?p=1938","name":"Luta de Aroldo Alves: Pontilh\u00e3o de Cidade Nova finalmente saiu do papel - Blog do Bispo","isPartOf":{"@id":"https:\/\/blogdobispo.com.br\/#website"},"primaryImageOfPage":{"@id":"https:\/\/blogdobispo.com.br\/?p=1938#primaryimage"},"image":{"@id":"https:\/\/blogdobispo.com.br\/?p=1938#primaryimage"},"thumbnailUrl":"https:\/\/blogdobispo.com.br\/wp-content\/uploads\/2023\/10\/img_3356-1.jpg","datePublished":"2023-10-16T23:56:32+00:00","dateModified":"2023-10-17T00:23:19+00:00","breadcrumb":{"@id":"https:\/\/blogdobispo.com.br\/?p=1938#breadcrumb"},"inLanguage":"pt-BR","potentialAction":[{"@type":"ReadAction","target":["https:\/\/blogdobispo.com.br\/?p=1938"]}]},{"@type":"ImageObject","inLanguage":"pt-BR","@id":"https:\/\/blogdobispo.com.br\/?p=1938#primaryimage","url":"https:\/\/blogdobispo.com.br\/wp-content\/uploads\/2023\/10\/img_3356-1.jpg","contentUrl":"https:\/\/blogdobispo.com.br\/wp-content\/uploads\/2023\/10\/img_3356-1.jpg"},{"@type":"BreadcrumbList","@id":"https:\/\/blogdobispo.com.br\/?p=1938#breadcrumb","itemListElement":[{"@type":"ListItem","position":1,"name":"In\u00edcio","item":"https:\/\/blogdobispo.com.br\/"},{"@type":"ListItem","position":2,"name":"Luta de Aroldo Alves: Pontilh\u00e3o de Cidade Nova finalmente saiu do papel"}]},{"@type":"WebSite","@id":"https:\/\/blogdobispo.com.br\/#website","url":"https:\/\/blogdobispo.com.br\/","name":"Blog do Bispo","description":"Comprometido apenas com o leitor","publisher":{"@id":"https:\/\/blogdobispo.com.br\/#organization"},"potentialAction":[{"@type":"SearchAction","target":{"@type":"EntryPoint","urlTemplate":"https:\/\/blogdobispo.com.br\/?s={search_term_string}"},"query-input":{"@type":"PropertyValueSpecification","valueRequired":true,"valueName":"search_term_string"}}],"inLanguage":"pt-BR"},{"@type":"Organization","@id":"https:\/\/blogdobispo.com.br\/#organization","name":"Blog do Bispo","url":"https:\/\/blogdobispo.com.br\/","logo":{"@type":"ImageObject","inLanguage":"pt-BR","@id":"https:\/\/blogdobispo.com.br\/#\/schema\/logo\/image\/","url":"http:\/\/blogdobispo.com.br\/wp-content\/uploads\/2023\/05\/cropped-headear.png","contentUrl":"http:\/\/blogdobispo.com.br\/wp-content\/uploads\/2023\/05\/cropped-headear.png","width":1500,"height":399,"caption":"Blog do Bispo"},"image":{"@id":"https:\/\/blogdobispo.com.br\/#\/schema\/logo\/image\/"}},{"@type":"Person","@id":"https:\/\/blogdobispo.com.br\/#\/schema\/person\/e2209cc0e6cea5c5233d033e997b373f","name":"Jefferson Sterfeno","image":{"@type":"ImageObject","inLanguage":"pt-BR","@id":"https:\/\/blogdobispo.com.br\/#\/schema\/person\/image\/","url":"https:\/\/secure.gravatar.com\/avatar\/0534e84764641168a677026b6d57a3f51dc7ac4db0b4f6186d9cb330d4ee1160?s=96&d=mm&r=g","contentUrl":"https:\/\/secure.gravatar.com\/avatar\/0534e84764641168a677026b6d57a3f51dc7ac4db0b4f6186d9cb330d4ee1160?s=96&d=mm&r=g","caption":"Jefferson Sterfeno"},"sameAs":["http:\/\/blogdobispo.com.br"],"url":"https:\/\/blogdobispo.com.br\/?author=1"}]}},"featured_image_urls":{"full":"","thumbnail":"","medium":"","medium_large":"","large":"","1536x1536":"","2048x2048":""},"author_info":{"display_name":"Jefferson Sterfeno","author_link":"https:\/\/blogdobispo.com.br\/?author=1"},"category_info":"<a href=\"https:\/\/blogdobispo.com.br\/?cat=1\" rel=\"category\">diversos<\/a>","tag_info":"diversos","comment_count":"5","jetpack_featured_media_url":"","jetpack_sharing_enabled":true,"_links":{"self":[{"href":"https:\/\/blogdobispo.com.br\/index.php?rest_route=\/wp\/v2\/posts\/1938","targetHints":{"allow":["GET"]}}],"collection":[{"href":"https:\/\/blogdobispo.com.br\/index.php?rest_route=\/wp\/v2\/posts"}],"about":[{"href":"https:\/\/blogdobispo.com.br\/index.php?rest_route=\/wp\/v2\/types\/post"}],"author":[{"embeddable":true,"href":"https:\/\/blogdobispo.com.br\/index.php?rest_route=\/wp\/v2\/users\/1"}],"replies":[{"embeddable":true,"href":"https:\/\/blogdobispo.com.br\/index.php?rest_route=%2Fwp%2Fv2%2Fcomments&post=1938"}],"version-history":[{"count":1,"href":"https:\/\/blogdobispo.com.br\/index.php?rest_route=\/wp\/v2\/posts\/1938\/revisions"}],"predecessor-version":[{"id":1940,"href":"https:\/\/blogdobispo.com.br\/index.php?rest_route=\/wp\/v2\/posts\/1938\/revisions\/1940"}],"wp:attachment":[{"href":"https:\/\/blogdobispo.com.br\/index.php?rest_route=%2Fwp%2Fv2%2Fmedia&parent=1938"}],"wp:term":[{"taxonomy":"category","embeddable":true,"href":"https:\/\/blogdobispo.com.br\/index.php?rest_route=%2Fwp%2Fv2%2Fcategories&post=1938"},{"taxonomy":"post_tag","embeddable":true,"href":"https:\/\/blogdobispo.com.br\/index.php?rest_route=%2Fwp%2Fv2%2Ftags&post=1938"}],"curies":[{"name":"wp","href":"https:\/\/api.w.org\/{rel}","templated":true}]}}