{"id":19376,"date":"2026-03-13T15:58:24","date_gmt":"2026-03-13T15:58:24","guid":{"rendered":"https:\/\/blogdobispo.com.br\/?p=19376"},"modified":"2026-03-13T15:58:24","modified_gmt":"2026-03-13T15:58:24","slug":"cmn-aprova-projetos-para-servidores-campanhas-de-saude-publica-e-cuidado-animal","status":"publish","type":"post","link":"https:\/\/blogdobispo.com.br\/?p=19376","title":{"rendered":"CMN aprova projetos para servidores, campanhas de sa\u00fade p\u00fablica e cuidado animal"},"content":{"rendered":"<p>A C\u00e2mara Municipal de Natal votou, na sess\u00e3o plen\u00e1ria desta quinta-feira (12), dez projetos de lei, dos quais, cinco foram em segunda discuss\u00e3o e, agora, ser\u00e3o enviados para san\u00e7\u00e3o do Prefeito da Capital. Entre estas, os vereadores aprovaram mat\u00e9rias com temas relacionados a reajustes para servidores, campanhas de sa\u00fade p\u00fablica e para puni\u00e7\u00e3o de agressores de animais.<\/p>\n<p>No in\u00edcio da sess\u00e3o os vereadores aprovaram o projeto de lei (PL) 02\/2026, de autoria do Chefe do Executivo, o qual define o reajuste do vale alimenta\u00e7\u00e3o para guardas municipais e vigilantes do munic\u00edpio de Natal. De acordo com o l\u00edder do Prefeito na C\u00e2mara, vereador Aldo Clemente (PSDB), o Executivo mant\u00e9m a responsabilidade fiscal e or\u00e7ament\u00e1ria mesmo atendendo a demanda das categorias de servidores p\u00fablicos da cidade.<\/p>\n<p>\u201cO prefeito Paulinho Freire tem uma grande responsabilidade na parte fiscal e or\u00e7ament\u00e1ria de Natal, e est\u00e1 tentando atender as categorias como um todo. Foi contemplado, agora, esse reajuste do aux\u00edlio de alimenta\u00e7\u00e3o para os guardas municipais. Esse projeto, \u00e9 bom que se diga, foi costurado e constru\u00eddo dentro de um acordo com o sindicato, com os guardas e com tamb\u00e9m a Prefeitura. A C\u00e2mara est\u00e1 no seu papel de aprovar o projeto e mandar para a san\u00e7\u00e3o do prefeito\u201d, declarou Aldo Clemente.<\/p>\n<p>Dentro da tem\u00e1tica da sa\u00fade, os vereadores aprovaram dois projetos de lei. O primeiro \u00e9 o PL 226\/2025, proposto pelo vereador Cleiton da Policl\u00ednica (PSDB), o qual institui a Campanha Municipal de Aten\u00e7\u00e3o \u00e0 Sa\u00fade do Homem. Para o autor, a\u00e7\u00f5es como esta s\u00e3o necess\u00e1rias para romper com ideias preconceituosas acerca do cuidado do homem com sua sa\u00fade.<\/p>\n<p>\u201cN\u00f3s precisamos trazer essa discuss\u00e3o para a sociedade. O homem tem aquele tabu de n\u00e3o procurar as unidades de sa\u00fade, n\u00e3o procurar se prevenir. O projeto traz essa discuss\u00e3o, para que o homem tamb\u00e9m venha realizar suas preven\u00e7\u00f5es. A gente costuma falar da sa\u00fade do homem s\u00f3 quando se trata da campanha contra o c\u00e2ncer de pr\u00f3stata. Mas, no dia a dia, estamos vendo v\u00e1rios homens morrendo de AVC ou com diabetes, por exemplo. Ent\u00e3o, o objetivo \u00e9 esse, trazer o homem para a centralidade dessa discuss\u00e3o\u201d, explicou o parlamentar.<\/p>\n<p>O segundo projeto no campo da sa\u00fade \u00e9 o PL 439\/2025, de autoria da vereadora Thabatta Pimenta (PSOL), e que inclui no calend\u00e1rio de eventos oficiais do munic\u00edpio de Natal a campanha Junho Verde, destinada \u00e0 conscientiza\u00e7\u00e3o sobre a escoliose. De acordo com a propositora da mat\u00e9ria, a campanha ser\u00e1 voltada para todos os p\u00fablicos, uma vez que, descoberta na inf\u00e2ncia, a escoliose \u00e9 de f\u00e1cil tratamento.<\/p>\n<p>\u201cA gente quer conscientizar a popula\u00e7\u00e3o sobre a escoliose, partindo das nossas crian\u00e7as e adolescentes, porque \u00e9 uma doen\u00e7a trat\u00e1vel quando \u00e9 descoberta ainda na inf\u00e2ncia. Mas, tamb\u00e9m, nos adultos que de alguma forma n\u00e3o puderam se tratar e hoje possuem alguma defici\u00eancia. E, como \u00e9 um tema importante, criando o Junho Verde para conscientizar sobre a escoliose, sobre a necessidade de a gente falar sobre o tema e conscientizar a popula\u00e7\u00e3o natalense\u201d, afirmou a vereadora.<\/p>\n<p>O Plen\u00e1rio da C\u00e2mara aprovou, ainda, o projeto de lei 03\/2025, proposto pelo vereador Robson Carvalho (Uni\u00e3o Brasil), o qual aborda a responsabiliza\u00e7\u00e3o dos infratores por maus-tratos contra animais. Entre os atos de responsabiliza\u00e7\u00e3o descritos na mat\u00e9ria, os infratores ser\u00e3o obrigados a arcar com eventuais custos de tratamento veterin\u00e1rio, inclusive se estes forem realizados pelo poder p\u00fablico.<\/p>\n<p>\u201cNosso projeto de lei determina que obriga o infrator por crimes de maus tratos, al\u00e9m da legisla\u00e7\u00e3o criminal, que \u00e9 pena de reclus\u00e3o de at\u00e9 25 anos, de ressarcir todos os custos do tratamento desse animal, seja na consulta, seja em exames, seja no tratamento, seja no internamento. E, al\u00e9m disso, ele perder\u00e1 a tutela do animal e n\u00e3o poder\u00e1 ter outros animais durante 10 anos. Se for reincidente, esse per\u00edodo dobrar\u00e1, ou seja, 20 anos\u201d, explicou o vereador Robson Carvalho.<\/p>\n<p>Texto: Cleber Femina<br \/>\nFotos: Francisco de Assis<img data-recalc-dims=\"1\" fetchpriority=\"high\" decoding=\"async\" class=\"alignnone size-medium wp-image-19377\" src=\"https:\/\/i0.wp.com\/blogdobispo.com.br\/wp-content\/uploads\/2026\/03\/e4640fc4831de3f3aa428b63b930a39a.jpg?resize=300%2C211\" alt=\"\" width=\"300\" height=\"211\" srcset=\"https:\/\/i0.wp.com\/blogdobispo.com.br\/wp-content\/uploads\/2026\/03\/e4640fc4831de3f3aa428b63b930a39a.jpg?resize=300%2C211&amp;ssl=1 300w, https:\/\/i0.wp.com\/blogdobispo.com.br\/wp-content\/uploads\/2026\/03\/e4640fc4831de3f3aa428b63b930a39a.jpg?resize=1024%2C721&amp;ssl=1 1024w, https:\/\/i0.wp.com\/blogdobispo.com.br\/wp-content\/uploads\/2026\/03\/e4640fc4831de3f3aa428b63b930a39a.jpg?resize=768%2C541&amp;ssl=1 768w, https:\/\/i0.wp.com\/blogdobispo.com.br\/wp-content\/uploads\/2026\/03\/e4640fc4831de3f3aa428b63b930a39a.jpg?resize=1536%2C1082&amp;ssl=1 1536w, https:\/\/i0.wp.com\/blogdobispo.com.br\/wp-content\/uploads\/2026\/03\/e4640fc4831de3f3aa428b63b930a39a.jpg?w=1600&amp;ssl=1 1600w\" sizes=\"(max-width: 300px) 100vw, 300px\" \/><\/p>\n","protected":false},"excerpt":{"rendered":"<p>A C\u00e2mara Municipal de Natal votou, na sess\u00e3o plen\u00e1ria desta quinta-feira (12), dez projetos de lei, dos quais, cinco foram em segunda discuss\u00e3o e, agora, ser\u00e3o enviados para san\u00e7\u00e3o do Prefeito da Capital. Entre estas, os vereadores aprovaram mat\u00e9rias com temas relacionados a reajustes para servidores, campanhas de sa\u00fade p\u00fablica e para puni\u00e7\u00e3o de agressores [&hellip;]<\/p>\n","protected":false},"author":1,"featured_media":19377,"comment_status":"open","ping_status":"open","sticky":false,"template":"","format":"standard","meta":{"cybocfi_hide_featured_image":"","_jetpack_memberships_contains_paid_content":false,"footnotes":""},"categories":[1],"tags":[],"class_list":["post-19376","post","type-post","status-publish","format-standard","has-post-thumbnail","hentry","category-diversos"],"yoast_head":"<!-- This site is optimized with the Yoast SEO plugin v25.6 - https:\/\/yoast.com\/wordpress\/plugins\/seo\/ -->\n<title>CMN aprova projetos para servidores, campanhas de sa\u00fade p\u00fablica e cuidado animal - Blog do Bispo<\/title>\n<meta name=\"robots\" content=\"index, follow, max-snippet:-1, max-image-preview:large, max-video-preview:-1\" \/>\n<link rel=\"canonical\" href=\"https:\/\/blogdobispo.com.br\/?p=19376\" \/>\n<meta property=\"og:locale\" content=\"pt_BR\" \/>\n<meta property=\"og:type\" content=\"article\" \/>\n<meta property=\"og:title\" content=\"CMN aprova projetos para servidores, campanhas de sa\u00fade p\u00fablica e cuidado animal - Blog do Bispo\" \/>\n<meta property=\"og:description\" content=\"A C\u00e2mara Municipal de Natal votou, na sess\u00e3o plen\u00e1ria desta quinta-feira (12), dez projetos de lei, dos quais, cinco foram em segunda discuss\u00e3o e, agora, ser\u00e3o enviados para san\u00e7\u00e3o do Prefeito da Capital. Entre estas, os vereadores aprovaram mat\u00e9rias com temas relacionados a reajustes para servidores, campanhas de sa\u00fade p\u00fablica e para puni\u00e7\u00e3o de agressores [&hellip;]\" \/>\n<meta property=\"og:url\" content=\"https:\/\/blogdobispo.com.br\/?p=19376\" \/>\n<meta property=\"og:site_name\" content=\"Blog do Bispo\" \/>\n<meta property=\"article:published_time\" content=\"2026-03-13T15:58:24+00:00\" \/>\n<meta property=\"og:image\" content=\"http:\/\/blogdobispo.com.br\/wp-content\/uploads\/2026\/03\/e4640fc4831de3f3aa428b63b930a39a.jpg\" \/>\n\t<meta property=\"og:image:width\" content=\"1600\" \/>\n\t<meta property=\"og:image:height\" content=\"1127\" \/>\n\t<meta property=\"og:image:type\" content=\"image\/jpeg\" \/>\n<meta name=\"author\" content=\"Jefferson Sterfeno\" \/>\n<meta name=\"twitter:card\" content=\"summary_large_image\" \/>\n<meta name=\"twitter:label1\" content=\"Escrito por\" \/>\n\t<meta name=\"twitter:data1\" content=\"Jefferson Sterfeno\" \/>\n\t<meta name=\"twitter:label2\" content=\"Est. tempo de leitura\" \/>\n\t<meta name=\"twitter:data2\" content=\"4 minutos\" \/>\n<script type=\"application\/ld+json\" class=\"yoast-schema-graph\">{\"@context\":\"https:\/\/schema.org\",\"@graph\":[{\"@type\":\"Article\",\"@id\":\"https:\/\/blogdobispo.com.br\/?p=19376#article\",\"isPartOf\":{\"@id\":\"https:\/\/blogdobispo.com.br\/?p=19376\"},\"author\":{\"name\":\"Jefferson Sterfeno\",\"@id\":\"https:\/\/blogdobispo.com.br\/#\/schema\/person\/e2209cc0e6cea5c5233d033e997b373f\"},\"headline\":\"CMN aprova projetos para servidores, campanhas de sa\u00fade p\u00fablica e cuidado animal\",\"datePublished\":\"2026-03-13T15:58:24+00:00\",\"mainEntityOfPage\":{\"@id\":\"https:\/\/blogdobispo.com.br\/?p=19376\"},\"wordCount\":722,\"commentCount\":0,\"publisher\":{\"@id\":\"https:\/\/blogdobispo.com.br\/#organization\"},\"image\":{\"@id\":\"https:\/\/blogdobispo.com.br\/?p=19376#primaryimage\"},\"thumbnailUrl\":\"https:\/\/i0.wp.com\/blogdobispo.com.br\/wp-content\/uploads\/2026\/03\/e4640fc4831de3f3aa428b63b930a39a.jpg?fit=1600%2C1127&ssl=1\",\"articleSection\":[\"diversos\"],\"inLanguage\":\"pt-BR\",\"potentialAction\":[{\"@type\":\"CommentAction\",\"name\":\"Comment\",\"target\":[\"https:\/\/blogdobispo.com.br\/?p=19376#respond\"]}]},{\"@type\":\"WebPage\",\"@id\":\"https:\/\/blogdobispo.com.br\/?p=19376\",\"url\":\"https:\/\/blogdobispo.com.br\/?p=19376\",\"name\":\"CMN aprova projetos para servidores, campanhas de sa\u00fade p\u00fablica e cuidado animal - Blog do Bispo\",\"isPartOf\":{\"@id\":\"https:\/\/blogdobispo.com.br\/#website\"},\"primaryImageOfPage\":{\"@id\":\"https:\/\/blogdobispo.com.br\/?p=19376#primaryimage\"},\"image\":{\"@id\":\"https:\/\/blogdobispo.com.br\/?p=19376#primaryimage\"},\"thumbnailUrl\":\"https:\/\/i0.wp.com\/blogdobispo.com.br\/wp-content\/uploads\/2026\/03\/e4640fc4831de3f3aa428b63b930a39a.jpg?fit=1600%2C1127&ssl=1\",\"datePublished\":\"2026-03-13T15:58:24+00:00\",\"breadcrumb\":{\"@id\":\"https:\/\/blogdobispo.com.br\/?p=19376#breadcrumb\"},\"inLanguage\":\"pt-BR\",\"potentialAction\":[{\"@type\":\"ReadAction\",\"target\":[\"https:\/\/blogdobispo.com.br\/?p=19376\"]}]},{\"@type\":\"ImageObject\",\"inLanguage\":\"pt-BR\",\"@id\":\"https:\/\/blogdobispo.com.br\/?p=19376#primaryimage\",\"url\":\"https:\/\/i0.wp.com\/blogdobispo.com.br\/wp-content\/uploads\/2026\/03\/e4640fc4831de3f3aa428b63b930a39a.jpg?fit=1600%2C1127&ssl=1\",\"contentUrl\":\"https:\/\/i0.wp.com\/blogdobispo.com.br\/wp-content\/uploads\/2026\/03\/e4640fc4831de3f3aa428b63b930a39a.jpg?fit=1600%2C1127&ssl=1\",\"width\":1600,\"height\":1127},{\"@type\":\"BreadcrumbList\",\"@id\":\"https:\/\/blogdobispo.com.br\/?p=19376#breadcrumb\",\"itemListElement\":[{\"@type\":\"ListItem\",\"position\":1,\"name\":\"In\u00edcio\",\"item\":\"https:\/\/blogdobispo.com.br\/\"},{\"@type\":\"ListItem\",\"position\":2,\"name\":\"CMN aprova projetos para servidores, campanhas de sa\u00fade p\u00fablica e cuidado animal\"}]},{\"@type\":\"WebSite\",\"@id\":\"https:\/\/blogdobispo.com.br\/#website\",\"url\":\"https:\/\/blogdobispo.com.br\/\",\"name\":\"Blog do Bispo\",\"description\":\"Comprometido apenas com o leitor\",\"publisher\":{\"@id\":\"https:\/\/blogdobispo.com.br\/#organization\"},\"potentialAction\":[{\"@type\":\"SearchAction\",\"target\":{\"@type\":\"EntryPoint\",\"urlTemplate\":\"https:\/\/blogdobispo.com.br\/?s={search_term_string}\"},\"query-input\":{\"@type\":\"PropertyValueSpecification\",\"valueRequired\":true,\"valueName\":\"search_term_string\"}}],\"inLanguage\":\"pt-BR\"},{\"@type\":\"Organization\",\"@id\":\"https:\/\/blogdobispo.com.br\/#organization\",\"name\":\"Blog do Bispo\",\"url\":\"https:\/\/blogdobispo.com.br\/\",\"logo\":{\"@type\":\"ImageObject\",\"inLanguage\":\"pt-BR\",\"@id\":\"https:\/\/blogdobispo.com.br\/#\/schema\/logo\/image\/\",\"url\":\"http:\/\/blogdobispo.com.br\/wp-content\/uploads\/2023\/05\/cropped-headear.png\",\"contentUrl\":\"http:\/\/blogdobispo.com.br\/wp-content\/uploads\/2023\/05\/cropped-headear.png\",\"width\":1500,\"height\":399,\"caption\":\"Blog do Bispo\"},\"image\":{\"@id\":\"https:\/\/blogdobispo.com.br\/#\/schema\/logo\/image\/\"}},{\"@type\":\"Person\",\"@id\":\"https:\/\/blogdobispo.com.br\/#\/schema\/person\/e2209cc0e6cea5c5233d033e997b373f\",\"name\":\"Jefferson Sterfeno\",\"image\":{\"@type\":\"ImageObject\",\"inLanguage\":\"pt-BR\",\"@id\":\"https:\/\/blogdobispo.com.br\/#\/schema\/person\/image\/\",\"url\":\"https:\/\/secure.gravatar.com\/avatar\/0534e84764641168a677026b6d57a3f51dc7ac4db0b4f6186d9cb330d4ee1160?s=96&d=mm&r=g\",\"contentUrl\":\"https:\/\/secure.gravatar.com\/avatar\/0534e84764641168a677026b6d57a3f51dc7ac4db0b4f6186d9cb330d4ee1160?s=96&d=mm&r=g\",\"caption\":\"Jefferson Sterfeno\"},\"sameAs\":[\"http:\/\/blogdobispo.com.br\"],\"url\":\"https:\/\/blogdobispo.com.br\/?author=1\"}]}<\/script>\n<!-- \/ Yoast SEO plugin. -->","yoast_head_json":{"title":"CMN aprova projetos para servidores, campanhas de sa\u00fade p\u00fablica e cuidado animal - Blog do Bispo","robots":{"index":"index","follow":"follow","max-snippet":"max-snippet:-1","max-image-preview":"max-image-preview:large","max-video-preview":"max-video-preview:-1"},"canonical":"https:\/\/blogdobispo.com.br\/?p=19376","og_locale":"pt_BR","og_type":"article","og_title":"CMN aprova projetos para servidores, campanhas de sa\u00fade p\u00fablica e cuidado animal - Blog do Bispo","og_description":"A C\u00e2mara Municipal de Natal votou, na sess\u00e3o plen\u00e1ria desta quinta-feira (12), dez projetos de lei, dos quais, cinco foram em segunda discuss\u00e3o e, agora, ser\u00e3o enviados para san\u00e7\u00e3o do Prefeito da Capital. Entre estas, os vereadores aprovaram mat\u00e9rias com temas relacionados a reajustes para servidores, campanhas de sa\u00fade p\u00fablica e para puni\u00e7\u00e3o de agressores [&hellip;]","og_url":"https:\/\/blogdobispo.com.br\/?p=19376","og_site_name":"Blog do Bispo","article_published_time":"2026-03-13T15:58:24+00:00","og_image":[{"width":1600,"height":1127,"url":"http:\/\/blogdobispo.com.br\/wp-content\/uploads\/2026\/03\/e4640fc4831de3f3aa428b63b930a39a.jpg","type":"image\/jpeg"}],"author":"Jefferson Sterfeno","twitter_card":"summary_large_image","twitter_misc":{"Escrito por":"Jefferson Sterfeno","Est. tempo de leitura":"4 minutos"},"schema":{"@context":"https:\/\/schema.org","@graph":[{"@type":"Article","@id":"https:\/\/blogdobispo.com.br\/?p=19376#article","isPartOf":{"@id":"https:\/\/blogdobispo.com.br\/?p=19376"},"author":{"name":"Jefferson Sterfeno","@id":"https:\/\/blogdobispo.com.br\/#\/schema\/person\/e2209cc0e6cea5c5233d033e997b373f"},"headline":"CMN aprova projetos para servidores, campanhas de sa\u00fade p\u00fablica e cuidado animal","datePublished":"2026-03-13T15:58:24+00:00","mainEntityOfPage":{"@id":"https:\/\/blogdobispo.com.br\/?p=19376"},"wordCount":722,"commentCount":0,"publisher":{"@id":"https:\/\/blogdobispo.com.br\/#organization"},"image":{"@id":"https:\/\/blogdobispo.com.br\/?p=19376#primaryimage"},"thumbnailUrl":"https:\/\/i0.wp.com\/blogdobispo.com.br\/wp-content\/uploads\/2026\/03\/e4640fc4831de3f3aa428b63b930a39a.jpg?fit=1600%2C1127&ssl=1","articleSection":["diversos"],"inLanguage":"pt-BR","potentialAction":[{"@type":"CommentAction","name":"Comment","target":["https:\/\/blogdobispo.com.br\/?p=19376#respond"]}]},{"@type":"WebPage","@id":"https:\/\/blogdobispo.com.br\/?p=19376","url":"https:\/\/blogdobispo.com.br\/?p=19376","name":"CMN aprova projetos para servidores, campanhas de sa\u00fade p\u00fablica e cuidado animal - Blog do Bispo","isPartOf":{"@id":"https:\/\/blogdobispo.com.br\/#website"},"primaryImageOfPage":{"@id":"https:\/\/blogdobispo.com.br\/?p=19376#primaryimage"},"image":{"@id":"https:\/\/blogdobispo.com.br\/?p=19376#primaryimage"},"thumbnailUrl":"https:\/\/i0.wp.com\/blogdobispo.com.br\/wp-content\/uploads\/2026\/03\/e4640fc4831de3f3aa428b63b930a39a.jpg?fit=1600%2C1127&ssl=1","datePublished":"2026-03-13T15:58:24+00:00","breadcrumb":{"@id":"https:\/\/blogdobispo.com.br\/?p=19376#breadcrumb"},"inLanguage":"pt-BR","potentialAction":[{"@type":"ReadAction","target":["https:\/\/blogdobispo.com.br\/?p=19376"]}]},{"@type":"ImageObject","inLanguage":"pt-BR","@id":"https:\/\/blogdobispo.com.br\/?p=19376#primaryimage","url":"https:\/\/i0.wp.com\/blogdobispo.com.br\/wp-content\/uploads\/2026\/03\/e4640fc4831de3f3aa428b63b930a39a.jpg?fit=1600%2C1127&ssl=1","contentUrl":"https:\/\/i0.wp.com\/blogdobispo.com.br\/wp-content\/uploads\/2026\/03\/e4640fc4831de3f3aa428b63b930a39a.jpg?fit=1600%2C1127&ssl=1","width":1600,"height":1127},{"@type":"BreadcrumbList","@id":"https:\/\/blogdobispo.com.br\/?p=19376#breadcrumb","itemListElement":[{"@type":"ListItem","position":1,"name":"In\u00edcio","item":"https:\/\/blogdobispo.com.br\/"},{"@type":"ListItem","position":2,"name":"CMN aprova projetos para servidores, campanhas de sa\u00fade p\u00fablica e cuidado animal"}]},{"@type":"WebSite","@id":"https:\/\/blogdobispo.com.br\/#website","url":"https:\/\/blogdobispo.com.br\/","name":"Blog do Bispo","description":"Comprometido apenas com o leitor","publisher":{"@id":"https:\/\/blogdobispo.com.br\/#organization"},"potentialAction":[{"@type":"SearchAction","target":{"@type":"EntryPoint","urlTemplate":"https:\/\/blogdobispo.com.br\/?s={search_term_string}"},"query-input":{"@type":"PropertyValueSpecification","valueRequired":true,"valueName":"search_term_string"}}],"inLanguage":"pt-BR"},{"@type":"Organization","@id":"https:\/\/blogdobispo.com.br\/#organization","name":"Blog do Bispo","url":"https:\/\/blogdobispo.com.br\/","logo":{"@type":"ImageObject","inLanguage":"pt-BR","@id":"https:\/\/blogdobispo.com.br\/#\/schema\/logo\/image\/","url":"http:\/\/blogdobispo.com.br\/wp-content\/uploads\/2023\/05\/cropped-headear.png","contentUrl":"http:\/\/blogdobispo.com.br\/wp-content\/uploads\/2023\/05\/cropped-headear.png","width":1500,"height":399,"caption":"Blog do Bispo"},"image":{"@id":"https:\/\/blogdobispo.com.br\/#\/schema\/logo\/image\/"}},{"@type":"Person","@id":"https:\/\/blogdobispo.com.br\/#\/schema\/person\/e2209cc0e6cea5c5233d033e997b373f","name":"Jefferson Sterfeno","image":{"@type":"ImageObject","inLanguage":"pt-BR","@id":"https:\/\/blogdobispo.com.br\/#\/schema\/person\/image\/","url":"https:\/\/secure.gravatar.com\/avatar\/0534e84764641168a677026b6d57a3f51dc7ac4db0b4f6186d9cb330d4ee1160?s=96&d=mm&r=g","contentUrl":"https:\/\/secure.gravatar.com\/avatar\/0534e84764641168a677026b6d57a3f51dc7ac4db0b4f6186d9cb330d4ee1160?s=96&d=mm&r=g","caption":"Jefferson Sterfeno"},"sameAs":["http:\/\/blogdobispo.com.br"],"url":"https:\/\/blogdobispo.com.br\/?author=1"}]}},"featured_image_urls":{"full":["https:\/\/i0.wp.com\/blogdobispo.com.br\/wp-content\/uploads\/2026\/03\/e4640fc4831de3f3aa428b63b930a39a.jpg?fit=1600%2C1127&ssl=1",1600,1127,false],"thumbnail":["https:\/\/i0.wp.com\/blogdobispo.com.br\/wp-content\/uploads\/2026\/03\/e4640fc4831de3f3aa428b63b930a39a.jpg?resize=150%2C150&ssl=1",150,150,true],"medium":["https:\/\/i0.wp.com\/blogdobispo.com.br\/wp-content\/uploads\/2026\/03\/e4640fc4831de3f3aa428b63b930a39a.jpg?fit=300%2C211&ssl=1",300,211,true],"medium_large":["https:\/\/i0.wp.com\/blogdobispo.com.br\/wp-content\/uploads\/2026\/03\/e4640fc4831de3f3aa428b63b930a39a.jpg?fit=768%2C541&ssl=1",768,541,true],"large":["https:\/\/i0.wp.com\/blogdobispo.com.br\/wp-content\/uploads\/2026\/03\/e4640fc4831de3f3aa428b63b930a39a.jpg?fit=800%2C563&ssl=1",800,563,true],"1536x1536":["https:\/\/i0.wp.com\/blogdobispo.com.br\/wp-content\/uploads\/2026\/03\/e4640fc4831de3f3aa428b63b930a39a.jpg?fit=1536%2C1082&ssl=1",1536,1082,true],"2048x2048":["https:\/\/i0.wp.com\/blogdobispo.com.br\/wp-content\/uploads\/2026\/03\/e4640fc4831de3f3aa428b63b930a39a.jpg?fit=1600%2C1127&ssl=1",1600,1127,true]},"author_info":{"display_name":"Jefferson Sterfeno","author_link":"https:\/\/blogdobispo.com.br\/?author=1"},"category_info":"<a href=\"https:\/\/blogdobispo.com.br\/?cat=1\" rel=\"category\">diversos<\/a>","tag_info":"diversos","comment_count":"0","jetpack_featured_media_url":"https:\/\/i0.wp.com\/blogdobispo.com.br\/wp-content\/uploads\/2026\/03\/e4640fc4831de3f3aa428b63b930a39a.jpg?fit=1600%2C1127&ssl=1","jetpack_sharing_enabled":true,"_links":{"self":[{"href":"https:\/\/blogdobispo.com.br\/index.php?rest_route=\/wp\/v2\/posts\/19376","targetHints":{"allow":["GET"]}}],"collection":[{"href":"https:\/\/blogdobispo.com.br\/index.php?rest_route=\/wp\/v2\/posts"}],"about":[{"href":"https:\/\/blogdobispo.com.br\/index.php?rest_route=\/wp\/v2\/types\/post"}],"author":[{"embeddable":true,"href":"https:\/\/blogdobispo.com.br\/index.php?rest_route=\/wp\/v2\/users\/1"}],"replies":[{"embeddable":true,"href":"https:\/\/blogdobispo.com.br\/index.php?rest_route=%2Fwp%2Fv2%2Fcomments&post=19376"}],"version-history":[{"count":1,"href":"https:\/\/blogdobispo.com.br\/index.php?rest_route=\/wp\/v2\/posts\/19376\/revisions"}],"predecessor-version":[{"id":19378,"href":"https:\/\/blogdobispo.com.br\/index.php?rest_route=\/wp\/v2\/posts\/19376\/revisions\/19378"}],"wp:featuredmedia":[{"embeddable":true,"href":"https:\/\/blogdobispo.com.br\/index.php?rest_route=\/wp\/v2\/media\/19377"}],"wp:attachment":[{"href":"https:\/\/blogdobispo.com.br\/index.php?rest_route=%2Fwp%2Fv2%2Fmedia&parent=19376"}],"wp:term":[{"taxonomy":"category","embeddable":true,"href":"https:\/\/blogdobispo.com.br\/index.php?rest_route=%2Fwp%2Fv2%2Fcategories&post=19376"},{"taxonomy":"post_tag","embeddable":true,"href":"https:\/\/blogdobispo.com.br\/index.php?rest_route=%2Fwp%2Fv2%2Ftags&post=19376"}],"curies":[{"name":"wp","href":"https:\/\/api.w.org\/{rel}","templated":true}]}}