{"id":19373,"date":"2026-03-13T15:48:01","date_gmt":"2026-03-13T15:48:01","guid":{"rendered":"https:\/\/blogdobispo.com.br\/?p=19373"},"modified":"2026-03-13T15:49:23","modified_gmt":"2026-03-13T15:49:23","slug":"projeto-prefeitura-e-voce-tera-neste-sabado-sua-1a-edicao-em-2026","status":"publish","type":"post","link":"https:\/\/blogdobispo.com.br\/?p=19373","title":{"rendered":"Projeto \u201cPrefeitura e Voc\u00ea\u201d ter\u00e1 neste s\u00e1bado sua 1\u00aa edi\u00e7\u00e3o em 2026"},"content":{"rendered":"<p>A Prefeitura do Natal realiza, neste s\u00e1bado 14, a primeira edi\u00e7\u00e3o de 2026 do projeto \u201cPrefeitura e Voc\u00ea\u201d. A retomada do projeto ser\u00e1 realizada no Partage Norte Shopping, localizado na Zona Norte, das 10 \u00e0s 14 horas. Para esta edi\u00e7\u00e3o, foi firmada uma parceria entre a Prefeitura e o Norte Shopping, que sediar\u00e1 a iniciativa e contribuir\u00e1 para ampliar o acesso da popula\u00e7\u00e3o aos servi\u00e7os oferecidos.<\/p>\n<p>Durante a a\u00e7\u00e3o, os moradores ter\u00e3o acesso gratuito a diversos servi\u00e7os oferecidos pela gest\u00e3o municipal, contemplando \u00e1reas como assist\u00eancia social, trabalho e renda, esporte e lazer, est\u00e9tica, educa\u00e7\u00e3o, cultura, servi\u00e7os urbanos e sa\u00fade. Os atendimentos ser\u00e3o realizados por equipes das secretarias municipais, al\u00e9m da participa\u00e7\u00e3o de institui\u00e7\u00f5es e empresas parceiras que integram a iniciativa e colaboram com a oferta de servi\u00e7os \u00e0 popula\u00e7\u00e3o.<\/p>\n<p>O prefeito Paulinho Freire reitera a ess\u00eancia do programa, de possibilitar \u00e0 Prefeitura conhecer de perto as demandas da popula\u00e7\u00e3o em cada regi\u00e3o da cidade. \u201cEsse programa permite \u00e0 Prefeitura estar perto das comunidades para sentir seus problemas e tamb\u00e9m para que a popula\u00e7\u00e3o conhe\u00e7a os servi\u00e7os municipais\u201d, define ele.<\/p>\n<p>A vice-prefeita Joanna Guerra coordena o projeto e refor\u00e7a o sentido de proximidade com a popula\u00e7\u00e3o. \u201cO Prefeitura e Voc\u00ea representa o modelo de gest\u00e3o que defendemos para Natal: pr\u00f3ximo das pessoas, saindo dos gabinetes para onde a popula\u00e7\u00e3o est\u00e1. Fortalecendo a cidadania, facilitando servi\u00e7os p\u00fablicos e permitindo ouvir as necessidades reais de perto\u201d, explica.<\/p>\n<p>Al\u00e9m da estrutura municipal, o projeto conta com o apoio de parceiros como CredAmigo (Banco do Nordeste), Casa Durval Paiva, Corpo de Bombeiros do RN, Grupo Reviver, Natal \u00d3ticas, NuBus, Sala de Acolhimento, Farm\u00e1cia Pague Menos, UniRN e Instituto Mix.<\/p>\n<p><strong>Sobre a a\u00e7\u00e3o<\/strong><\/p>\n<p>O projeto Prefeitura e Voc\u00ea tem como objetivo promover a\u00e7\u00f5es de cidadania e ampliar o acesso da popula\u00e7\u00e3o aos servi\u00e7os p\u00fablicos nas quatro regi\u00f5es administrativas de Natal. A iniciativa \u00e9 baseada na integra\u00e7\u00e3o institucional entre \u00f3rg\u00e3os da Prefeitura, institui\u00e7\u00f5es e empresas parceiras, que oferecem gratuitamente servi\u00e7os nas \u00e1reas de sa\u00fade, educa\u00e7\u00e3o, esporte e lazer, cultura, assist\u00eancia jur\u00eddica, a\u00e7\u00f5es sociais e empreendedorismo.<\/p>\n<p>Al\u00e9m da oferta de servi\u00e7os, o projeto tamb\u00e9m fortalece a escuta ativa entre o poder p\u00fablico e os cidad\u00e3os, permitindo a identifica\u00e7\u00e3o mais precisa das demandas da comunidade. A a\u00e7\u00e3o tamb\u00e9m contribui para a transpar\u00eancia da gest\u00e3o municipal e para a constru\u00e7\u00e3o coletiva de solu\u00e7\u00f5es que melhorem a qualidade de vida da popula\u00e7\u00e3o, especialmente das pessoas em situa\u00e7\u00e3o de vulnerabilidade social.<\/p>\n<p>Ao longo de 2026, novas edi\u00e7\u00f5es do Prefeitura e Voc\u00ea ser\u00e3o realizadas em diferentes bairros da capital, contemplando outras regi\u00f5es do munic\u00edpio e ampliando o alcance das a\u00e7\u00f5es junto \u00e0 popula\u00e7\u00e3o natalense.<\/p>\n<h2 class=\"wp-block-heading\">Em 2025, programa somou mais de 14.000 atendimentos<\/h2>\n<p>A iniciativa do Projeto Prefeitura e Voc\u00ea foi bem-sucedida em 2025, com tr\u00eas edi\u00e7\u00f5es que somaram 14.382 atendimentos em mais de 100 servi\u00e7os distribu\u00eddos em diversas \u00e1reas, incluindo sa\u00fade, educa\u00e7\u00e3o e assist\u00eancia social.<\/p>\n<p>A Prefeitura firmou parcerias com mais de 20 institui\u00e7\u00f5es, que realizaram mutir\u00f5es gratuitos \u00e0 popula\u00e7\u00e3o, com participa\u00e7\u00e3o de escolas e fortalecimento dos la\u00e7os com bairros para impulsionar o desenvolvimento social das comunidades.<\/p>\n<p>Dentre os servi\u00e7os mais procurados pela popula\u00e7\u00e3o nas edi\u00e7\u00f5es anteriores, destacam-se as emiss\u00f5es e agendamentos de RG, Carteira do Idoso e da Carteira de Identifica\u00e7\u00e3o da Pessoa com Transtorno do Espectro Autista (CIPTEA). Consultas m\u00e9dicas, vacina\u00e7\u00e3o, atendimento odontol\u00f3gico, testes r\u00e1pidos para HIV, s\u00edfilis e hepatites tamb\u00e9m s\u00e3o a\u00e7\u00f5es muito demandadas pelo p\u00fablico.<\/p>\n<p>Da mesma forma acontece com atendimentos ligados ao Cadastro \u00danico, orienta\u00e7\u00f5es sobre programas habitacionais e regulariza\u00e7\u00e3o fundi\u00e1ria, e informa\u00e7\u00f5es sobre ilumina\u00e7\u00e3o p\u00fablica.<img data-recalc-dims=\"1\" fetchpriority=\"high\" decoding=\"async\" class=\"alignnone size-medium wp-image-19374\" src=\"https:\/\/i0.wp.com\/blogdobispo.com.br\/wp-content\/uploads\/2026\/03\/Prefeitura-e-Vc-em-Stos-Reis-dez25-1-foto-Demis-Roussos-edited-830x468-1.jpeg?resize=300%2C169\" alt=\"\" width=\"300\" height=\"169\" srcset=\"https:\/\/i0.wp.com\/blogdobispo.com.br\/wp-content\/uploads\/2026\/03\/Prefeitura-e-Vc-em-Stos-Reis-dez25-1-foto-Demis-Roussos-edited-830x468-1.jpeg?resize=300%2C169&amp;ssl=1 300w, https:\/\/i0.wp.com\/blogdobispo.com.br\/wp-content\/uploads\/2026\/03\/Prefeitura-e-Vc-em-Stos-Reis-dez25-1-foto-Demis-Roussos-edited-830x468-1.jpeg?resize=768%2C433&amp;ssl=1 768w, https:\/\/i0.wp.com\/blogdobispo.com.br\/wp-content\/uploads\/2026\/03\/Prefeitura-e-Vc-em-Stos-Reis-dez25-1-foto-Demis-Roussos-edited-830x468-1.jpeg?w=830&amp;ssl=1 830w\" sizes=\"(max-width: 300px) 100vw, 300px\" \/><\/p>\n","protected":false},"excerpt":{"rendered":"<p>A Prefeitura do Natal realiza, neste s\u00e1bado 14, a primeira edi\u00e7\u00e3o de 2026 do projeto \u201cPrefeitura e Voc\u00ea\u201d. A retomada do projeto ser\u00e1 realizada no Partage Norte Shopping, localizado na Zona Norte, das 10 \u00e0s 14 horas. Para esta edi\u00e7\u00e3o, foi firmada uma parceria entre a Prefeitura e o Norte Shopping, que sediar\u00e1 a iniciativa [&hellip;]<\/p>\n","protected":false},"author":1,"featured_media":19374,"comment_status":"open","ping_status":"open","sticky":false,"template":"","format":"standard","meta":{"cybocfi_hide_featured_image":"","_jetpack_memberships_contains_paid_content":false,"footnotes":""},"categories":[1],"tags":[],"class_list":["post-19373","post","type-post","status-publish","format-standard","has-post-thumbnail","hentry","category-diversos"],"yoast_head":"<!-- This site is optimized with the Yoast SEO plugin v25.6 - https:\/\/yoast.com\/wordpress\/plugins\/seo\/ -->\n<title>Projeto \u201cPrefeitura e Voc\u00ea\u201d ter\u00e1 neste s\u00e1bado sua 1\u00aa edi\u00e7\u00e3o em 2026 - Blog do Bispo<\/title>\n<meta name=\"robots\" content=\"index, follow, max-snippet:-1, max-image-preview:large, max-video-preview:-1\" \/>\n<link rel=\"canonical\" href=\"https:\/\/blogdobispo.com.br\/?p=19373\" \/>\n<meta property=\"og:locale\" content=\"pt_BR\" \/>\n<meta property=\"og:type\" content=\"article\" \/>\n<meta property=\"og:title\" content=\"Projeto \u201cPrefeitura e Voc\u00ea\u201d ter\u00e1 neste s\u00e1bado sua 1\u00aa edi\u00e7\u00e3o em 2026 - Blog do Bispo\" \/>\n<meta property=\"og:description\" content=\"A Prefeitura do Natal realiza, neste s\u00e1bado 14, a primeira edi\u00e7\u00e3o de 2026 do projeto \u201cPrefeitura e Voc\u00ea\u201d. A retomada do projeto ser\u00e1 realizada no Partage Norte Shopping, localizado na Zona Norte, das 10 \u00e0s 14 horas. Para esta edi\u00e7\u00e3o, foi firmada uma parceria entre a Prefeitura e o Norte Shopping, que sediar\u00e1 a iniciativa [&hellip;]\" \/>\n<meta property=\"og:url\" content=\"https:\/\/blogdobispo.com.br\/?p=19373\" \/>\n<meta property=\"og:site_name\" content=\"Blog do Bispo\" \/>\n<meta property=\"article:published_time\" content=\"2026-03-13T15:48:01+00:00\" \/>\n<meta property=\"article:modified_time\" content=\"2026-03-13T15:49:23+00:00\" \/>\n<meta property=\"og:image\" content=\"http:\/\/blogdobispo.com.br\/wp-content\/uploads\/2026\/03\/Prefeitura-e-Vc-em-Stos-Reis-dez25-1-foto-Demis-Roussos-edited-830x468-1.jpeg\" \/>\n\t<meta property=\"og:image:width\" content=\"830\" \/>\n\t<meta property=\"og:image:height\" content=\"468\" \/>\n\t<meta property=\"og:image:type\" content=\"image\/jpeg\" \/>\n<meta name=\"author\" content=\"Jefferson Sterfeno\" \/>\n<meta name=\"twitter:card\" content=\"summary_large_image\" \/>\n<meta name=\"twitter:label1\" content=\"Escrito por\" \/>\n\t<meta name=\"twitter:data1\" content=\"Jefferson Sterfeno\" \/>\n\t<meta name=\"twitter:label2\" content=\"Est. tempo de leitura\" \/>\n\t<meta name=\"twitter:data2\" content=\"4 minutos\" \/>\n<script type=\"application\/ld+json\" class=\"yoast-schema-graph\">{\"@context\":\"https:\/\/schema.org\",\"@graph\":[{\"@type\":\"Article\",\"@id\":\"https:\/\/blogdobispo.com.br\/?p=19373#article\",\"isPartOf\":{\"@id\":\"https:\/\/blogdobispo.com.br\/?p=19373\"},\"author\":{\"name\":\"Jefferson Sterfeno\",\"@id\":\"https:\/\/blogdobispo.com.br\/#\/schema\/person\/e2209cc0e6cea5c5233d033e997b373f\"},\"headline\":\"Projeto \u201cPrefeitura e Voc\u00ea\u201d ter\u00e1 neste s\u00e1bado sua 1\u00aa edi\u00e7\u00e3o em 2026\",\"datePublished\":\"2026-03-13T15:48:01+00:00\",\"dateModified\":\"2026-03-13T15:49:23+00:00\",\"mainEntityOfPage\":{\"@id\":\"https:\/\/blogdobispo.com.br\/?p=19373\"},\"wordCount\":676,\"commentCount\":0,\"publisher\":{\"@id\":\"https:\/\/blogdobispo.com.br\/#organization\"},\"image\":{\"@id\":\"https:\/\/blogdobispo.com.br\/?p=19373#primaryimage\"},\"thumbnailUrl\":\"https:\/\/i0.wp.com\/blogdobispo.com.br\/wp-content\/uploads\/2026\/03\/Prefeitura-e-Vc-em-Stos-Reis-dez25-1-foto-Demis-Roussos-edited-830x468-1.jpeg?fit=830%2C468&ssl=1\",\"articleSection\":[\"diversos\"],\"inLanguage\":\"pt-BR\",\"potentialAction\":[{\"@type\":\"CommentAction\",\"name\":\"Comment\",\"target\":[\"https:\/\/blogdobispo.com.br\/?p=19373#respond\"]}]},{\"@type\":\"WebPage\",\"@id\":\"https:\/\/blogdobispo.com.br\/?p=19373\",\"url\":\"https:\/\/blogdobispo.com.br\/?p=19373\",\"name\":\"Projeto \u201cPrefeitura e Voc\u00ea\u201d ter\u00e1 neste s\u00e1bado sua 1\u00aa edi\u00e7\u00e3o em 2026 - Blog do Bispo\",\"isPartOf\":{\"@id\":\"https:\/\/blogdobispo.com.br\/#website\"},\"primaryImageOfPage\":{\"@id\":\"https:\/\/blogdobispo.com.br\/?p=19373#primaryimage\"},\"image\":{\"@id\":\"https:\/\/blogdobispo.com.br\/?p=19373#primaryimage\"},\"thumbnailUrl\":\"https:\/\/i0.wp.com\/blogdobispo.com.br\/wp-content\/uploads\/2026\/03\/Prefeitura-e-Vc-em-Stos-Reis-dez25-1-foto-Demis-Roussos-edited-830x468-1.jpeg?fit=830%2C468&ssl=1\",\"datePublished\":\"2026-03-13T15:48:01+00:00\",\"dateModified\":\"2026-03-13T15:49:23+00:00\",\"breadcrumb\":{\"@id\":\"https:\/\/blogdobispo.com.br\/?p=19373#breadcrumb\"},\"inLanguage\":\"pt-BR\",\"potentialAction\":[{\"@type\":\"ReadAction\",\"target\":[\"https:\/\/blogdobispo.com.br\/?p=19373\"]}]},{\"@type\":\"ImageObject\",\"inLanguage\":\"pt-BR\",\"@id\":\"https:\/\/blogdobispo.com.br\/?p=19373#primaryimage\",\"url\":\"https:\/\/i0.wp.com\/blogdobispo.com.br\/wp-content\/uploads\/2026\/03\/Prefeitura-e-Vc-em-Stos-Reis-dez25-1-foto-Demis-Roussos-edited-830x468-1.jpeg?fit=830%2C468&ssl=1\",\"contentUrl\":\"https:\/\/i0.wp.com\/blogdobispo.com.br\/wp-content\/uploads\/2026\/03\/Prefeitura-e-Vc-em-Stos-Reis-dez25-1-foto-Demis-Roussos-edited-830x468-1.jpeg?fit=830%2C468&ssl=1\",\"width\":830,\"height\":468},{\"@type\":\"BreadcrumbList\",\"@id\":\"https:\/\/blogdobispo.com.br\/?p=19373#breadcrumb\",\"itemListElement\":[{\"@type\":\"ListItem\",\"position\":1,\"name\":\"In\u00edcio\",\"item\":\"https:\/\/blogdobispo.com.br\/\"},{\"@type\":\"ListItem\",\"position\":2,\"name\":\"Projeto \u201cPrefeitura e Voc\u00ea\u201d ter\u00e1 neste s\u00e1bado sua 1\u00aa edi\u00e7\u00e3o em 2026\"}]},{\"@type\":\"WebSite\",\"@id\":\"https:\/\/blogdobispo.com.br\/#website\",\"url\":\"https:\/\/blogdobispo.com.br\/\",\"name\":\"Blog do Bispo\",\"description\":\"Comprometido apenas com o leitor\",\"publisher\":{\"@id\":\"https:\/\/blogdobispo.com.br\/#organization\"},\"potentialAction\":[{\"@type\":\"SearchAction\",\"target\":{\"@type\":\"EntryPoint\",\"urlTemplate\":\"https:\/\/blogdobispo.com.br\/?s={search_term_string}\"},\"query-input\":{\"@type\":\"PropertyValueSpecification\",\"valueRequired\":true,\"valueName\":\"search_term_string\"}}],\"inLanguage\":\"pt-BR\"},{\"@type\":\"Organization\",\"@id\":\"https:\/\/blogdobispo.com.br\/#organization\",\"name\":\"Blog do Bispo\",\"url\":\"https:\/\/blogdobispo.com.br\/\",\"logo\":{\"@type\":\"ImageObject\",\"inLanguage\":\"pt-BR\",\"@id\":\"https:\/\/blogdobispo.com.br\/#\/schema\/logo\/image\/\",\"url\":\"http:\/\/blogdobispo.com.br\/wp-content\/uploads\/2023\/05\/cropped-headear.png\",\"contentUrl\":\"http:\/\/blogdobispo.com.br\/wp-content\/uploads\/2023\/05\/cropped-headear.png\",\"width\":1500,\"height\":399,\"caption\":\"Blog do Bispo\"},\"image\":{\"@id\":\"https:\/\/blogdobispo.com.br\/#\/schema\/logo\/image\/\"}},{\"@type\":\"Person\",\"@id\":\"https:\/\/blogdobispo.com.br\/#\/schema\/person\/e2209cc0e6cea5c5233d033e997b373f\",\"name\":\"Jefferson Sterfeno\",\"image\":{\"@type\":\"ImageObject\",\"inLanguage\":\"pt-BR\",\"@id\":\"https:\/\/blogdobispo.com.br\/#\/schema\/person\/image\/\",\"url\":\"https:\/\/secure.gravatar.com\/avatar\/0534e84764641168a677026b6d57a3f51dc7ac4db0b4f6186d9cb330d4ee1160?s=96&d=mm&r=g\",\"contentUrl\":\"https:\/\/secure.gravatar.com\/avatar\/0534e84764641168a677026b6d57a3f51dc7ac4db0b4f6186d9cb330d4ee1160?s=96&d=mm&r=g\",\"caption\":\"Jefferson Sterfeno\"},\"sameAs\":[\"http:\/\/blogdobispo.com.br\"],\"url\":\"https:\/\/blogdobispo.com.br\/?author=1\"}]}<\/script>\n<!-- \/ Yoast SEO plugin. -->","yoast_head_json":{"title":"Projeto \u201cPrefeitura e Voc\u00ea\u201d ter\u00e1 neste s\u00e1bado sua 1\u00aa edi\u00e7\u00e3o em 2026 - Blog do Bispo","robots":{"index":"index","follow":"follow","max-snippet":"max-snippet:-1","max-image-preview":"max-image-preview:large","max-video-preview":"max-video-preview:-1"},"canonical":"https:\/\/blogdobispo.com.br\/?p=19373","og_locale":"pt_BR","og_type":"article","og_title":"Projeto \u201cPrefeitura e Voc\u00ea\u201d ter\u00e1 neste s\u00e1bado sua 1\u00aa edi\u00e7\u00e3o em 2026 - Blog do Bispo","og_description":"A Prefeitura do Natal realiza, neste s\u00e1bado 14, a primeira edi\u00e7\u00e3o de 2026 do projeto \u201cPrefeitura e Voc\u00ea\u201d. A retomada do projeto ser\u00e1 realizada no Partage Norte Shopping, localizado na Zona Norte, das 10 \u00e0s 14 horas. Para esta edi\u00e7\u00e3o, foi firmada uma parceria entre a Prefeitura e o Norte Shopping, que sediar\u00e1 a iniciativa [&hellip;]","og_url":"https:\/\/blogdobispo.com.br\/?p=19373","og_site_name":"Blog do Bispo","article_published_time":"2026-03-13T15:48:01+00:00","article_modified_time":"2026-03-13T15:49:23+00:00","og_image":[{"width":830,"height":468,"url":"http:\/\/blogdobispo.com.br\/wp-content\/uploads\/2026\/03\/Prefeitura-e-Vc-em-Stos-Reis-dez25-1-foto-Demis-Roussos-edited-830x468-1.jpeg","type":"image\/jpeg"}],"author":"Jefferson Sterfeno","twitter_card":"summary_large_image","twitter_misc":{"Escrito por":"Jefferson Sterfeno","Est. tempo de leitura":"4 minutos"},"schema":{"@context":"https:\/\/schema.org","@graph":[{"@type":"Article","@id":"https:\/\/blogdobispo.com.br\/?p=19373#article","isPartOf":{"@id":"https:\/\/blogdobispo.com.br\/?p=19373"},"author":{"name":"Jefferson Sterfeno","@id":"https:\/\/blogdobispo.com.br\/#\/schema\/person\/e2209cc0e6cea5c5233d033e997b373f"},"headline":"Projeto \u201cPrefeitura e Voc\u00ea\u201d ter\u00e1 neste s\u00e1bado sua 1\u00aa edi\u00e7\u00e3o em 2026","datePublished":"2026-03-13T15:48:01+00:00","dateModified":"2026-03-13T15:49:23+00:00","mainEntityOfPage":{"@id":"https:\/\/blogdobispo.com.br\/?p=19373"},"wordCount":676,"commentCount":0,"publisher":{"@id":"https:\/\/blogdobispo.com.br\/#organization"},"image":{"@id":"https:\/\/blogdobispo.com.br\/?p=19373#primaryimage"},"thumbnailUrl":"https:\/\/i0.wp.com\/blogdobispo.com.br\/wp-content\/uploads\/2026\/03\/Prefeitura-e-Vc-em-Stos-Reis-dez25-1-foto-Demis-Roussos-edited-830x468-1.jpeg?fit=830%2C468&ssl=1","articleSection":["diversos"],"inLanguage":"pt-BR","potentialAction":[{"@type":"CommentAction","name":"Comment","target":["https:\/\/blogdobispo.com.br\/?p=19373#respond"]}]},{"@type":"WebPage","@id":"https:\/\/blogdobispo.com.br\/?p=19373","url":"https:\/\/blogdobispo.com.br\/?p=19373","name":"Projeto \u201cPrefeitura e Voc\u00ea\u201d ter\u00e1 neste s\u00e1bado sua 1\u00aa edi\u00e7\u00e3o em 2026 - Blog do Bispo","isPartOf":{"@id":"https:\/\/blogdobispo.com.br\/#website"},"primaryImageOfPage":{"@id":"https:\/\/blogdobispo.com.br\/?p=19373#primaryimage"},"image":{"@id":"https:\/\/blogdobispo.com.br\/?p=19373#primaryimage"},"thumbnailUrl":"https:\/\/i0.wp.com\/blogdobispo.com.br\/wp-content\/uploads\/2026\/03\/Prefeitura-e-Vc-em-Stos-Reis-dez25-1-foto-Demis-Roussos-edited-830x468-1.jpeg?fit=830%2C468&ssl=1","datePublished":"2026-03-13T15:48:01+00:00","dateModified":"2026-03-13T15:49:23+00:00","breadcrumb":{"@id":"https:\/\/blogdobispo.com.br\/?p=19373#breadcrumb"},"inLanguage":"pt-BR","potentialAction":[{"@type":"ReadAction","target":["https:\/\/blogdobispo.com.br\/?p=19373"]}]},{"@type":"ImageObject","inLanguage":"pt-BR","@id":"https:\/\/blogdobispo.com.br\/?p=19373#primaryimage","url":"https:\/\/i0.wp.com\/blogdobispo.com.br\/wp-content\/uploads\/2026\/03\/Prefeitura-e-Vc-em-Stos-Reis-dez25-1-foto-Demis-Roussos-edited-830x468-1.jpeg?fit=830%2C468&ssl=1","contentUrl":"https:\/\/i0.wp.com\/blogdobispo.com.br\/wp-content\/uploads\/2026\/03\/Prefeitura-e-Vc-em-Stos-Reis-dez25-1-foto-Demis-Roussos-edited-830x468-1.jpeg?fit=830%2C468&ssl=1","width":830,"height":468},{"@type":"BreadcrumbList","@id":"https:\/\/blogdobispo.com.br\/?p=19373#breadcrumb","itemListElement":[{"@type":"ListItem","position":1,"name":"In\u00edcio","item":"https:\/\/blogdobispo.com.br\/"},{"@type":"ListItem","position":2,"name":"Projeto \u201cPrefeitura e Voc\u00ea\u201d ter\u00e1 neste s\u00e1bado sua 1\u00aa edi\u00e7\u00e3o em 2026"}]},{"@type":"WebSite","@id":"https:\/\/blogdobispo.com.br\/#website","url":"https:\/\/blogdobispo.com.br\/","name":"Blog do Bispo","description":"Comprometido apenas com o leitor","publisher":{"@id":"https:\/\/blogdobispo.com.br\/#organization"},"potentialAction":[{"@type":"SearchAction","target":{"@type":"EntryPoint","urlTemplate":"https:\/\/blogdobispo.com.br\/?s={search_term_string}"},"query-input":{"@type":"PropertyValueSpecification","valueRequired":true,"valueName":"search_term_string"}}],"inLanguage":"pt-BR"},{"@type":"Organization","@id":"https:\/\/blogdobispo.com.br\/#organization","name":"Blog do Bispo","url":"https:\/\/blogdobispo.com.br\/","logo":{"@type":"ImageObject","inLanguage":"pt-BR","@id":"https:\/\/blogdobispo.com.br\/#\/schema\/logo\/image\/","url":"http:\/\/blogdobispo.com.br\/wp-content\/uploads\/2023\/05\/cropped-headear.png","contentUrl":"http:\/\/blogdobispo.com.br\/wp-content\/uploads\/2023\/05\/cropped-headear.png","width":1500,"height":399,"caption":"Blog do Bispo"},"image":{"@id":"https:\/\/blogdobispo.com.br\/#\/schema\/logo\/image\/"}},{"@type":"Person","@id":"https:\/\/blogdobispo.com.br\/#\/schema\/person\/e2209cc0e6cea5c5233d033e997b373f","name":"Jefferson Sterfeno","image":{"@type":"ImageObject","inLanguage":"pt-BR","@id":"https:\/\/blogdobispo.com.br\/#\/schema\/person\/image\/","url":"https:\/\/secure.gravatar.com\/avatar\/0534e84764641168a677026b6d57a3f51dc7ac4db0b4f6186d9cb330d4ee1160?s=96&d=mm&r=g","contentUrl":"https:\/\/secure.gravatar.com\/avatar\/0534e84764641168a677026b6d57a3f51dc7ac4db0b4f6186d9cb330d4ee1160?s=96&d=mm&r=g","caption":"Jefferson Sterfeno"},"sameAs":["http:\/\/blogdobispo.com.br"],"url":"https:\/\/blogdobispo.com.br\/?author=1"}]}},"featured_image_urls":{"full":["https:\/\/i0.wp.com\/blogdobispo.com.br\/wp-content\/uploads\/2026\/03\/Prefeitura-e-Vc-em-Stos-Reis-dez25-1-foto-Demis-Roussos-edited-830x468-1.jpeg?fit=830%2C468&ssl=1",830,468,false],"thumbnail":["https:\/\/i0.wp.com\/blogdobispo.com.br\/wp-content\/uploads\/2026\/03\/Prefeitura-e-Vc-em-Stos-Reis-dez25-1-foto-Demis-Roussos-edited-830x468-1.jpeg?resize=150%2C150&ssl=1",150,150,true],"medium":["https:\/\/i0.wp.com\/blogdobispo.com.br\/wp-content\/uploads\/2026\/03\/Prefeitura-e-Vc-em-Stos-Reis-dez25-1-foto-Demis-Roussos-edited-830x468-1.jpeg?fit=300%2C169&ssl=1",300,169,true],"medium_large":["https:\/\/i0.wp.com\/blogdobispo.com.br\/wp-content\/uploads\/2026\/03\/Prefeitura-e-Vc-em-Stos-Reis-dez25-1-foto-Demis-Roussos-edited-830x468-1.jpeg?fit=768%2C433&ssl=1",768,433,true],"large":["https:\/\/i0.wp.com\/blogdobispo.com.br\/wp-content\/uploads\/2026\/03\/Prefeitura-e-Vc-em-Stos-Reis-dez25-1-foto-Demis-Roussos-edited-830x468-1.jpeg?fit=800%2C451&ssl=1",800,451,true],"1536x1536":["https:\/\/i0.wp.com\/blogdobispo.com.br\/wp-content\/uploads\/2026\/03\/Prefeitura-e-Vc-em-Stos-Reis-dez25-1-foto-Demis-Roussos-edited-830x468-1.jpeg?fit=830%2C468&ssl=1",830,468,true],"2048x2048":["https:\/\/i0.wp.com\/blogdobispo.com.br\/wp-content\/uploads\/2026\/03\/Prefeitura-e-Vc-em-Stos-Reis-dez25-1-foto-Demis-Roussos-edited-830x468-1.jpeg?fit=830%2C468&ssl=1",830,468,true]},"author_info":{"display_name":"Jefferson Sterfeno","author_link":"https:\/\/blogdobispo.com.br\/?author=1"},"category_info":"<a href=\"https:\/\/blogdobispo.com.br\/?cat=1\" rel=\"category\">diversos<\/a>","tag_info":"diversos","comment_count":"0","jetpack_featured_media_url":"https:\/\/i0.wp.com\/blogdobispo.com.br\/wp-content\/uploads\/2026\/03\/Prefeitura-e-Vc-em-Stos-Reis-dez25-1-foto-Demis-Roussos-edited-830x468-1.jpeg?fit=830%2C468&ssl=1","jetpack_sharing_enabled":true,"_links":{"self":[{"href":"https:\/\/blogdobispo.com.br\/index.php?rest_route=\/wp\/v2\/posts\/19373","targetHints":{"allow":["GET"]}}],"collection":[{"href":"https:\/\/blogdobispo.com.br\/index.php?rest_route=\/wp\/v2\/posts"}],"about":[{"href":"https:\/\/blogdobispo.com.br\/index.php?rest_route=\/wp\/v2\/types\/post"}],"author":[{"embeddable":true,"href":"https:\/\/blogdobispo.com.br\/index.php?rest_route=\/wp\/v2\/users\/1"}],"replies":[{"embeddable":true,"href":"https:\/\/blogdobispo.com.br\/index.php?rest_route=%2Fwp%2Fv2%2Fcomments&post=19373"}],"version-history":[{"count":1,"href":"https:\/\/blogdobispo.com.br\/index.php?rest_route=\/wp\/v2\/posts\/19373\/revisions"}],"predecessor-version":[{"id":19375,"href":"https:\/\/blogdobispo.com.br\/index.php?rest_route=\/wp\/v2\/posts\/19373\/revisions\/19375"}],"wp:featuredmedia":[{"embeddable":true,"href":"https:\/\/blogdobispo.com.br\/index.php?rest_route=\/wp\/v2\/media\/19374"}],"wp:attachment":[{"href":"https:\/\/blogdobispo.com.br\/index.php?rest_route=%2Fwp%2Fv2%2Fmedia&parent=19373"}],"wp:term":[{"taxonomy":"category","embeddable":true,"href":"https:\/\/blogdobispo.com.br\/index.php?rest_route=%2Fwp%2Fv2%2Fcategories&post=19373"},{"taxonomy":"post_tag","embeddable":true,"href":"https:\/\/blogdobispo.com.br\/index.php?rest_route=%2Fwp%2Fv2%2Ftags&post=19373"}],"curies":[{"name":"wp","href":"https:\/\/api.w.org\/{rel}","templated":true}]}}