{"id":19364,"date":"2026-03-12T13:45:13","date_gmt":"2026-03-12T13:45:13","guid":{"rendered":"https:\/\/blogdobispo.com.br\/?p=19364"},"modified":"2026-03-12T14:56:06","modified_gmt":"2026-03-12T14:56:06","slug":"corrupcao-volta-a-ser-preocupacao-do-brasileiro-e-direita-ganha-com-o-tema-em-evidencia","status":"publish","type":"post","link":"https:\/\/blogdobispo.com.br\/?p=19364","title":{"rendered":"Corrup\u00e7\u00e3o volta a ser preocupa\u00e7\u00e3o do brasileiro e direita ganha com o tema em evid\u00eancia"},"content":{"rendered":"<p class=\"isSelectedEnd\">A corrup\u00e7\u00e3o voltou ao centro das preocupa\u00e7\u00f5es da popula\u00e7\u00e3o brasileira. A mais recente pesquisa do instituto Genial\/Quaest mostra que o tema j\u00e1 aparece como o <strong>segundo maior problema do pa\u00eds na percep\u00e7\u00e3o dos cidad\u00e3os<\/strong>, citado por 20% dos entrevistados, atr\u00e1s apenas da viol\u00eancia. O dado revela n\u00e3o apenas um aumento recente, mas tamb\u00e9m um movimento consistente de crescimento ao longo do \u00faltimo ano.<\/p>\n<p class=\"isSelectedEnd\">Em maio de 2025, 13% dos brasileiros apontavam a corrup\u00e7\u00e3o como principal preocupa\u00e7\u00e3o nacional. Em mar\u00e7o de 2026, esse n\u00famero chegou a 20%. A alta indica que o tema voltou a ocupar espa\u00e7o relevante no debate p\u00fablico, depois de alguns anos em que quest\u00f5es econ\u00f4micas e sociais dominavam o centro das aten\u00e7\u00f5es.<\/p>\n<p class=\"isSelectedEnd\">Esse retorno da corrup\u00e7\u00e3o ao topo da agenda p\u00fablica reflete, em parte, a repercuss\u00e3o de investiga\u00e7\u00f5es, den\u00fancias e disputas pol\u00edticas que voltaram a expor fragilidades no sistema de controle e fiscaliza\u00e7\u00e3o do Estado. Mesmo quando n\u00e3o resultam imediatamente em condena\u00e7\u00f5es ou mudan\u00e7as institucionais, esses epis\u00f3dios refor\u00e7am a percep\u00e7\u00e3o de que pr\u00e1ticas il\u00edcitas continuam presentes na administra\u00e7\u00e3o p\u00fablica.<\/p>\n<p class=\"isSelectedEnd\">Mais do que um problema jur\u00eddico, a corrup\u00e7\u00e3o representa um obst\u00e1culo direto ao desenvolvimento do pa\u00eds. Recursos desviados significam menos investimentos em \u00e1reas essenciais como sa\u00fade, educa\u00e7\u00e3o e infraestrutura. Ao mesmo tempo, a sensa\u00e7\u00e3o de impunidade alimenta a descren\u00e7a nas institui\u00e7\u00f5es e enfraquece a confian\u00e7a da popula\u00e7\u00e3o na pol\u00edtica.<\/p>\n<p class=\"isSelectedEnd\">O resultado da pesquisa tamb\u00e9m deve servir de alerta para governantes, partidos e \u00f3rg\u00e3os de controle. Combater a corrup\u00e7\u00e3o n\u00e3o \u00e9 apenas uma demanda moral, mas uma exig\u00eancia social cada vez mais clara. Transpar\u00eancia, fortalecimento das institui\u00e7\u00f5es de fiscaliza\u00e7\u00e3o e compromisso com a integridade p\u00fablica precisam voltar a ser prioridades efetivas.<\/p>\n<p>A hist\u00f3ria recente do Brasil mostra que a sociedade reage quando percebe que o combate \u00e0 corrup\u00e7\u00e3o perde for\u00e7a. O aumento da preocupa\u00e7\u00e3o captado pela pesquisa Quaest indica que esse tema volta a mobilizar a opini\u00e3o p\u00fablica. Ignorar esse sinal seria repetir erros do passado.<\/p>\n<p><img data-recalc-dims=\"1\" fetchpriority=\"high\" decoding=\"async\" src=\"https:\/\/i0.wp.com\/blogdobispo.com.br\/wp-content\/uploads\/2026\/03\/102304023-mariz-pa-brasilia-07-03-2023-ordem-ao-merito-tse-luiz-inacio-lula-da-silva-alexandre.webp?resize=300%2C187\" class=\"alignnone size-medium wp-image-19365\" width=\"300\" height=\"187\" alt=\"\" srcset=\"https:\/\/i0.wp.com\/blogdobispo.com.br\/wp-content\/uploads\/2026\/03\/102304023-mariz-pa-brasilia-07-03-2023-ordem-ao-merito-tse-luiz-inacio-lula-da-silva-alexandre.webp?resize=300%2C187&amp;ssl=1 300w, https:\/\/i0.wp.com\/blogdobispo.com.br\/wp-content\/uploads\/2026\/03\/102304023-mariz-pa-brasilia-07-03-2023-ordem-ao-merito-tse-luiz-inacio-lula-da-silva-alexandre.webp?resize=1024%2C639&amp;ssl=1 1024w, https:\/\/i0.wp.com\/blogdobispo.com.br\/wp-content\/uploads\/2026\/03\/102304023-mariz-pa-brasilia-07-03-2023-ordem-ao-merito-tse-luiz-inacio-lula-da-silva-alexandre.webp?resize=768%2C479&amp;ssl=1 768w, https:\/\/i0.wp.com\/blogdobispo.com.br\/wp-content\/uploads\/2026\/03\/102304023-mariz-pa-brasilia-07-03-2023-ordem-ao-merito-tse-luiz-inacio-lula-da-silva-alexandre.webp?w=1200&amp;ssl=1 1200w\" sizes=\"(max-width: 300px) 100vw, 300px\" \/><\/p>\n","protected":false},"excerpt":{"rendered":"<p>A corrup\u00e7\u00e3o voltou ao centro das preocupa\u00e7\u00f5es da popula\u00e7\u00e3o brasileira. A mais recente pesquisa do instituto Genial\/Quaest mostra que o tema j\u00e1 aparece como o segundo maior problema do pa\u00eds na percep\u00e7\u00e3o dos cidad\u00e3os, citado por 20% dos entrevistados, atr\u00e1s apenas da viol\u00eancia. O dado revela n\u00e3o apenas um aumento recente, mas tamb\u00e9m um movimento [&hellip;]<\/p>\n","protected":false},"author":1,"featured_media":19365,"comment_status":"open","ping_status":"open","sticky":false,"template":"","format":"standard","meta":{"cybocfi_hide_featured_image":"","_jetpack_memberships_contains_paid_content":false,"footnotes":""},"categories":[1],"tags":[],"class_list":["post-19364","post","type-post","status-publish","format-standard","has-post-thumbnail","hentry","category-diversos"],"yoast_head":"<!-- This site is optimized with the Yoast SEO plugin v25.6 - https:\/\/yoast.com\/wordpress\/plugins\/seo\/ -->\n<title>Corrup\u00e7\u00e3o volta a ser preocupa\u00e7\u00e3o do brasileiro e direita ganha com o tema em evid\u00eancia - Blog do Bispo<\/title>\n<meta name=\"robots\" content=\"index, follow, max-snippet:-1, max-image-preview:large, max-video-preview:-1\" \/>\n<link rel=\"canonical\" href=\"https:\/\/blogdobispo.com.br\/?p=19364\" \/>\n<meta property=\"og:locale\" content=\"pt_BR\" \/>\n<meta property=\"og:type\" content=\"article\" \/>\n<meta property=\"og:title\" content=\"Corrup\u00e7\u00e3o volta a ser preocupa\u00e7\u00e3o do brasileiro e direita ganha com o tema em evid\u00eancia - Blog do Bispo\" \/>\n<meta property=\"og:description\" content=\"A corrup\u00e7\u00e3o voltou ao centro das preocupa\u00e7\u00f5es da popula\u00e7\u00e3o brasileira. A mais recente pesquisa do instituto Genial\/Quaest mostra que o tema j\u00e1 aparece como o segundo maior problema do pa\u00eds na percep\u00e7\u00e3o dos cidad\u00e3os, citado por 20% dos entrevistados, atr\u00e1s apenas da viol\u00eancia. O dado revela n\u00e3o apenas um aumento recente, mas tamb\u00e9m um movimento [&hellip;]\" \/>\n<meta property=\"og:url\" content=\"https:\/\/blogdobispo.com.br\/?p=19364\" \/>\n<meta property=\"og:site_name\" content=\"Blog do Bispo\" \/>\n<meta property=\"article:published_time\" content=\"2026-03-12T13:45:13+00:00\" \/>\n<meta property=\"article:modified_time\" content=\"2026-03-12T14:56:06+00:00\" \/>\n<meta property=\"og:image\" content=\"http:\/\/blogdobispo.com.br\/wp-content\/uploads\/2026\/03\/102304023-mariz-pa-brasilia-07-03-2023-ordem-ao-merito-tse-luiz-inacio-lula-da-silva-alexandre-300x187.webp\" \/>\n<meta name=\"author\" content=\"Jefferson Sterfeno\" \/>\n<meta name=\"twitter:card\" content=\"summary_large_image\" \/>\n<meta name=\"twitter:label1\" content=\"Escrito por\" \/>\n\t<meta name=\"twitter:data1\" content=\"Jefferson Sterfeno\" \/>\n\t<meta name=\"twitter:label2\" content=\"Est. tempo de leitura\" \/>\n\t<meta name=\"twitter:data2\" content=\"2 minutos\" \/>\n<script type=\"application\/ld+json\" class=\"yoast-schema-graph\">{\"@context\":\"https:\/\/schema.org\",\"@graph\":[{\"@type\":\"Article\",\"@id\":\"https:\/\/blogdobispo.com.br\/?p=19364#article\",\"isPartOf\":{\"@id\":\"https:\/\/blogdobispo.com.br\/?p=19364\"},\"author\":{\"name\":\"Jefferson Sterfeno\",\"@id\":\"https:\/\/blogdobispo.com.br\/#\/schema\/person\/e2209cc0e6cea5c5233d033e997b373f\"},\"headline\":\"Corrup\u00e7\u00e3o volta a ser preocupa\u00e7\u00e3o do brasileiro e direita ganha com o tema em evid\u00eancia\",\"datePublished\":\"2026-03-12T13:45:13+00:00\",\"dateModified\":\"2026-03-12T14:56:06+00:00\",\"mainEntityOfPage\":{\"@id\":\"https:\/\/blogdobispo.com.br\/?p=19364\"},\"wordCount\":392,\"commentCount\":0,\"publisher\":{\"@id\":\"https:\/\/blogdobispo.com.br\/#organization\"},\"image\":{\"@id\":\"https:\/\/blogdobispo.com.br\/?p=19364#primaryimage\"},\"thumbnailUrl\":\"https:\/\/i0.wp.com\/blogdobispo.com.br\/wp-content\/uploads\/2026\/03\/102304023-mariz-pa-brasilia-07-03-2023-ordem-ao-merito-tse-luiz-inacio-lula-da-silva-alexandre.webp?fit=1200%2C749&ssl=1\",\"articleSection\":[\"diversos\"],\"inLanguage\":\"pt-BR\",\"potentialAction\":[{\"@type\":\"CommentAction\",\"name\":\"Comment\",\"target\":[\"https:\/\/blogdobispo.com.br\/?p=19364#respond\"]}]},{\"@type\":\"WebPage\",\"@id\":\"https:\/\/blogdobispo.com.br\/?p=19364\",\"url\":\"https:\/\/blogdobispo.com.br\/?p=19364\",\"name\":\"Corrup\u00e7\u00e3o volta a ser preocupa\u00e7\u00e3o do brasileiro e direita ganha com o tema em evid\u00eancia - Blog do Bispo\",\"isPartOf\":{\"@id\":\"https:\/\/blogdobispo.com.br\/#website\"},\"primaryImageOfPage\":{\"@id\":\"https:\/\/blogdobispo.com.br\/?p=19364#primaryimage\"},\"image\":{\"@id\":\"https:\/\/blogdobispo.com.br\/?p=19364#primaryimage\"},\"thumbnailUrl\":\"https:\/\/i0.wp.com\/blogdobispo.com.br\/wp-content\/uploads\/2026\/03\/102304023-mariz-pa-brasilia-07-03-2023-ordem-ao-merito-tse-luiz-inacio-lula-da-silva-alexandre.webp?fit=1200%2C749&ssl=1\",\"datePublished\":\"2026-03-12T13:45:13+00:00\",\"dateModified\":\"2026-03-12T14:56:06+00:00\",\"breadcrumb\":{\"@id\":\"https:\/\/blogdobispo.com.br\/?p=19364#breadcrumb\"},\"inLanguage\":\"pt-BR\",\"potentialAction\":[{\"@type\":\"ReadAction\",\"target\":[\"https:\/\/blogdobispo.com.br\/?p=19364\"]}]},{\"@type\":\"ImageObject\",\"inLanguage\":\"pt-BR\",\"@id\":\"https:\/\/blogdobispo.com.br\/?p=19364#primaryimage\",\"url\":\"https:\/\/i0.wp.com\/blogdobispo.com.br\/wp-content\/uploads\/2026\/03\/102304023-mariz-pa-brasilia-07-03-2023-ordem-ao-merito-tse-luiz-inacio-lula-da-silva-alexandre.webp?fit=1200%2C749&ssl=1\",\"contentUrl\":\"https:\/\/i0.wp.com\/blogdobispo.com.br\/wp-content\/uploads\/2026\/03\/102304023-mariz-pa-brasilia-07-03-2023-ordem-ao-merito-tse-luiz-inacio-lula-da-silva-alexandre.webp?fit=1200%2C749&ssl=1\",\"width\":1200,\"height\":749},{\"@type\":\"BreadcrumbList\",\"@id\":\"https:\/\/blogdobispo.com.br\/?p=19364#breadcrumb\",\"itemListElement\":[{\"@type\":\"ListItem\",\"position\":1,\"name\":\"In\u00edcio\",\"item\":\"https:\/\/blogdobispo.com.br\/\"},{\"@type\":\"ListItem\",\"position\":2,\"name\":\"Corrup\u00e7\u00e3o volta a ser preocupa\u00e7\u00e3o do brasileiro e direita ganha com o tema em evid\u00eancia\"}]},{\"@type\":\"WebSite\",\"@id\":\"https:\/\/blogdobispo.com.br\/#website\",\"url\":\"https:\/\/blogdobispo.com.br\/\",\"name\":\"Blog do Bispo\",\"description\":\"Comprometido apenas com o leitor\",\"publisher\":{\"@id\":\"https:\/\/blogdobispo.com.br\/#organization\"},\"potentialAction\":[{\"@type\":\"SearchAction\",\"target\":{\"@type\":\"EntryPoint\",\"urlTemplate\":\"https:\/\/blogdobispo.com.br\/?s={search_term_string}\"},\"query-input\":{\"@type\":\"PropertyValueSpecification\",\"valueRequired\":true,\"valueName\":\"search_term_string\"}}],\"inLanguage\":\"pt-BR\"},{\"@type\":\"Organization\",\"@id\":\"https:\/\/blogdobispo.com.br\/#organization\",\"name\":\"Blog do Bispo\",\"url\":\"https:\/\/blogdobispo.com.br\/\",\"logo\":{\"@type\":\"ImageObject\",\"inLanguage\":\"pt-BR\",\"@id\":\"https:\/\/blogdobispo.com.br\/#\/schema\/logo\/image\/\",\"url\":\"http:\/\/blogdobispo.com.br\/wp-content\/uploads\/2023\/05\/cropped-headear.png\",\"contentUrl\":\"http:\/\/blogdobispo.com.br\/wp-content\/uploads\/2023\/05\/cropped-headear.png\",\"width\":1500,\"height\":399,\"caption\":\"Blog do Bispo\"},\"image\":{\"@id\":\"https:\/\/blogdobispo.com.br\/#\/schema\/logo\/image\/\"}},{\"@type\":\"Person\",\"@id\":\"https:\/\/blogdobispo.com.br\/#\/schema\/person\/e2209cc0e6cea5c5233d033e997b373f\",\"name\":\"Jefferson Sterfeno\",\"image\":{\"@type\":\"ImageObject\",\"inLanguage\":\"pt-BR\",\"@id\":\"https:\/\/blogdobispo.com.br\/#\/schema\/person\/image\/\",\"url\":\"https:\/\/secure.gravatar.com\/avatar\/0534e84764641168a677026b6d57a3f51dc7ac4db0b4f6186d9cb330d4ee1160?s=96&d=mm&r=g\",\"contentUrl\":\"https:\/\/secure.gravatar.com\/avatar\/0534e84764641168a677026b6d57a3f51dc7ac4db0b4f6186d9cb330d4ee1160?s=96&d=mm&r=g\",\"caption\":\"Jefferson Sterfeno\"},\"sameAs\":[\"http:\/\/blogdobispo.com.br\"],\"url\":\"https:\/\/blogdobispo.com.br\/?author=1\"}]}<\/script>\n<!-- \/ Yoast SEO plugin. -->","yoast_head_json":{"title":"Corrup\u00e7\u00e3o volta a ser preocupa\u00e7\u00e3o do brasileiro e direita ganha com o tema em evid\u00eancia - Blog do Bispo","robots":{"index":"index","follow":"follow","max-snippet":"max-snippet:-1","max-image-preview":"max-image-preview:large","max-video-preview":"max-video-preview:-1"},"canonical":"https:\/\/blogdobispo.com.br\/?p=19364","og_locale":"pt_BR","og_type":"article","og_title":"Corrup\u00e7\u00e3o volta a ser preocupa\u00e7\u00e3o do brasileiro e direita ganha com o tema em evid\u00eancia - Blog do Bispo","og_description":"A corrup\u00e7\u00e3o voltou ao centro das preocupa\u00e7\u00f5es da popula\u00e7\u00e3o brasileira. A mais recente pesquisa do instituto Genial\/Quaest mostra que o tema j\u00e1 aparece como o segundo maior problema do pa\u00eds na percep\u00e7\u00e3o dos cidad\u00e3os, citado por 20% dos entrevistados, atr\u00e1s apenas da viol\u00eancia. O dado revela n\u00e3o apenas um aumento recente, mas tamb\u00e9m um movimento [&hellip;]","og_url":"https:\/\/blogdobispo.com.br\/?p=19364","og_site_name":"Blog do Bispo","article_published_time":"2026-03-12T13:45:13+00:00","article_modified_time":"2026-03-12T14:56:06+00:00","og_image":[{"url":"http:\/\/blogdobispo.com.br\/wp-content\/uploads\/2026\/03\/102304023-mariz-pa-brasilia-07-03-2023-ordem-ao-merito-tse-luiz-inacio-lula-da-silva-alexandre-300x187.webp","type":"","width":"","height":""}],"author":"Jefferson Sterfeno","twitter_card":"summary_large_image","twitter_misc":{"Escrito por":"Jefferson Sterfeno","Est. tempo de leitura":"2 minutos"},"schema":{"@context":"https:\/\/schema.org","@graph":[{"@type":"Article","@id":"https:\/\/blogdobispo.com.br\/?p=19364#article","isPartOf":{"@id":"https:\/\/blogdobispo.com.br\/?p=19364"},"author":{"name":"Jefferson Sterfeno","@id":"https:\/\/blogdobispo.com.br\/#\/schema\/person\/e2209cc0e6cea5c5233d033e997b373f"},"headline":"Corrup\u00e7\u00e3o volta a ser preocupa\u00e7\u00e3o do brasileiro e direita ganha com o tema em evid\u00eancia","datePublished":"2026-03-12T13:45:13+00:00","dateModified":"2026-03-12T14:56:06+00:00","mainEntityOfPage":{"@id":"https:\/\/blogdobispo.com.br\/?p=19364"},"wordCount":392,"commentCount":0,"publisher":{"@id":"https:\/\/blogdobispo.com.br\/#organization"},"image":{"@id":"https:\/\/blogdobispo.com.br\/?p=19364#primaryimage"},"thumbnailUrl":"https:\/\/i0.wp.com\/blogdobispo.com.br\/wp-content\/uploads\/2026\/03\/102304023-mariz-pa-brasilia-07-03-2023-ordem-ao-merito-tse-luiz-inacio-lula-da-silva-alexandre.webp?fit=1200%2C749&ssl=1","articleSection":["diversos"],"inLanguage":"pt-BR","potentialAction":[{"@type":"CommentAction","name":"Comment","target":["https:\/\/blogdobispo.com.br\/?p=19364#respond"]}]},{"@type":"WebPage","@id":"https:\/\/blogdobispo.com.br\/?p=19364","url":"https:\/\/blogdobispo.com.br\/?p=19364","name":"Corrup\u00e7\u00e3o volta a ser preocupa\u00e7\u00e3o do brasileiro e direita ganha com o tema em evid\u00eancia - Blog do Bispo","isPartOf":{"@id":"https:\/\/blogdobispo.com.br\/#website"},"primaryImageOfPage":{"@id":"https:\/\/blogdobispo.com.br\/?p=19364#primaryimage"},"image":{"@id":"https:\/\/blogdobispo.com.br\/?p=19364#primaryimage"},"thumbnailUrl":"https:\/\/i0.wp.com\/blogdobispo.com.br\/wp-content\/uploads\/2026\/03\/102304023-mariz-pa-brasilia-07-03-2023-ordem-ao-merito-tse-luiz-inacio-lula-da-silva-alexandre.webp?fit=1200%2C749&ssl=1","datePublished":"2026-03-12T13:45:13+00:00","dateModified":"2026-03-12T14:56:06+00:00","breadcrumb":{"@id":"https:\/\/blogdobispo.com.br\/?p=19364#breadcrumb"},"inLanguage":"pt-BR","potentialAction":[{"@type":"ReadAction","target":["https:\/\/blogdobispo.com.br\/?p=19364"]}]},{"@type":"ImageObject","inLanguage":"pt-BR","@id":"https:\/\/blogdobispo.com.br\/?p=19364#primaryimage","url":"https:\/\/i0.wp.com\/blogdobispo.com.br\/wp-content\/uploads\/2026\/03\/102304023-mariz-pa-brasilia-07-03-2023-ordem-ao-merito-tse-luiz-inacio-lula-da-silva-alexandre.webp?fit=1200%2C749&ssl=1","contentUrl":"https:\/\/i0.wp.com\/blogdobispo.com.br\/wp-content\/uploads\/2026\/03\/102304023-mariz-pa-brasilia-07-03-2023-ordem-ao-merito-tse-luiz-inacio-lula-da-silva-alexandre.webp?fit=1200%2C749&ssl=1","width":1200,"height":749},{"@type":"BreadcrumbList","@id":"https:\/\/blogdobispo.com.br\/?p=19364#breadcrumb","itemListElement":[{"@type":"ListItem","position":1,"name":"In\u00edcio","item":"https:\/\/blogdobispo.com.br\/"},{"@type":"ListItem","position":2,"name":"Corrup\u00e7\u00e3o volta a ser preocupa\u00e7\u00e3o do brasileiro e direita ganha com o tema em evid\u00eancia"}]},{"@type":"WebSite","@id":"https:\/\/blogdobispo.com.br\/#website","url":"https:\/\/blogdobispo.com.br\/","name":"Blog do Bispo","description":"Comprometido apenas com o leitor","publisher":{"@id":"https:\/\/blogdobispo.com.br\/#organization"},"potentialAction":[{"@type":"SearchAction","target":{"@type":"EntryPoint","urlTemplate":"https:\/\/blogdobispo.com.br\/?s={search_term_string}"},"query-input":{"@type":"PropertyValueSpecification","valueRequired":true,"valueName":"search_term_string"}}],"inLanguage":"pt-BR"},{"@type":"Organization","@id":"https:\/\/blogdobispo.com.br\/#organization","name":"Blog do Bispo","url":"https:\/\/blogdobispo.com.br\/","logo":{"@type":"ImageObject","inLanguage":"pt-BR","@id":"https:\/\/blogdobispo.com.br\/#\/schema\/logo\/image\/","url":"http:\/\/blogdobispo.com.br\/wp-content\/uploads\/2023\/05\/cropped-headear.png","contentUrl":"http:\/\/blogdobispo.com.br\/wp-content\/uploads\/2023\/05\/cropped-headear.png","width":1500,"height":399,"caption":"Blog do Bispo"},"image":{"@id":"https:\/\/blogdobispo.com.br\/#\/schema\/logo\/image\/"}},{"@type":"Person","@id":"https:\/\/blogdobispo.com.br\/#\/schema\/person\/e2209cc0e6cea5c5233d033e997b373f","name":"Jefferson Sterfeno","image":{"@type":"ImageObject","inLanguage":"pt-BR","@id":"https:\/\/blogdobispo.com.br\/#\/schema\/person\/image\/","url":"https:\/\/secure.gravatar.com\/avatar\/0534e84764641168a677026b6d57a3f51dc7ac4db0b4f6186d9cb330d4ee1160?s=96&d=mm&r=g","contentUrl":"https:\/\/secure.gravatar.com\/avatar\/0534e84764641168a677026b6d57a3f51dc7ac4db0b4f6186d9cb330d4ee1160?s=96&d=mm&r=g","caption":"Jefferson Sterfeno"},"sameAs":["http:\/\/blogdobispo.com.br"],"url":"https:\/\/blogdobispo.com.br\/?author=1"}]}},"featured_image_urls":{"full":["https:\/\/i0.wp.com\/blogdobispo.com.br\/wp-content\/uploads\/2026\/03\/102304023-mariz-pa-brasilia-07-03-2023-ordem-ao-merito-tse-luiz-inacio-lula-da-silva-alexandre.webp?fit=1200%2C749&ssl=1",1200,749,false],"thumbnail":["https:\/\/i0.wp.com\/blogdobispo.com.br\/wp-content\/uploads\/2026\/03\/102304023-mariz-pa-brasilia-07-03-2023-ordem-ao-merito-tse-luiz-inacio-lula-da-silva-alexandre.webp?resize=150%2C150&ssl=1",150,150,true],"medium":["https:\/\/i0.wp.com\/blogdobispo.com.br\/wp-content\/uploads\/2026\/03\/102304023-mariz-pa-brasilia-07-03-2023-ordem-ao-merito-tse-luiz-inacio-lula-da-silva-alexandre.webp?fit=300%2C187&ssl=1",300,187,true],"medium_large":["https:\/\/i0.wp.com\/blogdobispo.com.br\/wp-content\/uploads\/2026\/03\/102304023-mariz-pa-brasilia-07-03-2023-ordem-ao-merito-tse-luiz-inacio-lula-da-silva-alexandre.webp?fit=768%2C479&ssl=1",768,479,true],"large":["https:\/\/i0.wp.com\/blogdobispo.com.br\/wp-content\/uploads\/2026\/03\/102304023-mariz-pa-brasilia-07-03-2023-ordem-ao-merito-tse-luiz-inacio-lula-da-silva-alexandre.webp?fit=800%2C499&ssl=1",800,499,true],"1536x1536":["https:\/\/i0.wp.com\/blogdobispo.com.br\/wp-content\/uploads\/2026\/03\/102304023-mariz-pa-brasilia-07-03-2023-ordem-ao-merito-tse-luiz-inacio-lula-da-silva-alexandre.webp?fit=1200%2C749&ssl=1",1200,749,true],"2048x2048":["https:\/\/i0.wp.com\/blogdobispo.com.br\/wp-content\/uploads\/2026\/03\/102304023-mariz-pa-brasilia-07-03-2023-ordem-ao-merito-tse-luiz-inacio-lula-da-silva-alexandre.webp?fit=1200%2C749&ssl=1",1200,749,true]},"author_info":{"display_name":"Jefferson Sterfeno","author_link":"https:\/\/blogdobispo.com.br\/?author=1"},"category_info":"<a href=\"https:\/\/blogdobispo.com.br\/?cat=1\" rel=\"category\">diversos<\/a>","tag_info":"diversos","comment_count":"0","jetpack_featured_media_url":"https:\/\/i0.wp.com\/blogdobispo.com.br\/wp-content\/uploads\/2026\/03\/102304023-mariz-pa-brasilia-07-03-2023-ordem-ao-merito-tse-luiz-inacio-lula-da-silva-alexandre.webp?fit=1200%2C749&ssl=1","jetpack_sharing_enabled":true,"_links":{"self":[{"href":"https:\/\/blogdobispo.com.br\/index.php?rest_route=\/wp\/v2\/posts\/19364","targetHints":{"allow":["GET"]}}],"collection":[{"href":"https:\/\/blogdobispo.com.br\/index.php?rest_route=\/wp\/v2\/posts"}],"about":[{"href":"https:\/\/blogdobispo.com.br\/index.php?rest_route=\/wp\/v2\/types\/post"}],"author":[{"embeddable":true,"href":"https:\/\/blogdobispo.com.br\/index.php?rest_route=\/wp\/v2\/users\/1"}],"replies":[{"embeddable":true,"href":"https:\/\/blogdobispo.com.br\/index.php?rest_route=%2Fwp%2Fv2%2Fcomments&post=19364"}],"version-history":[{"count":2,"href":"https:\/\/blogdobispo.com.br\/index.php?rest_route=\/wp\/v2\/posts\/19364\/revisions"}],"predecessor-version":[{"id":19369,"href":"https:\/\/blogdobispo.com.br\/index.php?rest_route=\/wp\/v2\/posts\/19364\/revisions\/19369"}],"wp:featuredmedia":[{"embeddable":true,"href":"https:\/\/blogdobispo.com.br\/index.php?rest_route=\/wp\/v2\/media\/19365"}],"wp:attachment":[{"href":"https:\/\/blogdobispo.com.br\/index.php?rest_route=%2Fwp%2Fv2%2Fmedia&parent=19364"}],"wp:term":[{"taxonomy":"category","embeddable":true,"href":"https:\/\/blogdobispo.com.br\/index.php?rest_route=%2Fwp%2Fv2%2Fcategories&post=19364"},{"taxonomy":"post_tag","embeddable":true,"href":"https:\/\/blogdobispo.com.br\/index.php?rest_route=%2Fwp%2Fv2%2Ftags&post=19364"}],"curies":[{"name":"wp","href":"https:\/\/api.w.org\/{rel}","templated":true}]}}