{"id":19361,"date":"2026-03-12T13:36:10","date_gmt":"2026-03-12T13:36:10","guid":{"rendered":"https:\/\/blogdobispo.com.br\/?p=19361"},"modified":"2026-03-12T13:36:10","modified_gmt":"2026-03-12T13:36:10","slug":"programa-de-monitoramento-digital-da-saude-da-mulher-e-aprovado-na-camara","status":"publish","type":"post","link":"https:\/\/blogdobispo.com.br\/?p=19361","title":{"rendered":"Programa de monitoramento digital da sa\u00fade da mulher \u00e9 aprovado na C\u00e2mara"},"content":{"rendered":"<p>Mulheres em fase de tratamento ou em acompanhamento contra o c\u00e2ncer de mama v\u00e3o poder contar com um programa de apoio e monitoramento por parte do poder p\u00fablico. A a\u00e7\u00e3o \u00e9 prevista no projeto de lei 476\/2025, de autoria do vereador Eriko J\u00e1come (PP), aprovado durante a sess\u00e3o ordin\u00e1ria desta quarta-feira (11), na C\u00e2mara Municipal de Natal. O programa deve entrar em atividade ap\u00f3s a san\u00e7\u00e3o pelo Prefeito de Natal.<\/p>\n<p>O Programa de Monitoramento e Apoio Digital \u00e0 Sa\u00fade da Mulher Diagnosticada com C\u00e2ncer de Mama tem como objetivo central a utiliza\u00e7\u00e3o de tecnologias informacionais, como plataformas digitais, aplicativos m\u00f3veis e intelig\u00eancia artificial, para o acompanhamento remoto e personalizado das mulheres diagnosticadas com c\u00e2ncer de mama, durante e ap\u00f3s o tratamento.<\/p>\n<p>De acordo com o propositor da mat\u00e9ria, a ideia \u00e9 utilizar o conhecimento em inform\u00e1tica dispon\u00edvel atualmente de maneira positiva, como para o aux\u00edlio de pacientes em tratamento do c\u00e2ncer de mama. \u201cA gente est\u00e1 trazendo a era digital para o lado do combate ao c\u00e2ncer, para o lado do monitoramento daquela pessoa que est\u00e1 enferma. O Apoio Digital vai acompanhar a paciente desde o momento da descoberta da doen\u00e7a, at\u00e9 o p\u00f3s-cir\u00fargico. Isso vai ser implementado em Natal e eu tenho a certeza que quem vai ganhar \u00e9 o combate ao c\u00e2ncer em nossa cidade\u201d, declarou o vereador Eriko J\u00e1come.<\/p>\n<p>Ainda dentro do tema de mat\u00e9rias voltadas para as mulheres, o plen\u00e1rio aprovou, em regime de urg\u00eancia, o projeto de lei 112\/2026, tamb\u00e9m de autoria do vereador Eriko J\u00e1come, o qual altera a lei 7813\/2025, e que expande a concess\u00e3o do Selo ELLAS para institui\u00e7\u00f5es p\u00fablicas e privadas que promovam o protagonismo feminino em suas atividades.<\/p>\n<p>\u201cO projeto Selo ELLAS \u00e9 um projeto que vem contemplando as empresas em Natal por beneficiar, de certa forma, a qualidade de vida das mulheres no ambiente de trabalho. Com esse projeto, aprovado hoje aqui na C\u00e2mara, n\u00f3s vamos estender o selo ELLAS, para institui\u00e7\u00f5es p\u00fablicas e privadas. Como resultado, n\u00f3s temos realizado sess\u00f5es solenes, com premia\u00e7\u00f5es para essas empresas, e tornando a valoriza\u00e7\u00e3o da mulher no mercado de trabalho a pauta principal aqui na nossa cidade\u201d, explicou \u00a0o parlamentar.<\/p>\n<p>Foram aprovados, tamb\u00e9m em segunda discuss\u00e3o, os projetos de lei 446\/2025, que reconhece a pr\u00e1tica esportiva \u201cGodai Ju Jutsu Do\u201d como patrim\u00f4nio imaterial da cidade; o PL 167\/2025, o qual cria, no calend\u00e1rio oficial do munic\u00edpio, o dia do cantor e m\u00fasico evang\u00e9lico; e o PL 865\/2025, que reconhece a utilidade p\u00fablica da Associa\u00e7\u00e3o D\u2019Lourdes.<\/p>\n<p>O plen\u00e1rio da C\u00e2mara aprovou, ainda, cinco projetos de lei em primeira discuss\u00e3o. Entre estes, o PL 02\/2026, proposto pelo Chefe do Executivo, o qual concede reajuste ao aux\u00edlio alimenta\u00e7\u00e3o dos guardas municipais e vigilantes do Munic\u00edpio de Natal. Todos estes retornam \u00e0 pauta na pr\u00f3xima sess\u00e3o ordin\u00e1ria para a vota\u00e7\u00e3o em segunda discuss\u00e3o.<\/p>\n<p>Texto: Cleber Femina<br \/>\nFotos: Francisco de Assis<img data-recalc-dims=\"1\" fetchpriority=\"high\" decoding=\"async\" class=\"alignnone size-medium wp-image-19362\" src=\"https:\/\/i0.wp.com\/blogdobispo.com.br\/wp-content\/uploads\/2026\/03\/4e10f0287e78b63f3ccbd2927bf59731.jpeg?resize=300%2C218\" alt=\"\" width=\"300\" height=\"218\" srcset=\"https:\/\/i0.wp.com\/blogdobispo.com.br\/wp-content\/uploads\/2026\/03\/4e10f0287e78b63f3ccbd2927bf59731.jpeg?resize=300%2C218&amp;ssl=1 300w, https:\/\/i0.wp.com\/blogdobispo.com.br\/wp-content\/uploads\/2026\/03\/4e10f0287e78b63f3ccbd2927bf59731.jpeg?resize=1024%2C743&amp;ssl=1 1024w, https:\/\/i0.wp.com\/blogdobispo.com.br\/wp-content\/uploads\/2026\/03\/4e10f0287e78b63f3ccbd2927bf59731.jpeg?resize=768%2C557&amp;ssl=1 768w, https:\/\/i0.wp.com\/blogdobispo.com.br\/wp-content\/uploads\/2026\/03\/4e10f0287e78b63f3ccbd2927bf59731.jpeg?resize=1536%2C1115&amp;ssl=1 1536w, https:\/\/i0.wp.com\/blogdobispo.com.br\/wp-content\/uploads\/2026\/03\/4e10f0287e78b63f3ccbd2927bf59731.jpeg?w=1600&amp;ssl=1 1600w\" sizes=\"(max-width: 300px) 100vw, 300px\" \/><\/p>\n","protected":false},"excerpt":{"rendered":"<p>Mulheres em fase de tratamento ou em acompanhamento contra o c\u00e2ncer de mama v\u00e3o poder contar com um programa de apoio e monitoramento por parte do poder p\u00fablico. A a\u00e7\u00e3o \u00e9 prevista no projeto de lei 476\/2025, de autoria do vereador Eriko J\u00e1come (PP), aprovado durante a sess\u00e3o ordin\u00e1ria desta quarta-feira (11), na C\u00e2mara Municipal [&hellip;]<\/p>\n","protected":false},"author":1,"featured_media":19362,"comment_status":"open","ping_status":"open","sticky":false,"template":"","format":"standard","meta":{"cybocfi_hide_featured_image":"","_jetpack_memberships_contains_paid_content":false,"footnotes":""},"categories":[1],"tags":[],"class_list":["post-19361","post","type-post","status-publish","format-standard","has-post-thumbnail","hentry","category-diversos"],"yoast_head":"<!-- This site is optimized with the Yoast SEO plugin v25.6 - https:\/\/yoast.com\/wordpress\/plugins\/seo\/ -->\n<title>Programa de monitoramento digital da sa\u00fade da mulher \u00e9 aprovado na C\u00e2mara - Blog do Bispo<\/title>\n<meta name=\"robots\" content=\"index, follow, max-snippet:-1, max-image-preview:large, max-video-preview:-1\" \/>\n<link rel=\"canonical\" href=\"https:\/\/blogdobispo.com.br\/?p=19361\" \/>\n<meta property=\"og:locale\" content=\"pt_BR\" \/>\n<meta property=\"og:type\" content=\"article\" \/>\n<meta property=\"og:title\" content=\"Programa de monitoramento digital da sa\u00fade da mulher \u00e9 aprovado na C\u00e2mara - Blog do Bispo\" \/>\n<meta property=\"og:description\" content=\"Mulheres em fase de tratamento ou em acompanhamento contra o c\u00e2ncer de mama v\u00e3o poder contar com um programa de apoio e monitoramento por parte do poder p\u00fablico. A a\u00e7\u00e3o \u00e9 prevista no projeto de lei 476\/2025, de autoria do vereador Eriko J\u00e1come (PP), aprovado durante a sess\u00e3o ordin\u00e1ria desta quarta-feira (11), na C\u00e2mara Municipal [&hellip;]\" \/>\n<meta property=\"og:url\" content=\"https:\/\/blogdobispo.com.br\/?p=19361\" \/>\n<meta property=\"og:site_name\" content=\"Blog do Bispo\" \/>\n<meta property=\"article:published_time\" content=\"2026-03-12T13:36:10+00:00\" \/>\n<meta property=\"og:image\" content=\"http:\/\/blogdobispo.com.br\/wp-content\/uploads\/2026\/03\/4e10f0287e78b63f3ccbd2927bf59731.jpeg\" \/>\n\t<meta property=\"og:image:width\" content=\"1600\" \/>\n\t<meta property=\"og:image:height\" content=\"1161\" \/>\n\t<meta property=\"og:image:type\" content=\"image\/jpeg\" \/>\n<meta name=\"author\" content=\"Jefferson Sterfeno\" \/>\n<meta name=\"twitter:card\" content=\"summary_large_image\" \/>\n<meta name=\"twitter:label1\" content=\"Escrito por\" \/>\n\t<meta name=\"twitter:data1\" content=\"Jefferson Sterfeno\" \/>\n\t<meta name=\"twitter:label2\" content=\"Est. tempo de leitura\" \/>\n\t<meta name=\"twitter:data2\" content=\"4 minutos\" \/>\n<script type=\"application\/ld+json\" class=\"yoast-schema-graph\">{\"@context\":\"https:\/\/schema.org\",\"@graph\":[{\"@type\":\"Article\",\"@id\":\"https:\/\/blogdobispo.com.br\/?p=19361#article\",\"isPartOf\":{\"@id\":\"https:\/\/blogdobispo.com.br\/?p=19361\"},\"author\":{\"name\":\"Jefferson Sterfeno\",\"@id\":\"https:\/\/blogdobispo.com.br\/#\/schema\/person\/e2209cc0e6cea5c5233d033e997b373f\"},\"headline\":\"Programa de monitoramento digital da sa\u00fade da mulher \u00e9 aprovado na C\u00e2mara\",\"datePublished\":\"2026-03-12T13:36:10+00:00\",\"mainEntityOfPage\":{\"@id\":\"https:\/\/blogdobispo.com.br\/?p=19361\"},\"wordCount\":539,\"commentCount\":0,\"publisher\":{\"@id\":\"https:\/\/blogdobispo.com.br\/#organization\"},\"image\":{\"@id\":\"https:\/\/blogdobispo.com.br\/?p=19361#primaryimage\"},\"thumbnailUrl\":\"https:\/\/i0.wp.com\/blogdobispo.com.br\/wp-content\/uploads\/2026\/03\/4e10f0287e78b63f3ccbd2927bf59731.jpeg?fit=1600%2C1161&ssl=1\",\"articleSection\":[\"diversos\"],\"inLanguage\":\"pt-BR\",\"potentialAction\":[{\"@type\":\"CommentAction\",\"name\":\"Comment\",\"target\":[\"https:\/\/blogdobispo.com.br\/?p=19361#respond\"]}]},{\"@type\":\"WebPage\",\"@id\":\"https:\/\/blogdobispo.com.br\/?p=19361\",\"url\":\"https:\/\/blogdobispo.com.br\/?p=19361\",\"name\":\"Programa de monitoramento digital da sa\u00fade da mulher \u00e9 aprovado na C\u00e2mara - Blog do Bispo\",\"isPartOf\":{\"@id\":\"https:\/\/blogdobispo.com.br\/#website\"},\"primaryImageOfPage\":{\"@id\":\"https:\/\/blogdobispo.com.br\/?p=19361#primaryimage\"},\"image\":{\"@id\":\"https:\/\/blogdobispo.com.br\/?p=19361#primaryimage\"},\"thumbnailUrl\":\"https:\/\/i0.wp.com\/blogdobispo.com.br\/wp-content\/uploads\/2026\/03\/4e10f0287e78b63f3ccbd2927bf59731.jpeg?fit=1600%2C1161&ssl=1\",\"datePublished\":\"2026-03-12T13:36:10+00:00\",\"breadcrumb\":{\"@id\":\"https:\/\/blogdobispo.com.br\/?p=19361#breadcrumb\"},\"inLanguage\":\"pt-BR\",\"potentialAction\":[{\"@type\":\"ReadAction\",\"target\":[\"https:\/\/blogdobispo.com.br\/?p=19361\"]}]},{\"@type\":\"ImageObject\",\"inLanguage\":\"pt-BR\",\"@id\":\"https:\/\/blogdobispo.com.br\/?p=19361#primaryimage\",\"url\":\"https:\/\/i0.wp.com\/blogdobispo.com.br\/wp-content\/uploads\/2026\/03\/4e10f0287e78b63f3ccbd2927bf59731.jpeg?fit=1600%2C1161&ssl=1\",\"contentUrl\":\"https:\/\/i0.wp.com\/blogdobispo.com.br\/wp-content\/uploads\/2026\/03\/4e10f0287e78b63f3ccbd2927bf59731.jpeg?fit=1600%2C1161&ssl=1\",\"width\":1600,\"height\":1161},{\"@type\":\"BreadcrumbList\",\"@id\":\"https:\/\/blogdobispo.com.br\/?p=19361#breadcrumb\",\"itemListElement\":[{\"@type\":\"ListItem\",\"position\":1,\"name\":\"In\u00edcio\",\"item\":\"https:\/\/blogdobispo.com.br\/\"},{\"@type\":\"ListItem\",\"position\":2,\"name\":\"Programa de monitoramento digital da sa\u00fade da mulher \u00e9 aprovado na C\u00e2mara\"}]},{\"@type\":\"WebSite\",\"@id\":\"https:\/\/blogdobispo.com.br\/#website\",\"url\":\"https:\/\/blogdobispo.com.br\/\",\"name\":\"Blog do Bispo\",\"description\":\"Comprometido apenas com o leitor\",\"publisher\":{\"@id\":\"https:\/\/blogdobispo.com.br\/#organization\"},\"potentialAction\":[{\"@type\":\"SearchAction\",\"target\":{\"@type\":\"EntryPoint\",\"urlTemplate\":\"https:\/\/blogdobispo.com.br\/?s={search_term_string}\"},\"query-input\":{\"@type\":\"PropertyValueSpecification\",\"valueRequired\":true,\"valueName\":\"search_term_string\"}}],\"inLanguage\":\"pt-BR\"},{\"@type\":\"Organization\",\"@id\":\"https:\/\/blogdobispo.com.br\/#organization\",\"name\":\"Blog do Bispo\",\"url\":\"https:\/\/blogdobispo.com.br\/\",\"logo\":{\"@type\":\"ImageObject\",\"inLanguage\":\"pt-BR\",\"@id\":\"https:\/\/blogdobispo.com.br\/#\/schema\/logo\/image\/\",\"url\":\"http:\/\/blogdobispo.com.br\/wp-content\/uploads\/2023\/05\/cropped-headear.png\",\"contentUrl\":\"http:\/\/blogdobispo.com.br\/wp-content\/uploads\/2023\/05\/cropped-headear.png\",\"width\":1500,\"height\":399,\"caption\":\"Blog do Bispo\"},\"image\":{\"@id\":\"https:\/\/blogdobispo.com.br\/#\/schema\/logo\/image\/\"}},{\"@type\":\"Person\",\"@id\":\"https:\/\/blogdobispo.com.br\/#\/schema\/person\/e2209cc0e6cea5c5233d033e997b373f\",\"name\":\"Jefferson Sterfeno\",\"image\":{\"@type\":\"ImageObject\",\"inLanguage\":\"pt-BR\",\"@id\":\"https:\/\/blogdobispo.com.br\/#\/schema\/person\/image\/\",\"url\":\"https:\/\/secure.gravatar.com\/avatar\/0534e84764641168a677026b6d57a3f51dc7ac4db0b4f6186d9cb330d4ee1160?s=96&d=mm&r=g\",\"contentUrl\":\"https:\/\/secure.gravatar.com\/avatar\/0534e84764641168a677026b6d57a3f51dc7ac4db0b4f6186d9cb330d4ee1160?s=96&d=mm&r=g\",\"caption\":\"Jefferson Sterfeno\"},\"sameAs\":[\"http:\/\/blogdobispo.com.br\"],\"url\":\"https:\/\/blogdobispo.com.br\/?author=1\"}]}<\/script>\n<!-- \/ Yoast SEO plugin. -->","yoast_head_json":{"title":"Programa de monitoramento digital da sa\u00fade da mulher \u00e9 aprovado na C\u00e2mara - Blog do Bispo","robots":{"index":"index","follow":"follow","max-snippet":"max-snippet:-1","max-image-preview":"max-image-preview:large","max-video-preview":"max-video-preview:-1"},"canonical":"https:\/\/blogdobispo.com.br\/?p=19361","og_locale":"pt_BR","og_type":"article","og_title":"Programa de monitoramento digital da sa\u00fade da mulher \u00e9 aprovado na C\u00e2mara - Blog do Bispo","og_description":"Mulheres em fase de tratamento ou em acompanhamento contra o c\u00e2ncer de mama v\u00e3o poder contar com um programa de apoio e monitoramento por parte do poder p\u00fablico. A a\u00e7\u00e3o \u00e9 prevista no projeto de lei 476\/2025, de autoria do vereador Eriko J\u00e1come (PP), aprovado durante a sess\u00e3o ordin\u00e1ria desta quarta-feira (11), na C\u00e2mara Municipal [&hellip;]","og_url":"https:\/\/blogdobispo.com.br\/?p=19361","og_site_name":"Blog do Bispo","article_published_time":"2026-03-12T13:36:10+00:00","og_image":[{"width":1600,"height":1161,"url":"http:\/\/blogdobispo.com.br\/wp-content\/uploads\/2026\/03\/4e10f0287e78b63f3ccbd2927bf59731.jpeg","type":"image\/jpeg"}],"author":"Jefferson Sterfeno","twitter_card":"summary_large_image","twitter_misc":{"Escrito por":"Jefferson Sterfeno","Est. tempo de leitura":"4 minutos"},"schema":{"@context":"https:\/\/schema.org","@graph":[{"@type":"Article","@id":"https:\/\/blogdobispo.com.br\/?p=19361#article","isPartOf":{"@id":"https:\/\/blogdobispo.com.br\/?p=19361"},"author":{"name":"Jefferson Sterfeno","@id":"https:\/\/blogdobispo.com.br\/#\/schema\/person\/e2209cc0e6cea5c5233d033e997b373f"},"headline":"Programa de monitoramento digital da sa\u00fade da mulher \u00e9 aprovado na C\u00e2mara","datePublished":"2026-03-12T13:36:10+00:00","mainEntityOfPage":{"@id":"https:\/\/blogdobispo.com.br\/?p=19361"},"wordCount":539,"commentCount":0,"publisher":{"@id":"https:\/\/blogdobispo.com.br\/#organization"},"image":{"@id":"https:\/\/blogdobispo.com.br\/?p=19361#primaryimage"},"thumbnailUrl":"https:\/\/i0.wp.com\/blogdobispo.com.br\/wp-content\/uploads\/2026\/03\/4e10f0287e78b63f3ccbd2927bf59731.jpeg?fit=1600%2C1161&ssl=1","articleSection":["diversos"],"inLanguage":"pt-BR","potentialAction":[{"@type":"CommentAction","name":"Comment","target":["https:\/\/blogdobispo.com.br\/?p=19361#respond"]}]},{"@type":"WebPage","@id":"https:\/\/blogdobispo.com.br\/?p=19361","url":"https:\/\/blogdobispo.com.br\/?p=19361","name":"Programa de monitoramento digital da sa\u00fade da mulher \u00e9 aprovado na C\u00e2mara - Blog do Bispo","isPartOf":{"@id":"https:\/\/blogdobispo.com.br\/#website"},"primaryImageOfPage":{"@id":"https:\/\/blogdobispo.com.br\/?p=19361#primaryimage"},"image":{"@id":"https:\/\/blogdobispo.com.br\/?p=19361#primaryimage"},"thumbnailUrl":"https:\/\/i0.wp.com\/blogdobispo.com.br\/wp-content\/uploads\/2026\/03\/4e10f0287e78b63f3ccbd2927bf59731.jpeg?fit=1600%2C1161&ssl=1","datePublished":"2026-03-12T13:36:10+00:00","breadcrumb":{"@id":"https:\/\/blogdobispo.com.br\/?p=19361#breadcrumb"},"inLanguage":"pt-BR","potentialAction":[{"@type":"ReadAction","target":["https:\/\/blogdobispo.com.br\/?p=19361"]}]},{"@type":"ImageObject","inLanguage":"pt-BR","@id":"https:\/\/blogdobispo.com.br\/?p=19361#primaryimage","url":"https:\/\/i0.wp.com\/blogdobispo.com.br\/wp-content\/uploads\/2026\/03\/4e10f0287e78b63f3ccbd2927bf59731.jpeg?fit=1600%2C1161&ssl=1","contentUrl":"https:\/\/i0.wp.com\/blogdobispo.com.br\/wp-content\/uploads\/2026\/03\/4e10f0287e78b63f3ccbd2927bf59731.jpeg?fit=1600%2C1161&ssl=1","width":1600,"height":1161},{"@type":"BreadcrumbList","@id":"https:\/\/blogdobispo.com.br\/?p=19361#breadcrumb","itemListElement":[{"@type":"ListItem","position":1,"name":"In\u00edcio","item":"https:\/\/blogdobispo.com.br\/"},{"@type":"ListItem","position":2,"name":"Programa de monitoramento digital da sa\u00fade da mulher \u00e9 aprovado na C\u00e2mara"}]},{"@type":"WebSite","@id":"https:\/\/blogdobispo.com.br\/#website","url":"https:\/\/blogdobispo.com.br\/","name":"Blog do Bispo","description":"Comprometido apenas com o leitor","publisher":{"@id":"https:\/\/blogdobispo.com.br\/#organization"},"potentialAction":[{"@type":"SearchAction","target":{"@type":"EntryPoint","urlTemplate":"https:\/\/blogdobispo.com.br\/?s={search_term_string}"},"query-input":{"@type":"PropertyValueSpecification","valueRequired":true,"valueName":"search_term_string"}}],"inLanguage":"pt-BR"},{"@type":"Organization","@id":"https:\/\/blogdobispo.com.br\/#organization","name":"Blog do Bispo","url":"https:\/\/blogdobispo.com.br\/","logo":{"@type":"ImageObject","inLanguage":"pt-BR","@id":"https:\/\/blogdobispo.com.br\/#\/schema\/logo\/image\/","url":"http:\/\/blogdobispo.com.br\/wp-content\/uploads\/2023\/05\/cropped-headear.png","contentUrl":"http:\/\/blogdobispo.com.br\/wp-content\/uploads\/2023\/05\/cropped-headear.png","width":1500,"height":399,"caption":"Blog do Bispo"},"image":{"@id":"https:\/\/blogdobispo.com.br\/#\/schema\/logo\/image\/"}},{"@type":"Person","@id":"https:\/\/blogdobispo.com.br\/#\/schema\/person\/e2209cc0e6cea5c5233d033e997b373f","name":"Jefferson Sterfeno","image":{"@type":"ImageObject","inLanguage":"pt-BR","@id":"https:\/\/blogdobispo.com.br\/#\/schema\/person\/image\/","url":"https:\/\/secure.gravatar.com\/avatar\/0534e84764641168a677026b6d57a3f51dc7ac4db0b4f6186d9cb330d4ee1160?s=96&d=mm&r=g","contentUrl":"https:\/\/secure.gravatar.com\/avatar\/0534e84764641168a677026b6d57a3f51dc7ac4db0b4f6186d9cb330d4ee1160?s=96&d=mm&r=g","caption":"Jefferson Sterfeno"},"sameAs":["http:\/\/blogdobispo.com.br"],"url":"https:\/\/blogdobispo.com.br\/?author=1"}]}},"featured_image_urls":{"full":["https:\/\/i0.wp.com\/blogdobispo.com.br\/wp-content\/uploads\/2026\/03\/4e10f0287e78b63f3ccbd2927bf59731.jpeg?fit=1600%2C1161&ssl=1",1600,1161,false],"thumbnail":["https:\/\/i0.wp.com\/blogdobispo.com.br\/wp-content\/uploads\/2026\/03\/4e10f0287e78b63f3ccbd2927bf59731.jpeg?resize=150%2C150&ssl=1",150,150,true],"medium":["https:\/\/i0.wp.com\/blogdobispo.com.br\/wp-content\/uploads\/2026\/03\/4e10f0287e78b63f3ccbd2927bf59731.jpeg?fit=300%2C218&ssl=1",300,218,true],"medium_large":["https:\/\/i0.wp.com\/blogdobispo.com.br\/wp-content\/uploads\/2026\/03\/4e10f0287e78b63f3ccbd2927bf59731.jpeg?fit=768%2C557&ssl=1",768,557,true],"large":["https:\/\/i0.wp.com\/blogdobispo.com.br\/wp-content\/uploads\/2026\/03\/4e10f0287e78b63f3ccbd2927bf59731.jpeg?fit=800%2C580&ssl=1",800,580,true],"1536x1536":["https:\/\/i0.wp.com\/blogdobispo.com.br\/wp-content\/uploads\/2026\/03\/4e10f0287e78b63f3ccbd2927bf59731.jpeg?fit=1536%2C1115&ssl=1",1536,1115,true],"2048x2048":["https:\/\/i0.wp.com\/blogdobispo.com.br\/wp-content\/uploads\/2026\/03\/4e10f0287e78b63f3ccbd2927bf59731.jpeg?fit=1600%2C1161&ssl=1",1600,1161,true]},"author_info":{"display_name":"Jefferson Sterfeno","author_link":"https:\/\/blogdobispo.com.br\/?author=1"},"category_info":"<a href=\"https:\/\/blogdobispo.com.br\/?cat=1\" rel=\"category\">diversos<\/a>","tag_info":"diversos","comment_count":"0","jetpack_featured_media_url":"https:\/\/i0.wp.com\/blogdobispo.com.br\/wp-content\/uploads\/2026\/03\/4e10f0287e78b63f3ccbd2927bf59731.jpeg?fit=1600%2C1161&ssl=1","jetpack_sharing_enabled":true,"_links":{"self":[{"href":"https:\/\/blogdobispo.com.br\/index.php?rest_route=\/wp\/v2\/posts\/19361","targetHints":{"allow":["GET"]}}],"collection":[{"href":"https:\/\/blogdobispo.com.br\/index.php?rest_route=\/wp\/v2\/posts"}],"about":[{"href":"https:\/\/blogdobispo.com.br\/index.php?rest_route=\/wp\/v2\/types\/post"}],"author":[{"embeddable":true,"href":"https:\/\/blogdobispo.com.br\/index.php?rest_route=\/wp\/v2\/users\/1"}],"replies":[{"embeddable":true,"href":"https:\/\/blogdobispo.com.br\/index.php?rest_route=%2Fwp%2Fv2%2Fcomments&post=19361"}],"version-history":[{"count":1,"href":"https:\/\/blogdobispo.com.br\/index.php?rest_route=\/wp\/v2\/posts\/19361\/revisions"}],"predecessor-version":[{"id":19363,"href":"https:\/\/blogdobispo.com.br\/index.php?rest_route=\/wp\/v2\/posts\/19361\/revisions\/19363"}],"wp:featuredmedia":[{"embeddable":true,"href":"https:\/\/blogdobispo.com.br\/index.php?rest_route=\/wp\/v2\/media\/19362"}],"wp:attachment":[{"href":"https:\/\/blogdobispo.com.br\/index.php?rest_route=%2Fwp%2Fv2%2Fmedia&parent=19361"}],"wp:term":[{"taxonomy":"category","embeddable":true,"href":"https:\/\/blogdobispo.com.br\/index.php?rest_route=%2Fwp%2Fv2%2Fcategories&post=19361"},{"taxonomy":"post_tag","embeddable":true,"href":"https:\/\/blogdobispo.com.br\/index.php?rest_route=%2Fwp%2Fv2%2Ftags&post=19361"}],"curies":[{"name":"wp","href":"https:\/\/api.w.org\/{rel}","templated":true}]}}