{"id":19357,"date":"2026-03-12T13:35:20","date_gmt":"2026-03-12T13:35:20","guid":{"rendered":"https:\/\/blogdobispo.com.br\/?p=19357"},"modified":"2026-03-12T13:35:20","modified_gmt":"2026-03-12T13:35:20","slug":"coronel-azevedo-critica-ibge-e-anuncia-evento-politico-no-rn","status":"publish","type":"post","link":"https:\/\/blogdobispo.com.br\/?p=19357","title":{"rendered":"Coronel Azevedo critica IBGE e anuncia evento pol\u00edtico no RN"},"content":{"rendered":"<p>Preocupa\u00e7\u00f5es com a credibilidade do Instituto Brasileiro de Geografia e Estat\u00edstica (IBGE) e a suposta partidariza\u00e7\u00e3o de sua gest\u00e3o foram vocalizadas pelo deputado Coronel Azevedo (PL) na sess\u00e3o plen\u00e1ria da Assembleia Legislativa do Rio Grande do Norte, nesta quarta-feira (11). Em sua interven\u00e7\u00e3o, o parlamentar tamb\u00e9m fez um convite para um evento em Parnamirim que visa lan\u00e7ar pr\u00e9-candidaturas de direita no estado.<\/p>\n<p>O parlamentar, ao abordar o tema na Casa, expressou sua apreens\u00e3o com supostas irregularidades cometidas pela presid\u00eancia do IBGE sob o comando de M\u00e1rcio Pochmann, \u201cum economista conhecido por sua milit\u00e2ncia ideol\u00f3gica de esquerda\u201d. Azevedo levantou d\u00favidas sobre a neutralidade do instituto, especialmente diante de registros p\u00fablicos de Pochmann ao lado de l\u00edderes petistas.<\/p>\n<p>Coronel Azevedo tamb\u00e9m mencionou den\u00fancias de servidores da institui\u00e7\u00e3o sobre conflitos e problemas de gest\u00e3o interna, indicando que a situa\u00e7\u00e3o escalou para um n\u00edvel de maior gravidade. A seriedade da quest\u00e3o, conforme o deputado, foi acentuada por um pedido de afastamento do presidente do IBGE feito por um procurador do Minist\u00e9rio P\u00fablico junto ao Tribunal de Contas da Uni\u00e3o (TCU), conforme noticiado pela imprensa.<\/p>\n<p>Azevedo sublinhou que a institui\u00e7\u00e3o \u00e9 vital para o pa\u00eds, respons\u00e1vel por dados econ\u00f4micos cruciais como infla\u00e7\u00e3o, desemprego e crescimento. &#8220;Quando o IBGE vira motivo de disputa pol\u00edtica, todo o pa\u00eds paga a conta&#8221;, afirmou, destacando que a perda de confian\u00e7a nos n\u00fameros compromete a previsibilidade, os investimentos e o crescimento. O deputado atribuiu a responsabilidade pol\u00edtica ao governo federal, argumentando que a escolha de um &#8220;militante ideol\u00f3gico&#8221; para um \u00f3rg\u00e3o t\u00e9cnico demonstra uma tentativa da esquerda de transformar institui\u00e7\u00f5es de Estado em instrumentos de projeto pol\u00edtico. &#8220;O Brasil precisa de estat\u00edsticas confi\u00e1veis e n\u00e3o de institui\u00e7\u00f5es contaminadas por disputas ideol\u00f3gicas&#8221;, concluiu o parlamentar, defendendo que o IBGE pertence ao povo brasileiro e n\u00e3o a projetos partid\u00e1rios.<\/p>\n<p>Em outro momento de seu pronunciamento, Coronel Azevedo convidou os colegas parlamentares e a popula\u00e7\u00e3o para um encontro pol\u00edtico de destaque. O evento, agendado para o dia 21 de mar\u00e7o, um s\u00e1bado, \u00e0s 15 horas, ocorrer\u00e1 no Boulevard Music Hall, em Parnamirim, e contar\u00e1 com a presen\u00e7a do senador Fl\u00e1vio Bolsonaro.<\/p>\n<p>Na ocasi\u00e3o, as &#8220;for\u00e7as da direita&#8221; potiguar, com promo\u00e7\u00e3o do Partido Liberal (PL) e participa\u00e7\u00e3o de outras agremia\u00e7\u00f5es, apresentar\u00e3o a futura chapa completa para as pr\u00f3ximas elei\u00e7\u00f5es, visando substituir o PT no poder do Rio Grande do Norte. Foram mencionados como pr\u00e9-candidatos o ex-prefeito \u00c1lvaro Dias para o governo, o ex-presidente da Federa\u00e7\u00e3o dos Munic\u00edpios do Rio Grande do Norte (Femurn), Bab\u00e1, para vice-governador, e o Coronel H\u00e9lio Oliveira, al\u00e9m do senador Styvenson Valentim, para o Senado.<\/p>\n<p>Coronel Azevedo caracterizou o encontro como uma &#8220;mobiliza\u00e7\u00e3o social&#8221; de pessoas que, segundo ele, &#8220;n\u00e3o suportam mais viver no drama que se transformou a vida no Brasil&#8221;, citando &#8220;esc\u00e2ndalos de corrup\u00e7\u00e3o&#8221;, &#8220;aumento de impostos&#8221; e &#8220;destrui\u00e7\u00e3o dos poderes da Rep\u00fablica por elementos ligados ao PT e \u00e0 esquerda&#8221;. O deputado finalizou seu convite expressando que ser\u00e1 uma &#8220;honra&#8221; receber todos os potiguares que &#8220;n\u00e3o tenham desistido&#8221;, visando &#8220;lutar por um Brasil melhor&#8221;.<img data-recalc-dims=\"1\" fetchpriority=\"high\" decoding=\"async\" class=\"alignnone size-medium wp-image-19358\" src=\"https:\/\/i0.wp.com\/blogdobispo.com.br\/wp-content\/uploads\/2026\/03\/7o54Ev2FrtnhwZz4YA0YtbC4jYQtSF1TZ2Kwa3nT.jpg?resize=300%2C200\" alt=\"\" width=\"300\" height=\"200\" srcset=\"https:\/\/i0.wp.com\/blogdobispo.com.br\/wp-content\/uploads\/2026\/03\/7o54Ev2FrtnhwZz4YA0YtbC4jYQtSF1TZ2Kwa3nT.jpg?resize=300%2C200&amp;ssl=1 300w, https:\/\/i0.wp.com\/blogdobispo.com.br\/wp-content\/uploads\/2026\/03\/7o54Ev2FrtnhwZz4YA0YtbC4jYQtSF1TZ2Kwa3nT.jpg?resize=1024%2C682&amp;ssl=1 1024w, https:\/\/i0.wp.com\/blogdobispo.com.br\/wp-content\/uploads\/2026\/03\/7o54Ev2FrtnhwZz4YA0YtbC4jYQtSF1TZ2Kwa3nT.jpg?resize=768%2C512&amp;ssl=1 768w, https:\/\/i0.wp.com\/blogdobispo.com.br\/wp-content\/uploads\/2026\/03\/7o54Ev2FrtnhwZz4YA0YtbC4jYQtSF1TZ2Kwa3nT.jpg?w=1280&amp;ssl=1 1280w\" sizes=\"(max-width: 300px) 100vw, 300px\" \/><\/p>\n","protected":false},"excerpt":{"rendered":"<p>Preocupa\u00e7\u00f5es com a credibilidade do Instituto Brasileiro de Geografia e Estat\u00edstica (IBGE) e a suposta partidariza\u00e7\u00e3o de sua gest\u00e3o foram vocalizadas pelo deputado Coronel Azevedo (PL) na sess\u00e3o plen\u00e1ria da Assembleia Legislativa do Rio Grande do Norte, nesta quarta-feira (11). Em sua interven\u00e7\u00e3o, o parlamentar tamb\u00e9m fez um convite para um evento em Parnamirim que [&hellip;]<\/p>\n","protected":false},"author":1,"featured_media":19358,"comment_status":"open","ping_status":"open","sticky":false,"template":"","format":"standard","meta":{"cybocfi_hide_featured_image":"","_jetpack_memberships_contains_paid_content":false,"footnotes":""},"categories":[1],"tags":[],"class_list":["post-19357","post","type-post","status-publish","format-standard","has-post-thumbnail","hentry","category-diversos"],"yoast_head":"<!-- This site is optimized with the Yoast SEO plugin v25.6 - https:\/\/yoast.com\/wordpress\/plugins\/seo\/ -->\n<title>Coronel Azevedo critica IBGE e anuncia evento pol\u00edtico no RN - Blog do Bispo<\/title>\n<meta name=\"robots\" content=\"index, follow, max-snippet:-1, max-image-preview:large, max-video-preview:-1\" \/>\n<link rel=\"canonical\" href=\"https:\/\/blogdobispo.com.br\/?p=19357\" \/>\n<meta property=\"og:locale\" content=\"pt_BR\" \/>\n<meta property=\"og:type\" content=\"article\" \/>\n<meta property=\"og:title\" content=\"Coronel Azevedo critica IBGE e anuncia evento pol\u00edtico no RN - Blog do Bispo\" \/>\n<meta property=\"og:description\" content=\"Preocupa\u00e7\u00f5es com a credibilidade do Instituto Brasileiro de Geografia e Estat\u00edstica (IBGE) e a suposta partidariza\u00e7\u00e3o de sua gest\u00e3o foram vocalizadas pelo deputado Coronel Azevedo (PL) na sess\u00e3o plen\u00e1ria da Assembleia Legislativa do Rio Grande do Norte, nesta quarta-feira (11). Em sua interven\u00e7\u00e3o, o parlamentar tamb\u00e9m fez um convite para um evento em Parnamirim que [&hellip;]\" \/>\n<meta property=\"og:url\" content=\"https:\/\/blogdobispo.com.br\/?p=19357\" \/>\n<meta property=\"og:site_name\" content=\"Blog do Bispo\" \/>\n<meta property=\"article:published_time\" content=\"2026-03-12T13:35:20+00:00\" \/>\n<meta property=\"og:image\" content=\"http:\/\/blogdobispo.com.br\/wp-content\/uploads\/2026\/03\/7o54Ev2FrtnhwZz4YA0YtbC4jYQtSF1TZ2Kwa3nT.jpg\" \/>\n\t<meta property=\"og:image:width\" content=\"1280\" \/>\n\t<meta property=\"og:image:height\" content=\"853\" \/>\n\t<meta property=\"og:image:type\" content=\"image\/jpeg\" \/>\n<meta name=\"author\" content=\"Jefferson Sterfeno\" \/>\n<meta name=\"twitter:card\" content=\"summary_large_image\" \/>\n<meta name=\"twitter:label1\" content=\"Escrito por\" \/>\n\t<meta name=\"twitter:data1\" content=\"Jefferson Sterfeno\" \/>\n\t<meta name=\"twitter:label2\" content=\"Est. tempo de leitura\" \/>\n\t<meta name=\"twitter:data2\" content=\"3 minutos\" \/>\n<script type=\"application\/ld+json\" class=\"yoast-schema-graph\">{\"@context\":\"https:\/\/schema.org\",\"@graph\":[{\"@type\":\"Article\",\"@id\":\"https:\/\/blogdobispo.com.br\/?p=19357#article\",\"isPartOf\":{\"@id\":\"https:\/\/blogdobispo.com.br\/?p=19357\"},\"author\":{\"name\":\"Jefferson Sterfeno\",\"@id\":\"https:\/\/blogdobispo.com.br\/#\/schema\/person\/e2209cc0e6cea5c5233d033e997b373f\"},\"headline\":\"Coronel Azevedo critica IBGE e anuncia evento pol\u00edtico no RN\",\"datePublished\":\"2026-03-12T13:35:20+00:00\",\"mainEntityOfPage\":{\"@id\":\"https:\/\/blogdobispo.com.br\/?p=19357\"},\"wordCount\":579,\"commentCount\":0,\"publisher\":{\"@id\":\"https:\/\/blogdobispo.com.br\/#organization\"},\"image\":{\"@id\":\"https:\/\/blogdobispo.com.br\/?p=19357#primaryimage\"},\"thumbnailUrl\":\"https:\/\/i0.wp.com\/blogdobispo.com.br\/wp-content\/uploads\/2026\/03\/7o54Ev2FrtnhwZz4YA0YtbC4jYQtSF1TZ2Kwa3nT.jpg?fit=1280%2C853&ssl=1\",\"articleSection\":[\"diversos\"],\"inLanguage\":\"pt-BR\",\"potentialAction\":[{\"@type\":\"CommentAction\",\"name\":\"Comment\",\"target\":[\"https:\/\/blogdobispo.com.br\/?p=19357#respond\"]}]},{\"@type\":\"WebPage\",\"@id\":\"https:\/\/blogdobispo.com.br\/?p=19357\",\"url\":\"https:\/\/blogdobispo.com.br\/?p=19357\",\"name\":\"Coronel Azevedo critica IBGE e anuncia evento pol\u00edtico no RN - Blog do Bispo\",\"isPartOf\":{\"@id\":\"https:\/\/blogdobispo.com.br\/#website\"},\"primaryImageOfPage\":{\"@id\":\"https:\/\/blogdobispo.com.br\/?p=19357#primaryimage\"},\"image\":{\"@id\":\"https:\/\/blogdobispo.com.br\/?p=19357#primaryimage\"},\"thumbnailUrl\":\"https:\/\/i0.wp.com\/blogdobispo.com.br\/wp-content\/uploads\/2026\/03\/7o54Ev2FrtnhwZz4YA0YtbC4jYQtSF1TZ2Kwa3nT.jpg?fit=1280%2C853&ssl=1\",\"datePublished\":\"2026-03-12T13:35:20+00:00\",\"breadcrumb\":{\"@id\":\"https:\/\/blogdobispo.com.br\/?p=19357#breadcrumb\"},\"inLanguage\":\"pt-BR\",\"potentialAction\":[{\"@type\":\"ReadAction\",\"target\":[\"https:\/\/blogdobispo.com.br\/?p=19357\"]}]},{\"@type\":\"ImageObject\",\"inLanguage\":\"pt-BR\",\"@id\":\"https:\/\/blogdobispo.com.br\/?p=19357#primaryimage\",\"url\":\"https:\/\/i0.wp.com\/blogdobispo.com.br\/wp-content\/uploads\/2026\/03\/7o54Ev2FrtnhwZz4YA0YtbC4jYQtSF1TZ2Kwa3nT.jpg?fit=1280%2C853&ssl=1\",\"contentUrl\":\"https:\/\/i0.wp.com\/blogdobispo.com.br\/wp-content\/uploads\/2026\/03\/7o54Ev2FrtnhwZz4YA0YtbC4jYQtSF1TZ2Kwa3nT.jpg?fit=1280%2C853&ssl=1\",\"width\":1280,\"height\":853},{\"@type\":\"BreadcrumbList\",\"@id\":\"https:\/\/blogdobispo.com.br\/?p=19357#breadcrumb\",\"itemListElement\":[{\"@type\":\"ListItem\",\"position\":1,\"name\":\"In\u00edcio\",\"item\":\"https:\/\/blogdobispo.com.br\/\"},{\"@type\":\"ListItem\",\"position\":2,\"name\":\"Coronel Azevedo critica IBGE e anuncia evento pol\u00edtico no RN\"}]},{\"@type\":\"WebSite\",\"@id\":\"https:\/\/blogdobispo.com.br\/#website\",\"url\":\"https:\/\/blogdobispo.com.br\/\",\"name\":\"Blog do Bispo\",\"description\":\"Comprometido apenas com o leitor\",\"publisher\":{\"@id\":\"https:\/\/blogdobispo.com.br\/#organization\"},\"potentialAction\":[{\"@type\":\"SearchAction\",\"target\":{\"@type\":\"EntryPoint\",\"urlTemplate\":\"https:\/\/blogdobispo.com.br\/?s={search_term_string}\"},\"query-input\":{\"@type\":\"PropertyValueSpecification\",\"valueRequired\":true,\"valueName\":\"search_term_string\"}}],\"inLanguage\":\"pt-BR\"},{\"@type\":\"Organization\",\"@id\":\"https:\/\/blogdobispo.com.br\/#organization\",\"name\":\"Blog do Bispo\",\"url\":\"https:\/\/blogdobispo.com.br\/\",\"logo\":{\"@type\":\"ImageObject\",\"inLanguage\":\"pt-BR\",\"@id\":\"https:\/\/blogdobispo.com.br\/#\/schema\/logo\/image\/\",\"url\":\"http:\/\/blogdobispo.com.br\/wp-content\/uploads\/2023\/05\/cropped-headear.png\",\"contentUrl\":\"http:\/\/blogdobispo.com.br\/wp-content\/uploads\/2023\/05\/cropped-headear.png\",\"width\":1500,\"height\":399,\"caption\":\"Blog do Bispo\"},\"image\":{\"@id\":\"https:\/\/blogdobispo.com.br\/#\/schema\/logo\/image\/\"}},{\"@type\":\"Person\",\"@id\":\"https:\/\/blogdobispo.com.br\/#\/schema\/person\/e2209cc0e6cea5c5233d033e997b373f\",\"name\":\"Jefferson Sterfeno\",\"image\":{\"@type\":\"ImageObject\",\"inLanguage\":\"pt-BR\",\"@id\":\"https:\/\/blogdobispo.com.br\/#\/schema\/person\/image\/\",\"url\":\"https:\/\/secure.gravatar.com\/avatar\/0534e84764641168a677026b6d57a3f51dc7ac4db0b4f6186d9cb330d4ee1160?s=96&d=mm&r=g\",\"contentUrl\":\"https:\/\/secure.gravatar.com\/avatar\/0534e84764641168a677026b6d57a3f51dc7ac4db0b4f6186d9cb330d4ee1160?s=96&d=mm&r=g\",\"caption\":\"Jefferson Sterfeno\"},\"sameAs\":[\"http:\/\/blogdobispo.com.br\"],\"url\":\"https:\/\/blogdobispo.com.br\/?author=1\"}]}<\/script>\n<!-- \/ Yoast SEO plugin. -->","yoast_head_json":{"title":"Coronel Azevedo critica IBGE e anuncia evento pol\u00edtico no RN - Blog do Bispo","robots":{"index":"index","follow":"follow","max-snippet":"max-snippet:-1","max-image-preview":"max-image-preview:large","max-video-preview":"max-video-preview:-1"},"canonical":"https:\/\/blogdobispo.com.br\/?p=19357","og_locale":"pt_BR","og_type":"article","og_title":"Coronel Azevedo critica IBGE e anuncia evento pol\u00edtico no RN - Blog do Bispo","og_description":"Preocupa\u00e7\u00f5es com a credibilidade do Instituto Brasileiro de Geografia e Estat\u00edstica (IBGE) e a suposta partidariza\u00e7\u00e3o de sua gest\u00e3o foram vocalizadas pelo deputado Coronel Azevedo (PL) na sess\u00e3o plen\u00e1ria da Assembleia Legislativa do Rio Grande do Norte, nesta quarta-feira (11). Em sua interven\u00e7\u00e3o, o parlamentar tamb\u00e9m fez um convite para um evento em Parnamirim que [&hellip;]","og_url":"https:\/\/blogdobispo.com.br\/?p=19357","og_site_name":"Blog do Bispo","article_published_time":"2026-03-12T13:35:20+00:00","og_image":[{"width":1280,"height":853,"url":"http:\/\/blogdobispo.com.br\/wp-content\/uploads\/2026\/03\/7o54Ev2FrtnhwZz4YA0YtbC4jYQtSF1TZ2Kwa3nT.jpg","type":"image\/jpeg"}],"author":"Jefferson Sterfeno","twitter_card":"summary_large_image","twitter_misc":{"Escrito por":"Jefferson Sterfeno","Est. tempo de leitura":"3 minutos"},"schema":{"@context":"https:\/\/schema.org","@graph":[{"@type":"Article","@id":"https:\/\/blogdobispo.com.br\/?p=19357#article","isPartOf":{"@id":"https:\/\/blogdobispo.com.br\/?p=19357"},"author":{"name":"Jefferson Sterfeno","@id":"https:\/\/blogdobispo.com.br\/#\/schema\/person\/e2209cc0e6cea5c5233d033e997b373f"},"headline":"Coronel Azevedo critica IBGE e anuncia evento pol\u00edtico no RN","datePublished":"2026-03-12T13:35:20+00:00","mainEntityOfPage":{"@id":"https:\/\/blogdobispo.com.br\/?p=19357"},"wordCount":579,"commentCount":0,"publisher":{"@id":"https:\/\/blogdobispo.com.br\/#organization"},"image":{"@id":"https:\/\/blogdobispo.com.br\/?p=19357#primaryimage"},"thumbnailUrl":"https:\/\/i0.wp.com\/blogdobispo.com.br\/wp-content\/uploads\/2026\/03\/7o54Ev2FrtnhwZz4YA0YtbC4jYQtSF1TZ2Kwa3nT.jpg?fit=1280%2C853&ssl=1","articleSection":["diversos"],"inLanguage":"pt-BR","potentialAction":[{"@type":"CommentAction","name":"Comment","target":["https:\/\/blogdobispo.com.br\/?p=19357#respond"]}]},{"@type":"WebPage","@id":"https:\/\/blogdobispo.com.br\/?p=19357","url":"https:\/\/blogdobispo.com.br\/?p=19357","name":"Coronel Azevedo critica IBGE e anuncia evento pol\u00edtico no RN - Blog do Bispo","isPartOf":{"@id":"https:\/\/blogdobispo.com.br\/#website"},"primaryImageOfPage":{"@id":"https:\/\/blogdobispo.com.br\/?p=19357#primaryimage"},"image":{"@id":"https:\/\/blogdobispo.com.br\/?p=19357#primaryimage"},"thumbnailUrl":"https:\/\/i0.wp.com\/blogdobispo.com.br\/wp-content\/uploads\/2026\/03\/7o54Ev2FrtnhwZz4YA0YtbC4jYQtSF1TZ2Kwa3nT.jpg?fit=1280%2C853&ssl=1","datePublished":"2026-03-12T13:35:20+00:00","breadcrumb":{"@id":"https:\/\/blogdobispo.com.br\/?p=19357#breadcrumb"},"inLanguage":"pt-BR","potentialAction":[{"@type":"ReadAction","target":["https:\/\/blogdobispo.com.br\/?p=19357"]}]},{"@type":"ImageObject","inLanguage":"pt-BR","@id":"https:\/\/blogdobispo.com.br\/?p=19357#primaryimage","url":"https:\/\/i0.wp.com\/blogdobispo.com.br\/wp-content\/uploads\/2026\/03\/7o54Ev2FrtnhwZz4YA0YtbC4jYQtSF1TZ2Kwa3nT.jpg?fit=1280%2C853&ssl=1","contentUrl":"https:\/\/i0.wp.com\/blogdobispo.com.br\/wp-content\/uploads\/2026\/03\/7o54Ev2FrtnhwZz4YA0YtbC4jYQtSF1TZ2Kwa3nT.jpg?fit=1280%2C853&ssl=1","width":1280,"height":853},{"@type":"BreadcrumbList","@id":"https:\/\/blogdobispo.com.br\/?p=19357#breadcrumb","itemListElement":[{"@type":"ListItem","position":1,"name":"In\u00edcio","item":"https:\/\/blogdobispo.com.br\/"},{"@type":"ListItem","position":2,"name":"Coronel Azevedo critica IBGE e anuncia evento pol\u00edtico no RN"}]},{"@type":"WebSite","@id":"https:\/\/blogdobispo.com.br\/#website","url":"https:\/\/blogdobispo.com.br\/","name":"Blog do Bispo","description":"Comprometido apenas com o leitor","publisher":{"@id":"https:\/\/blogdobispo.com.br\/#organization"},"potentialAction":[{"@type":"SearchAction","target":{"@type":"EntryPoint","urlTemplate":"https:\/\/blogdobispo.com.br\/?s={search_term_string}"},"query-input":{"@type":"PropertyValueSpecification","valueRequired":true,"valueName":"search_term_string"}}],"inLanguage":"pt-BR"},{"@type":"Organization","@id":"https:\/\/blogdobispo.com.br\/#organization","name":"Blog do Bispo","url":"https:\/\/blogdobispo.com.br\/","logo":{"@type":"ImageObject","inLanguage":"pt-BR","@id":"https:\/\/blogdobispo.com.br\/#\/schema\/logo\/image\/","url":"http:\/\/blogdobispo.com.br\/wp-content\/uploads\/2023\/05\/cropped-headear.png","contentUrl":"http:\/\/blogdobispo.com.br\/wp-content\/uploads\/2023\/05\/cropped-headear.png","width":1500,"height":399,"caption":"Blog do Bispo"},"image":{"@id":"https:\/\/blogdobispo.com.br\/#\/schema\/logo\/image\/"}},{"@type":"Person","@id":"https:\/\/blogdobispo.com.br\/#\/schema\/person\/e2209cc0e6cea5c5233d033e997b373f","name":"Jefferson Sterfeno","image":{"@type":"ImageObject","inLanguage":"pt-BR","@id":"https:\/\/blogdobispo.com.br\/#\/schema\/person\/image\/","url":"https:\/\/secure.gravatar.com\/avatar\/0534e84764641168a677026b6d57a3f51dc7ac4db0b4f6186d9cb330d4ee1160?s=96&d=mm&r=g","contentUrl":"https:\/\/secure.gravatar.com\/avatar\/0534e84764641168a677026b6d57a3f51dc7ac4db0b4f6186d9cb330d4ee1160?s=96&d=mm&r=g","caption":"Jefferson Sterfeno"},"sameAs":["http:\/\/blogdobispo.com.br"],"url":"https:\/\/blogdobispo.com.br\/?author=1"}]}},"featured_image_urls":{"full":["https:\/\/i0.wp.com\/blogdobispo.com.br\/wp-content\/uploads\/2026\/03\/7o54Ev2FrtnhwZz4YA0YtbC4jYQtSF1TZ2Kwa3nT.jpg?fit=1280%2C853&ssl=1",1280,853,false],"thumbnail":["https:\/\/i0.wp.com\/blogdobispo.com.br\/wp-content\/uploads\/2026\/03\/7o54Ev2FrtnhwZz4YA0YtbC4jYQtSF1TZ2Kwa3nT.jpg?resize=150%2C150&ssl=1",150,150,true],"medium":["https:\/\/i0.wp.com\/blogdobispo.com.br\/wp-content\/uploads\/2026\/03\/7o54Ev2FrtnhwZz4YA0YtbC4jYQtSF1TZ2Kwa3nT.jpg?fit=300%2C200&ssl=1",300,200,true],"medium_large":["https:\/\/i0.wp.com\/blogdobispo.com.br\/wp-content\/uploads\/2026\/03\/7o54Ev2FrtnhwZz4YA0YtbC4jYQtSF1TZ2Kwa3nT.jpg?fit=768%2C512&ssl=1",768,512,true],"large":["https:\/\/i0.wp.com\/blogdobispo.com.br\/wp-content\/uploads\/2026\/03\/7o54Ev2FrtnhwZz4YA0YtbC4jYQtSF1TZ2Kwa3nT.jpg?fit=800%2C533&ssl=1",800,533,true],"1536x1536":["https:\/\/i0.wp.com\/blogdobispo.com.br\/wp-content\/uploads\/2026\/03\/7o54Ev2FrtnhwZz4YA0YtbC4jYQtSF1TZ2Kwa3nT.jpg?fit=1280%2C853&ssl=1",1280,853,true],"2048x2048":["https:\/\/i0.wp.com\/blogdobispo.com.br\/wp-content\/uploads\/2026\/03\/7o54Ev2FrtnhwZz4YA0YtbC4jYQtSF1TZ2Kwa3nT.jpg?fit=1280%2C853&ssl=1",1280,853,true]},"author_info":{"display_name":"Jefferson Sterfeno","author_link":"https:\/\/blogdobispo.com.br\/?author=1"},"category_info":"<a href=\"https:\/\/blogdobispo.com.br\/?cat=1\" rel=\"category\">diversos<\/a>","tag_info":"diversos","comment_count":"0","jetpack_featured_media_url":"https:\/\/i0.wp.com\/blogdobispo.com.br\/wp-content\/uploads\/2026\/03\/7o54Ev2FrtnhwZz4YA0YtbC4jYQtSF1TZ2Kwa3nT.jpg?fit=1280%2C853&ssl=1","jetpack_sharing_enabled":true,"_links":{"self":[{"href":"https:\/\/blogdobispo.com.br\/index.php?rest_route=\/wp\/v2\/posts\/19357","targetHints":{"allow":["GET"]}}],"collection":[{"href":"https:\/\/blogdobispo.com.br\/index.php?rest_route=\/wp\/v2\/posts"}],"about":[{"href":"https:\/\/blogdobispo.com.br\/index.php?rest_route=\/wp\/v2\/types\/post"}],"author":[{"embeddable":true,"href":"https:\/\/blogdobispo.com.br\/index.php?rest_route=\/wp\/v2\/users\/1"}],"replies":[{"embeddable":true,"href":"https:\/\/blogdobispo.com.br\/index.php?rest_route=%2Fwp%2Fv2%2Fcomments&post=19357"}],"version-history":[{"count":1,"href":"https:\/\/blogdobispo.com.br\/index.php?rest_route=\/wp\/v2\/posts\/19357\/revisions"}],"predecessor-version":[{"id":19359,"href":"https:\/\/blogdobispo.com.br\/index.php?rest_route=\/wp\/v2\/posts\/19357\/revisions\/19359"}],"wp:featuredmedia":[{"embeddable":true,"href":"https:\/\/blogdobispo.com.br\/index.php?rest_route=\/wp\/v2\/media\/19358"}],"wp:attachment":[{"href":"https:\/\/blogdobispo.com.br\/index.php?rest_route=%2Fwp%2Fv2%2Fmedia&parent=19357"}],"wp:term":[{"taxonomy":"category","embeddable":true,"href":"https:\/\/blogdobispo.com.br\/index.php?rest_route=%2Fwp%2Fv2%2Fcategories&post=19357"},{"taxonomy":"post_tag","embeddable":true,"href":"https:\/\/blogdobispo.com.br\/index.php?rest_route=%2Fwp%2Fv2%2Ftags&post=19357"}],"curies":[{"name":"wp","href":"https:\/\/api.w.org\/{rel}","templated":true}]}}