{"id":19354,"date":"2026-03-12T13:27:54","date_gmt":"2026-03-12T13:27:54","guid":{"rendered":"https:\/\/blogdobispo.com.br\/?p=19354"},"modified":"2026-03-12T13:28:00","modified_gmt":"2026-03-12T13:28:00","slug":"assembleia-legislativa-homenageia-prefeita-de-alto-do-rodrigues-dra-raquel-lemos-durante-sessao-do-dia-da-mulher","status":"publish","type":"post","link":"https:\/\/blogdobispo.com.br\/?p=19354","title":{"rendered":"Assembleia Legislativa homenageia prefeita de Alto do Rodrigues, Dra. Raquel Lemos, durante sess\u00e3o do Dia da Mulher"},"content":{"rendered":"<p>&nbsp;<\/p>\n<p>A prefeita de Alto do Rodrigues, Dra. Raquel Lemos, foi homenageada na \u00faltima ter\u00e7a-feira (10), durante sess\u00e3o solene em alus\u00e3o ao Dia Internacional da Mulher na Assembleia Legislativa do Rio Grande do Norte. A iniciativa foi proposta pelo deputado estadual Nelter Queiroz e reconheceu a trajet\u00f3ria da gestora e sua atua\u00e7\u00e3o \u00e0 frente da administra\u00e7\u00e3o municipal. A solenidade reuniu autoridades e lideran\u00e7as pol\u00edticas para destacar o papel de mulheres que se destacam em diferentes \u00e1reas da sociedade potiguar.<\/p>\n<p>M\u00e9dica de forma\u00e7\u00e3o, Dra. Raquel Lemos tem conduzido a gest\u00e3o municipal com foco em \u00e1reas consideradas priorit\u00e1rias, como sa\u00fade, educa\u00e7\u00e3o e assist\u00eancia social. Durante a administra\u00e7\u00e3o, a prefeita tem buscado ampliar investimentos e fortalecer pol\u00edticas p\u00fablicas voltadas ao desenvolvimento local, al\u00e9m de atuar na articula\u00e7\u00e3o de projetos e recursos para a regi\u00e3o do Vale do A\u00e7u.<\/p>\n<p>\u201cReceber essa homenagem na Assembleia Legislativa \u00e9 motivo de muita honra e gratid\u00e3o. Divido esse reconhecimento com todas as mulheres que lutam diariamente por seus espa\u00e7os e com o povo de Alto do Rodrigues, que confia no nosso trabalho\u201d, destacou a prefeita Dra. Raquel, ao comentar a import\u00e2ncia do reconhecimento e o papel das mulheres na vida p\u00fablica.<\/p>\n","protected":false},"excerpt":{"rendered":"<p>&nbsp; A prefeita de Alto do Rodrigues, Dra. Raquel Lemos, foi homenageada na \u00faltima ter\u00e7a-feira (10), durante sess\u00e3o solene em alus\u00e3o ao Dia Internacional da Mulher na Assembleia Legislativa do Rio Grande do Norte. A iniciativa foi proposta pelo deputado estadual Nelter Queiroz e reconheceu a trajet\u00f3ria da gestora e sua atua\u00e7\u00e3o \u00e0 frente da [&hellip;]<\/p>\n","protected":false},"author":1,"featured_media":0,"comment_status":"open","ping_status":"open","sticky":false,"template":"","format":"standard","meta":{"cybocfi_hide_featured_image":"","_jetpack_memberships_contains_paid_content":false,"footnotes":""},"categories":[1],"tags":[],"class_list":["post-19354","post","type-post","status-publish","format-standard","hentry","category-diversos"],"yoast_head":"<!-- This site is optimized with the Yoast SEO plugin v25.6 - https:\/\/yoast.com\/wordpress\/plugins\/seo\/ -->\n<title>Assembleia Legislativa homenageia prefeita de Alto do Rodrigues, Dra. Raquel Lemos, durante sess\u00e3o do Dia da Mulher - Blog do Bispo<\/title>\n<meta name=\"robots\" content=\"index, follow, max-snippet:-1, max-image-preview:large, max-video-preview:-1\" \/>\n<link rel=\"canonical\" href=\"https:\/\/blogdobispo.com.br\/?p=19354\" \/>\n<meta property=\"og:locale\" content=\"pt_BR\" \/>\n<meta property=\"og:type\" content=\"article\" \/>\n<meta property=\"og:title\" content=\"Assembleia Legislativa homenageia prefeita de Alto do Rodrigues, Dra. Raquel Lemos, durante sess\u00e3o do Dia da Mulher - Blog do Bispo\" \/>\n<meta property=\"og:description\" content=\"&nbsp; A prefeita de Alto do Rodrigues, Dra. Raquel Lemos, foi homenageada na \u00faltima ter\u00e7a-feira (10), durante sess\u00e3o solene em alus\u00e3o ao Dia Internacional da Mulher na Assembleia Legislativa do Rio Grande do Norte. A iniciativa foi proposta pelo deputado estadual Nelter Queiroz e reconheceu a trajet\u00f3ria da gestora e sua atua\u00e7\u00e3o \u00e0 frente da [&hellip;]\" \/>\n<meta property=\"og:url\" content=\"https:\/\/blogdobispo.com.br\/?p=19354\" \/>\n<meta property=\"og:site_name\" content=\"Blog do Bispo\" \/>\n<meta property=\"article:published_time\" content=\"2026-03-12T13:27:54+00:00\" \/>\n<meta property=\"article:modified_time\" content=\"2026-03-12T13:28:00+00:00\" \/>\n<meta name=\"author\" content=\"Jefferson Sterfeno\" \/>\n<meta name=\"twitter:card\" content=\"summary_large_image\" \/>\n<meta name=\"twitter:label1\" content=\"Escrito por\" \/>\n\t<meta name=\"twitter:data1\" content=\"Jefferson Sterfeno\" \/>\n\t<meta name=\"twitter:label2\" content=\"Est. tempo de leitura\" \/>\n\t<meta name=\"twitter:data2\" content=\"2 minutos\" \/>\n<script type=\"application\/ld+json\" class=\"yoast-schema-graph\">{\"@context\":\"https:\/\/schema.org\",\"@graph\":[{\"@type\":\"Article\",\"@id\":\"https:\/\/blogdobispo.com.br\/?p=19354#article\",\"isPartOf\":{\"@id\":\"https:\/\/blogdobispo.com.br\/?p=19354\"},\"author\":{\"name\":\"Jefferson Sterfeno\",\"@id\":\"https:\/\/blogdobispo.com.br\/#\/schema\/person\/e2209cc0e6cea5c5233d033e997b373f\"},\"headline\":\"Assembleia Legislativa homenageia prefeita de Alto do Rodrigues, Dra. Raquel Lemos, durante sess\u00e3o do Dia da Mulher\",\"datePublished\":\"2026-03-12T13:27:54+00:00\",\"dateModified\":\"2026-03-12T13:28:00+00:00\",\"mainEntityOfPage\":{\"@id\":\"https:\/\/blogdobispo.com.br\/?p=19354\"},\"wordCount\":234,\"commentCount\":0,\"publisher\":{\"@id\":\"https:\/\/blogdobispo.com.br\/#organization\"},\"articleSection\":[\"diversos\"],\"inLanguage\":\"pt-BR\",\"potentialAction\":[{\"@type\":\"CommentAction\",\"name\":\"Comment\",\"target\":[\"https:\/\/blogdobispo.com.br\/?p=19354#respond\"]}]},{\"@type\":\"WebPage\",\"@id\":\"https:\/\/blogdobispo.com.br\/?p=19354\",\"url\":\"https:\/\/blogdobispo.com.br\/?p=19354\",\"name\":\"Assembleia Legislativa homenageia prefeita de Alto do Rodrigues, Dra. Raquel Lemos, durante sess\u00e3o do Dia da Mulher - Blog do Bispo\",\"isPartOf\":{\"@id\":\"https:\/\/blogdobispo.com.br\/#website\"},\"datePublished\":\"2026-03-12T13:27:54+00:00\",\"dateModified\":\"2026-03-12T13:28:00+00:00\",\"breadcrumb\":{\"@id\":\"https:\/\/blogdobispo.com.br\/?p=19354#breadcrumb\"},\"inLanguage\":\"pt-BR\",\"potentialAction\":[{\"@type\":\"ReadAction\",\"target\":[\"https:\/\/blogdobispo.com.br\/?p=19354\"]}]},{\"@type\":\"BreadcrumbList\",\"@id\":\"https:\/\/blogdobispo.com.br\/?p=19354#breadcrumb\",\"itemListElement\":[{\"@type\":\"ListItem\",\"position\":1,\"name\":\"In\u00edcio\",\"item\":\"https:\/\/blogdobispo.com.br\/\"},{\"@type\":\"ListItem\",\"position\":2,\"name\":\"Assembleia Legislativa homenageia prefeita de Alto do Rodrigues, Dra. Raquel Lemos, durante sess\u00e3o do Dia da Mulher\"}]},{\"@type\":\"WebSite\",\"@id\":\"https:\/\/blogdobispo.com.br\/#website\",\"url\":\"https:\/\/blogdobispo.com.br\/\",\"name\":\"Blog do Bispo\",\"description\":\"Comprometido apenas com o leitor\",\"publisher\":{\"@id\":\"https:\/\/blogdobispo.com.br\/#organization\"},\"potentialAction\":[{\"@type\":\"SearchAction\",\"target\":{\"@type\":\"EntryPoint\",\"urlTemplate\":\"https:\/\/blogdobispo.com.br\/?s={search_term_string}\"},\"query-input\":{\"@type\":\"PropertyValueSpecification\",\"valueRequired\":true,\"valueName\":\"search_term_string\"}}],\"inLanguage\":\"pt-BR\"},{\"@type\":\"Organization\",\"@id\":\"https:\/\/blogdobispo.com.br\/#organization\",\"name\":\"Blog do Bispo\",\"url\":\"https:\/\/blogdobispo.com.br\/\",\"logo\":{\"@type\":\"ImageObject\",\"inLanguage\":\"pt-BR\",\"@id\":\"https:\/\/blogdobispo.com.br\/#\/schema\/logo\/image\/\",\"url\":\"http:\/\/blogdobispo.com.br\/wp-content\/uploads\/2023\/05\/cropped-headear.png\",\"contentUrl\":\"http:\/\/blogdobispo.com.br\/wp-content\/uploads\/2023\/05\/cropped-headear.png\",\"width\":1500,\"height\":399,\"caption\":\"Blog do Bispo\"},\"image\":{\"@id\":\"https:\/\/blogdobispo.com.br\/#\/schema\/logo\/image\/\"}},{\"@type\":\"Person\",\"@id\":\"https:\/\/blogdobispo.com.br\/#\/schema\/person\/e2209cc0e6cea5c5233d033e997b373f\",\"name\":\"Jefferson Sterfeno\",\"image\":{\"@type\":\"ImageObject\",\"inLanguage\":\"pt-BR\",\"@id\":\"https:\/\/blogdobispo.com.br\/#\/schema\/person\/image\/\",\"url\":\"https:\/\/secure.gravatar.com\/avatar\/0534e84764641168a677026b6d57a3f51dc7ac4db0b4f6186d9cb330d4ee1160?s=96&d=mm&r=g\",\"contentUrl\":\"https:\/\/secure.gravatar.com\/avatar\/0534e84764641168a677026b6d57a3f51dc7ac4db0b4f6186d9cb330d4ee1160?s=96&d=mm&r=g\",\"caption\":\"Jefferson Sterfeno\"},\"sameAs\":[\"http:\/\/blogdobispo.com.br\"],\"url\":\"https:\/\/blogdobispo.com.br\/?author=1\"}]}<\/script>\n<!-- \/ Yoast SEO plugin. -->","yoast_head_json":{"title":"Assembleia Legislativa homenageia prefeita de Alto do Rodrigues, Dra. Raquel Lemos, durante sess\u00e3o do Dia da Mulher - Blog do Bispo","robots":{"index":"index","follow":"follow","max-snippet":"max-snippet:-1","max-image-preview":"max-image-preview:large","max-video-preview":"max-video-preview:-1"},"canonical":"https:\/\/blogdobispo.com.br\/?p=19354","og_locale":"pt_BR","og_type":"article","og_title":"Assembleia Legislativa homenageia prefeita de Alto do Rodrigues, Dra. Raquel Lemos, durante sess\u00e3o do Dia da Mulher - Blog do Bispo","og_description":"&nbsp; A prefeita de Alto do Rodrigues, Dra. Raquel Lemos, foi homenageada na \u00faltima ter\u00e7a-feira (10), durante sess\u00e3o solene em alus\u00e3o ao Dia Internacional da Mulher na Assembleia Legislativa do Rio Grande do Norte. A iniciativa foi proposta pelo deputado estadual Nelter Queiroz e reconheceu a trajet\u00f3ria da gestora e sua atua\u00e7\u00e3o \u00e0 frente da [&hellip;]","og_url":"https:\/\/blogdobispo.com.br\/?p=19354","og_site_name":"Blog do Bispo","article_published_time":"2026-03-12T13:27:54+00:00","article_modified_time":"2026-03-12T13:28:00+00:00","author":"Jefferson Sterfeno","twitter_card":"summary_large_image","twitter_misc":{"Escrito por":"Jefferson Sterfeno","Est. tempo de leitura":"2 minutos"},"schema":{"@context":"https:\/\/schema.org","@graph":[{"@type":"Article","@id":"https:\/\/blogdobispo.com.br\/?p=19354#article","isPartOf":{"@id":"https:\/\/blogdobispo.com.br\/?p=19354"},"author":{"name":"Jefferson Sterfeno","@id":"https:\/\/blogdobispo.com.br\/#\/schema\/person\/e2209cc0e6cea5c5233d033e997b373f"},"headline":"Assembleia Legislativa homenageia prefeita de Alto do Rodrigues, Dra. Raquel Lemos, durante sess\u00e3o do Dia da Mulher","datePublished":"2026-03-12T13:27:54+00:00","dateModified":"2026-03-12T13:28:00+00:00","mainEntityOfPage":{"@id":"https:\/\/blogdobispo.com.br\/?p=19354"},"wordCount":234,"commentCount":0,"publisher":{"@id":"https:\/\/blogdobispo.com.br\/#organization"},"articleSection":["diversos"],"inLanguage":"pt-BR","potentialAction":[{"@type":"CommentAction","name":"Comment","target":["https:\/\/blogdobispo.com.br\/?p=19354#respond"]}]},{"@type":"WebPage","@id":"https:\/\/blogdobispo.com.br\/?p=19354","url":"https:\/\/blogdobispo.com.br\/?p=19354","name":"Assembleia Legislativa homenageia prefeita de Alto do Rodrigues, Dra. Raquel Lemos, durante sess\u00e3o do Dia da Mulher - Blog do Bispo","isPartOf":{"@id":"https:\/\/blogdobispo.com.br\/#website"},"datePublished":"2026-03-12T13:27:54+00:00","dateModified":"2026-03-12T13:28:00+00:00","breadcrumb":{"@id":"https:\/\/blogdobispo.com.br\/?p=19354#breadcrumb"},"inLanguage":"pt-BR","potentialAction":[{"@type":"ReadAction","target":["https:\/\/blogdobispo.com.br\/?p=19354"]}]},{"@type":"BreadcrumbList","@id":"https:\/\/blogdobispo.com.br\/?p=19354#breadcrumb","itemListElement":[{"@type":"ListItem","position":1,"name":"In\u00edcio","item":"https:\/\/blogdobispo.com.br\/"},{"@type":"ListItem","position":2,"name":"Assembleia Legislativa homenageia prefeita de Alto do Rodrigues, Dra. Raquel Lemos, durante sess\u00e3o do Dia da Mulher"}]},{"@type":"WebSite","@id":"https:\/\/blogdobispo.com.br\/#website","url":"https:\/\/blogdobispo.com.br\/","name":"Blog do Bispo","description":"Comprometido apenas com o leitor","publisher":{"@id":"https:\/\/blogdobispo.com.br\/#organization"},"potentialAction":[{"@type":"SearchAction","target":{"@type":"EntryPoint","urlTemplate":"https:\/\/blogdobispo.com.br\/?s={search_term_string}"},"query-input":{"@type":"PropertyValueSpecification","valueRequired":true,"valueName":"search_term_string"}}],"inLanguage":"pt-BR"},{"@type":"Organization","@id":"https:\/\/blogdobispo.com.br\/#organization","name":"Blog do Bispo","url":"https:\/\/blogdobispo.com.br\/","logo":{"@type":"ImageObject","inLanguage":"pt-BR","@id":"https:\/\/blogdobispo.com.br\/#\/schema\/logo\/image\/","url":"http:\/\/blogdobispo.com.br\/wp-content\/uploads\/2023\/05\/cropped-headear.png","contentUrl":"http:\/\/blogdobispo.com.br\/wp-content\/uploads\/2023\/05\/cropped-headear.png","width":1500,"height":399,"caption":"Blog do Bispo"},"image":{"@id":"https:\/\/blogdobispo.com.br\/#\/schema\/logo\/image\/"}},{"@type":"Person","@id":"https:\/\/blogdobispo.com.br\/#\/schema\/person\/e2209cc0e6cea5c5233d033e997b373f","name":"Jefferson Sterfeno","image":{"@type":"ImageObject","inLanguage":"pt-BR","@id":"https:\/\/blogdobispo.com.br\/#\/schema\/person\/image\/","url":"https:\/\/secure.gravatar.com\/avatar\/0534e84764641168a677026b6d57a3f51dc7ac4db0b4f6186d9cb330d4ee1160?s=96&d=mm&r=g","contentUrl":"https:\/\/secure.gravatar.com\/avatar\/0534e84764641168a677026b6d57a3f51dc7ac4db0b4f6186d9cb330d4ee1160?s=96&d=mm&r=g","caption":"Jefferson Sterfeno"},"sameAs":["http:\/\/blogdobispo.com.br"],"url":"https:\/\/blogdobispo.com.br\/?author=1"}]}},"featured_image_urls":{"full":"","thumbnail":"","medium":"","medium_large":"","large":"","1536x1536":"","2048x2048":""},"author_info":{"display_name":"Jefferson Sterfeno","author_link":"https:\/\/blogdobispo.com.br\/?author=1"},"category_info":"<a href=\"https:\/\/blogdobispo.com.br\/?cat=1\" rel=\"category\">diversos<\/a>","tag_info":"diversos","comment_count":"0","jetpack_featured_media_url":"","jetpack_sharing_enabled":true,"_links":{"self":[{"href":"https:\/\/blogdobispo.com.br\/index.php?rest_route=\/wp\/v2\/posts\/19354","targetHints":{"allow":["GET"]}}],"collection":[{"href":"https:\/\/blogdobispo.com.br\/index.php?rest_route=\/wp\/v2\/posts"}],"about":[{"href":"https:\/\/blogdobispo.com.br\/index.php?rest_route=\/wp\/v2\/types\/post"}],"author":[{"embeddable":true,"href":"https:\/\/blogdobispo.com.br\/index.php?rest_route=\/wp\/v2\/users\/1"}],"replies":[{"embeddable":true,"href":"https:\/\/blogdobispo.com.br\/index.php?rest_route=%2Fwp%2Fv2%2Fcomments&post=19354"}],"version-history":[{"count":2,"href":"https:\/\/blogdobispo.com.br\/index.php?rest_route=\/wp\/v2\/posts\/19354\/revisions"}],"predecessor-version":[{"id":19356,"href":"https:\/\/blogdobispo.com.br\/index.php?rest_route=\/wp\/v2\/posts\/19354\/revisions\/19356"}],"wp:attachment":[{"href":"https:\/\/blogdobispo.com.br\/index.php?rest_route=%2Fwp%2Fv2%2Fmedia&parent=19354"}],"wp:term":[{"taxonomy":"category","embeddable":true,"href":"https:\/\/blogdobispo.com.br\/index.php?rest_route=%2Fwp%2Fv2%2Fcategories&post=19354"},{"taxonomy":"post_tag","embeddable":true,"href":"https:\/\/blogdobispo.com.br\/index.php?rest_route=%2Fwp%2Fv2%2Ftags&post=19354"}],"curies":[{"name":"wp","href":"https:\/\/api.w.org\/{rel}","templated":true}]}}