{"id":19351,"date":"2026-03-12T13:26:31","date_gmt":"2026-03-12T13:26:31","guid":{"rendered":"https:\/\/blogdobispo.com.br\/?p=19351"},"modified":"2026-03-12T13:26:31","modified_gmt":"2026-03-12T13:26:31","slug":"prefeito-louvado-celebra-135-anos-de-emancipacao-de-taipu-com-festa-historica-e-publico-recorde","status":"publish","type":"post","link":"https:\/\/blogdobispo.com.br\/?p=19351","title":{"rendered":"Prefeito Louvado celebra 135 anos de emancipa\u00e7\u00e3o de Taipu com festa hist\u00f3rica e p\u00fablico recorde"},"content":{"rendered":"<p>&nbsp;<\/p>\n<p>O prefeito de Taipu, Louvado, celebrou nesta ter\u00e7a-feira, dia 10, os 135 anos de emancipa\u00e7\u00e3o pol\u00edtica do munic\u00edpio com uma festa hist\u00f3rica que reuniu p\u00fablico recorde na pra\u00e7a p\u00fablica. O evento contou com as atra\u00e7\u00f5es nacionais Rey Vaqueiro e Thiago Freitas, al\u00e9m do artista da terra GG Lins, movimentando a cidade e atraindo moradores e visitantes de toda a regi\u00e3o. A festa foi bastante prestigiada pela classe pol\u00edtica, com a presen\u00e7a dos deputados federal Robinson Faria e estadual Kleber Rodrigues, do pr\u00e9-candidato a governador do RN e prefeito de Mossor\u00f3, Allyson Bezerra, al\u00e9m dos prefeitos de Cear\u00e1-Mirim, Ant\u00f4nio Henrique, de Passagem, Wedna Mendon\u00e7a, e de Janda\u00edra, Reginaldo Vitorino.<\/p>\n<p>O prefeito destacou a import\u00e2ncia da celebra\u00e7\u00e3o e o significado do momento. \u201cCelebrar 135 anos de Taipu \u00e9 celebrar a nossa hist\u00f3ria, a nossa gente e tudo o que constru\u00edmos juntos ao longo dessas d\u00e9cadas. Ver a pra\u00e7a cheia, com p\u00fablico recorde, mostrou a for\u00e7a e o orgulho do povo taipuense. Agrade\u00e7o a todos que estiveram presentes, \u00e0s autoridades que prestigiaram nossa festa e, principalmente, \u00e0 popula\u00e7\u00e3o de Taipu que fez dessa noite um momento inesquec\u00edvel. Seguimos trabalhando para fazer de Taipu uma cidade cada vez melhor\u201d, afirmou Louvado.<img decoding=\"async\" src=\"blob:https:\/\/web.whatsapp.com\/a4ddc9b0-6081-46d6-9416-e42583e1ed7e\" \/><\/p>\n","protected":false},"excerpt":{"rendered":"<p>&nbsp; O prefeito de Taipu, Louvado, celebrou nesta ter\u00e7a-feira, dia 10, os 135 anos de emancipa\u00e7\u00e3o pol\u00edtica do munic\u00edpio com uma festa hist\u00f3rica que reuniu p\u00fablico recorde na pra\u00e7a p\u00fablica. O evento contou com as atra\u00e7\u00f5es nacionais Rey Vaqueiro e Thiago Freitas, al\u00e9m do artista da terra GG Lins, movimentando a cidade e atraindo moradores [&hellip;]<\/p>\n","protected":false},"author":1,"featured_media":0,"comment_status":"open","ping_status":"open","sticky":false,"template":"","format":"standard","meta":{"cybocfi_hide_featured_image":"","_jetpack_memberships_contains_paid_content":false,"footnotes":""},"categories":[1],"tags":[],"class_list":["post-19351","post","type-post","status-publish","format-standard","hentry","category-diversos"],"yoast_head":"<!-- This site is optimized with the Yoast SEO plugin v25.6 - https:\/\/yoast.com\/wordpress\/plugins\/seo\/ -->\n<title>Prefeito Louvado celebra 135 anos de emancipa\u00e7\u00e3o de Taipu com festa hist\u00f3rica e p\u00fablico recorde - Blog do Bispo<\/title>\n<meta name=\"robots\" content=\"index, follow, max-snippet:-1, max-image-preview:large, max-video-preview:-1\" \/>\n<link rel=\"canonical\" href=\"https:\/\/blogdobispo.com.br\/?p=19351\" \/>\n<meta property=\"og:locale\" content=\"pt_BR\" \/>\n<meta property=\"og:type\" content=\"article\" \/>\n<meta property=\"og:title\" content=\"Prefeito Louvado celebra 135 anos de emancipa\u00e7\u00e3o de Taipu com festa hist\u00f3rica e p\u00fablico recorde - Blog do Bispo\" \/>\n<meta property=\"og:description\" content=\"&nbsp; O prefeito de Taipu, Louvado, celebrou nesta ter\u00e7a-feira, dia 10, os 135 anos de emancipa\u00e7\u00e3o pol\u00edtica do munic\u00edpio com uma festa hist\u00f3rica que reuniu p\u00fablico recorde na pra\u00e7a p\u00fablica. O evento contou com as atra\u00e7\u00f5es nacionais Rey Vaqueiro e Thiago Freitas, al\u00e9m do artista da terra GG Lins, movimentando a cidade e atraindo moradores [&hellip;]\" \/>\n<meta property=\"og:url\" content=\"https:\/\/blogdobispo.com.br\/?p=19351\" \/>\n<meta property=\"og:site_name\" content=\"Blog do Bispo\" \/>\n<meta property=\"article:published_time\" content=\"2026-03-12T13:26:31+00:00\" \/>\n<meta name=\"author\" content=\"Jefferson Sterfeno\" \/>\n<meta name=\"twitter:card\" content=\"summary_large_image\" \/>\n<meta name=\"twitter:label1\" content=\"Escrito por\" \/>\n\t<meta name=\"twitter:data1\" content=\"Jefferson Sterfeno\" \/>\n\t<meta name=\"twitter:label2\" content=\"Est. tempo de leitura\" \/>\n\t<meta name=\"twitter:data2\" content=\"2 minutos\" \/>\n<script type=\"application\/ld+json\" class=\"yoast-schema-graph\">{\"@context\":\"https:\/\/schema.org\",\"@graph\":[{\"@type\":\"Article\",\"@id\":\"https:\/\/blogdobispo.com.br\/?p=19351#article\",\"isPartOf\":{\"@id\":\"https:\/\/blogdobispo.com.br\/?p=19351\"},\"author\":{\"name\":\"Jefferson Sterfeno\",\"@id\":\"https:\/\/blogdobispo.com.br\/#\/schema\/person\/e2209cc0e6cea5c5233d033e997b373f\"},\"headline\":\"Prefeito Louvado celebra 135 anos de emancipa\u00e7\u00e3o de Taipu com festa hist\u00f3rica e p\u00fablico recorde\",\"datePublished\":\"2026-03-12T13:26:31+00:00\",\"mainEntityOfPage\":{\"@id\":\"https:\/\/blogdobispo.com.br\/?p=19351\"},\"wordCount\":240,\"commentCount\":0,\"publisher\":{\"@id\":\"https:\/\/blogdobispo.com.br\/#organization\"},\"articleSection\":[\"diversos\"],\"inLanguage\":\"pt-BR\",\"potentialAction\":[{\"@type\":\"CommentAction\",\"name\":\"Comment\",\"target\":[\"https:\/\/blogdobispo.com.br\/?p=19351#respond\"]}]},{\"@type\":\"WebPage\",\"@id\":\"https:\/\/blogdobispo.com.br\/?p=19351\",\"url\":\"https:\/\/blogdobispo.com.br\/?p=19351\",\"name\":\"Prefeito Louvado celebra 135 anos de emancipa\u00e7\u00e3o de Taipu com festa hist\u00f3rica e p\u00fablico recorde - Blog do Bispo\",\"isPartOf\":{\"@id\":\"https:\/\/blogdobispo.com.br\/#website\"},\"datePublished\":\"2026-03-12T13:26:31+00:00\",\"breadcrumb\":{\"@id\":\"https:\/\/blogdobispo.com.br\/?p=19351#breadcrumb\"},\"inLanguage\":\"pt-BR\",\"potentialAction\":[{\"@type\":\"ReadAction\",\"target\":[\"https:\/\/blogdobispo.com.br\/?p=19351\"]}]},{\"@type\":\"BreadcrumbList\",\"@id\":\"https:\/\/blogdobispo.com.br\/?p=19351#breadcrumb\",\"itemListElement\":[{\"@type\":\"ListItem\",\"position\":1,\"name\":\"In\u00edcio\",\"item\":\"https:\/\/blogdobispo.com.br\/\"},{\"@type\":\"ListItem\",\"position\":2,\"name\":\"Prefeito Louvado celebra 135 anos de emancipa\u00e7\u00e3o de Taipu com festa hist\u00f3rica e p\u00fablico recorde\"}]},{\"@type\":\"WebSite\",\"@id\":\"https:\/\/blogdobispo.com.br\/#website\",\"url\":\"https:\/\/blogdobispo.com.br\/\",\"name\":\"Blog do Bispo\",\"description\":\"Comprometido apenas com o leitor\",\"publisher\":{\"@id\":\"https:\/\/blogdobispo.com.br\/#organization\"},\"potentialAction\":[{\"@type\":\"SearchAction\",\"target\":{\"@type\":\"EntryPoint\",\"urlTemplate\":\"https:\/\/blogdobispo.com.br\/?s={search_term_string}\"},\"query-input\":{\"@type\":\"PropertyValueSpecification\",\"valueRequired\":true,\"valueName\":\"search_term_string\"}}],\"inLanguage\":\"pt-BR\"},{\"@type\":\"Organization\",\"@id\":\"https:\/\/blogdobispo.com.br\/#organization\",\"name\":\"Blog do Bispo\",\"url\":\"https:\/\/blogdobispo.com.br\/\",\"logo\":{\"@type\":\"ImageObject\",\"inLanguage\":\"pt-BR\",\"@id\":\"https:\/\/blogdobispo.com.br\/#\/schema\/logo\/image\/\",\"url\":\"http:\/\/blogdobispo.com.br\/wp-content\/uploads\/2023\/05\/cropped-headear.png\",\"contentUrl\":\"http:\/\/blogdobispo.com.br\/wp-content\/uploads\/2023\/05\/cropped-headear.png\",\"width\":1500,\"height\":399,\"caption\":\"Blog do Bispo\"},\"image\":{\"@id\":\"https:\/\/blogdobispo.com.br\/#\/schema\/logo\/image\/\"}},{\"@type\":\"Person\",\"@id\":\"https:\/\/blogdobispo.com.br\/#\/schema\/person\/e2209cc0e6cea5c5233d033e997b373f\",\"name\":\"Jefferson Sterfeno\",\"image\":{\"@type\":\"ImageObject\",\"inLanguage\":\"pt-BR\",\"@id\":\"https:\/\/blogdobispo.com.br\/#\/schema\/person\/image\/\",\"url\":\"https:\/\/secure.gravatar.com\/avatar\/0534e84764641168a677026b6d57a3f51dc7ac4db0b4f6186d9cb330d4ee1160?s=96&d=mm&r=g\",\"contentUrl\":\"https:\/\/secure.gravatar.com\/avatar\/0534e84764641168a677026b6d57a3f51dc7ac4db0b4f6186d9cb330d4ee1160?s=96&d=mm&r=g\",\"caption\":\"Jefferson Sterfeno\"},\"sameAs\":[\"http:\/\/blogdobispo.com.br\"],\"url\":\"https:\/\/blogdobispo.com.br\/?author=1\"}]}<\/script>\n<!-- \/ Yoast SEO plugin. -->","yoast_head_json":{"title":"Prefeito Louvado celebra 135 anos de emancipa\u00e7\u00e3o de Taipu com festa hist\u00f3rica e p\u00fablico recorde - Blog do Bispo","robots":{"index":"index","follow":"follow","max-snippet":"max-snippet:-1","max-image-preview":"max-image-preview:large","max-video-preview":"max-video-preview:-1"},"canonical":"https:\/\/blogdobispo.com.br\/?p=19351","og_locale":"pt_BR","og_type":"article","og_title":"Prefeito Louvado celebra 135 anos de emancipa\u00e7\u00e3o de Taipu com festa hist\u00f3rica e p\u00fablico recorde - Blog do Bispo","og_description":"&nbsp; O prefeito de Taipu, Louvado, celebrou nesta ter\u00e7a-feira, dia 10, os 135 anos de emancipa\u00e7\u00e3o pol\u00edtica do munic\u00edpio com uma festa hist\u00f3rica que reuniu p\u00fablico recorde na pra\u00e7a p\u00fablica. O evento contou com as atra\u00e7\u00f5es nacionais Rey Vaqueiro e Thiago Freitas, al\u00e9m do artista da terra GG Lins, movimentando a cidade e atraindo moradores [&hellip;]","og_url":"https:\/\/blogdobispo.com.br\/?p=19351","og_site_name":"Blog do Bispo","article_published_time":"2026-03-12T13:26:31+00:00","author":"Jefferson Sterfeno","twitter_card":"summary_large_image","twitter_misc":{"Escrito por":"Jefferson Sterfeno","Est. tempo de leitura":"2 minutos"},"schema":{"@context":"https:\/\/schema.org","@graph":[{"@type":"Article","@id":"https:\/\/blogdobispo.com.br\/?p=19351#article","isPartOf":{"@id":"https:\/\/blogdobispo.com.br\/?p=19351"},"author":{"name":"Jefferson Sterfeno","@id":"https:\/\/blogdobispo.com.br\/#\/schema\/person\/e2209cc0e6cea5c5233d033e997b373f"},"headline":"Prefeito Louvado celebra 135 anos de emancipa\u00e7\u00e3o de Taipu com festa hist\u00f3rica e p\u00fablico recorde","datePublished":"2026-03-12T13:26:31+00:00","mainEntityOfPage":{"@id":"https:\/\/blogdobispo.com.br\/?p=19351"},"wordCount":240,"commentCount":0,"publisher":{"@id":"https:\/\/blogdobispo.com.br\/#organization"},"articleSection":["diversos"],"inLanguage":"pt-BR","potentialAction":[{"@type":"CommentAction","name":"Comment","target":["https:\/\/blogdobispo.com.br\/?p=19351#respond"]}]},{"@type":"WebPage","@id":"https:\/\/blogdobispo.com.br\/?p=19351","url":"https:\/\/blogdobispo.com.br\/?p=19351","name":"Prefeito Louvado celebra 135 anos de emancipa\u00e7\u00e3o de Taipu com festa hist\u00f3rica e p\u00fablico recorde - Blog do Bispo","isPartOf":{"@id":"https:\/\/blogdobispo.com.br\/#website"},"datePublished":"2026-03-12T13:26:31+00:00","breadcrumb":{"@id":"https:\/\/blogdobispo.com.br\/?p=19351#breadcrumb"},"inLanguage":"pt-BR","potentialAction":[{"@type":"ReadAction","target":["https:\/\/blogdobispo.com.br\/?p=19351"]}]},{"@type":"BreadcrumbList","@id":"https:\/\/blogdobispo.com.br\/?p=19351#breadcrumb","itemListElement":[{"@type":"ListItem","position":1,"name":"In\u00edcio","item":"https:\/\/blogdobispo.com.br\/"},{"@type":"ListItem","position":2,"name":"Prefeito Louvado celebra 135 anos de emancipa\u00e7\u00e3o de Taipu com festa hist\u00f3rica e p\u00fablico recorde"}]},{"@type":"WebSite","@id":"https:\/\/blogdobispo.com.br\/#website","url":"https:\/\/blogdobispo.com.br\/","name":"Blog do Bispo","description":"Comprometido apenas com o leitor","publisher":{"@id":"https:\/\/blogdobispo.com.br\/#organization"},"potentialAction":[{"@type":"SearchAction","target":{"@type":"EntryPoint","urlTemplate":"https:\/\/blogdobispo.com.br\/?s={search_term_string}"},"query-input":{"@type":"PropertyValueSpecification","valueRequired":true,"valueName":"search_term_string"}}],"inLanguage":"pt-BR"},{"@type":"Organization","@id":"https:\/\/blogdobispo.com.br\/#organization","name":"Blog do Bispo","url":"https:\/\/blogdobispo.com.br\/","logo":{"@type":"ImageObject","inLanguage":"pt-BR","@id":"https:\/\/blogdobispo.com.br\/#\/schema\/logo\/image\/","url":"http:\/\/blogdobispo.com.br\/wp-content\/uploads\/2023\/05\/cropped-headear.png","contentUrl":"http:\/\/blogdobispo.com.br\/wp-content\/uploads\/2023\/05\/cropped-headear.png","width":1500,"height":399,"caption":"Blog do Bispo"},"image":{"@id":"https:\/\/blogdobispo.com.br\/#\/schema\/logo\/image\/"}},{"@type":"Person","@id":"https:\/\/blogdobispo.com.br\/#\/schema\/person\/e2209cc0e6cea5c5233d033e997b373f","name":"Jefferson Sterfeno","image":{"@type":"ImageObject","inLanguage":"pt-BR","@id":"https:\/\/blogdobispo.com.br\/#\/schema\/person\/image\/","url":"https:\/\/secure.gravatar.com\/avatar\/0534e84764641168a677026b6d57a3f51dc7ac4db0b4f6186d9cb330d4ee1160?s=96&d=mm&r=g","contentUrl":"https:\/\/secure.gravatar.com\/avatar\/0534e84764641168a677026b6d57a3f51dc7ac4db0b4f6186d9cb330d4ee1160?s=96&d=mm&r=g","caption":"Jefferson Sterfeno"},"sameAs":["http:\/\/blogdobispo.com.br"],"url":"https:\/\/blogdobispo.com.br\/?author=1"}]}},"featured_image_urls":{"full":"","thumbnail":"","medium":"","medium_large":"","large":"","1536x1536":"","2048x2048":""},"author_info":{"display_name":"Jefferson Sterfeno","author_link":"https:\/\/blogdobispo.com.br\/?author=1"},"category_info":"<a href=\"https:\/\/blogdobispo.com.br\/?cat=1\" rel=\"category\">diversos<\/a>","tag_info":"diversos","comment_count":"0","jetpack_featured_media_url":"","jetpack_sharing_enabled":true,"_links":{"self":[{"href":"https:\/\/blogdobispo.com.br\/index.php?rest_route=\/wp\/v2\/posts\/19351","targetHints":{"allow":["GET"]}}],"collection":[{"href":"https:\/\/blogdobispo.com.br\/index.php?rest_route=\/wp\/v2\/posts"}],"about":[{"href":"https:\/\/blogdobispo.com.br\/index.php?rest_route=\/wp\/v2\/types\/post"}],"author":[{"embeddable":true,"href":"https:\/\/blogdobispo.com.br\/index.php?rest_route=\/wp\/v2\/users\/1"}],"replies":[{"embeddable":true,"href":"https:\/\/blogdobispo.com.br\/index.php?rest_route=%2Fwp%2Fv2%2Fcomments&post=19351"}],"version-history":[{"count":1,"href":"https:\/\/blogdobispo.com.br\/index.php?rest_route=\/wp\/v2\/posts\/19351\/revisions"}],"predecessor-version":[{"id":19352,"href":"https:\/\/blogdobispo.com.br\/index.php?rest_route=\/wp\/v2\/posts\/19351\/revisions\/19352"}],"wp:attachment":[{"href":"https:\/\/blogdobispo.com.br\/index.php?rest_route=%2Fwp%2Fv2%2Fmedia&parent=19351"}],"wp:term":[{"taxonomy":"category","embeddable":true,"href":"https:\/\/blogdobispo.com.br\/index.php?rest_route=%2Fwp%2Fv2%2Fcategories&post=19351"},{"taxonomy":"post_tag","embeddable":true,"href":"https:\/\/blogdobispo.com.br\/index.php?rest_route=%2Fwp%2Fv2%2Ftags&post=19351"}],"curies":[{"name":"wp","href":"https:\/\/api.w.org\/{rel}","templated":true}]}}