{"id":19348,"date":"2026-03-10T20:01:38","date_gmt":"2026-03-10T20:01:38","guid":{"rendered":"https:\/\/blogdobispo.com.br\/?p=19348"},"modified":"2026-03-10T20:01:38","modified_gmt":"2026-03-10T20:01:38","slug":"ivan-junior-anuncia-parceria-com-pedro-filho-em-municipios-do-vale-do-acu-torco-pela-vitoria-e-sera-uma-surpresa","status":"publish","type":"post","link":"https:\/\/blogdobispo.com.br\/?p=19348","title":{"rendered":"Ivan J\u00fanior anuncia parceria com Pedro Filho em munic\u00edpios do Vale do A\u00e7u: &#8220;Tor\u00e7o pela vit\u00f3ria e ser\u00e1 uma surpresa&#8221;"},"content":{"rendered":"\n<figure class=\"wp-block-image size-large\"><img data-recalc-dims=\"1\" fetchpriority=\"high\" decoding=\"async\" width=\"800\" height=\"396\" src=\"https:\/\/i0.wp.com\/blogdobispo.com.br\/wp-content\/uploads\/2026\/03\/49d6a580-04c9-42d1-811c-266beceafbd5-1024x507.jpg?resize=800%2C396&#038;ssl=1\" class=\"wp-image-19346\" srcset=\"https:\/\/i0.wp.com\/blogdobispo.com.br\/wp-content\/uploads\/2026\/03\/49d6a580-04c9-42d1-811c-266beceafbd5.jpg?resize=1024%2C507&amp;ssl=1 1024w, https:\/\/i0.wp.com\/blogdobispo.com.br\/wp-content\/uploads\/2026\/03\/49d6a580-04c9-42d1-811c-266beceafbd5.jpg?resize=300%2C149&amp;ssl=1 300w, https:\/\/i0.wp.com\/blogdobispo.com.br\/wp-content\/uploads\/2026\/03\/49d6a580-04c9-42d1-811c-266beceafbd5.jpg?resize=768%2C380&amp;ssl=1 768w, https:\/\/i0.wp.com\/blogdobispo.com.br\/wp-content\/uploads\/2026\/03\/49d6a580-04c9-42d1-811c-266beceafbd5.jpg?w=1280&amp;ssl=1 1280w\" sizes=\"(max-width: 800px) 100vw, 800px\" \/><\/figure>\n\n\n\n<p><\/p>\n\n\n\n<p>A pr\u00e9-candidatura de Pedro Filho a deputado federal ganhou um refor\u00e7o de peso no interior do Rio Grande do Norte. O ex-prefeito de Ass\u00fa, Ivan J\u00fanior, uma das principais lideran\u00e7as pol\u00edticas do Vale do A\u00e7u, anunciou parceria com o projeto pol\u00edtico de Pedro, ampliando a presen\u00e7a do pr\u00e9-candidato em uma das regi\u00f5es mais influentes do estado. O apoio de Ivan J\u00fanior ser\u00e1 em algumas cidades da regi\u00e3o, n\u00e3o em Ass\u00fa.<\/p>\n\n\n\n<p>Com forte atua\u00e7\u00e3o pol\u00edtica e articula\u00e7\u00e3o em diversos munic\u00edpios do Vale, Ivan J\u00fanior destacou que a pr\u00e9-candidatura de Pedro Filho representa uma alternativa competitiva na disputa por uma vaga na C\u00e2mara dos Deputados.<\/p>\n\n\n\n<p>\u201cAcho que ser\u00e1 uma grande surpresa. Temos parceria em v\u00e1rias cidades do Vale do A\u00e7u e, por uma quest\u00e3o de coer\u00eancia, tor\u00e7o muito pelo sucesso de Pedro Filho. \u00c9 um candidato da minha regi\u00e3o, n\u00e3o tem como eu torcer contra\u201d, afirmou Ivan J\u00fanior em entrevista na R\u00e1dio Princesa FM, neste s\u00e1bado (07).<\/p>\n\n\n\n<p>A declara\u00e7\u00e3o refor\u00e7a a expectativa de crescimento da pr\u00e9-candidatura na regi\u00e3o, considerada estrat\u00e9gica no cen\u00e1rio eleitoral potiguar. O apoio de Ivan J\u00fanior amplia o di\u00e1logo de Pedro Filho com lideran\u00e7as pol\u00edticas e grupos locais que t\u00eam influ\u00eancia em diferentes cidades do Vale do A\u00e7u.<\/p>\n\n\n\n<p>Para Pedro Filho, que \u00e9 vereador em Ass\u00fa, a parceria representa um passo importante na consolida\u00e7\u00e3o de sua base no interior do estado. \u201cIvan tem uma hist\u00f3ria de trabalho reconhecida em Ass\u00fa e em todo o Vale. \u00c9 uma lideran\u00e7a respeitada, que conhece profundamente a realidade da regi\u00e3o. Esse apoio fortalece muito o nosso projeto\u201d, destacou.<\/p>\n\n\n\n<p>Nos bastidores da pol\u00edtica potiguar, o movimento \u00e9 visto como um avan\u00e7o significativo da pr\u00e9-candidatura de Pedro Filho no Vale do A\u00e7u, regi\u00e3o que tradicionalmente exerce forte influ\u00eancia nas disputas proporcionais no Rio Grande do Norte.<\/p>\n","protected":false},"excerpt":{"rendered":"<p>A pr\u00e9-candidatura de Pedro Filho a deputado federal ganhou um refor\u00e7o de peso no interior do Rio Grande do Norte. O ex-prefeito de Ass\u00fa, Ivan J\u00fanior, uma das principais lideran\u00e7as pol\u00edticas do Vale do A\u00e7u, anunciou parceria com o projeto pol\u00edtico de Pedro, ampliando a presen\u00e7a do pr\u00e9-candidato em uma das regi\u00f5es mais influentes do [&hellip;]<\/p>\n","protected":false},"author":1,"featured_media":19347,"comment_status":"open","ping_status":"open","sticky":false,"template":"","format":"standard","meta":{"cybocfi_hide_featured_image":"","_jetpack_memberships_contains_paid_content":false,"footnotes":""},"categories":[1],"tags":[],"class_list":["post-19348","post","type-post","status-publish","format-standard","has-post-thumbnail","hentry","category-diversos"],"yoast_head":"<!-- This site is optimized with the Yoast SEO plugin v25.6 - https:\/\/yoast.com\/wordpress\/plugins\/seo\/ -->\n<title>Ivan J\u00fanior anuncia parceria com Pedro Filho em munic\u00edpios do Vale do A\u00e7u: &quot;Tor\u00e7o pela vit\u00f3ria e ser\u00e1 uma surpresa&quot; - Blog do Bispo<\/title>\n<meta name=\"robots\" content=\"index, follow, max-snippet:-1, max-image-preview:large, max-video-preview:-1\" \/>\n<link rel=\"canonical\" href=\"https:\/\/blogdobispo.com.br\/?p=19348\" \/>\n<meta property=\"og:locale\" content=\"pt_BR\" \/>\n<meta property=\"og:type\" content=\"article\" \/>\n<meta property=\"og:title\" content=\"Ivan J\u00fanior anuncia parceria com Pedro Filho em munic\u00edpios do Vale do A\u00e7u: &quot;Tor\u00e7o pela vit\u00f3ria e ser\u00e1 uma surpresa&quot; - Blog do Bispo\" \/>\n<meta property=\"og:description\" content=\"A pr\u00e9-candidatura de Pedro Filho a deputado federal ganhou um refor\u00e7o de peso no interior do Rio Grande do Norte. O ex-prefeito de Ass\u00fa, Ivan J\u00fanior, uma das principais lideran\u00e7as pol\u00edticas do Vale do A\u00e7u, anunciou parceria com o projeto pol\u00edtico de Pedro, ampliando a presen\u00e7a do pr\u00e9-candidato em uma das regi\u00f5es mais influentes do [&hellip;]\" \/>\n<meta property=\"og:url\" content=\"https:\/\/blogdobispo.com.br\/?p=19348\" \/>\n<meta property=\"og:site_name\" content=\"Blog do Bispo\" \/>\n<meta property=\"article:published_time\" content=\"2026-03-10T20:01:38+00:00\" \/>\n<meta property=\"og:image\" content=\"https:\/\/blogdobispo.com.br\/wp-content\/uploads\/2026\/03\/49d6a580-04c9-42d1-811c-266beceafbd5-1024x507.jpg\" \/>\n<meta name=\"author\" content=\"Jefferson Sterfeno\" \/>\n<meta name=\"twitter:card\" content=\"summary_large_image\" \/>\n<meta name=\"twitter:label1\" content=\"Escrito por\" \/>\n\t<meta name=\"twitter:data1\" content=\"Jefferson Sterfeno\" \/>\n\t<meta name=\"twitter:label2\" content=\"Est. tempo de leitura\" \/>\n\t<meta name=\"twitter:data2\" content=\"2 minutos\" \/>\n<script type=\"application\/ld+json\" class=\"yoast-schema-graph\">{\"@context\":\"https:\/\/schema.org\",\"@graph\":[{\"@type\":\"Article\",\"@id\":\"https:\/\/blogdobispo.com.br\/?p=19348#article\",\"isPartOf\":{\"@id\":\"https:\/\/blogdobispo.com.br\/?p=19348\"},\"author\":{\"name\":\"Jefferson Sterfeno\",\"@id\":\"https:\/\/blogdobispo.com.br\/#\/schema\/person\/e2209cc0e6cea5c5233d033e997b373f\"},\"headline\":\"Ivan J\u00fanior anuncia parceria com Pedro Filho em munic\u00edpios do Vale do A\u00e7u: &#8220;Tor\u00e7o pela vit\u00f3ria e ser\u00e1 uma surpresa&#8221;\",\"datePublished\":\"2026-03-10T20:01:38+00:00\",\"mainEntityOfPage\":{\"@id\":\"https:\/\/blogdobispo.com.br\/?p=19348\"},\"wordCount\":364,\"commentCount\":0,\"publisher\":{\"@id\":\"https:\/\/blogdobispo.com.br\/#organization\"},\"image\":{\"@id\":\"https:\/\/blogdobispo.com.br\/?p=19348#primaryimage\"},\"thumbnailUrl\":\"https:\/\/i0.wp.com\/blogdobispo.com.br\/wp-content\/uploads\/2026\/03\/49d6a580-04c9-42d1-811c-266beceafbd5-1.jpg?fit=1280%2C634&ssl=1\",\"articleSection\":[\"diversos\"],\"inLanguage\":\"pt-BR\",\"potentialAction\":[{\"@type\":\"CommentAction\",\"name\":\"Comment\",\"target\":[\"https:\/\/blogdobispo.com.br\/?p=19348#respond\"]}]},{\"@type\":\"WebPage\",\"@id\":\"https:\/\/blogdobispo.com.br\/?p=19348\",\"url\":\"https:\/\/blogdobispo.com.br\/?p=19348\",\"name\":\"Ivan J\u00fanior anuncia parceria com Pedro Filho em munic\u00edpios do Vale do A\u00e7u: \\\"Tor\u00e7o pela vit\u00f3ria e ser\u00e1 uma surpresa\\\" - Blog do Bispo\",\"isPartOf\":{\"@id\":\"https:\/\/blogdobispo.com.br\/#website\"},\"primaryImageOfPage\":{\"@id\":\"https:\/\/blogdobispo.com.br\/?p=19348#primaryimage\"},\"image\":{\"@id\":\"https:\/\/blogdobispo.com.br\/?p=19348#primaryimage\"},\"thumbnailUrl\":\"https:\/\/i0.wp.com\/blogdobispo.com.br\/wp-content\/uploads\/2026\/03\/49d6a580-04c9-42d1-811c-266beceafbd5-1.jpg?fit=1280%2C634&ssl=1\",\"datePublished\":\"2026-03-10T20:01:38+00:00\",\"breadcrumb\":{\"@id\":\"https:\/\/blogdobispo.com.br\/?p=19348#breadcrumb\"},\"inLanguage\":\"pt-BR\",\"potentialAction\":[{\"@type\":\"ReadAction\",\"target\":[\"https:\/\/blogdobispo.com.br\/?p=19348\"]}]},{\"@type\":\"ImageObject\",\"inLanguage\":\"pt-BR\",\"@id\":\"https:\/\/blogdobispo.com.br\/?p=19348#primaryimage\",\"url\":\"https:\/\/i0.wp.com\/blogdobispo.com.br\/wp-content\/uploads\/2026\/03\/49d6a580-04c9-42d1-811c-266beceafbd5-1.jpg?fit=1280%2C634&ssl=1\",\"contentUrl\":\"https:\/\/i0.wp.com\/blogdobispo.com.br\/wp-content\/uploads\/2026\/03\/49d6a580-04c9-42d1-811c-266beceafbd5-1.jpg?fit=1280%2C634&ssl=1\",\"width\":1280,\"height\":634},{\"@type\":\"BreadcrumbList\",\"@id\":\"https:\/\/blogdobispo.com.br\/?p=19348#breadcrumb\",\"itemListElement\":[{\"@type\":\"ListItem\",\"position\":1,\"name\":\"In\u00edcio\",\"item\":\"https:\/\/blogdobispo.com.br\/\"},{\"@type\":\"ListItem\",\"position\":2,\"name\":\"Ivan J\u00fanior anuncia parceria com Pedro Filho em munic\u00edpios do Vale do A\u00e7u: &#8220;Tor\u00e7o pela vit\u00f3ria e ser\u00e1 uma surpresa&#8221;\"}]},{\"@type\":\"WebSite\",\"@id\":\"https:\/\/blogdobispo.com.br\/#website\",\"url\":\"https:\/\/blogdobispo.com.br\/\",\"name\":\"Blog do Bispo\",\"description\":\"Comprometido apenas com o leitor\",\"publisher\":{\"@id\":\"https:\/\/blogdobispo.com.br\/#organization\"},\"potentialAction\":[{\"@type\":\"SearchAction\",\"target\":{\"@type\":\"EntryPoint\",\"urlTemplate\":\"https:\/\/blogdobispo.com.br\/?s={search_term_string}\"},\"query-input\":{\"@type\":\"PropertyValueSpecification\",\"valueRequired\":true,\"valueName\":\"search_term_string\"}}],\"inLanguage\":\"pt-BR\"},{\"@type\":\"Organization\",\"@id\":\"https:\/\/blogdobispo.com.br\/#organization\",\"name\":\"Blog do Bispo\",\"url\":\"https:\/\/blogdobispo.com.br\/\",\"logo\":{\"@type\":\"ImageObject\",\"inLanguage\":\"pt-BR\",\"@id\":\"https:\/\/blogdobispo.com.br\/#\/schema\/logo\/image\/\",\"url\":\"http:\/\/blogdobispo.com.br\/wp-content\/uploads\/2023\/05\/cropped-headear.png\",\"contentUrl\":\"http:\/\/blogdobispo.com.br\/wp-content\/uploads\/2023\/05\/cropped-headear.png\",\"width\":1500,\"height\":399,\"caption\":\"Blog do Bispo\"},\"image\":{\"@id\":\"https:\/\/blogdobispo.com.br\/#\/schema\/logo\/image\/\"}},{\"@type\":\"Person\",\"@id\":\"https:\/\/blogdobispo.com.br\/#\/schema\/person\/e2209cc0e6cea5c5233d033e997b373f\",\"name\":\"Jefferson Sterfeno\",\"image\":{\"@type\":\"ImageObject\",\"inLanguage\":\"pt-BR\",\"@id\":\"https:\/\/blogdobispo.com.br\/#\/schema\/person\/image\/\",\"url\":\"https:\/\/secure.gravatar.com\/avatar\/0534e84764641168a677026b6d57a3f51dc7ac4db0b4f6186d9cb330d4ee1160?s=96&d=mm&r=g\",\"contentUrl\":\"https:\/\/secure.gravatar.com\/avatar\/0534e84764641168a677026b6d57a3f51dc7ac4db0b4f6186d9cb330d4ee1160?s=96&d=mm&r=g\",\"caption\":\"Jefferson Sterfeno\"},\"sameAs\":[\"http:\/\/blogdobispo.com.br\"],\"url\":\"https:\/\/blogdobispo.com.br\/?author=1\"}]}<\/script>\n<!-- \/ Yoast SEO plugin. -->","yoast_head_json":{"title":"Ivan J\u00fanior anuncia parceria com Pedro Filho em munic\u00edpios do Vale do A\u00e7u: \"Tor\u00e7o pela vit\u00f3ria e ser\u00e1 uma surpresa\" - Blog do Bispo","robots":{"index":"index","follow":"follow","max-snippet":"max-snippet:-1","max-image-preview":"max-image-preview:large","max-video-preview":"max-video-preview:-1"},"canonical":"https:\/\/blogdobispo.com.br\/?p=19348","og_locale":"pt_BR","og_type":"article","og_title":"Ivan J\u00fanior anuncia parceria com Pedro Filho em munic\u00edpios do Vale do A\u00e7u: \"Tor\u00e7o pela vit\u00f3ria e ser\u00e1 uma surpresa\" - Blog do Bispo","og_description":"A pr\u00e9-candidatura de Pedro Filho a deputado federal ganhou um refor\u00e7o de peso no interior do Rio Grande do Norte. O ex-prefeito de Ass\u00fa, Ivan J\u00fanior, uma das principais lideran\u00e7as pol\u00edticas do Vale do A\u00e7u, anunciou parceria com o projeto pol\u00edtico de Pedro, ampliando a presen\u00e7a do pr\u00e9-candidato em uma das regi\u00f5es mais influentes do [&hellip;]","og_url":"https:\/\/blogdobispo.com.br\/?p=19348","og_site_name":"Blog do Bispo","article_published_time":"2026-03-10T20:01:38+00:00","og_image":[{"url":"https:\/\/blogdobispo.com.br\/wp-content\/uploads\/2026\/03\/49d6a580-04c9-42d1-811c-266beceafbd5-1024x507.jpg","type":"","width":"","height":""}],"author":"Jefferson Sterfeno","twitter_card":"summary_large_image","twitter_misc":{"Escrito por":"Jefferson Sterfeno","Est. tempo de leitura":"2 minutos"},"schema":{"@context":"https:\/\/schema.org","@graph":[{"@type":"Article","@id":"https:\/\/blogdobispo.com.br\/?p=19348#article","isPartOf":{"@id":"https:\/\/blogdobispo.com.br\/?p=19348"},"author":{"name":"Jefferson Sterfeno","@id":"https:\/\/blogdobispo.com.br\/#\/schema\/person\/e2209cc0e6cea5c5233d033e997b373f"},"headline":"Ivan J\u00fanior anuncia parceria com Pedro Filho em munic\u00edpios do Vale do A\u00e7u: &#8220;Tor\u00e7o pela vit\u00f3ria e ser\u00e1 uma surpresa&#8221;","datePublished":"2026-03-10T20:01:38+00:00","mainEntityOfPage":{"@id":"https:\/\/blogdobispo.com.br\/?p=19348"},"wordCount":364,"commentCount":0,"publisher":{"@id":"https:\/\/blogdobispo.com.br\/#organization"},"image":{"@id":"https:\/\/blogdobispo.com.br\/?p=19348#primaryimage"},"thumbnailUrl":"https:\/\/i0.wp.com\/blogdobispo.com.br\/wp-content\/uploads\/2026\/03\/49d6a580-04c9-42d1-811c-266beceafbd5-1.jpg?fit=1280%2C634&ssl=1","articleSection":["diversos"],"inLanguage":"pt-BR","potentialAction":[{"@type":"CommentAction","name":"Comment","target":["https:\/\/blogdobispo.com.br\/?p=19348#respond"]}]},{"@type":"WebPage","@id":"https:\/\/blogdobispo.com.br\/?p=19348","url":"https:\/\/blogdobispo.com.br\/?p=19348","name":"Ivan J\u00fanior anuncia parceria com Pedro Filho em munic\u00edpios do Vale do A\u00e7u: \"Tor\u00e7o pela vit\u00f3ria e ser\u00e1 uma surpresa\" - Blog do Bispo","isPartOf":{"@id":"https:\/\/blogdobispo.com.br\/#website"},"primaryImageOfPage":{"@id":"https:\/\/blogdobispo.com.br\/?p=19348#primaryimage"},"image":{"@id":"https:\/\/blogdobispo.com.br\/?p=19348#primaryimage"},"thumbnailUrl":"https:\/\/i0.wp.com\/blogdobispo.com.br\/wp-content\/uploads\/2026\/03\/49d6a580-04c9-42d1-811c-266beceafbd5-1.jpg?fit=1280%2C634&ssl=1","datePublished":"2026-03-10T20:01:38+00:00","breadcrumb":{"@id":"https:\/\/blogdobispo.com.br\/?p=19348#breadcrumb"},"inLanguage":"pt-BR","potentialAction":[{"@type":"ReadAction","target":["https:\/\/blogdobispo.com.br\/?p=19348"]}]},{"@type":"ImageObject","inLanguage":"pt-BR","@id":"https:\/\/blogdobispo.com.br\/?p=19348#primaryimage","url":"https:\/\/i0.wp.com\/blogdobispo.com.br\/wp-content\/uploads\/2026\/03\/49d6a580-04c9-42d1-811c-266beceafbd5-1.jpg?fit=1280%2C634&ssl=1","contentUrl":"https:\/\/i0.wp.com\/blogdobispo.com.br\/wp-content\/uploads\/2026\/03\/49d6a580-04c9-42d1-811c-266beceafbd5-1.jpg?fit=1280%2C634&ssl=1","width":1280,"height":634},{"@type":"BreadcrumbList","@id":"https:\/\/blogdobispo.com.br\/?p=19348#breadcrumb","itemListElement":[{"@type":"ListItem","position":1,"name":"In\u00edcio","item":"https:\/\/blogdobispo.com.br\/"},{"@type":"ListItem","position":2,"name":"Ivan J\u00fanior anuncia parceria com Pedro Filho em munic\u00edpios do Vale do A\u00e7u: &#8220;Tor\u00e7o pela vit\u00f3ria e ser\u00e1 uma surpresa&#8221;"}]},{"@type":"WebSite","@id":"https:\/\/blogdobispo.com.br\/#website","url":"https:\/\/blogdobispo.com.br\/","name":"Blog do Bispo","description":"Comprometido apenas com o leitor","publisher":{"@id":"https:\/\/blogdobispo.com.br\/#organization"},"potentialAction":[{"@type":"SearchAction","target":{"@type":"EntryPoint","urlTemplate":"https:\/\/blogdobispo.com.br\/?s={search_term_string}"},"query-input":{"@type":"PropertyValueSpecification","valueRequired":true,"valueName":"search_term_string"}}],"inLanguage":"pt-BR"},{"@type":"Organization","@id":"https:\/\/blogdobispo.com.br\/#organization","name":"Blog do Bispo","url":"https:\/\/blogdobispo.com.br\/","logo":{"@type":"ImageObject","inLanguage":"pt-BR","@id":"https:\/\/blogdobispo.com.br\/#\/schema\/logo\/image\/","url":"http:\/\/blogdobispo.com.br\/wp-content\/uploads\/2023\/05\/cropped-headear.png","contentUrl":"http:\/\/blogdobispo.com.br\/wp-content\/uploads\/2023\/05\/cropped-headear.png","width":1500,"height":399,"caption":"Blog do Bispo"},"image":{"@id":"https:\/\/blogdobispo.com.br\/#\/schema\/logo\/image\/"}},{"@type":"Person","@id":"https:\/\/blogdobispo.com.br\/#\/schema\/person\/e2209cc0e6cea5c5233d033e997b373f","name":"Jefferson Sterfeno","image":{"@type":"ImageObject","inLanguage":"pt-BR","@id":"https:\/\/blogdobispo.com.br\/#\/schema\/person\/image\/","url":"https:\/\/secure.gravatar.com\/avatar\/0534e84764641168a677026b6d57a3f51dc7ac4db0b4f6186d9cb330d4ee1160?s=96&d=mm&r=g","contentUrl":"https:\/\/secure.gravatar.com\/avatar\/0534e84764641168a677026b6d57a3f51dc7ac4db0b4f6186d9cb330d4ee1160?s=96&d=mm&r=g","caption":"Jefferson Sterfeno"},"sameAs":["http:\/\/blogdobispo.com.br"],"url":"https:\/\/blogdobispo.com.br\/?author=1"}]}},"featured_image_urls":{"full":["https:\/\/i0.wp.com\/blogdobispo.com.br\/wp-content\/uploads\/2026\/03\/49d6a580-04c9-42d1-811c-266beceafbd5-1.jpg?fit=1280%2C634&ssl=1",1280,634,false],"thumbnail":["https:\/\/i0.wp.com\/blogdobispo.com.br\/wp-content\/uploads\/2026\/03\/49d6a580-04c9-42d1-811c-266beceafbd5-1.jpg?resize=150%2C150&ssl=1",150,150,true],"medium":["https:\/\/i0.wp.com\/blogdobispo.com.br\/wp-content\/uploads\/2026\/03\/49d6a580-04c9-42d1-811c-266beceafbd5-1.jpg?fit=300%2C149&ssl=1",300,149,true],"medium_large":["https:\/\/i0.wp.com\/blogdobispo.com.br\/wp-content\/uploads\/2026\/03\/49d6a580-04c9-42d1-811c-266beceafbd5-1.jpg?fit=768%2C380&ssl=1",768,380,true],"large":["https:\/\/i0.wp.com\/blogdobispo.com.br\/wp-content\/uploads\/2026\/03\/49d6a580-04c9-42d1-811c-266beceafbd5-1.jpg?fit=800%2C396&ssl=1",800,396,true],"1536x1536":["https:\/\/i0.wp.com\/blogdobispo.com.br\/wp-content\/uploads\/2026\/03\/49d6a580-04c9-42d1-811c-266beceafbd5-1.jpg?fit=1280%2C634&ssl=1",1280,634,true],"2048x2048":["https:\/\/i0.wp.com\/blogdobispo.com.br\/wp-content\/uploads\/2026\/03\/49d6a580-04c9-42d1-811c-266beceafbd5-1.jpg?fit=1280%2C634&ssl=1",1280,634,true]},"author_info":{"display_name":"Jefferson Sterfeno","author_link":"https:\/\/blogdobispo.com.br\/?author=1"},"category_info":"<a href=\"https:\/\/blogdobispo.com.br\/?cat=1\" rel=\"category\">diversos<\/a>","tag_info":"diversos","comment_count":"0","jetpack_featured_media_url":"https:\/\/i0.wp.com\/blogdobispo.com.br\/wp-content\/uploads\/2026\/03\/49d6a580-04c9-42d1-811c-266beceafbd5-1.jpg?fit=1280%2C634&ssl=1","jetpack_sharing_enabled":true,"_links":{"self":[{"href":"https:\/\/blogdobispo.com.br\/index.php?rest_route=\/wp\/v2\/posts\/19348","targetHints":{"allow":["GET"]}}],"collection":[{"href":"https:\/\/blogdobispo.com.br\/index.php?rest_route=\/wp\/v2\/posts"}],"about":[{"href":"https:\/\/blogdobispo.com.br\/index.php?rest_route=\/wp\/v2\/types\/post"}],"author":[{"embeddable":true,"href":"https:\/\/blogdobispo.com.br\/index.php?rest_route=\/wp\/v2\/users\/1"}],"replies":[{"embeddable":true,"href":"https:\/\/blogdobispo.com.br\/index.php?rest_route=%2Fwp%2Fv2%2Fcomments&post=19348"}],"version-history":[{"count":0,"href":"https:\/\/blogdobispo.com.br\/index.php?rest_route=\/wp\/v2\/posts\/19348\/revisions"}],"wp:featuredmedia":[{"embeddable":true,"href":"https:\/\/blogdobispo.com.br\/index.php?rest_route=\/wp\/v2\/media\/19347"}],"wp:attachment":[{"href":"https:\/\/blogdobispo.com.br\/index.php?rest_route=%2Fwp%2Fv2%2Fmedia&parent=19348"}],"wp:term":[{"taxonomy":"category","embeddable":true,"href":"https:\/\/blogdobispo.com.br\/index.php?rest_route=%2Fwp%2Fv2%2Fcategories&post=19348"},{"taxonomy":"post_tag","embeddable":true,"href":"https:\/\/blogdobispo.com.br\/index.php?rest_route=%2Fwp%2Fv2%2Ftags&post=19348"}],"curies":[{"name":"wp","href":"https:\/\/api.w.org\/{rel}","templated":true}]}}