{"id":19345,"date":"2026-03-10T17:58:01","date_gmt":"2026-03-10T17:58:01","guid":{"rendered":"https:\/\/blogdobispo.com.br\/?p=19345"},"modified":"2026-03-10T17:58:01","modified_gmt":"2026-03-10T17:58:01","slug":"oposicao-lanca-chapa-ao-governo-do-rn-com-alvaro-e-baba-em-evento-com-presenca-de-flavio-bolsonaro","status":"publish","type":"post","link":"https:\/\/blogdobispo.com.br\/?p=19345","title":{"rendered":"Oposi\u00e7\u00e3o lan\u00e7a chapa ao governo do RN com \u00c1lvaro e Bab\u00e1, em evento com presen\u00e7a de Fl\u00e1vio Bolsonaro"},"content":{"rendered":"\n<figure class=\"wp-block-image size-large\"><img data-recalc-dims=\"1\" fetchpriority=\"high\" decoding=\"async\" width=\"800\" height=\"800\" src=\"https:\/\/i0.wp.com\/blogdobispo.com.br\/wp-content\/uploads\/2026\/03\/bf0e1a7e-a191-4839-8353-2a678a223098-1024x1024.jpg?resize=800%2C800&#038;ssl=1\" class=\"wp-image-19343\" srcset=\"https:\/\/i0.wp.com\/blogdobispo.com.br\/wp-content\/uploads\/2026\/03\/bf0e1a7e-a191-4839-8353-2a678a223098.jpg?resize=1024%2C1024&amp;ssl=1 1024w, https:\/\/i0.wp.com\/blogdobispo.com.br\/wp-content\/uploads\/2026\/03\/bf0e1a7e-a191-4839-8353-2a678a223098.jpg?resize=300%2C300&amp;ssl=1 300w, https:\/\/i0.wp.com\/blogdobispo.com.br\/wp-content\/uploads\/2026\/03\/bf0e1a7e-a191-4839-8353-2a678a223098.jpg?resize=150%2C150&amp;ssl=1 150w, https:\/\/i0.wp.com\/blogdobispo.com.br\/wp-content\/uploads\/2026\/03\/bf0e1a7e-a191-4839-8353-2a678a223098.jpg?resize=768%2C768&amp;ssl=1 768w, https:\/\/i0.wp.com\/blogdobispo.com.br\/wp-content\/uploads\/2026\/03\/bf0e1a7e-a191-4839-8353-2a678a223098.jpg?w=1080&amp;ssl=1 1080w\" sizes=\"(max-width: 800px) 100vw, 800px\" \/><\/figure>\n\n\n\n<p><\/p>\n\n\n\n<p>A oposi\u00e7\u00e3o ao atual governo do Rio Grande do Norte realiza no pr\u00f3ximo dia 21 de mar\u00e7o o lan\u00e7amento da chapa formada pelo ex-prefeito da capital, \u00c1lvaro Dias, como pr\u00e9-candidato ao governo do estado, e pelo presidente da Federa\u00e7\u00e3o dos Munic\u00edpios do RN (Femurn), Bab\u00e1 Pereira, como pr\u00e9-candidato a vice-governador.<\/p>\n\n\n\n<p>O evento ser\u00e1 realizado no Boulevard Recep\u00e7\u00f5es, em Nova Parnamirim, \u00e0s 15h, e vai reunir prefeitos, parlamentares, lideran\u00e7as pol\u00edticas, jornalistas, comunicadores, influenciadores, pr\u00e9-candidatos e apoiadores de diversas regi\u00f5es do estado.<\/p>\n\n\n\n<p>Entre as presen\u00e7as confirmadas est\u00e3o os senadores Rog\u00e9rio Marinho, l\u00edder da oposi\u00e7\u00e3o no Senado e secret\u00e1rio nacional do PL; Styvenson Valentim; e Fl\u00e1vio Bolsonaro (pr\u00e9-candidato a presidente da Rep\u00fablica).<\/p>\n\n\n\n<p>\u203c\ufe0f <em>SERVI\u00c7O:<\/em><\/p>\n\n\n\n<p><em>Lan\u00e7amento chapa Governo RN &#8211; Pr\u00e9 Candidatos \u00c1lvaro e Bab\u00e1.<\/em><\/p>\n\n\n\n<p><em>Local<\/em>: Boulevard Recep\u00e7\u00f5es<br \/><em>Hora<\/em>: 15h<\/p>\n\n\n\n<p><em>End.<\/em> Av. Maria Lacerda Montenegro, 1953 &#8211; Nova Parnamirim, Parnamirim &#8211; RN. 59150-683<\/p>\n","protected":false},"excerpt":{"rendered":"<p>A oposi\u00e7\u00e3o ao atual governo do Rio Grande do Norte realiza no pr\u00f3ximo dia 21 de mar\u00e7o o lan\u00e7amento da chapa formada pelo ex-prefeito da capital, \u00c1lvaro Dias, como pr\u00e9-candidato ao governo do estado, e pelo presidente da Federa\u00e7\u00e3o dos Munic\u00edpios do RN (Femurn), Bab\u00e1 Pereira, como pr\u00e9-candidato a vice-governador. O evento ser\u00e1 realizado no [&hellip;]<\/p>\n","protected":false},"author":1,"featured_media":19344,"comment_status":"open","ping_status":"open","sticky":false,"template":"","format":"standard","meta":{"cybocfi_hide_featured_image":"","_jetpack_memberships_contains_paid_content":false,"footnotes":""},"categories":[1],"tags":[],"class_list":["post-19345","post","type-post","status-publish","format-standard","has-post-thumbnail","hentry","category-diversos"],"yoast_head":"<!-- This site is optimized with the Yoast SEO plugin v25.6 - https:\/\/yoast.com\/wordpress\/plugins\/seo\/ -->\n<title>Oposi\u00e7\u00e3o lan\u00e7a chapa ao governo do RN com \u00c1lvaro e Bab\u00e1, em evento com presen\u00e7a de Fl\u00e1vio Bolsonaro - Blog do Bispo<\/title>\n<meta name=\"robots\" content=\"index, follow, max-snippet:-1, max-image-preview:large, max-video-preview:-1\" \/>\n<link rel=\"canonical\" href=\"https:\/\/blogdobispo.com.br\/?p=19345\" \/>\n<meta property=\"og:locale\" content=\"pt_BR\" \/>\n<meta property=\"og:type\" content=\"article\" \/>\n<meta property=\"og:title\" content=\"Oposi\u00e7\u00e3o lan\u00e7a chapa ao governo do RN com \u00c1lvaro e Bab\u00e1, em evento com presen\u00e7a de Fl\u00e1vio Bolsonaro - Blog do Bispo\" \/>\n<meta property=\"og:description\" content=\"A oposi\u00e7\u00e3o ao atual governo do Rio Grande do Norte realiza no pr\u00f3ximo dia 21 de mar\u00e7o o lan\u00e7amento da chapa formada pelo ex-prefeito da capital, \u00c1lvaro Dias, como pr\u00e9-candidato ao governo do estado, e pelo presidente da Federa\u00e7\u00e3o dos Munic\u00edpios do RN (Femurn), Bab\u00e1 Pereira, como pr\u00e9-candidato a vice-governador. O evento ser\u00e1 realizado no [&hellip;]\" \/>\n<meta property=\"og:url\" content=\"https:\/\/blogdobispo.com.br\/?p=19345\" \/>\n<meta property=\"og:site_name\" content=\"Blog do Bispo\" \/>\n<meta property=\"article:published_time\" content=\"2026-03-10T17:58:01+00:00\" \/>\n<meta property=\"og:image\" content=\"https:\/\/blogdobispo.com.br\/wp-content\/uploads\/2026\/03\/bf0e1a7e-a191-4839-8353-2a678a223098-1024x1024.jpg\" \/>\n<meta name=\"author\" content=\"Jefferson Sterfeno\" \/>\n<meta name=\"twitter:card\" content=\"summary_large_image\" \/>\n<meta name=\"twitter:label1\" content=\"Escrito por\" \/>\n\t<meta name=\"twitter:data1\" content=\"Jefferson Sterfeno\" \/>\n\t<meta name=\"twitter:label2\" content=\"Est. tempo de leitura\" \/>\n\t<meta name=\"twitter:data2\" content=\"1 minuto\" \/>\n<script type=\"application\/ld+json\" class=\"yoast-schema-graph\">{\"@context\":\"https:\/\/schema.org\",\"@graph\":[{\"@type\":\"Article\",\"@id\":\"https:\/\/blogdobispo.com.br\/?p=19345#article\",\"isPartOf\":{\"@id\":\"https:\/\/blogdobispo.com.br\/?p=19345\"},\"author\":{\"name\":\"Jefferson Sterfeno\",\"@id\":\"https:\/\/blogdobispo.com.br\/#\/schema\/person\/e2209cc0e6cea5c5233d033e997b373f\"},\"headline\":\"Oposi\u00e7\u00e3o lan\u00e7a chapa ao governo do RN com \u00c1lvaro e Bab\u00e1, em evento com presen\u00e7a de Fl\u00e1vio Bolsonaro\",\"datePublished\":\"2026-03-10T17:58:01+00:00\",\"mainEntityOfPage\":{\"@id\":\"https:\/\/blogdobispo.com.br\/?p=19345\"},\"wordCount\":183,\"commentCount\":0,\"publisher\":{\"@id\":\"https:\/\/blogdobispo.com.br\/#organization\"},\"image\":{\"@id\":\"https:\/\/blogdobispo.com.br\/?p=19345#primaryimage\"},\"thumbnailUrl\":\"https:\/\/i0.wp.com\/blogdobispo.com.br\/wp-content\/uploads\/2026\/03\/bf0e1a7e-a191-4839-8353-2a678a223098-1.jpg?fit=1080%2C1080&ssl=1\",\"articleSection\":[\"diversos\"],\"inLanguage\":\"pt-BR\",\"potentialAction\":[{\"@type\":\"CommentAction\",\"name\":\"Comment\",\"target\":[\"https:\/\/blogdobispo.com.br\/?p=19345#respond\"]}]},{\"@type\":\"WebPage\",\"@id\":\"https:\/\/blogdobispo.com.br\/?p=19345\",\"url\":\"https:\/\/blogdobispo.com.br\/?p=19345\",\"name\":\"Oposi\u00e7\u00e3o lan\u00e7a chapa ao governo do RN com \u00c1lvaro e Bab\u00e1, em evento com presen\u00e7a de Fl\u00e1vio Bolsonaro - Blog do Bispo\",\"isPartOf\":{\"@id\":\"https:\/\/blogdobispo.com.br\/#website\"},\"primaryImageOfPage\":{\"@id\":\"https:\/\/blogdobispo.com.br\/?p=19345#primaryimage\"},\"image\":{\"@id\":\"https:\/\/blogdobispo.com.br\/?p=19345#primaryimage\"},\"thumbnailUrl\":\"https:\/\/i0.wp.com\/blogdobispo.com.br\/wp-content\/uploads\/2026\/03\/bf0e1a7e-a191-4839-8353-2a678a223098-1.jpg?fit=1080%2C1080&ssl=1\",\"datePublished\":\"2026-03-10T17:58:01+00:00\",\"breadcrumb\":{\"@id\":\"https:\/\/blogdobispo.com.br\/?p=19345#breadcrumb\"},\"inLanguage\":\"pt-BR\",\"potentialAction\":[{\"@type\":\"ReadAction\",\"target\":[\"https:\/\/blogdobispo.com.br\/?p=19345\"]}]},{\"@type\":\"ImageObject\",\"inLanguage\":\"pt-BR\",\"@id\":\"https:\/\/blogdobispo.com.br\/?p=19345#primaryimage\",\"url\":\"https:\/\/i0.wp.com\/blogdobispo.com.br\/wp-content\/uploads\/2026\/03\/bf0e1a7e-a191-4839-8353-2a678a223098-1.jpg?fit=1080%2C1080&ssl=1\",\"contentUrl\":\"https:\/\/i0.wp.com\/blogdobispo.com.br\/wp-content\/uploads\/2026\/03\/bf0e1a7e-a191-4839-8353-2a678a223098-1.jpg?fit=1080%2C1080&ssl=1\",\"width\":1080,\"height\":1080},{\"@type\":\"BreadcrumbList\",\"@id\":\"https:\/\/blogdobispo.com.br\/?p=19345#breadcrumb\",\"itemListElement\":[{\"@type\":\"ListItem\",\"position\":1,\"name\":\"In\u00edcio\",\"item\":\"https:\/\/blogdobispo.com.br\/\"},{\"@type\":\"ListItem\",\"position\":2,\"name\":\"Oposi\u00e7\u00e3o lan\u00e7a chapa ao governo do RN com \u00c1lvaro e Bab\u00e1, em evento com presen\u00e7a de Fl\u00e1vio Bolsonaro\"}]},{\"@type\":\"WebSite\",\"@id\":\"https:\/\/blogdobispo.com.br\/#website\",\"url\":\"https:\/\/blogdobispo.com.br\/\",\"name\":\"Blog do Bispo\",\"description\":\"Comprometido apenas com o leitor\",\"publisher\":{\"@id\":\"https:\/\/blogdobispo.com.br\/#organization\"},\"potentialAction\":[{\"@type\":\"SearchAction\",\"target\":{\"@type\":\"EntryPoint\",\"urlTemplate\":\"https:\/\/blogdobispo.com.br\/?s={search_term_string}\"},\"query-input\":{\"@type\":\"PropertyValueSpecification\",\"valueRequired\":true,\"valueName\":\"search_term_string\"}}],\"inLanguage\":\"pt-BR\"},{\"@type\":\"Organization\",\"@id\":\"https:\/\/blogdobispo.com.br\/#organization\",\"name\":\"Blog do Bispo\",\"url\":\"https:\/\/blogdobispo.com.br\/\",\"logo\":{\"@type\":\"ImageObject\",\"inLanguage\":\"pt-BR\",\"@id\":\"https:\/\/blogdobispo.com.br\/#\/schema\/logo\/image\/\",\"url\":\"http:\/\/blogdobispo.com.br\/wp-content\/uploads\/2023\/05\/cropped-headear.png\",\"contentUrl\":\"http:\/\/blogdobispo.com.br\/wp-content\/uploads\/2023\/05\/cropped-headear.png\",\"width\":1500,\"height\":399,\"caption\":\"Blog do Bispo\"},\"image\":{\"@id\":\"https:\/\/blogdobispo.com.br\/#\/schema\/logo\/image\/\"}},{\"@type\":\"Person\",\"@id\":\"https:\/\/blogdobispo.com.br\/#\/schema\/person\/e2209cc0e6cea5c5233d033e997b373f\",\"name\":\"Jefferson Sterfeno\",\"image\":{\"@type\":\"ImageObject\",\"inLanguage\":\"pt-BR\",\"@id\":\"https:\/\/blogdobispo.com.br\/#\/schema\/person\/image\/\",\"url\":\"https:\/\/secure.gravatar.com\/avatar\/0534e84764641168a677026b6d57a3f51dc7ac4db0b4f6186d9cb330d4ee1160?s=96&d=mm&r=g\",\"contentUrl\":\"https:\/\/secure.gravatar.com\/avatar\/0534e84764641168a677026b6d57a3f51dc7ac4db0b4f6186d9cb330d4ee1160?s=96&d=mm&r=g\",\"caption\":\"Jefferson Sterfeno\"},\"sameAs\":[\"http:\/\/blogdobispo.com.br\"],\"url\":\"https:\/\/blogdobispo.com.br\/?author=1\"}]}<\/script>\n<!-- \/ Yoast SEO plugin. -->","yoast_head_json":{"title":"Oposi\u00e7\u00e3o lan\u00e7a chapa ao governo do RN com \u00c1lvaro e Bab\u00e1, em evento com presen\u00e7a de Fl\u00e1vio Bolsonaro - Blog do Bispo","robots":{"index":"index","follow":"follow","max-snippet":"max-snippet:-1","max-image-preview":"max-image-preview:large","max-video-preview":"max-video-preview:-1"},"canonical":"https:\/\/blogdobispo.com.br\/?p=19345","og_locale":"pt_BR","og_type":"article","og_title":"Oposi\u00e7\u00e3o lan\u00e7a chapa ao governo do RN com \u00c1lvaro e Bab\u00e1, em evento com presen\u00e7a de Fl\u00e1vio Bolsonaro - Blog do Bispo","og_description":"A oposi\u00e7\u00e3o ao atual governo do Rio Grande do Norte realiza no pr\u00f3ximo dia 21 de mar\u00e7o o lan\u00e7amento da chapa formada pelo ex-prefeito da capital, \u00c1lvaro Dias, como pr\u00e9-candidato ao governo do estado, e pelo presidente da Federa\u00e7\u00e3o dos Munic\u00edpios do RN (Femurn), Bab\u00e1 Pereira, como pr\u00e9-candidato a vice-governador. O evento ser\u00e1 realizado no [&hellip;]","og_url":"https:\/\/blogdobispo.com.br\/?p=19345","og_site_name":"Blog do Bispo","article_published_time":"2026-03-10T17:58:01+00:00","og_image":[{"url":"https:\/\/blogdobispo.com.br\/wp-content\/uploads\/2026\/03\/bf0e1a7e-a191-4839-8353-2a678a223098-1024x1024.jpg","type":"","width":"","height":""}],"author":"Jefferson Sterfeno","twitter_card":"summary_large_image","twitter_misc":{"Escrito por":"Jefferson Sterfeno","Est. tempo de leitura":"1 minuto"},"schema":{"@context":"https:\/\/schema.org","@graph":[{"@type":"Article","@id":"https:\/\/blogdobispo.com.br\/?p=19345#article","isPartOf":{"@id":"https:\/\/blogdobispo.com.br\/?p=19345"},"author":{"name":"Jefferson Sterfeno","@id":"https:\/\/blogdobispo.com.br\/#\/schema\/person\/e2209cc0e6cea5c5233d033e997b373f"},"headline":"Oposi\u00e7\u00e3o lan\u00e7a chapa ao governo do RN com \u00c1lvaro e Bab\u00e1, em evento com presen\u00e7a de Fl\u00e1vio Bolsonaro","datePublished":"2026-03-10T17:58:01+00:00","mainEntityOfPage":{"@id":"https:\/\/blogdobispo.com.br\/?p=19345"},"wordCount":183,"commentCount":0,"publisher":{"@id":"https:\/\/blogdobispo.com.br\/#organization"},"image":{"@id":"https:\/\/blogdobispo.com.br\/?p=19345#primaryimage"},"thumbnailUrl":"https:\/\/i0.wp.com\/blogdobispo.com.br\/wp-content\/uploads\/2026\/03\/bf0e1a7e-a191-4839-8353-2a678a223098-1.jpg?fit=1080%2C1080&ssl=1","articleSection":["diversos"],"inLanguage":"pt-BR","potentialAction":[{"@type":"CommentAction","name":"Comment","target":["https:\/\/blogdobispo.com.br\/?p=19345#respond"]}]},{"@type":"WebPage","@id":"https:\/\/blogdobispo.com.br\/?p=19345","url":"https:\/\/blogdobispo.com.br\/?p=19345","name":"Oposi\u00e7\u00e3o lan\u00e7a chapa ao governo do RN com \u00c1lvaro e Bab\u00e1, em evento com presen\u00e7a de Fl\u00e1vio Bolsonaro - Blog do Bispo","isPartOf":{"@id":"https:\/\/blogdobispo.com.br\/#website"},"primaryImageOfPage":{"@id":"https:\/\/blogdobispo.com.br\/?p=19345#primaryimage"},"image":{"@id":"https:\/\/blogdobispo.com.br\/?p=19345#primaryimage"},"thumbnailUrl":"https:\/\/i0.wp.com\/blogdobispo.com.br\/wp-content\/uploads\/2026\/03\/bf0e1a7e-a191-4839-8353-2a678a223098-1.jpg?fit=1080%2C1080&ssl=1","datePublished":"2026-03-10T17:58:01+00:00","breadcrumb":{"@id":"https:\/\/blogdobispo.com.br\/?p=19345#breadcrumb"},"inLanguage":"pt-BR","potentialAction":[{"@type":"ReadAction","target":["https:\/\/blogdobispo.com.br\/?p=19345"]}]},{"@type":"ImageObject","inLanguage":"pt-BR","@id":"https:\/\/blogdobispo.com.br\/?p=19345#primaryimage","url":"https:\/\/i0.wp.com\/blogdobispo.com.br\/wp-content\/uploads\/2026\/03\/bf0e1a7e-a191-4839-8353-2a678a223098-1.jpg?fit=1080%2C1080&ssl=1","contentUrl":"https:\/\/i0.wp.com\/blogdobispo.com.br\/wp-content\/uploads\/2026\/03\/bf0e1a7e-a191-4839-8353-2a678a223098-1.jpg?fit=1080%2C1080&ssl=1","width":1080,"height":1080},{"@type":"BreadcrumbList","@id":"https:\/\/blogdobispo.com.br\/?p=19345#breadcrumb","itemListElement":[{"@type":"ListItem","position":1,"name":"In\u00edcio","item":"https:\/\/blogdobispo.com.br\/"},{"@type":"ListItem","position":2,"name":"Oposi\u00e7\u00e3o lan\u00e7a chapa ao governo do RN com \u00c1lvaro e Bab\u00e1, em evento com presen\u00e7a de Fl\u00e1vio Bolsonaro"}]},{"@type":"WebSite","@id":"https:\/\/blogdobispo.com.br\/#website","url":"https:\/\/blogdobispo.com.br\/","name":"Blog do Bispo","description":"Comprometido apenas com o leitor","publisher":{"@id":"https:\/\/blogdobispo.com.br\/#organization"},"potentialAction":[{"@type":"SearchAction","target":{"@type":"EntryPoint","urlTemplate":"https:\/\/blogdobispo.com.br\/?s={search_term_string}"},"query-input":{"@type":"PropertyValueSpecification","valueRequired":true,"valueName":"search_term_string"}}],"inLanguage":"pt-BR"},{"@type":"Organization","@id":"https:\/\/blogdobispo.com.br\/#organization","name":"Blog do Bispo","url":"https:\/\/blogdobispo.com.br\/","logo":{"@type":"ImageObject","inLanguage":"pt-BR","@id":"https:\/\/blogdobispo.com.br\/#\/schema\/logo\/image\/","url":"http:\/\/blogdobispo.com.br\/wp-content\/uploads\/2023\/05\/cropped-headear.png","contentUrl":"http:\/\/blogdobispo.com.br\/wp-content\/uploads\/2023\/05\/cropped-headear.png","width":1500,"height":399,"caption":"Blog do Bispo"},"image":{"@id":"https:\/\/blogdobispo.com.br\/#\/schema\/logo\/image\/"}},{"@type":"Person","@id":"https:\/\/blogdobispo.com.br\/#\/schema\/person\/e2209cc0e6cea5c5233d033e997b373f","name":"Jefferson Sterfeno","image":{"@type":"ImageObject","inLanguage":"pt-BR","@id":"https:\/\/blogdobispo.com.br\/#\/schema\/person\/image\/","url":"https:\/\/secure.gravatar.com\/avatar\/0534e84764641168a677026b6d57a3f51dc7ac4db0b4f6186d9cb330d4ee1160?s=96&d=mm&r=g","contentUrl":"https:\/\/secure.gravatar.com\/avatar\/0534e84764641168a677026b6d57a3f51dc7ac4db0b4f6186d9cb330d4ee1160?s=96&d=mm&r=g","caption":"Jefferson Sterfeno"},"sameAs":["http:\/\/blogdobispo.com.br"],"url":"https:\/\/blogdobispo.com.br\/?author=1"}]}},"featured_image_urls":{"full":["https:\/\/i0.wp.com\/blogdobispo.com.br\/wp-content\/uploads\/2026\/03\/bf0e1a7e-a191-4839-8353-2a678a223098-1.jpg?fit=1080%2C1080&ssl=1",1080,1080,false],"thumbnail":["https:\/\/i0.wp.com\/blogdobispo.com.br\/wp-content\/uploads\/2026\/03\/bf0e1a7e-a191-4839-8353-2a678a223098-1.jpg?resize=150%2C150&ssl=1",150,150,true],"medium":["https:\/\/i0.wp.com\/blogdobispo.com.br\/wp-content\/uploads\/2026\/03\/bf0e1a7e-a191-4839-8353-2a678a223098-1.jpg?fit=300%2C300&ssl=1",300,300,true],"medium_large":["https:\/\/i0.wp.com\/blogdobispo.com.br\/wp-content\/uploads\/2026\/03\/bf0e1a7e-a191-4839-8353-2a678a223098-1.jpg?fit=768%2C768&ssl=1",768,768,true],"large":["https:\/\/i0.wp.com\/blogdobispo.com.br\/wp-content\/uploads\/2026\/03\/bf0e1a7e-a191-4839-8353-2a678a223098-1.jpg?fit=800%2C800&ssl=1",800,800,true],"1536x1536":["https:\/\/i0.wp.com\/blogdobispo.com.br\/wp-content\/uploads\/2026\/03\/bf0e1a7e-a191-4839-8353-2a678a223098-1.jpg?fit=1080%2C1080&ssl=1",1080,1080,true],"2048x2048":["https:\/\/i0.wp.com\/blogdobispo.com.br\/wp-content\/uploads\/2026\/03\/bf0e1a7e-a191-4839-8353-2a678a223098-1.jpg?fit=1080%2C1080&ssl=1",1080,1080,true]},"author_info":{"display_name":"Jefferson Sterfeno","author_link":"https:\/\/blogdobispo.com.br\/?author=1"},"category_info":"<a href=\"https:\/\/blogdobispo.com.br\/?cat=1\" rel=\"category\">diversos<\/a>","tag_info":"diversos","comment_count":"0","jetpack_featured_media_url":"https:\/\/i0.wp.com\/blogdobispo.com.br\/wp-content\/uploads\/2026\/03\/bf0e1a7e-a191-4839-8353-2a678a223098-1.jpg?fit=1080%2C1080&ssl=1","jetpack_sharing_enabled":true,"_links":{"self":[{"href":"https:\/\/blogdobispo.com.br\/index.php?rest_route=\/wp\/v2\/posts\/19345","targetHints":{"allow":["GET"]}}],"collection":[{"href":"https:\/\/blogdobispo.com.br\/index.php?rest_route=\/wp\/v2\/posts"}],"about":[{"href":"https:\/\/blogdobispo.com.br\/index.php?rest_route=\/wp\/v2\/types\/post"}],"author":[{"embeddable":true,"href":"https:\/\/blogdobispo.com.br\/index.php?rest_route=\/wp\/v2\/users\/1"}],"replies":[{"embeddable":true,"href":"https:\/\/blogdobispo.com.br\/index.php?rest_route=%2Fwp%2Fv2%2Fcomments&post=19345"}],"version-history":[{"count":0,"href":"https:\/\/blogdobispo.com.br\/index.php?rest_route=\/wp\/v2\/posts\/19345\/revisions"}],"wp:featuredmedia":[{"embeddable":true,"href":"https:\/\/blogdobispo.com.br\/index.php?rest_route=\/wp\/v2\/media\/19344"}],"wp:attachment":[{"href":"https:\/\/blogdobispo.com.br\/index.php?rest_route=%2Fwp%2Fv2%2Fmedia&parent=19345"}],"wp:term":[{"taxonomy":"category","embeddable":true,"href":"https:\/\/blogdobispo.com.br\/index.php?rest_route=%2Fwp%2Fv2%2Fcategories&post=19345"},{"taxonomy":"post_tag","embeddable":true,"href":"https:\/\/blogdobispo.com.br\/index.php?rest_route=%2Fwp%2Fv2%2Ftags&post=19345"}],"curies":[{"name":"wp","href":"https:\/\/api.w.org\/{rel}","templated":true}]}}