{"id":19342,"date":"2026-03-10T17:54:37","date_gmt":"2026-03-10T17:54:37","guid":{"rendered":"https:\/\/blogdobispo.com.br\/?p=19342"},"modified":"2026-03-10T17:54:37","modified_gmt":"2026-03-10T17:54:37","slug":"nina-souza-nao-se-intimida-e-vai-para-a-disputa","status":"publish","type":"post","link":"https:\/\/blogdobispo.com.br\/?p=19342","title":{"rendered":"Nina Souza n\u00e3o se intimida e vai para a disputa"},"content":{"rendered":"\n<figure class=\"wp-block-image size-large\"><img data-recalc-dims=\"1\" fetchpriority=\"high\" decoding=\"async\" width=\"800\" height=\"451\" src=\"https:\/\/i0.wp.com\/blogdobispo.com.br\/wp-content\/uploads\/2026\/03\/img_0328.jpg?resize=800%2C451&#038;ssl=1\" class=\"wp-image-19340\" srcset=\"https:\/\/i0.wp.com\/blogdobispo.com.br\/wp-content\/uploads\/2026\/03\/img_0328.jpg?w=930&amp;ssl=1 930w, https:\/\/i0.wp.com\/blogdobispo.com.br\/wp-content\/uploads\/2026\/03\/img_0328.jpg?resize=300%2C169&amp;ssl=1 300w, https:\/\/i0.wp.com\/blogdobispo.com.br\/wp-content\/uploads\/2026\/03\/img_0328.jpg?resize=768%2C433&amp;ssl=1 768w\" sizes=\"(max-width: 800px) 100vw, 800px\" \/><\/figure>\n\n\n\n<p class=\"p1\">Nos bastidores da pol\u00edtica potiguar, a secret\u00e1ria de Assist\u00eancia Social de Natal <a href=\"chatgpt:\/\/generic-entity?number=0\">Nina Souza<\/a> tem deixado claro que n\u00e3o pretende recuar diante das dificuldades para viabilizar sua candidatura a deputada federal.<\/p>\n\n\n\n<p class=\"p1\">Mesmo com a negativa do presidente estadual do <a href=\"chatgpt:\/\/generic-entity?number=1\">Uni\u00e3o Brasil<\/a>, o ex-senador <a href=\"chatgpt:\/\/generic-entity?number=2\">Jos\u00e9 Agripino Maia<\/a>, em conceder a ficha de desfilia\u00e7\u00e3o, Nina mant\u00e9m o discurso firme: vai disputar a elei\u00e7\u00e3o e pretende estar na chapa do <a href=\"chatgpt:\/\/generic-entity?number=3\">Partido Liberal<\/a>.<\/p>\n\n\n\n<p class=\"p1\">Quem acompanha a trajet\u00f3ria da parlamentar diz que esse posicionamento n\u00e3o surpreende. Nina construiu sua imagem na pol\u00edtica como uma mulher combativa, de enfrentamento, que n\u00e3o costuma recuar diante de press\u00f5es. Nos corredores da C\u00e2mara e nos bastidores partid\u00e1rios, a leitura \u00e9 de que ela entrou na disputa com esp\u00edrito de luta.<\/p>\n\n\n\n<p class=\"p1\">Aliados afirmam que Nina \u00e9 do tipo que n\u00e3o se intimida com press\u00e3o pol\u00edtica, cara feia ou tentativas de isolamento. Para eles, a vereadora tem perfil de guerreira: destemida, direta e disposta a enfrentar qualquer embate para defender seu projeto pol\u00edtico.<\/p>\n\n\n\n<p class=\"p1\">A movimenta\u00e7\u00e3o tamb\u00e9m coloca mais temperatura no xadrez eleitoral do estado. Caso a parlamentar confirme sua ida para o PL, o cen\u00e1rio para a disputa de deputado federal no Rio Grande do Norte pode ganhar novos contornos e abrir espa\u00e7o para rearranjos entre grupos pol\u00edticos.<\/p>\n\n\n\n<p class=\"p1\">Uma coisa, por\u00e9m, parece clara nos bastidores: Nina Souza j\u00e1 deixou o recado. Vai para a disputa \u2014 e n\u00e3o pretende pedir licen\u00e7a para isso.<\/p>\n","protected":false},"excerpt":{"rendered":"<p>Nos bastidores da pol\u00edtica potiguar, a secret\u00e1ria de Assist\u00eancia Social de Natal Nina Souza tem deixado claro que n\u00e3o pretende recuar diante das dificuldades para viabilizar sua candidatura a deputada federal. Mesmo com a negativa do presidente estadual do Uni\u00e3o Brasil, o ex-senador Jos\u00e9 Agripino Maia, em conceder a ficha de desfilia\u00e7\u00e3o, Nina mant\u00e9m o [&hellip;]<\/p>\n","protected":false},"author":1,"featured_media":19341,"comment_status":"open","ping_status":"open","sticky":false,"template":"","format":"standard","meta":{"cybocfi_hide_featured_image":"","_jetpack_memberships_contains_paid_content":false,"footnotes":""},"categories":[1],"tags":[],"class_list":["post-19342","post","type-post","status-publish","format-standard","has-post-thumbnail","hentry","category-diversos"],"yoast_head":"<!-- This site is optimized with the Yoast SEO plugin v25.6 - https:\/\/yoast.com\/wordpress\/plugins\/seo\/ -->\n<title>Nina Souza n\u00e3o se intimida e vai para a disputa - Blog do Bispo<\/title>\n<meta name=\"robots\" content=\"index, follow, max-snippet:-1, max-image-preview:large, max-video-preview:-1\" \/>\n<link rel=\"canonical\" href=\"https:\/\/blogdobispo.com.br\/?p=19342\" \/>\n<meta property=\"og:locale\" content=\"pt_BR\" \/>\n<meta property=\"og:type\" content=\"article\" \/>\n<meta property=\"og:title\" content=\"Nina Souza n\u00e3o se intimida e vai para a disputa - Blog do Bispo\" \/>\n<meta property=\"og:description\" content=\"Nos bastidores da pol\u00edtica potiguar, a secret\u00e1ria de Assist\u00eancia Social de Natal Nina Souza tem deixado claro que n\u00e3o pretende recuar diante das dificuldades para viabilizar sua candidatura a deputada federal. Mesmo com a negativa do presidente estadual do Uni\u00e3o Brasil, o ex-senador Jos\u00e9 Agripino Maia, em conceder a ficha de desfilia\u00e7\u00e3o, Nina mant\u00e9m o [&hellip;]\" \/>\n<meta property=\"og:url\" content=\"https:\/\/blogdobispo.com.br\/?p=19342\" \/>\n<meta property=\"og:site_name\" content=\"Blog do Bispo\" \/>\n<meta property=\"article:published_time\" content=\"2026-03-10T17:54:37+00:00\" \/>\n<meta property=\"og:image\" content=\"https:\/\/blogdobispo.com.br\/wp-content\/uploads\/2026\/03\/img_0328.jpg\" \/>\n<meta name=\"author\" content=\"Jefferson Sterfeno\" \/>\n<meta name=\"twitter:card\" content=\"summary_large_image\" \/>\n<meta name=\"twitter:label1\" content=\"Escrito por\" \/>\n\t<meta name=\"twitter:data1\" content=\"Jefferson Sterfeno\" \/>\n\t<meta name=\"twitter:label2\" content=\"Est. tempo de leitura\" \/>\n\t<meta name=\"twitter:data2\" content=\"1 minuto\" \/>\n<script type=\"application\/ld+json\" class=\"yoast-schema-graph\">{\"@context\":\"https:\/\/schema.org\",\"@graph\":[{\"@type\":\"Article\",\"@id\":\"https:\/\/blogdobispo.com.br\/?p=19342#article\",\"isPartOf\":{\"@id\":\"https:\/\/blogdobispo.com.br\/?p=19342\"},\"author\":{\"name\":\"Jefferson Sterfeno\",\"@id\":\"https:\/\/blogdobispo.com.br\/#\/schema\/person\/e2209cc0e6cea5c5233d033e997b373f\"},\"headline\":\"Nina Souza n\u00e3o se intimida e vai para a disputa\",\"datePublished\":\"2026-03-10T17:54:37+00:00\",\"mainEntityOfPage\":{\"@id\":\"https:\/\/blogdobispo.com.br\/?p=19342\"},\"wordCount\":268,\"commentCount\":0,\"publisher\":{\"@id\":\"https:\/\/blogdobispo.com.br\/#organization\"},\"image\":{\"@id\":\"https:\/\/blogdobispo.com.br\/?p=19342#primaryimage\"},\"thumbnailUrl\":\"https:\/\/i0.wp.com\/blogdobispo.com.br\/wp-content\/uploads\/2026\/03\/img_0328-1.jpg?fit=930%2C524&ssl=1\",\"articleSection\":[\"diversos\"],\"inLanguage\":\"pt-BR\",\"potentialAction\":[{\"@type\":\"CommentAction\",\"name\":\"Comment\",\"target\":[\"https:\/\/blogdobispo.com.br\/?p=19342#respond\"]}]},{\"@type\":\"WebPage\",\"@id\":\"https:\/\/blogdobispo.com.br\/?p=19342\",\"url\":\"https:\/\/blogdobispo.com.br\/?p=19342\",\"name\":\"Nina Souza n\u00e3o se intimida e vai para a disputa - Blog do Bispo\",\"isPartOf\":{\"@id\":\"https:\/\/blogdobispo.com.br\/#website\"},\"primaryImageOfPage\":{\"@id\":\"https:\/\/blogdobispo.com.br\/?p=19342#primaryimage\"},\"image\":{\"@id\":\"https:\/\/blogdobispo.com.br\/?p=19342#primaryimage\"},\"thumbnailUrl\":\"https:\/\/i0.wp.com\/blogdobispo.com.br\/wp-content\/uploads\/2026\/03\/img_0328-1.jpg?fit=930%2C524&ssl=1\",\"datePublished\":\"2026-03-10T17:54:37+00:00\",\"breadcrumb\":{\"@id\":\"https:\/\/blogdobispo.com.br\/?p=19342#breadcrumb\"},\"inLanguage\":\"pt-BR\",\"potentialAction\":[{\"@type\":\"ReadAction\",\"target\":[\"https:\/\/blogdobispo.com.br\/?p=19342\"]}]},{\"@type\":\"ImageObject\",\"inLanguage\":\"pt-BR\",\"@id\":\"https:\/\/blogdobispo.com.br\/?p=19342#primaryimage\",\"url\":\"https:\/\/i0.wp.com\/blogdobispo.com.br\/wp-content\/uploads\/2026\/03\/img_0328-1.jpg?fit=930%2C524&ssl=1\",\"contentUrl\":\"https:\/\/i0.wp.com\/blogdobispo.com.br\/wp-content\/uploads\/2026\/03\/img_0328-1.jpg?fit=930%2C524&ssl=1\",\"width\":930,\"height\":524},{\"@type\":\"BreadcrumbList\",\"@id\":\"https:\/\/blogdobispo.com.br\/?p=19342#breadcrumb\",\"itemListElement\":[{\"@type\":\"ListItem\",\"position\":1,\"name\":\"In\u00edcio\",\"item\":\"https:\/\/blogdobispo.com.br\/\"},{\"@type\":\"ListItem\",\"position\":2,\"name\":\"Nina Souza n\u00e3o se intimida e vai para a disputa\"}]},{\"@type\":\"WebSite\",\"@id\":\"https:\/\/blogdobispo.com.br\/#website\",\"url\":\"https:\/\/blogdobispo.com.br\/\",\"name\":\"Blog do Bispo\",\"description\":\"Comprometido apenas com o leitor\",\"publisher\":{\"@id\":\"https:\/\/blogdobispo.com.br\/#organization\"},\"potentialAction\":[{\"@type\":\"SearchAction\",\"target\":{\"@type\":\"EntryPoint\",\"urlTemplate\":\"https:\/\/blogdobispo.com.br\/?s={search_term_string}\"},\"query-input\":{\"@type\":\"PropertyValueSpecification\",\"valueRequired\":true,\"valueName\":\"search_term_string\"}}],\"inLanguage\":\"pt-BR\"},{\"@type\":\"Organization\",\"@id\":\"https:\/\/blogdobispo.com.br\/#organization\",\"name\":\"Blog do Bispo\",\"url\":\"https:\/\/blogdobispo.com.br\/\",\"logo\":{\"@type\":\"ImageObject\",\"inLanguage\":\"pt-BR\",\"@id\":\"https:\/\/blogdobispo.com.br\/#\/schema\/logo\/image\/\",\"url\":\"http:\/\/blogdobispo.com.br\/wp-content\/uploads\/2023\/05\/cropped-headear.png\",\"contentUrl\":\"http:\/\/blogdobispo.com.br\/wp-content\/uploads\/2023\/05\/cropped-headear.png\",\"width\":1500,\"height\":399,\"caption\":\"Blog do Bispo\"},\"image\":{\"@id\":\"https:\/\/blogdobispo.com.br\/#\/schema\/logo\/image\/\"}},{\"@type\":\"Person\",\"@id\":\"https:\/\/blogdobispo.com.br\/#\/schema\/person\/e2209cc0e6cea5c5233d033e997b373f\",\"name\":\"Jefferson Sterfeno\",\"image\":{\"@type\":\"ImageObject\",\"inLanguage\":\"pt-BR\",\"@id\":\"https:\/\/blogdobispo.com.br\/#\/schema\/person\/image\/\",\"url\":\"https:\/\/secure.gravatar.com\/avatar\/0534e84764641168a677026b6d57a3f51dc7ac4db0b4f6186d9cb330d4ee1160?s=96&d=mm&r=g\",\"contentUrl\":\"https:\/\/secure.gravatar.com\/avatar\/0534e84764641168a677026b6d57a3f51dc7ac4db0b4f6186d9cb330d4ee1160?s=96&d=mm&r=g\",\"caption\":\"Jefferson Sterfeno\"},\"sameAs\":[\"http:\/\/blogdobispo.com.br\"],\"url\":\"https:\/\/blogdobispo.com.br\/?author=1\"}]}<\/script>\n<!-- \/ Yoast SEO plugin. -->","yoast_head_json":{"title":"Nina Souza n\u00e3o se intimida e vai para a disputa - Blog do Bispo","robots":{"index":"index","follow":"follow","max-snippet":"max-snippet:-1","max-image-preview":"max-image-preview:large","max-video-preview":"max-video-preview:-1"},"canonical":"https:\/\/blogdobispo.com.br\/?p=19342","og_locale":"pt_BR","og_type":"article","og_title":"Nina Souza n\u00e3o se intimida e vai para a disputa - Blog do Bispo","og_description":"Nos bastidores da pol\u00edtica potiguar, a secret\u00e1ria de Assist\u00eancia Social de Natal Nina Souza tem deixado claro que n\u00e3o pretende recuar diante das dificuldades para viabilizar sua candidatura a deputada federal. Mesmo com a negativa do presidente estadual do Uni\u00e3o Brasil, o ex-senador Jos\u00e9 Agripino Maia, em conceder a ficha de desfilia\u00e7\u00e3o, Nina mant\u00e9m o [&hellip;]","og_url":"https:\/\/blogdobispo.com.br\/?p=19342","og_site_name":"Blog do Bispo","article_published_time":"2026-03-10T17:54:37+00:00","og_image":[{"url":"https:\/\/blogdobispo.com.br\/wp-content\/uploads\/2026\/03\/img_0328.jpg","type":"","width":"","height":""}],"author":"Jefferson Sterfeno","twitter_card":"summary_large_image","twitter_misc":{"Escrito por":"Jefferson Sterfeno","Est. tempo de leitura":"1 minuto"},"schema":{"@context":"https:\/\/schema.org","@graph":[{"@type":"Article","@id":"https:\/\/blogdobispo.com.br\/?p=19342#article","isPartOf":{"@id":"https:\/\/blogdobispo.com.br\/?p=19342"},"author":{"name":"Jefferson Sterfeno","@id":"https:\/\/blogdobispo.com.br\/#\/schema\/person\/e2209cc0e6cea5c5233d033e997b373f"},"headline":"Nina Souza n\u00e3o se intimida e vai para a disputa","datePublished":"2026-03-10T17:54:37+00:00","mainEntityOfPage":{"@id":"https:\/\/blogdobispo.com.br\/?p=19342"},"wordCount":268,"commentCount":0,"publisher":{"@id":"https:\/\/blogdobispo.com.br\/#organization"},"image":{"@id":"https:\/\/blogdobispo.com.br\/?p=19342#primaryimage"},"thumbnailUrl":"https:\/\/i0.wp.com\/blogdobispo.com.br\/wp-content\/uploads\/2026\/03\/img_0328-1.jpg?fit=930%2C524&ssl=1","articleSection":["diversos"],"inLanguage":"pt-BR","potentialAction":[{"@type":"CommentAction","name":"Comment","target":["https:\/\/blogdobispo.com.br\/?p=19342#respond"]}]},{"@type":"WebPage","@id":"https:\/\/blogdobispo.com.br\/?p=19342","url":"https:\/\/blogdobispo.com.br\/?p=19342","name":"Nina Souza n\u00e3o se intimida e vai para a disputa - Blog do Bispo","isPartOf":{"@id":"https:\/\/blogdobispo.com.br\/#website"},"primaryImageOfPage":{"@id":"https:\/\/blogdobispo.com.br\/?p=19342#primaryimage"},"image":{"@id":"https:\/\/blogdobispo.com.br\/?p=19342#primaryimage"},"thumbnailUrl":"https:\/\/i0.wp.com\/blogdobispo.com.br\/wp-content\/uploads\/2026\/03\/img_0328-1.jpg?fit=930%2C524&ssl=1","datePublished":"2026-03-10T17:54:37+00:00","breadcrumb":{"@id":"https:\/\/blogdobispo.com.br\/?p=19342#breadcrumb"},"inLanguage":"pt-BR","potentialAction":[{"@type":"ReadAction","target":["https:\/\/blogdobispo.com.br\/?p=19342"]}]},{"@type":"ImageObject","inLanguage":"pt-BR","@id":"https:\/\/blogdobispo.com.br\/?p=19342#primaryimage","url":"https:\/\/i0.wp.com\/blogdobispo.com.br\/wp-content\/uploads\/2026\/03\/img_0328-1.jpg?fit=930%2C524&ssl=1","contentUrl":"https:\/\/i0.wp.com\/blogdobispo.com.br\/wp-content\/uploads\/2026\/03\/img_0328-1.jpg?fit=930%2C524&ssl=1","width":930,"height":524},{"@type":"BreadcrumbList","@id":"https:\/\/blogdobispo.com.br\/?p=19342#breadcrumb","itemListElement":[{"@type":"ListItem","position":1,"name":"In\u00edcio","item":"https:\/\/blogdobispo.com.br\/"},{"@type":"ListItem","position":2,"name":"Nina Souza n\u00e3o se intimida e vai para a disputa"}]},{"@type":"WebSite","@id":"https:\/\/blogdobispo.com.br\/#website","url":"https:\/\/blogdobispo.com.br\/","name":"Blog do Bispo","description":"Comprometido apenas com o leitor","publisher":{"@id":"https:\/\/blogdobispo.com.br\/#organization"},"potentialAction":[{"@type":"SearchAction","target":{"@type":"EntryPoint","urlTemplate":"https:\/\/blogdobispo.com.br\/?s={search_term_string}"},"query-input":{"@type":"PropertyValueSpecification","valueRequired":true,"valueName":"search_term_string"}}],"inLanguage":"pt-BR"},{"@type":"Organization","@id":"https:\/\/blogdobispo.com.br\/#organization","name":"Blog do Bispo","url":"https:\/\/blogdobispo.com.br\/","logo":{"@type":"ImageObject","inLanguage":"pt-BR","@id":"https:\/\/blogdobispo.com.br\/#\/schema\/logo\/image\/","url":"http:\/\/blogdobispo.com.br\/wp-content\/uploads\/2023\/05\/cropped-headear.png","contentUrl":"http:\/\/blogdobispo.com.br\/wp-content\/uploads\/2023\/05\/cropped-headear.png","width":1500,"height":399,"caption":"Blog do Bispo"},"image":{"@id":"https:\/\/blogdobispo.com.br\/#\/schema\/logo\/image\/"}},{"@type":"Person","@id":"https:\/\/blogdobispo.com.br\/#\/schema\/person\/e2209cc0e6cea5c5233d033e997b373f","name":"Jefferson Sterfeno","image":{"@type":"ImageObject","inLanguage":"pt-BR","@id":"https:\/\/blogdobispo.com.br\/#\/schema\/person\/image\/","url":"https:\/\/secure.gravatar.com\/avatar\/0534e84764641168a677026b6d57a3f51dc7ac4db0b4f6186d9cb330d4ee1160?s=96&d=mm&r=g","contentUrl":"https:\/\/secure.gravatar.com\/avatar\/0534e84764641168a677026b6d57a3f51dc7ac4db0b4f6186d9cb330d4ee1160?s=96&d=mm&r=g","caption":"Jefferson Sterfeno"},"sameAs":["http:\/\/blogdobispo.com.br"],"url":"https:\/\/blogdobispo.com.br\/?author=1"}]}},"featured_image_urls":{"full":["https:\/\/i0.wp.com\/blogdobispo.com.br\/wp-content\/uploads\/2026\/03\/img_0328-1.jpg?fit=930%2C524&ssl=1",930,524,false],"thumbnail":["https:\/\/i0.wp.com\/blogdobispo.com.br\/wp-content\/uploads\/2026\/03\/img_0328-1.jpg?resize=150%2C150&ssl=1",150,150,true],"medium":["https:\/\/i0.wp.com\/blogdobispo.com.br\/wp-content\/uploads\/2026\/03\/img_0328-1.jpg?fit=300%2C169&ssl=1",300,169,true],"medium_large":["https:\/\/i0.wp.com\/blogdobispo.com.br\/wp-content\/uploads\/2026\/03\/img_0328-1.jpg?fit=768%2C433&ssl=1",768,433,true],"large":["https:\/\/i0.wp.com\/blogdobispo.com.br\/wp-content\/uploads\/2026\/03\/img_0328-1.jpg?fit=800%2C451&ssl=1",800,451,true],"1536x1536":["https:\/\/i0.wp.com\/blogdobispo.com.br\/wp-content\/uploads\/2026\/03\/img_0328-1.jpg?fit=930%2C524&ssl=1",930,524,true],"2048x2048":["https:\/\/i0.wp.com\/blogdobispo.com.br\/wp-content\/uploads\/2026\/03\/img_0328-1.jpg?fit=930%2C524&ssl=1",930,524,true]},"author_info":{"display_name":"Jefferson Sterfeno","author_link":"https:\/\/blogdobispo.com.br\/?author=1"},"category_info":"<a href=\"https:\/\/blogdobispo.com.br\/?cat=1\" rel=\"category\">diversos<\/a>","tag_info":"diversos","comment_count":"0","jetpack_featured_media_url":"https:\/\/i0.wp.com\/blogdobispo.com.br\/wp-content\/uploads\/2026\/03\/img_0328-1.jpg?fit=930%2C524&ssl=1","jetpack_sharing_enabled":true,"_links":{"self":[{"href":"https:\/\/blogdobispo.com.br\/index.php?rest_route=\/wp\/v2\/posts\/19342","targetHints":{"allow":["GET"]}}],"collection":[{"href":"https:\/\/blogdobispo.com.br\/index.php?rest_route=\/wp\/v2\/posts"}],"about":[{"href":"https:\/\/blogdobispo.com.br\/index.php?rest_route=\/wp\/v2\/types\/post"}],"author":[{"embeddable":true,"href":"https:\/\/blogdobispo.com.br\/index.php?rest_route=\/wp\/v2\/users\/1"}],"replies":[{"embeddable":true,"href":"https:\/\/blogdobispo.com.br\/index.php?rest_route=%2Fwp%2Fv2%2Fcomments&post=19342"}],"version-history":[{"count":0,"href":"https:\/\/blogdobispo.com.br\/index.php?rest_route=\/wp\/v2\/posts\/19342\/revisions"}],"wp:featuredmedia":[{"embeddable":true,"href":"https:\/\/blogdobispo.com.br\/index.php?rest_route=\/wp\/v2\/media\/19341"}],"wp:attachment":[{"href":"https:\/\/blogdobispo.com.br\/index.php?rest_route=%2Fwp%2Fv2%2Fmedia&parent=19342"}],"wp:term":[{"taxonomy":"category","embeddable":true,"href":"https:\/\/blogdobispo.com.br\/index.php?rest_route=%2Fwp%2Fv2%2Fcategories&post=19342"},{"taxonomy":"post_tag","embeddable":true,"href":"https:\/\/blogdobispo.com.br\/index.php?rest_route=%2Fwp%2Fv2%2Ftags&post=19342"}],"curies":[{"name":"wp","href":"https:\/\/api.w.org\/{rel}","templated":true}]}}