{"id":19337,"date":"2026-03-10T15:08:39","date_gmt":"2026-03-10T15:08:39","guid":{"rendered":"https:\/\/blogdobispo.com.br\/?p=19337"},"modified":"2026-03-10T15:08:39","modified_gmt":"2026-03-10T15:08:39","slug":"blogueiro-e-radialista-alexsandro-passarinho-assume-a-direcao-da-bonita-fm-87-9-em-sao-jose-do-serido","status":"publish","type":"post","link":"https:\/\/blogdobispo.com.br\/?p=19337","title":{"rendered":"BLOGUEIRO E RADIALISTA ALEXSANDRO PASSARINHO ASSUME A DIRE\u00c7\u00c3O DA BONITA FM 87.9 EM S\u00c3O JOS\u00c9 DO SERID\u00d3"},"content":{"rendered":"<p><img data-recalc-dims=\"1\" fetchpriority=\"high\" decoding=\"async\" class=\"alignnone size-medium wp-image-19338\" src=\"https:\/\/i0.wp.com\/blogdobispo.com.br\/wp-content\/uploads\/2026\/03\/WhatsApp-Image-2026-03-09-at-13.41.18.jpeg?resize=200%2C300\" alt=\"\" width=\"200\" height=\"300\" srcset=\"https:\/\/i0.wp.com\/blogdobispo.com.br\/wp-content\/uploads\/2026\/03\/WhatsApp-Image-2026-03-09-at-13.41.18.jpeg?resize=200%2C300&amp;ssl=1 200w, https:\/\/i0.wp.com\/blogdobispo.com.br\/wp-content\/uploads\/2026\/03\/WhatsApp-Image-2026-03-09-at-13.41.18.jpeg?resize=682%2C1024&amp;ssl=1 682w, https:\/\/i0.wp.com\/blogdobispo.com.br\/wp-content\/uploads\/2026\/03\/WhatsApp-Image-2026-03-09-at-13.41.18.jpeg?resize=768%2C1152&amp;ssl=1 768w, https:\/\/i0.wp.com\/blogdobispo.com.br\/wp-content\/uploads\/2026\/03\/WhatsApp-Image-2026-03-09-at-13.41.18.jpeg?w=853&amp;ssl=1 853w\" sizes=\"(max-width: 200px) 100vw, 200px\" \/>O blogueiro e radialista Alexsandro Passarinho assumiu a dire\u00e7\u00e3o da Bonita FM 87.9, emissora comunit\u00e1ria de S\u00e3o Jos\u00e9 do Serid\u00f3, marcando um novo momento para a comunica\u00e7\u00e3o no munic\u00edpio e em toda a regi\u00e3o do Serid\u00f3.<\/p>\n<p>Bastante conhecido no estado do Rio Grande do Norte e especialmente na regi\u00e3o seridoense, Passarinho \u00e9 propriet\u00e1rio do Blog do P\u00e1ssaro, espa\u00e7o de informa\u00e7\u00e3o que h\u00e1 9 anos atua na cobertura de not\u00edcias pol\u00edticas, sociais e do cotidiano da regi\u00e3o.<\/p>\n<p>Agora \u00e0 frente da Bonita FM, Alexsandro Passarinho assume o desafio de fortalecer e ampliar o alcance da emissora. Entre as metas da nova gest\u00e3o est\u00e3o a amplia\u00e7\u00e3o das condi\u00e7\u00f5es de divulga\u00e7\u00e3o da r\u00e1dio, a cria\u00e7\u00e3o de novas programa\u00e7\u00f5es e a moderniza\u00e7\u00e3o da comunica\u00e7\u00e3o da emissora.<\/p>\n<p>Outro projeto importante \u00e9 a transforma\u00e7\u00e3o da Bonita FM em um modelo de r\u00e1dio TV, com transmiss\u00f5es dos programas tamb\u00e9m em plataformas digitais. A ideia \u00e9 levar os conte\u00fados ao p\u00fablico por meio de lives e transmiss\u00f5es simult\u00e2neas no Instagram, Facebook e no aplicativo R\u00e1dios Net, ampliando ainda mais o alcance da emissora.<\/p>\n<p>A chegada de Passarinho \u00e0 dire\u00e7\u00e3o representa um novo ciclo para a Bonita FM 87.9, com foco em inova\u00e7\u00e3o, informa\u00e7\u00e3o e maior intera\u00e7\u00e3o com os ouvintes e internautas da regi\u00e3o do Serid\u00f3.<\/p>\n","protected":false},"excerpt":{"rendered":"<p>O blogueiro e radialista Alexsandro Passarinho assumiu a dire\u00e7\u00e3o da Bonita FM 87.9, emissora comunit\u00e1ria de S\u00e3o Jos\u00e9 do Serid\u00f3, marcando um novo momento para a comunica\u00e7\u00e3o no munic\u00edpio e em toda a regi\u00e3o do Serid\u00f3. Bastante conhecido no estado do Rio Grande do Norte e especialmente na regi\u00e3o seridoense, Passarinho \u00e9 propriet\u00e1rio do Blog [&hellip;]<\/p>\n","protected":false},"author":1,"featured_media":19338,"comment_status":"open","ping_status":"open","sticky":false,"template":"","format":"standard","meta":{"cybocfi_hide_featured_image":"","_jetpack_memberships_contains_paid_content":false,"footnotes":""},"categories":[1],"tags":[],"class_list":["post-19337","post","type-post","status-publish","format-standard","has-post-thumbnail","hentry","category-diversos"],"yoast_head":"<!-- This site is optimized with the Yoast SEO plugin v25.6 - https:\/\/yoast.com\/wordpress\/plugins\/seo\/ -->\n<title>BLOGUEIRO E RADIALISTA ALEXSANDRO PASSARINHO ASSUME A DIRE\u00c7\u00c3O DA BONITA FM 87.9 EM S\u00c3O JOS\u00c9 DO SERID\u00d3 - Blog do Bispo<\/title>\n<meta name=\"robots\" content=\"index, follow, max-snippet:-1, max-image-preview:large, max-video-preview:-1\" \/>\n<link rel=\"canonical\" href=\"https:\/\/blogdobispo.com.br\/?p=19337\" \/>\n<meta property=\"og:locale\" content=\"pt_BR\" \/>\n<meta property=\"og:type\" content=\"article\" \/>\n<meta property=\"og:title\" content=\"BLOGUEIRO E RADIALISTA ALEXSANDRO PASSARINHO ASSUME A DIRE\u00c7\u00c3O DA BONITA FM 87.9 EM S\u00c3O JOS\u00c9 DO SERID\u00d3 - Blog do Bispo\" \/>\n<meta property=\"og:description\" content=\"O blogueiro e radialista Alexsandro Passarinho assumiu a dire\u00e7\u00e3o da Bonita FM 87.9, emissora comunit\u00e1ria de S\u00e3o Jos\u00e9 do Serid\u00f3, marcando um novo momento para a comunica\u00e7\u00e3o no munic\u00edpio e em toda a regi\u00e3o do Serid\u00f3. Bastante conhecido no estado do Rio Grande do Norte e especialmente na regi\u00e3o seridoense, Passarinho \u00e9 propriet\u00e1rio do Blog [&hellip;]\" \/>\n<meta property=\"og:url\" content=\"https:\/\/blogdobispo.com.br\/?p=19337\" \/>\n<meta property=\"og:site_name\" content=\"Blog do Bispo\" \/>\n<meta property=\"article:published_time\" content=\"2026-03-10T15:08:39+00:00\" \/>\n<meta property=\"og:image\" content=\"http:\/\/blogdobispo.com.br\/wp-content\/uploads\/2026\/03\/WhatsApp-Image-2026-03-09-at-13.41.18.jpeg\" \/>\n\t<meta property=\"og:image:width\" content=\"853\" \/>\n\t<meta property=\"og:image:height\" content=\"1280\" \/>\n\t<meta property=\"og:image:type\" content=\"image\/jpeg\" \/>\n<meta name=\"author\" content=\"Jefferson Sterfeno\" \/>\n<meta name=\"twitter:card\" content=\"summary_large_image\" \/>\n<meta name=\"twitter:label1\" content=\"Escrito por\" \/>\n\t<meta name=\"twitter:data1\" content=\"Jefferson Sterfeno\" \/>\n\t<meta name=\"twitter:label2\" content=\"Est. tempo de leitura\" \/>\n\t<meta name=\"twitter:data2\" content=\"2 minutos\" \/>\n<script type=\"application\/ld+json\" class=\"yoast-schema-graph\">{\"@context\":\"https:\/\/schema.org\",\"@graph\":[{\"@type\":\"Article\",\"@id\":\"https:\/\/blogdobispo.com.br\/?p=19337#article\",\"isPartOf\":{\"@id\":\"https:\/\/blogdobispo.com.br\/?p=19337\"},\"author\":{\"name\":\"Jefferson Sterfeno\",\"@id\":\"https:\/\/blogdobispo.com.br\/#\/schema\/person\/e2209cc0e6cea5c5233d033e997b373f\"},\"headline\":\"BLOGUEIRO E RADIALISTA ALEXSANDRO PASSARINHO ASSUME A DIRE\u00c7\u00c3O DA BONITA FM 87.9 EM S\u00c3O JOS\u00c9 DO SERID\u00d3\",\"datePublished\":\"2026-03-10T15:08:39+00:00\",\"mainEntityOfPage\":{\"@id\":\"https:\/\/blogdobispo.com.br\/?p=19337\"},\"wordCount\":255,\"commentCount\":0,\"publisher\":{\"@id\":\"https:\/\/blogdobispo.com.br\/#organization\"},\"image\":{\"@id\":\"https:\/\/blogdobispo.com.br\/?p=19337#primaryimage\"},\"thumbnailUrl\":\"https:\/\/i0.wp.com\/blogdobispo.com.br\/wp-content\/uploads\/2026\/03\/WhatsApp-Image-2026-03-09-at-13.41.18.jpeg?fit=853%2C1280&ssl=1\",\"articleSection\":[\"diversos\"],\"inLanguage\":\"pt-BR\",\"potentialAction\":[{\"@type\":\"CommentAction\",\"name\":\"Comment\",\"target\":[\"https:\/\/blogdobispo.com.br\/?p=19337#respond\"]}]},{\"@type\":\"WebPage\",\"@id\":\"https:\/\/blogdobispo.com.br\/?p=19337\",\"url\":\"https:\/\/blogdobispo.com.br\/?p=19337\",\"name\":\"BLOGUEIRO E RADIALISTA ALEXSANDRO PASSARINHO ASSUME A DIRE\u00c7\u00c3O DA BONITA FM 87.9 EM S\u00c3O JOS\u00c9 DO SERID\u00d3 - Blog do Bispo\",\"isPartOf\":{\"@id\":\"https:\/\/blogdobispo.com.br\/#website\"},\"primaryImageOfPage\":{\"@id\":\"https:\/\/blogdobispo.com.br\/?p=19337#primaryimage\"},\"image\":{\"@id\":\"https:\/\/blogdobispo.com.br\/?p=19337#primaryimage\"},\"thumbnailUrl\":\"https:\/\/i0.wp.com\/blogdobispo.com.br\/wp-content\/uploads\/2026\/03\/WhatsApp-Image-2026-03-09-at-13.41.18.jpeg?fit=853%2C1280&ssl=1\",\"datePublished\":\"2026-03-10T15:08:39+00:00\",\"breadcrumb\":{\"@id\":\"https:\/\/blogdobispo.com.br\/?p=19337#breadcrumb\"},\"inLanguage\":\"pt-BR\",\"potentialAction\":[{\"@type\":\"ReadAction\",\"target\":[\"https:\/\/blogdobispo.com.br\/?p=19337\"]}]},{\"@type\":\"ImageObject\",\"inLanguage\":\"pt-BR\",\"@id\":\"https:\/\/blogdobispo.com.br\/?p=19337#primaryimage\",\"url\":\"https:\/\/i0.wp.com\/blogdobispo.com.br\/wp-content\/uploads\/2026\/03\/WhatsApp-Image-2026-03-09-at-13.41.18.jpeg?fit=853%2C1280&ssl=1\",\"contentUrl\":\"https:\/\/i0.wp.com\/blogdobispo.com.br\/wp-content\/uploads\/2026\/03\/WhatsApp-Image-2026-03-09-at-13.41.18.jpeg?fit=853%2C1280&ssl=1\",\"width\":853,\"height\":1280},{\"@type\":\"BreadcrumbList\",\"@id\":\"https:\/\/blogdobispo.com.br\/?p=19337#breadcrumb\",\"itemListElement\":[{\"@type\":\"ListItem\",\"position\":1,\"name\":\"In\u00edcio\",\"item\":\"https:\/\/blogdobispo.com.br\/\"},{\"@type\":\"ListItem\",\"position\":2,\"name\":\"BLOGUEIRO E RADIALISTA ALEXSANDRO PASSARINHO ASSUME A DIRE\u00c7\u00c3O DA BONITA FM 87.9 EM S\u00c3O JOS\u00c9 DO SERID\u00d3\"}]},{\"@type\":\"WebSite\",\"@id\":\"https:\/\/blogdobispo.com.br\/#website\",\"url\":\"https:\/\/blogdobispo.com.br\/\",\"name\":\"Blog do Bispo\",\"description\":\"Comprometido apenas com o leitor\",\"publisher\":{\"@id\":\"https:\/\/blogdobispo.com.br\/#organization\"},\"potentialAction\":[{\"@type\":\"SearchAction\",\"target\":{\"@type\":\"EntryPoint\",\"urlTemplate\":\"https:\/\/blogdobispo.com.br\/?s={search_term_string}\"},\"query-input\":{\"@type\":\"PropertyValueSpecification\",\"valueRequired\":true,\"valueName\":\"search_term_string\"}}],\"inLanguage\":\"pt-BR\"},{\"@type\":\"Organization\",\"@id\":\"https:\/\/blogdobispo.com.br\/#organization\",\"name\":\"Blog do Bispo\",\"url\":\"https:\/\/blogdobispo.com.br\/\",\"logo\":{\"@type\":\"ImageObject\",\"inLanguage\":\"pt-BR\",\"@id\":\"https:\/\/blogdobispo.com.br\/#\/schema\/logo\/image\/\",\"url\":\"http:\/\/blogdobispo.com.br\/wp-content\/uploads\/2023\/05\/cropped-headear.png\",\"contentUrl\":\"http:\/\/blogdobispo.com.br\/wp-content\/uploads\/2023\/05\/cropped-headear.png\",\"width\":1500,\"height\":399,\"caption\":\"Blog do Bispo\"},\"image\":{\"@id\":\"https:\/\/blogdobispo.com.br\/#\/schema\/logo\/image\/\"}},{\"@type\":\"Person\",\"@id\":\"https:\/\/blogdobispo.com.br\/#\/schema\/person\/e2209cc0e6cea5c5233d033e997b373f\",\"name\":\"Jefferson Sterfeno\",\"image\":{\"@type\":\"ImageObject\",\"inLanguage\":\"pt-BR\",\"@id\":\"https:\/\/blogdobispo.com.br\/#\/schema\/person\/image\/\",\"url\":\"https:\/\/secure.gravatar.com\/avatar\/0534e84764641168a677026b6d57a3f51dc7ac4db0b4f6186d9cb330d4ee1160?s=96&d=mm&r=g\",\"contentUrl\":\"https:\/\/secure.gravatar.com\/avatar\/0534e84764641168a677026b6d57a3f51dc7ac4db0b4f6186d9cb330d4ee1160?s=96&d=mm&r=g\",\"caption\":\"Jefferson Sterfeno\"},\"sameAs\":[\"http:\/\/blogdobispo.com.br\"],\"url\":\"https:\/\/blogdobispo.com.br\/?author=1\"}]}<\/script>\n<!-- \/ Yoast SEO plugin. -->","yoast_head_json":{"title":"BLOGUEIRO E RADIALISTA ALEXSANDRO PASSARINHO ASSUME A DIRE\u00c7\u00c3O DA BONITA FM 87.9 EM S\u00c3O JOS\u00c9 DO SERID\u00d3 - Blog do Bispo","robots":{"index":"index","follow":"follow","max-snippet":"max-snippet:-1","max-image-preview":"max-image-preview:large","max-video-preview":"max-video-preview:-1"},"canonical":"https:\/\/blogdobispo.com.br\/?p=19337","og_locale":"pt_BR","og_type":"article","og_title":"BLOGUEIRO E RADIALISTA ALEXSANDRO PASSARINHO ASSUME A DIRE\u00c7\u00c3O DA BONITA FM 87.9 EM S\u00c3O JOS\u00c9 DO SERID\u00d3 - Blog do Bispo","og_description":"O blogueiro e radialista Alexsandro Passarinho assumiu a dire\u00e7\u00e3o da Bonita FM 87.9, emissora comunit\u00e1ria de S\u00e3o Jos\u00e9 do Serid\u00f3, marcando um novo momento para a comunica\u00e7\u00e3o no munic\u00edpio e em toda a regi\u00e3o do Serid\u00f3. Bastante conhecido no estado do Rio Grande do Norte e especialmente na regi\u00e3o seridoense, Passarinho \u00e9 propriet\u00e1rio do Blog [&hellip;]","og_url":"https:\/\/blogdobispo.com.br\/?p=19337","og_site_name":"Blog do Bispo","article_published_time":"2026-03-10T15:08:39+00:00","og_image":[{"width":853,"height":1280,"url":"http:\/\/blogdobispo.com.br\/wp-content\/uploads\/2026\/03\/WhatsApp-Image-2026-03-09-at-13.41.18.jpeg","type":"image\/jpeg"}],"author":"Jefferson Sterfeno","twitter_card":"summary_large_image","twitter_misc":{"Escrito por":"Jefferson Sterfeno","Est. tempo de leitura":"2 minutos"},"schema":{"@context":"https:\/\/schema.org","@graph":[{"@type":"Article","@id":"https:\/\/blogdobispo.com.br\/?p=19337#article","isPartOf":{"@id":"https:\/\/blogdobispo.com.br\/?p=19337"},"author":{"name":"Jefferson Sterfeno","@id":"https:\/\/blogdobispo.com.br\/#\/schema\/person\/e2209cc0e6cea5c5233d033e997b373f"},"headline":"BLOGUEIRO E RADIALISTA ALEXSANDRO PASSARINHO ASSUME A DIRE\u00c7\u00c3O DA BONITA FM 87.9 EM S\u00c3O JOS\u00c9 DO SERID\u00d3","datePublished":"2026-03-10T15:08:39+00:00","mainEntityOfPage":{"@id":"https:\/\/blogdobispo.com.br\/?p=19337"},"wordCount":255,"commentCount":0,"publisher":{"@id":"https:\/\/blogdobispo.com.br\/#organization"},"image":{"@id":"https:\/\/blogdobispo.com.br\/?p=19337#primaryimage"},"thumbnailUrl":"https:\/\/i0.wp.com\/blogdobispo.com.br\/wp-content\/uploads\/2026\/03\/WhatsApp-Image-2026-03-09-at-13.41.18.jpeg?fit=853%2C1280&ssl=1","articleSection":["diversos"],"inLanguage":"pt-BR","potentialAction":[{"@type":"CommentAction","name":"Comment","target":["https:\/\/blogdobispo.com.br\/?p=19337#respond"]}]},{"@type":"WebPage","@id":"https:\/\/blogdobispo.com.br\/?p=19337","url":"https:\/\/blogdobispo.com.br\/?p=19337","name":"BLOGUEIRO E RADIALISTA ALEXSANDRO PASSARINHO ASSUME A DIRE\u00c7\u00c3O DA BONITA FM 87.9 EM S\u00c3O JOS\u00c9 DO SERID\u00d3 - Blog do Bispo","isPartOf":{"@id":"https:\/\/blogdobispo.com.br\/#website"},"primaryImageOfPage":{"@id":"https:\/\/blogdobispo.com.br\/?p=19337#primaryimage"},"image":{"@id":"https:\/\/blogdobispo.com.br\/?p=19337#primaryimage"},"thumbnailUrl":"https:\/\/i0.wp.com\/blogdobispo.com.br\/wp-content\/uploads\/2026\/03\/WhatsApp-Image-2026-03-09-at-13.41.18.jpeg?fit=853%2C1280&ssl=1","datePublished":"2026-03-10T15:08:39+00:00","breadcrumb":{"@id":"https:\/\/blogdobispo.com.br\/?p=19337#breadcrumb"},"inLanguage":"pt-BR","potentialAction":[{"@type":"ReadAction","target":["https:\/\/blogdobispo.com.br\/?p=19337"]}]},{"@type":"ImageObject","inLanguage":"pt-BR","@id":"https:\/\/blogdobispo.com.br\/?p=19337#primaryimage","url":"https:\/\/i0.wp.com\/blogdobispo.com.br\/wp-content\/uploads\/2026\/03\/WhatsApp-Image-2026-03-09-at-13.41.18.jpeg?fit=853%2C1280&ssl=1","contentUrl":"https:\/\/i0.wp.com\/blogdobispo.com.br\/wp-content\/uploads\/2026\/03\/WhatsApp-Image-2026-03-09-at-13.41.18.jpeg?fit=853%2C1280&ssl=1","width":853,"height":1280},{"@type":"BreadcrumbList","@id":"https:\/\/blogdobispo.com.br\/?p=19337#breadcrumb","itemListElement":[{"@type":"ListItem","position":1,"name":"In\u00edcio","item":"https:\/\/blogdobispo.com.br\/"},{"@type":"ListItem","position":2,"name":"BLOGUEIRO E RADIALISTA ALEXSANDRO PASSARINHO ASSUME A DIRE\u00c7\u00c3O DA BONITA FM 87.9 EM S\u00c3O JOS\u00c9 DO SERID\u00d3"}]},{"@type":"WebSite","@id":"https:\/\/blogdobispo.com.br\/#website","url":"https:\/\/blogdobispo.com.br\/","name":"Blog do Bispo","description":"Comprometido apenas com o leitor","publisher":{"@id":"https:\/\/blogdobispo.com.br\/#organization"},"potentialAction":[{"@type":"SearchAction","target":{"@type":"EntryPoint","urlTemplate":"https:\/\/blogdobispo.com.br\/?s={search_term_string}"},"query-input":{"@type":"PropertyValueSpecification","valueRequired":true,"valueName":"search_term_string"}}],"inLanguage":"pt-BR"},{"@type":"Organization","@id":"https:\/\/blogdobispo.com.br\/#organization","name":"Blog do Bispo","url":"https:\/\/blogdobispo.com.br\/","logo":{"@type":"ImageObject","inLanguage":"pt-BR","@id":"https:\/\/blogdobispo.com.br\/#\/schema\/logo\/image\/","url":"http:\/\/blogdobispo.com.br\/wp-content\/uploads\/2023\/05\/cropped-headear.png","contentUrl":"http:\/\/blogdobispo.com.br\/wp-content\/uploads\/2023\/05\/cropped-headear.png","width":1500,"height":399,"caption":"Blog do Bispo"},"image":{"@id":"https:\/\/blogdobispo.com.br\/#\/schema\/logo\/image\/"}},{"@type":"Person","@id":"https:\/\/blogdobispo.com.br\/#\/schema\/person\/e2209cc0e6cea5c5233d033e997b373f","name":"Jefferson Sterfeno","image":{"@type":"ImageObject","inLanguage":"pt-BR","@id":"https:\/\/blogdobispo.com.br\/#\/schema\/person\/image\/","url":"https:\/\/secure.gravatar.com\/avatar\/0534e84764641168a677026b6d57a3f51dc7ac4db0b4f6186d9cb330d4ee1160?s=96&d=mm&r=g","contentUrl":"https:\/\/secure.gravatar.com\/avatar\/0534e84764641168a677026b6d57a3f51dc7ac4db0b4f6186d9cb330d4ee1160?s=96&d=mm&r=g","caption":"Jefferson Sterfeno"},"sameAs":["http:\/\/blogdobispo.com.br"],"url":"https:\/\/blogdobispo.com.br\/?author=1"}]}},"featured_image_urls":{"full":["https:\/\/i0.wp.com\/blogdobispo.com.br\/wp-content\/uploads\/2026\/03\/WhatsApp-Image-2026-03-09-at-13.41.18.jpeg?fit=853%2C1280&ssl=1",853,1280,false],"thumbnail":["https:\/\/i0.wp.com\/blogdobispo.com.br\/wp-content\/uploads\/2026\/03\/WhatsApp-Image-2026-03-09-at-13.41.18.jpeg?resize=150%2C150&ssl=1",150,150,true],"medium":["https:\/\/i0.wp.com\/blogdobispo.com.br\/wp-content\/uploads\/2026\/03\/WhatsApp-Image-2026-03-09-at-13.41.18.jpeg?fit=200%2C300&ssl=1",200,300,true],"medium_large":["https:\/\/i0.wp.com\/blogdobispo.com.br\/wp-content\/uploads\/2026\/03\/WhatsApp-Image-2026-03-09-at-13.41.18.jpeg?fit=768%2C1152&ssl=1",768,1152,true],"large":["https:\/\/i0.wp.com\/blogdobispo.com.br\/wp-content\/uploads\/2026\/03\/WhatsApp-Image-2026-03-09-at-13.41.18.jpeg?fit=682%2C1024&ssl=1",682,1024,true],"1536x1536":["https:\/\/i0.wp.com\/blogdobispo.com.br\/wp-content\/uploads\/2026\/03\/WhatsApp-Image-2026-03-09-at-13.41.18.jpeg?fit=853%2C1280&ssl=1",853,1280,true],"2048x2048":["https:\/\/i0.wp.com\/blogdobispo.com.br\/wp-content\/uploads\/2026\/03\/WhatsApp-Image-2026-03-09-at-13.41.18.jpeg?fit=853%2C1280&ssl=1",853,1280,true]},"author_info":{"display_name":"Jefferson Sterfeno","author_link":"https:\/\/blogdobispo.com.br\/?author=1"},"category_info":"<a href=\"https:\/\/blogdobispo.com.br\/?cat=1\" rel=\"category\">diversos<\/a>","tag_info":"diversos","comment_count":"0","jetpack_featured_media_url":"https:\/\/i0.wp.com\/blogdobispo.com.br\/wp-content\/uploads\/2026\/03\/WhatsApp-Image-2026-03-09-at-13.41.18.jpeg?fit=853%2C1280&ssl=1","jetpack_sharing_enabled":true,"_links":{"self":[{"href":"https:\/\/blogdobispo.com.br\/index.php?rest_route=\/wp\/v2\/posts\/19337","targetHints":{"allow":["GET"]}}],"collection":[{"href":"https:\/\/blogdobispo.com.br\/index.php?rest_route=\/wp\/v2\/posts"}],"about":[{"href":"https:\/\/blogdobispo.com.br\/index.php?rest_route=\/wp\/v2\/types\/post"}],"author":[{"embeddable":true,"href":"https:\/\/blogdobispo.com.br\/index.php?rest_route=\/wp\/v2\/users\/1"}],"replies":[{"embeddable":true,"href":"https:\/\/blogdobispo.com.br\/index.php?rest_route=%2Fwp%2Fv2%2Fcomments&post=19337"}],"version-history":[{"count":1,"href":"https:\/\/blogdobispo.com.br\/index.php?rest_route=\/wp\/v2\/posts\/19337\/revisions"}],"predecessor-version":[{"id":19339,"href":"https:\/\/blogdobispo.com.br\/index.php?rest_route=\/wp\/v2\/posts\/19337\/revisions\/19339"}],"wp:featuredmedia":[{"embeddable":true,"href":"https:\/\/blogdobispo.com.br\/index.php?rest_route=\/wp\/v2\/media\/19338"}],"wp:attachment":[{"href":"https:\/\/blogdobispo.com.br\/index.php?rest_route=%2Fwp%2Fv2%2Fmedia&parent=19337"}],"wp:term":[{"taxonomy":"category","embeddable":true,"href":"https:\/\/blogdobispo.com.br\/index.php?rest_route=%2Fwp%2Fv2%2Fcategories&post=19337"},{"taxonomy":"post_tag","embeddable":true,"href":"https:\/\/blogdobispo.com.br\/index.php?rest_route=%2Fwp%2Fv2%2Ftags&post=19337"}],"curies":[{"name":"wp","href":"https:\/\/api.w.org\/{rel}","templated":true}]}}