{"id":19334,"date":"2026-03-10T15:01:35","date_gmt":"2026-03-10T15:01:35","guid":{"rendered":"https:\/\/blogdobispo.com.br\/?p=19334"},"modified":"2026-03-10T15:01:35","modified_gmt":"2026-03-10T15:01:35","slug":"ccj-da-assembleia-legislativa-aprova-projetos-nas-areas-de-saude-cultura-e-educacao","status":"publish","type":"post","link":"https:\/\/blogdobispo.com.br\/?p=19334","title":{"rendered":"CCJ da Assembleia Legislativa aprova projetos nas \u00e1reas de sa\u00fade, cultura e educa\u00e7\u00e3o"},"content":{"rendered":"<p>A Assembleia Legislativa do Rio Grande do Norte, por meio da Comiss\u00e3o de Constitui\u00e7\u00e3o, Justi\u00e7a e Reda\u00e7\u00e3o (CCJ), realizou nesta ter\u00e7a-feira (10) a sua 2\u00aa reuni\u00e3o ordin\u00e1ria de 2026. Durante o encontro, os parlamentares analisaram e votaram uma s\u00e9rie de projetos de lei e resolu\u00e7\u00f5es que tratam de temas ligados \u00e0 sa\u00fade p\u00fablica, cultura, educa\u00e7\u00e3o, reconhecimento institucional e desenvolvimento social no estado. Participaram da reuni\u00e3o os deputados Vivaldo Costa (PV), Galeno Torquato (PSDB), Eudiane Macedo (PV), Francisco do PT, Kleber Rodrigues (PSDB) e Coronel Azevedo (PL).<\/p>\n<p>Entre os destaques da pauta, foi aprovado por unanimidade o projeto de lei de autoria da deputada Cristiane Dantas que institui o Programa Milhas Campe\u00e3s no \u00e2mbito do Estado do Rio Grande do Norte. A proposta recebeu relatoria da deputada Eudiane Macedo.<\/p>\n<p>Outro projeto aprovado, desta vez por maioria, foi o da deputada Divaneide Bas\u00edlio, que reconhece a Parada do Orgulho LGBTQIA+ de Natal como patrim\u00f4nio cultural e tur\u00edstico imaterial do estado.<\/p>\n<p>Na \u00e1rea da sa\u00fade e educa\u00e7\u00e3o preventiva, o colegiado aprovou por unanimidade a proposta do deputado Ubaldo Fernandes que institui o Programa Estadual de Educa\u00e7\u00e3o, Conscientiza\u00e7\u00e3o e Preven\u00e7\u00e3o ao HIV, HTLV, clam\u00eddia e outras infec\u00e7\u00f5es sexualmente transmiss\u00edveis nas escolas p\u00fablicas e privadas do Rio Grande do Norte. Tamb\u00e9m voltado para a sa\u00fade p\u00fablica, foi aprovado o projeto do deputado Dr. Kerginaldo que cria o Programa Estadual \u201cColonoscopia RN\u201d, iniciativa destinada a ampliar o acesso ao exame na rede p\u00fablica de sa\u00fade do estado.<\/p>\n<p>No campo cultural e religioso, os parlamentares aprovaram o reconhecimento da Festa da Sagrada Fam\u00edlia, padroeira do munic\u00edpio de Tenente Ananias, como patrim\u00f4nio cultural, hist\u00f3rico e religioso imaterial do estado. Outro reconhecimento aprovado foi o da tradicional festa de S\u00e3o Jo\u00e3o Batista, realizada em S\u00e3o Jo\u00e3o do Sabugi. Ainda na pauta cultural, a comiss\u00e3o aprovou projetos que reconhecem o evento Jegue Folia, realizado em Marcelino Vieira, como patrim\u00f4nio cultural imaterial do estado, al\u00e9m do reconhecimento da Banda Detroit, de Natal, como patrim\u00f4nio cultural, art\u00edstico e musical imaterial do Rio Grande do Norte. Tamb\u00e9m foi aprovado o projeto que inclui a Mostra Cultural Ra\u00edzes, realizada no munic\u00edpio de Jandu\u00eds, no calend\u00e1rio oficial de eventos do estado.<\/p>\n<p>Os deputados tamb\u00e9m aprovaram propostas de utilidade p\u00fablica estadual para diversas institui\u00e7\u00f5es e associa\u00e7\u00f5es, como o N\u00facleo de Apoio \u00e0 Pessoa Surda Vida Abundante (NAPS), a Associa\u00e7\u00e3o dos Produtores Rurais do Jacumirim dos Secundos, o IPE Futebol Clube, a Cooperativa de Produtores Rurais de Lajes Pintadas (Lajescop) e o Centro Social e Cultural Dona Angelita Ferreira.<\/p>\n<p>Outro projeto aprovado por unanimidade institui a Pol\u00edtica Estadual de Incentivo \u00e0 Economia Prateada e ao Turismo de Maturidade, iniciativa apresentada pelo deputado Hermano Morais para estimular atividades econ\u00f4micas voltadas \u00e0 popula\u00e7\u00e3o idosa.<\/p>\n<p>Durante a reuni\u00e3o, ainda foi analisada a proposta do Governo do Estado que prorroga at\u00e9 27 de janeiro de 2027 a vig\u00eancia do Plano Estadual de Educa\u00e7\u00e3o do Rio Grande do Norte, aprovado pela Lei Estadual n\u00ba 10.049\/2016.<\/p>\n<p>Ao longo da sess\u00e3o, a comiss\u00e3o tamb\u00e9m apreciou projetos de resolu\u00e7\u00e3o que concedem t\u00edtulo honor\u00edfico de cidad\u00e3o norte-rio-grandense, refor\u00e7ando o reconhecimento a personalidades que contribuem para o desenvolvimento do estado.<\/p>\n<p>A CCJ \u00e9 respons\u00e1vel por avaliar a constitucionalidade, juridicidade e t\u00e9cnica legislativa das proposi\u00e7\u00f5es que tramitam na Assembleia Legislativa, desempenhando papel fundamental na an\u00e1lise pr\u00e9via dos projetos antes de sua vota\u00e7\u00e3o em plen\u00e1rio.<img data-recalc-dims=\"1\" fetchpriority=\"high\" decoding=\"async\" class=\"alignnone size-medium wp-image-19335\" src=\"https:\/\/i0.wp.com\/blogdobispo.com.br\/wp-content\/uploads\/2026\/03\/AqG1FE2MAa9yUdWSvFJT4cwUxXrPg0gUPhc6JeVb-1.jpg?resize=300%2C200\" alt=\"\" width=\"300\" height=\"200\" srcset=\"https:\/\/i0.wp.com\/blogdobispo.com.br\/wp-content\/uploads\/2026\/03\/AqG1FE2MAa9yUdWSvFJT4cwUxXrPg0gUPhc6JeVb-1-scaled.jpg?resize=300%2C200&amp;ssl=1 300w, https:\/\/i0.wp.com\/blogdobispo.com.br\/wp-content\/uploads\/2026\/03\/AqG1FE2MAa9yUdWSvFJT4cwUxXrPg0gUPhc6JeVb-1-scaled.jpg?resize=1024%2C681&amp;ssl=1 1024w, https:\/\/i0.wp.com\/blogdobispo.com.br\/wp-content\/uploads\/2026\/03\/AqG1FE2MAa9yUdWSvFJT4cwUxXrPg0gUPhc6JeVb-1-scaled.jpg?resize=768%2C511&amp;ssl=1 768w, https:\/\/i0.wp.com\/blogdobispo.com.br\/wp-content\/uploads\/2026\/03\/AqG1FE2MAa9yUdWSvFJT4cwUxXrPg0gUPhc6JeVb-1-scaled.jpg?resize=1536%2C1022&amp;ssl=1 1536w, https:\/\/i0.wp.com\/blogdobispo.com.br\/wp-content\/uploads\/2026\/03\/AqG1FE2MAa9yUdWSvFJT4cwUxXrPg0gUPhc6JeVb-1-scaled.jpg?resize=2048%2C1363&amp;ssl=1 2048w, https:\/\/i0.wp.com\/blogdobispo.com.br\/wp-content\/uploads\/2026\/03\/AqG1FE2MAa9yUdWSvFJT4cwUxXrPg0gUPhc6JeVb-1-scaled.jpg?w=1600 1600w, https:\/\/i0.wp.com\/blogdobispo.com.br\/wp-content\/uploads\/2026\/03\/AqG1FE2MAa9yUdWSvFJT4cwUxXrPg0gUPhc6JeVb-1-scaled.jpg?w=2400 2400w\" sizes=\"(max-width: 300px) 100vw, 300px\" \/><\/p>\n","protected":false},"excerpt":{"rendered":"<p>A Assembleia Legislativa do Rio Grande do Norte, por meio da Comiss\u00e3o de Constitui\u00e7\u00e3o, Justi\u00e7a e Reda\u00e7\u00e3o (CCJ), realizou nesta ter\u00e7a-feira (10) a sua 2\u00aa reuni\u00e3o ordin\u00e1ria de 2026. Durante o encontro, os parlamentares analisaram e votaram uma s\u00e9rie de projetos de lei e resolu\u00e7\u00f5es que tratam de temas ligados \u00e0 sa\u00fade p\u00fablica, cultura, educa\u00e7\u00e3o, [&hellip;]<\/p>\n","protected":false},"author":1,"featured_media":19335,"comment_status":"open","ping_status":"open","sticky":false,"template":"","format":"standard","meta":{"cybocfi_hide_featured_image":"","_jetpack_memberships_contains_paid_content":false,"footnotes":""},"categories":[1],"tags":[],"class_list":["post-19334","post","type-post","status-publish","format-standard","has-post-thumbnail","hentry","category-diversos"],"yoast_head":"<!-- This site is optimized with the Yoast SEO plugin v25.6 - https:\/\/yoast.com\/wordpress\/plugins\/seo\/ -->\n<title>CCJ da Assembleia Legislativa aprova projetos nas \u00e1reas de sa\u00fade, cultura e educa\u00e7\u00e3o - Blog do Bispo<\/title>\n<meta name=\"robots\" content=\"index, follow, max-snippet:-1, max-image-preview:large, max-video-preview:-1\" \/>\n<link rel=\"canonical\" href=\"https:\/\/blogdobispo.com.br\/?p=19334\" \/>\n<meta property=\"og:locale\" content=\"pt_BR\" \/>\n<meta property=\"og:type\" content=\"article\" \/>\n<meta property=\"og:title\" content=\"CCJ da Assembleia Legislativa aprova projetos nas \u00e1reas de sa\u00fade, cultura e educa\u00e7\u00e3o - Blog do Bispo\" \/>\n<meta property=\"og:description\" content=\"A Assembleia Legislativa do Rio Grande do Norte, por meio da Comiss\u00e3o de Constitui\u00e7\u00e3o, Justi\u00e7a e Reda\u00e7\u00e3o (CCJ), realizou nesta ter\u00e7a-feira (10) a sua 2\u00aa reuni\u00e3o ordin\u00e1ria de 2026. Durante o encontro, os parlamentares analisaram e votaram uma s\u00e9rie de projetos de lei e resolu\u00e7\u00f5es que tratam de temas ligados \u00e0 sa\u00fade p\u00fablica, cultura, educa\u00e7\u00e3o, [&hellip;]\" \/>\n<meta property=\"og:url\" content=\"https:\/\/blogdobispo.com.br\/?p=19334\" \/>\n<meta property=\"og:site_name\" content=\"Blog do Bispo\" \/>\n<meta property=\"article:published_time\" content=\"2026-03-10T15:01:35+00:00\" \/>\n<meta property=\"og:image\" content=\"http:\/\/blogdobispo.com.br\/wp-content\/uploads\/2026\/03\/AqG1FE2MAa9yUdWSvFJT4cwUxXrPg0gUPhc6JeVb-1-scaled.jpg\" \/>\n\t<meta property=\"og:image:width\" content=\"2560\" \/>\n\t<meta property=\"og:image:height\" content=\"1703\" \/>\n\t<meta property=\"og:image:type\" content=\"image\/jpeg\" \/>\n<meta name=\"author\" content=\"Jefferson Sterfeno\" \/>\n<meta name=\"twitter:card\" content=\"summary_large_image\" \/>\n<meta name=\"twitter:label1\" content=\"Escrito por\" \/>\n\t<meta name=\"twitter:data1\" content=\"Jefferson Sterfeno\" \/>\n\t<meta name=\"twitter:label2\" content=\"Est. tempo de leitura\" \/>\n\t<meta name=\"twitter:data2\" content=\"4 minutos\" \/>\n<script type=\"application\/ld+json\" class=\"yoast-schema-graph\">{\"@context\":\"https:\/\/schema.org\",\"@graph\":[{\"@type\":\"Article\",\"@id\":\"https:\/\/blogdobispo.com.br\/?p=19334#article\",\"isPartOf\":{\"@id\":\"https:\/\/blogdobispo.com.br\/?p=19334\"},\"author\":{\"name\":\"Jefferson Sterfeno\",\"@id\":\"https:\/\/blogdobispo.com.br\/#\/schema\/person\/e2209cc0e6cea5c5233d033e997b373f\"},\"headline\":\"CCJ da Assembleia Legislativa aprova projetos nas \u00e1reas de sa\u00fade, cultura e educa\u00e7\u00e3o\",\"datePublished\":\"2026-03-10T15:01:35+00:00\",\"mainEntityOfPage\":{\"@id\":\"https:\/\/blogdobispo.com.br\/?p=19334\"},\"wordCount\":626,\"commentCount\":0,\"publisher\":{\"@id\":\"https:\/\/blogdobispo.com.br\/#organization\"},\"image\":{\"@id\":\"https:\/\/blogdobispo.com.br\/?p=19334#primaryimage\"},\"thumbnailUrl\":\"https:\/\/i0.wp.com\/blogdobispo.com.br\/wp-content\/uploads\/2026\/03\/AqG1FE2MAa9yUdWSvFJT4cwUxXrPg0gUPhc6JeVb-1-scaled.jpg?fit=2560%2C1703&ssl=1\",\"articleSection\":[\"diversos\"],\"inLanguage\":\"pt-BR\",\"potentialAction\":[{\"@type\":\"CommentAction\",\"name\":\"Comment\",\"target\":[\"https:\/\/blogdobispo.com.br\/?p=19334#respond\"]}]},{\"@type\":\"WebPage\",\"@id\":\"https:\/\/blogdobispo.com.br\/?p=19334\",\"url\":\"https:\/\/blogdobispo.com.br\/?p=19334\",\"name\":\"CCJ da Assembleia Legislativa aprova projetos nas \u00e1reas de sa\u00fade, cultura e educa\u00e7\u00e3o - Blog do Bispo\",\"isPartOf\":{\"@id\":\"https:\/\/blogdobispo.com.br\/#website\"},\"primaryImageOfPage\":{\"@id\":\"https:\/\/blogdobispo.com.br\/?p=19334#primaryimage\"},\"image\":{\"@id\":\"https:\/\/blogdobispo.com.br\/?p=19334#primaryimage\"},\"thumbnailUrl\":\"https:\/\/i0.wp.com\/blogdobispo.com.br\/wp-content\/uploads\/2026\/03\/AqG1FE2MAa9yUdWSvFJT4cwUxXrPg0gUPhc6JeVb-1-scaled.jpg?fit=2560%2C1703&ssl=1\",\"datePublished\":\"2026-03-10T15:01:35+00:00\",\"breadcrumb\":{\"@id\":\"https:\/\/blogdobispo.com.br\/?p=19334#breadcrumb\"},\"inLanguage\":\"pt-BR\",\"potentialAction\":[{\"@type\":\"ReadAction\",\"target\":[\"https:\/\/blogdobispo.com.br\/?p=19334\"]}]},{\"@type\":\"ImageObject\",\"inLanguage\":\"pt-BR\",\"@id\":\"https:\/\/blogdobispo.com.br\/?p=19334#primaryimage\",\"url\":\"https:\/\/i0.wp.com\/blogdobispo.com.br\/wp-content\/uploads\/2026\/03\/AqG1FE2MAa9yUdWSvFJT4cwUxXrPg0gUPhc6JeVb-1-scaled.jpg?fit=2560%2C1703&ssl=1\",\"contentUrl\":\"https:\/\/i0.wp.com\/blogdobispo.com.br\/wp-content\/uploads\/2026\/03\/AqG1FE2MAa9yUdWSvFJT4cwUxXrPg0gUPhc6JeVb-1-scaled.jpg?fit=2560%2C1703&ssl=1\",\"width\":2560,\"height\":1703},{\"@type\":\"BreadcrumbList\",\"@id\":\"https:\/\/blogdobispo.com.br\/?p=19334#breadcrumb\",\"itemListElement\":[{\"@type\":\"ListItem\",\"position\":1,\"name\":\"In\u00edcio\",\"item\":\"https:\/\/blogdobispo.com.br\/\"},{\"@type\":\"ListItem\",\"position\":2,\"name\":\"CCJ da Assembleia Legislativa aprova projetos nas \u00e1reas de sa\u00fade, cultura e educa\u00e7\u00e3o\"}]},{\"@type\":\"WebSite\",\"@id\":\"https:\/\/blogdobispo.com.br\/#website\",\"url\":\"https:\/\/blogdobispo.com.br\/\",\"name\":\"Blog do Bispo\",\"description\":\"Comprometido apenas com o leitor\",\"publisher\":{\"@id\":\"https:\/\/blogdobispo.com.br\/#organization\"},\"potentialAction\":[{\"@type\":\"SearchAction\",\"target\":{\"@type\":\"EntryPoint\",\"urlTemplate\":\"https:\/\/blogdobispo.com.br\/?s={search_term_string}\"},\"query-input\":{\"@type\":\"PropertyValueSpecification\",\"valueRequired\":true,\"valueName\":\"search_term_string\"}}],\"inLanguage\":\"pt-BR\"},{\"@type\":\"Organization\",\"@id\":\"https:\/\/blogdobispo.com.br\/#organization\",\"name\":\"Blog do Bispo\",\"url\":\"https:\/\/blogdobispo.com.br\/\",\"logo\":{\"@type\":\"ImageObject\",\"inLanguage\":\"pt-BR\",\"@id\":\"https:\/\/blogdobispo.com.br\/#\/schema\/logo\/image\/\",\"url\":\"http:\/\/blogdobispo.com.br\/wp-content\/uploads\/2023\/05\/cropped-headear.png\",\"contentUrl\":\"http:\/\/blogdobispo.com.br\/wp-content\/uploads\/2023\/05\/cropped-headear.png\",\"width\":1500,\"height\":399,\"caption\":\"Blog do Bispo\"},\"image\":{\"@id\":\"https:\/\/blogdobispo.com.br\/#\/schema\/logo\/image\/\"}},{\"@type\":\"Person\",\"@id\":\"https:\/\/blogdobispo.com.br\/#\/schema\/person\/e2209cc0e6cea5c5233d033e997b373f\",\"name\":\"Jefferson Sterfeno\",\"image\":{\"@type\":\"ImageObject\",\"inLanguage\":\"pt-BR\",\"@id\":\"https:\/\/blogdobispo.com.br\/#\/schema\/person\/image\/\",\"url\":\"https:\/\/secure.gravatar.com\/avatar\/0534e84764641168a677026b6d57a3f51dc7ac4db0b4f6186d9cb330d4ee1160?s=96&d=mm&r=g\",\"contentUrl\":\"https:\/\/secure.gravatar.com\/avatar\/0534e84764641168a677026b6d57a3f51dc7ac4db0b4f6186d9cb330d4ee1160?s=96&d=mm&r=g\",\"caption\":\"Jefferson Sterfeno\"},\"sameAs\":[\"http:\/\/blogdobispo.com.br\"],\"url\":\"https:\/\/blogdobispo.com.br\/?author=1\"}]}<\/script>\n<!-- \/ Yoast SEO plugin. -->","yoast_head_json":{"title":"CCJ da Assembleia Legislativa aprova projetos nas \u00e1reas de sa\u00fade, cultura e educa\u00e7\u00e3o - Blog do Bispo","robots":{"index":"index","follow":"follow","max-snippet":"max-snippet:-1","max-image-preview":"max-image-preview:large","max-video-preview":"max-video-preview:-1"},"canonical":"https:\/\/blogdobispo.com.br\/?p=19334","og_locale":"pt_BR","og_type":"article","og_title":"CCJ da Assembleia Legislativa aprova projetos nas \u00e1reas de sa\u00fade, cultura e educa\u00e7\u00e3o - Blog do Bispo","og_description":"A Assembleia Legislativa do Rio Grande do Norte, por meio da Comiss\u00e3o de Constitui\u00e7\u00e3o, Justi\u00e7a e Reda\u00e7\u00e3o (CCJ), realizou nesta ter\u00e7a-feira (10) a sua 2\u00aa reuni\u00e3o ordin\u00e1ria de 2026. Durante o encontro, os parlamentares analisaram e votaram uma s\u00e9rie de projetos de lei e resolu\u00e7\u00f5es que tratam de temas ligados \u00e0 sa\u00fade p\u00fablica, cultura, educa\u00e7\u00e3o, [&hellip;]","og_url":"https:\/\/blogdobispo.com.br\/?p=19334","og_site_name":"Blog do Bispo","article_published_time":"2026-03-10T15:01:35+00:00","og_image":[{"width":2560,"height":1703,"url":"http:\/\/blogdobispo.com.br\/wp-content\/uploads\/2026\/03\/AqG1FE2MAa9yUdWSvFJT4cwUxXrPg0gUPhc6JeVb-1-scaled.jpg","type":"image\/jpeg"}],"author":"Jefferson Sterfeno","twitter_card":"summary_large_image","twitter_misc":{"Escrito por":"Jefferson Sterfeno","Est. tempo de leitura":"4 minutos"},"schema":{"@context":"https:\/\/schema.org","@graph":[{"@type":"Article","@id":"https:\/\/blogdobispo.com.br\/?p=19334#article","isPartOf":{"@id":"https:\/\/blogdobispo.com.br\/?p=19334"},"author":{"name":"Jefferson Sterfeno","@id":"https:\/\/blogdobispo.com.br\/#\/schema\/person\/e2209cc0e6cea5c5233d033e997b373f"},"headline":"CCJ da Assembleia Legislativa aprova projetos nas \u00e1reas de sa\u00fade, cultura e educa\u00e7\u00e3o","datePublished":"2026-03-10T15:01:35+00:00","mainEntityOfPage":{"@id":"https:\/\/blogdobispo.com.br\/?p=19334"},"wordCount":626,"commentCount":0,"publisher":{"@id":"https:\/\/blogdobispo.com.br\/#organization"},"image":{"@id":"https:\/\/blogdobispo.com.br\/?p=19334#primaryimage"},"thumbnailUrl":"https:\/\/i0.wp.com\/blogdobispo.com.br\/wp-content\/uploads\/2026\/03\/AqG1FE2MAa9yUdWSvFJT4cwUxXrPg0gUPhc6JeVb-1-scaled.jpg?fit=2560%2C1703&ssl=1","articleSection":["diversos"],"inLanguage":"pt-BR","potentialAction":[{"@type":"CommentAction","name":"Comment","target":["https:\/\/blogdobispo.com.br\/?p=19334#respond"]}]},{"@type":"WebPage","@id":"https:\/\/blogdobispo.com.br\/?p=19334","url":"https:\/\/blogdobispo.com.br\/?p=19334","name":"CCJ da Assembleia Legislativa aprova projetos nas \u00e1reas de sa\u00fade, cultura e educa\u00e7\u00e3o - Blog do Bispo","isPartOf":{"@id":"https:\/\/blogdobispo.com.br\/#website"},"primaryImageOfPage":{"@id":"https:\/\/blogdobispo.com.br\/?p=19334#primaryimage"},"image":{"@id":"https:\/\/blogdobispo.com.br\/?p=19334#primaryimage"},"thumbnailUrl":"https:\/\/i0.wp.com\/blogdobispo.com.br\/wp-content\/uploads\/2026\/03\/AqG1FE2MAa9yUdWSvFJT4cwUxXrPg0gUPhc6JeVb-1-scaled.jpg?fit=2560%2C1703&ssl=1","datePublished":"2026-03-10T15:01:35+00:00","breadcrumb":{"@id":"https:\/\/blogdobispo.com.br\/?p=19334#breadcrumb"},"inLanguage":"pt-BR","potentialAction":[{"@type":"ReadAction","target":["https:\/\/blogdobispo.com.br\/?p=19334"]}]},{"@type":"ImageObject","inLanguage":"pt-BR","@id":"https:\/\/blogdobispo.com.br\/?p=19334#primaryimage","url":"https:\/\/i0.wp.com\/blogdobispo.com.br\/wp-content\/uploads\/2026\/03\/AqG1FE2MAa9yUdWSvFJT4cwUxXrPg0gUPhc6JeVb-1-scaled.jpg?fit=2560%2C1703&ssl=1","contentUrl":"https:\/\/i0.wp.com\/blogdobispo.com.br\/wp-content\/uploads\/2026\/03\/AqG1FE2MAa9yUdWSvFJT4cwUxXrPg0gUPhc6JeVb-1-scaled.jpg?fit=2560%2C1703&ssl=1","width":2560,"height":1703},{"@type":"BreadcrumbList","@id":"https:\/\/blogdobispo.com.br\/?p=19334#breadcrumb","itemListElement":[{"@type":"ListItem","position":1,"name":"In\u00edcio","item":"https:\/\/blogdobispo.com.br\/"},{"@type":"ListItem","position":2,"name":"CCJ da Assembleia Legislativa aprova projetos nas \u00e1reas de sa\u00fade, cultura e educa\u00e7\u00e3o"}]},{"@type":"WebSite","@id":"https:\/\/blogdobispo.com.br\/#website","url":"https:\/\/blogdobispo.com.br\/","name":"Blog do Bispo","description":"Comprometido apenas com o leitor","publisher":{"@id":"https:\/\/blogdobispo.com.br\/#organization"},"potentialAction":[{"@type":"SearchAction","target":{"@type":"EntryPoint","urlTemplate":"https:\/\/blogdobispo.com.br\/?s={search_term_string}"},"query-input":{"@type":"PropertyValueSpecification","valueRequired":true,"valueName":"search_term_string"}}],"inLanguage":"pt-BR"},{"@type":"Organization","@id":"https:\/\/blogdobispo.com.br\/#organization","name":"Blog do Bispo","url":"https:\/\/blogdobispo.com.br\/","logo":{"@type":"ImageObject","inLanguage":"pt-BR","@id":"https:\/\/blogdobispo.com.br\/#\/schema\/logo\/image\/","url":"http:\/\/blogdobispo.com.br\/wp-content\/uploads\/2023\/05\/cropped-headear.png","contentUrl":"http:\/\/blogdobispo.com.br\/wp-content\/uploads\/2023\/05\/cropped-headear.png","width":1500,"height":399,"caption":"Blog do Bispo"},"image":{"@id":"https:\/\/blogdobispo.com.br\/#\/schema\/logo\/image\/"}},{"@type":"Person","@id":"https:\/\/blogdobispo.com.br\/#\/schema\/person\/e2209cc0e6cea5c5233d033e997b373f","name":"Jefferson Sterfeno","image":{"@type":"ImageObject","inLanguage":"pt-BR","@id":"https:\/\/blogdobispo.com.br\/#\/schema\/person\/image\/","url":"https:\/\/secure.gravatar.com\/avatar\/0534e84764641168a677026b6d57a3f51dc7ac4db0b4f6186d9cb330d4ee1160?s=96&d=mm&r=g","contentUrl":"https:\/\/secure.gravatar.com\/avatar\/0534e84764641168a677026b6d57a3f51dc7ac4db0b4f6186d9cb330d4ee1160?s=96&d=mm&r=g","caption":"Jefferson Sterfeno"},"sameAs":["http:\/\/blogdobispo.com.br"],"url":"https:\/\/blogdobispo.com.br\/?author=1"}]}},"featured_image_urls":{"full":["https:\/\/i0.wp.com\/blogdobispo.com.br\/wp-content\/uploads\/2026\/03\/AqG1FE2MAa9yUdWSvFJT4cwUxXrPg0gUPhc6JeVb-1-scaled.jpg?fit=2560%2C1703&ssl=1",2560,1703,false],"thumbnail":["https:\/\/i0.wp.com\/blogdobispo.com.br\/wp-content\/uploads\/2026\/03\/AqG1FE2MAa9yUdWSvFJT4cwUxXrPg0gUPhc6JeVb-1-scaled.jpg?resize=150%2C150&ssl=1",150,150,true],"medium":["https:\/\/i0.wp.com\/blogdobispo.com.br\/wp-content\/uploads\/2026\/03\/AqG1FE2MAa9yUdWSvFJT4cwUxXrPg0gUPhc6JeVb-1-scaled.jpg?fit=300%2C200&ssl=1",300,200,true],"medium_large":["https:\/\/i0.wp.com\/blogdobispo.com.br\/wp-content\/uploads\/2026\/03\/AqG1FE2MAa9yUdWSvFJT4cwUxXrPg0gUPhc6JeVb-1-scaled.jpg?fit=768%2C511&ssl=1",768,511,true],"large":["https:\/\/i0.wp.com\/blogdobispo.com.br\/wp-content\/uploads\/2026\/03\/AqG1FE2MAa9yUdWSvFJT4cwUxXrPg0gUPhc6JeVb-1-scaled.jpg?fit=800%2C532&ssl=1",800,532,true],"1536x1536":["https:\/\/i0.wp.com\/blogdobispo.com.br\/wp-content\/uploads\/2026\/03\/AqG1FE2MAa9yUdWSvFJT4cwUxXrPg0gUPhc6JeVb-1-scaled.jpg?fit=1536%2C1022&ssl=1",1536,1022,true],"2048x2048":["https:\/\/i0.wp.com\/blogdobispo.com.br\/wp-content\/uploads\/2026\/03\/AqG1FE2MAa9yUdWSvFJT4cwUxXrPg0gUPhc6JeVb-1-scaled.jpg?fit=2048%2C1363&ssl=1",2048,1363,true]},"author_info":{"display_name":"Jefferson Sterfeno","author_link":"https:\/\/blogdobispo.com.br\/?author=1"},"category_info":"<a href=\"https:\/\/blogdobispo.com.br\/?cat=1\" rel=\"category\">diversos<\/a>","tag_info":"diversos","comment_count":"0","jetpack_featured_media_url":"https:\/\/i0.wp.com\/blogdobispo.com.br\/wp-content\/uploads\/2026\/03\/AqG1FE2MAa9yUdWSvFJT4cwUxXrPg0gUPhc6JeVb-1-scaled.jpg?fit=2560%2C1703&ssl=1","jetpack_sharing_enabled":true,"_links":{"self":[{"href":"https:\/\/blogdobispo.com.br\/index.php?rest_route=\/wp\/v2\/posts\/19334","targetHints":{"allow":["GET"]}}],"collection":[{"href":"https:\/\/blogdobispo.com.br\/index.php?rest_route=\/wp\/v2\/posts"}],"about":[{"href":"https:\/\/blogdobispo.com.br\/index.php?rest_route=\/wp\/v2\/types\/post"}],"author":[{"embeddable":true,"href":"https:\/\/blogdobispo.com.br\/index.php?rest_route=\/wp\/v2\/users\/1"}],"replies":[{"embeddable":true,"href":"https:\/\/blogdobispo.com.br\/index.php?rest_route=%2Fwp%2Fv2%2Fcomments&post=19334"}],"version-history":[{"count":1,"href":"https:\/\/blogdobispo.com.br\/index.php?rest_route=\/wp\/v2\/posts\/19334\/revisions"}],"predecessor-version":[{"id":19336,"href":"https:\/\/blogdobispo.com.br\/index.php?rest_route=\/wp\/v2\/posts\/19334\/revisions\/19336"}],"wp:featuredmedia":[{"embeddable":true,"href":"https:\/\/blogdobispo.com.br\/index.php?rest_route=\/wp\/v2\/media\/19335"}],"wp:attachment":[{"href":"https:\/\/blogdobispo.com.br\/index.php?rest_route=%2Fwp%2Fv2%2Fmedia&parent=19334"}],"wp:term":[{"taxonomy":"category","embeddable":true,"href":"https:\/\/blogdobispo.com.br\/index.php?rest_route=%2Fwp%2Fv2%2Fcategories&post=19334"},{"taxonomy":"post_tag","embeddable":true,"href":"https:\/\/blogdobispo.com.br\/index.php?rest_route=%2Fwp%2Fv2%2Ftags&post=19334"}],"curies":[{"name":"wp","href":"https:\/\/api.w.org\/{rel}","templated":true}]}}