{"id":19331,"date":"2026-03-10T14:56:43","date_gmt":"2026-03-10T14:56:43","guid":{"rendered":"https:\/\/blogdobispo.com.br\/?p=19331"},"modified":"2026-03-10T14:56:43","modified_gmt":"2026-03-10T14:56:43","slug":"comissao-de-saude-da-cmn-visita-ubs-do-alto-da-torre","status":"publish","type":"post","link":"https:\/\/blogdobispo.com.br\/?p=19331","title":{"rendered":"Comiss\u00e3o de Sa\u00fade da CMN visita UBS do Alto da Torre"},"content":{"rendered":"<p><img data-recalc-dims=\"1\" fetchpriority=\"high\" decoding=\"async\" class=\"alignnone size-medium wp-image-19332\" src=\"https:\/\/i0.wp.com\/blogdobispo.com.br\/wp-content\/uploads\/2026\/03\/33c17bc24be5706ed0892a1cf4072fd4.jpg?resize=300%2C205\" alt=\"\" width=\"300\" height=\"205\" srcset=\"https:\/\/i0.wp.com\/blogdobispo.com.br\/wp-content\/uploads\/2026\/03\/33c17bc24be5706ed0892a1cf4072fd4.jpg?resize=300%2C205&amp;ssl=1 300w, https:\/\/i0.wp.com\/blogdobispo.com.br\/wp-content\/uploads\/2026\/03\/33c17bc24be5706ed0892a1cf4072fd4.jpg?resize=1024%2C698&amp;ssl=1 1024w, https:\/\/i0.wp.com\/blogdobispo.com.br\/wp-content\/uploads\/2026\/03\/33c17bc24be5706ed0892a1cf4072fd4.jpg?resize=768%2C524&amp;ssl=1 768w, https:\/\/i0.wp.com\/blogdobispo.com.br\/wp-content\/uploads\/2026\/03\/33c17bc24be5706ed0892a1cf4072fd4.jpg?resize=1536%2C1047&amp;ssl=1 1536w, https:\/\/i0.wp.com\/blogdobispo.com.br\/wp-content\/uploads\/2026\/03\/33c17bc24be5706ed0892a1cf4072fd4.jpg?w=1600&amp;ssl=1 1600w\" sizes=\"(max-width: 300px) 100vw, 300px\" \/><\/p>\n<p>Em sua primeira visita fiscalizat\u00f3ria de 2026 nos equipamentos de sa\u00fade da capital potiguar, a Comiss\u00e3o de Sa\u00fade, Previd\u00eancia e de Assist\u00eancia Social da C\u00e2mara Municipal de Natal esteve nesta segunda-feira (09) nas instala\u00e7\u00f5es da Unidade B\u00e1sica de Sa\u00fade do Alto da Torre, zona Norte. Participaram do encontro a vereadora Camila Ara\u00fajo (Uni\u00e3o Brasil) e os vereadores Luciano Nascimento (PSD), Daniel Santiago (PP), Preto Aquino (Podemos) e Cla\u00fadio Cust\u00f3dio (PP).<\/p>\n<p>A unidade, inaugurada em setembro de 2022, possui uma equipe de sa\u00fade formada por 22 profissionais, que realiza cerca de 800 consultas m\u00e9dicas, 200 consultas odontol\u00f3gicas e 200 exames por m\u00eas. De acordo com os parlamentares, a visita \u00e0 institui\u00e7\u00e3o foi motivada por den\u00fancias da comunidade sobre dificuldades no acesso a exames e consultas, al\u00e9m da falta de prioridade para pacientes idosos.<\/p>\n<p>&#8220;Iniciamos as atividades de fiscaliza\u00e7\u00e3o da Comiss\u00e3o de Sa\u00fade da C\u00e2mara Municipal visitando a UBS Alto da Torre. Aqui, constatamos que um dos principais problemas \u00e9 a baixa disponibilidade de exames em compara\u00e7\u00e3o com a demanda, afetando especialmente idosos e gestantes. Outras quest\u00f5es incluem a necessidade de climatiza\u00e7\u00e3o na recep\u00e7\u00e3o e melhorias no sistema Regula RN. A comiss\u00e3o far\u00e1 relat\u00f3rios e encaminhar\u00e1 requerimentos \u00e0 Secretaria Municipal de Sa\u00fade para solucionar essas situa\u00e7\u00f5es&#8221;, afirmou o presidente do Colegiado, vereador Luciano Nascimento.<\/p>\n<p>&#8220;Apesar da boa estrutura e dos equipamentos novos, a unidade n\u00e3o consegue atender plenamente \u00e0s demandas da popula\u00e7\u00e3o, especialmente no quesito exames laboratoriais. Diante deste cen\u00e1rio, recomendaremos \u00e0 Secretaria Municipal de Sa\u00fade que amplie as vagas para atendimentos e exames. Tamb\u00e9m vamos sugerir que o local se torne um ponto de coleta de sangue&#8221;, pontuou a vereadora Camila Ara\u00fajo.<\/p>\n<p>O diretor da UBS, Davi Lopes, apontou medidas que considera necess\u00e1rias para melhorar o trabalho da equipe. &#8220;Precisamos dobrar o atendimento laboratorial, ampliar o n\u00famero de dentistas e enfrentar o atraso na coleta de exames de sangue, que \u00e9 o principal gargalo atual, pois impede o andamento satisfat\u00f3rio dos tratamentos. Quanto aos atendimentos m\u00e9dicos, registramos um bom crescimento, mas dependemos da agilidade dos exames para atuar de forma mais eficiente&#8221;.<\/p>\n<p><em><strong>Texto: Junior Martins<br \/>\nFotos: Ver\u00f4nica Macedo<\/strong><\/em><\/p>\n","protected":false},"excerpt":{"rendered":"<p>Em sua primeira visita fiscalizat\u00f3ria de 2026 nos equipamentos de sa\u00fade da capital potiguar, a Comiss\u00e3o de Sa\u00fade, Previd\u00eancia e de Assist\u00eancia Social da C\u00e2mara Municipal de Natal esteve nesta segunda-feira (09) nas instala\u00e7\u00f5es da Unidade B\u00e1sica de Sa\u00fade do Alto da Torre, zona Norte. Participaram do encontro a vereadora Camila Ara\u00fajo (Uni\u00e3o Brasil) e [&hellip;]<\/p>\n","protected":false},"author":1,"featured_media":19332,"comment_status":"open","ping_status":"open","sticky":false,"template":"","format":"standard","meta":{"cybocfi_hide_featured_image":"","_jetpack_memberships_contains_paid_content":false,"footnotes":""},"categories":[1],"tags":[],"class_list":["post-19331","post","type-post","status-publish","format-standard","has-post-thumbnail","hentry","category-diversos"],"yoast_head":"<!-- This site is optimized with the Yoast SEO plugin v25.6 - https:\/\/yoast.com\/wordpress\/plugins\/seo\/ -->\n<title>Comiss\u00e3o de Sa\u00fade da CMN visita UBS do Alto da Torre - Blog do Bispo<\/title>\n<meta name=\"robots\" content=\"index, follow, max-snippet:-1, max-image-preview:large, max-video-preview:-1\" \/>\n<link rel=\"canonical\" href=\"https:\/\/blogdobispo.com.br\/?p=19331\" \/>\n<meta property=\"og:locale\" content=\"pt_BR\" \/>\n<meta property=\"og:type\" content=\"article\" \/>\n<meta property=\"og:title\" content=\"Comiss\u00e3o de Sa\u00fade da CMN visita UBS do Alto da Torre - Blog do Bispo\" \/>\n<meta property=\"og:description\" content=\"Em sua primeira visita fiscalizat\u00f3ria de 2026 nos equipamentos de sa\u00fade da capital potiguar, a Comiss\u00e3o de Sa\u00fade, Previd\u00eancia e de Assist\u00eancia Social da C\u00e2mara Municipal de Natal esteve nesta segunda-feira (09) nas instala\u00e7\u00f5es da Unidade B\u00e1sica de Sa\u00fade do Alto da Torre, zona Norte. Participaram do encontro a vereadora Camila Ara\u00fajo (Uni\u00e3o Brasil) e [&hellip;]\" \/>\n<meta property=\"og:url\" content=\"https:\/\/blogdobispo.com.br\/?p=19331\" \/>\n<meta property=\"og:site_name\" content=\"Blog do Bispo\" \/>\n<meta property=\"article:published_time\" content=\"2026-03-10T14:56:43+00:00\" \/>\n<meta property=\"og:image\" content=\"http:\/\/blogdobispo.com.br\/wp-content\/uploads\/2026\/03\/33c17bc24be5706ed0892a1cf4072fd4.jpg\" \/>\n\t<meta property=\"og:image:width\" content=\"1600\" \/>\n\t<meta property=\"og:image:height\" content=\"1091\" \/>\n\t<meta property=\"og:image:type\" content=\"image\/jpeg\" \/>\n<meta name=\"author\" content=\"Jefferson Sterfeno\" \/>\n<meta name=\"twitter:card\" content=\"summary_large_image\" \/>\n<meta name=\"twitter:label1\" content=\"Escrito por\" \/>\n\t<meta name=\"twitter:data1\" content=\"Jefferson Sterfeno\" \/>\n\t<meta name=\"twitter:label2\" content=\"Est. tempo de leitura\" \/>\n\t<meta name=\"twitter:data2\" content=\"3 minutos\" \/>\n<script type=\"application\/ld+json\" class=\"yoast-schema-graph\">{\"@context\":\"https:\/\/schema.org\",\"@graph\":[{\"@type\":\"Article\",\"@id\":\"https:\/\/blogdobispo.com.br\/?p=19331#article\",\"isPartOf\":{\"@id\":\"https:\/\/blogdobispo.com.br\/?p=19331\"},\"author\":{\"name\":\"Jefferson Sterfeno\",\"@id\":\"https:\/\/blogdobispo.com.br\/#\/schema\/person\/e2209cc0e6cea5c5233d033e997b373f\"},\"headline\":\"Comiss\u00e3o de Sa\u00fade da CMN visita UBS do Alto da Torre\",\"datePublished\":\"2026-03-10T14:56:43+00:00\",\"mainEntityOfPage\":{\"@id\":\"https:\/\/blogdobispo.com.br\/?p=19331\"},\"wordCount\":392,\"commentCount\":0,\"publisher\":{\"@id\":\"https:\/\/blogdobispo.com.br\/#organization\"},\"image\":{\"@id\":\"https:\/\/blogdobispo.com.br\/?p=19331#primaryimage\"},\"thumbnailUrl\":\"https:\/\/i0.wp.com\/blogdobispo.com.br\/wp-content\/uploads\/2026\/03\/33c17bc24be5706ed0892a1cf4072fd4.jpg?fit=1600%2C1091&ssl=1\",\"articleSection\":[\"diversos\"],\"inLanguage\":\"pt-BR\",\"potentialAction\":[{\"@type\":\"CommentAction\",\"name\":\"Comment\",\"target\":[\"https:\/\/blogdobispo.com.br\/?p=19331#respond\"]}]},{\"@type\":\"WebPage\",\"@id\":\"https:\/\/blogdobispo.com.br\/?p=19331\",\"url\":\"https:\/\/blogdobispo.com.br\/?p=19331\",\"name\":\"Comiss\u00e3o de Sa\u00fade da CMN visita UBS do Alto da Torre - Blog do Bispo\",\"isPartOf\":{\"@id\":\"https:\/\/blogdobispo.com.br\/#website\"},\"primaryImageOfPage\":{\"@id\":\"https:\/\/blogdobispo.com.br\/?p=19331#primaryimage\"},\"image\":{\"@id\":\"https:\/\/blogdobispo.com.br\/?p=19331#primaryimage\"},\"thumbnailUrl\":\"https:\/\/i0.wp.com\/blogdobispo.com.br\/wp-content\/uploads\/2026\/03\/33c17bc24be5706ed0892a1cf4072fd4.jpg?fit=1600%2C1091&ssl=1\",\"datePublished\":\"2026-03-10T14:56:43+00:00\",\"breadcrumb\":{\"@id\":\"https:\/\/blogdobispo.com.br\/?p=19331#breadcrumb\"},\"inLanguage\":\"pt-BR\",\"potentialAction\":[{\"@type\":\"ReadAction\",\"target\":[\"https:\/\/blogdobispo.com.br\/?p=19331\"]}]},{\"@type\":\"ImageObject\",\"inLanguage\":\"pt-BR\",\"@id\":\"https:\/\/blogdobispo.com.br\/?p=19331#primaryimage\",\"url\":\"https:\/\/i0.wp.com\/blogdobispo.com.br\/wp-content\/uploads\/2026\/03\/33c17bc24be5706ed0892a1cf4072fd4.jpg?fit=1600%2C1091&ssl=1\",\"contentUrl\":\"https:\/\/i0.wp.com\/blogdobispo.com.br\/wp-content\/uploads\/2026\/03\/33c17bc24be5706ed0892a1cf4072fd4.jpg?fit=1600%2C1091&ssl=1\",\"width\":1600,\"height\":1091},{\"@type\":\"BreadcrumbList\",\"@id\":\"https:\/\/blogdobispo.com.br\/?p=19331#breadcrumb\",\"itemListElement\":[{\"@type\":\"ListItem\",\"position\":1,\"name\":\"In\u00edcio\",\"item\":\"https:\/\/blogdobispo.com.br\/\"},{\"@type\":\"ListItem\",\"position\":2,\"name\":\"Comiss\u00e3o de Sa\u00fade da CMN visita UBS do Alto da Torre\"}]},{\"@type\":\"WebSite\",\"@id\":\"https:\/\/blogdobispo.com.br\/#website\",\"url\":\"https:\/\/blogdobispo.com.br\/\",\"name\":\"Blog do Bispo\",\"description\":\"Comprometido apenas com o leitor\",\"publisher\":{\"@id\":\"https:\/\/blogdobispo.com.br\/#organization\"},\"potentialAction\":[{\"@type\":\"SearchAction\",\"target\":{\"@type\":\"EntryPoint\",\"urlTemplate\":\"https:\/\/blogdobispo.com.br\/?s={search_term_string}\"},\"query-input\":{\"@type\":\"PropertyValueSpecification\",\"valueRequired\":true,\"valueName\":\"search_term_string\"}}],\"inLanguage\":\"pt-BR\"},{\"@type\":\"Organization\",\"@id\":\"https:\/\/blogdobispo.com.br\/#organization\",\"name\":\"Blog do Bispo\",\"url\":\"https:\/\/blogdobispo.com.br\/\",\"logo\":{\"@type\":\"ImageObject\",\"inLanguage\":\"pt-BR\",\"@id\":\"https:\/\/blogdobispo.com.br\/#\/schema\/logo\/image\/\",\"url\":\"http:\/\/blogdobispo.com.br\/wp-content\/uploads\/2023\/05\/cropped-headear.png\",\"contentUrl\":\"http:\/\/blogdobispo.com.br\/wp-content\/uploads\/2023\/05\/cropped-headear.png\",\"width\":1500,\"height\":399,\"caption\":\"Blog do Bispo\"},\"image\":{\"@id\":\"https:\/\/blogdobispo.com.br\/#\/schema\/logo\/image\/\"}},{\"@type\":\"Person\",\"@id\":\"https:\/\/blogdobispo.com.br\/#\/schema\/person\/e2209cc0e6cea5c5233d033e997b373f\",\"name\":\"Jefferson Sterfeno\",\"image\":{\"@type\":\"ImageObject\",\"inLanguage\":\"pt-BR\",\"@id\":\"https:\/\/blogdobispo.com.br\/#\/schema\/person\/image\/\",\"url\":\"https:\/\/secure.gravatar.com\/avatar\/0534e84764641168a677026b6d57a3f51dc7ac4db0b4f6186d9cb330d4ee1160?s=96&d=mm&r=g\",\"contentUrl\":\"https:\/\/secure.gravatar.com\/avatar\/0534e84764641168a677026b6d57a3f51dc7ac4db0b4f6186d9cb330d4ee1160?s=96&d=mm&r=g\",\"caption\":\"Jefferson Sterfeno\"},\"sameAs\":[\"http:\/\/blogdobispo.com.br\"],\"url\":\"https:\/\/blogdobispo.com.br\/?author=1\"}]}<\/script>\n<!-- \/ Yoast SEO plugin. -->","yoast_head_json":{"title":"Comiss\u00e3o de Sa\u00fade da CMN visita UBS do Alto da Torre - Blog do Bispo","robots":{"index":"index","follow":"follow","max-snippet":"max-snippet:-1","max-image-preview":"max-image-preview:large","max-video-preview":"max-video-preview:-1"},"canonical":"https:\/\/blogdobispo.com.br\/?p=19331","og_locale":"pt_BR","og_type":"article","og_title":"Comiss\u00e3o de Sa\u00fade da CMN visita UBS do Alto da Torre - Blog do Bispo","og_description":"Em sua primeira visita fiscalizat\u00f3ria de 2026 nos equipamentos de sa\u00fade da capital potiguar, a Comiss\u00e3o de Sa\u00fade, Previd\u00eancia e de Assist\u00eancia Social da C\u00e2mara Municipal de Natal esteve nesta segunda-feira (09) nas instala\u00e7\u00f5es da Unidade B\u00e1sica de Sa\u00fade do Alto da Torre, zona Norte. Participaram do encontro a vereadora Camila Ara\u00fajo (Uni\u00e3o Brasil) e [&hellip;]","og_url":"https:\/\/blogdobispo.com.br\/?p=19331","og_site_name":"Blog do Bispo","article_published_time":"2026-03-10T14:56:43+00:00","og_image":[{"width":1600,"height":1091,"url":"http:\/\/blogdobispo.com.br\/wp-content\/uploads\/2026\/03\/33c17bc24be5706ed0892a1cf4072fd4.jpg","type":"image\/jpeg"}],"author":"Jefferson Sterfeno","twitter_card":"summary_large_image","twitter_misc":{"Escrito por":"Jefferson Sterfeno","Est. tempo de leitura":"3 minutos"},"schema":{"@context":"https:\/\/schema.org","@graph":[{"@type":"Article","@id":"https:\/\/blogdobispo.com.br\/?p=19331#article","isPartOf":{"@id":"https:\/\/blogdobispo.com.br\/?p=19331"},"author":{"name":"Jefferson Sterfeno","@id":"https:\/\/blogdobispo.com.br\/#\/schema\/person\/e2209cc0e6cea5c5233d033e997b373f"},"headline":"Comiss\u00e3o de Sa\u00fade da CMN visita UBS do Alto da Torre","datePublished":"2026-03-10T14:56:43+00:00","mainEntityOfPage":{"@id":"https:\/\/blogdobispo.com.br\/?p=19331"},"wordCount":392,"commentCount":0,"publisher":{"@id":"https:\/\/blogdobispo.com.br\/#organization"},"image":{"@id":"https:\/\/blogdobispo.com.br\/?p=19331#primaryimage"},"thumbnailUrl":"https:\/\/i0.wp.com\/blogdobispo.com.br\/wp-content\/uploads\/2026\/03\/33c17bc24be5706ed0892a1cf4072fd4.jpg?fit=1600%2C1091&ssl=1","articleSection":["diversos"],"inLanguage":"pt-BR","potentialAction":[{"@type":"CommentAction","name":"Comment","target":["https:\/\/blogdobispo.com.br\/?p=19331#respond"]}]},{"@type":"WebPage","@id":"https:\/\/blogdobispo.com.br\/?p=19331","url":"https:\/\/blogdobispo.com.br\/?p=19331","name":"Comiss\u00e3o de Sa\u00fade da CMN visita UBS do Alto da Torre - Blog do Bispo","isPartOf":{"@id":"https:\/\/blogdobispo.com.br\/#website"},"primaryImageOfPage":{"@id":"https:\/\/blogdobispo.com.br\/?p=19331#primaryimage"},"image":{"@id":"https:\/\/blogdobispo.com.br\/?p=19331#primaryimage"},"thumbnailUrl":"https:\/\/i0.wp.com\/blogdobispo.com.br\/wp-content\/uploads\/2026\/03\/33c17bc24be5706ed0892a1cf4072fd4.jpg?fit=1600%2C1091&ssl=1","datePublished":"2026-03-10T14:56:43+00:00","breadcrumb":{"@id":"https:\/\/blogdobispo.com.br\/?p=19331#breadcrumb"},"inLanguage":"pt-BR","potentialAction":[{"@type":"ReadAction","target":["https:\/\/blogdobispo.com.br\/?p=19331"]}]},{"@type":"ImageObject","inLanguage":"pt-BR","@id":"https:\/\/blogdobispo.com.br\/?p=19331#primaryimage","url":"https:\/\/i0.wp.com\/blogdobispo.com.br\/wp-content\/uploads\/2026\/03\/33c17bc24be5706ed0892a1cf4072fd4.jpg?fit=1600%2C1091&ssl=1","contentUrl":"https:\/\/i0.wp.com\/blogdobispo.com.br\/wp-content\/uploads\/2026\/03\/33c17bc24be5706ed0892a1cf4072fd4.jpg?fit=1600%2C1091&ssl=1","width":1600,"height":1091},{"@type":"BreadcrumbList","@id":"https:\/\/blogdobispo.com.br\/?p=19331#breadcrumb","itemListElement":[{"@type":"ListItem","position":1,"name":"In\u00edcio","item":"https:\/\/blogdobispo.com.br\/"},{"@type":"ListItem","position":2,"name":"Comiss\u00e3o de Sa\u00fade da CMN visita UBS do Alto da Torre"}]},{"@type":"WebSite","@id":"https:\/\/blogdobispo.com.br\/#website","url":"https:\/\/blogdobispo.com.br\/","name":"Blog do Bispo","description":"Comprometido apenas com o leitor","publisher":{"@id":"https:\/\/blogdobispo.com.br\/#organization"},"potentialAction":[{"@type":"SearchAction","target":{"@type":"EntryPoint","urlTemplate":"https:\/\/blogdobispo.com.br\/?s={search_term_string}"},"query-input":{"@type":"PropertyValueSpecification","valueRequired":true,"valueName":"search_term_string"}}],"inLanguage":"pt-BR"},{"@type":"Organization","@id":"https:\/\/blogdobispo.com.br\/#organization","name":"Blog do Bispo","url":"https:\/\/blogdobispo.com.br\/","logo":{"@type":"ImageObject","inLanguage":"pt-BR","@id":"https:\/\/blogdobispo.com.br\/#\/schema\/logo\/image\/","url":"http:\/\/blogdobispo.com.br\/wp-content\/uploads\/2023\/05\/cropped-headear.png","contentUrl":"http:\/\/blogdobispo.com.br\/wp-content\/uploads\/2023\/05\/cropped-headear.png","width":1500,"height":399,"caption":"Blog do Bispo"},"image":{"@id":"https:\/\/blogdobispo.com.br\/#\/schema\/logo\/image\/"}},{"@type":"Person","@id":"https:\/\/blogdobispo.com.br\/#\/schema\/person\/e2209cc0e6cea5c5233d033e997b373f","name":"Jefferson Sterfeno","image":{"@type":"ImageObject","inLanguage":"pt-BR","@id":"https:\/\/blogdobispo.com.br\/#\/schema\/person\/image\/","url":"https:\/\/secure.gravatar.com\/avatar\/0534e84764641168a677026b6d57a3f51dc7ac4db0b4f6186d9cb330d4ee1160?s=96&d=mm&r=g","contentUrl":"https:\/\/secure.gravatar.com\/avatar\/0534e84764641168a677026b6d57a3f51dc7ac4db0b4f6186d9cb330d4ee1160?s=96&d=mm&r=g","caption":"Jefferson Sterfeno"},"sameAs":["http:\/\/blogdobispo.com.br"],"url":"https:\/\/blogdobispo.com.br\/?author=1"}]}},"featured_image_urls":{"full":["https:\/\/i0.wp.com\/blogdobispo.com.br\/wp-content\/uploads\/2026\/03\/33c17bc24be5706ed0892a1cf4072fd4.jpg?fit=1600%2C1091&ssl=1",1600,1091,false],"thumbnail":["https:\/\/i0.wp.com\/blogdobispo.com.br\/wp-content\/uploads\/2026\/03\/33c17bc24be5706ed0892a1cf4072fd4.jpg?resize=150%2C150&ssl=1",150,150,true],"medium":["https:\/\/i0.wp.com\/blogdobispo.com.br\/wp-content\/uploads\/2026\/03\/33c17bc24be5706ed0892a1cf4072fd4.jpg?fit=300%2C205&ssl=1",300,205,true],"medium_large":["https:\/\/i0.wp.com\/blogdobispo.com.br\/wp-content\/uploads\/2026\/03\/33c17bc24be5706ed0892a1cf4072fd4.jpg?fit=768%2C524&ssl=1",768,524,true],"large":["https:\/\/i0.wp.com\/blogdobispo.com.br\/wp-content\/uploads\/2026\/03\/33c17bc24be5706ed0892a1cf4072fd4.jpg?fit=800%2C545&ssl=1",800,545,true],"1536x1536":["https:\/\/i0.wp.com\/blogdobispo.com.br\/wp-content\/uploads\/2026\/03\/33c17bc24be5706ed0892a1cf4072fd4.jpg?fit=1536%2C1047&ssl=1",1536,1047,true],"2048x2048":["https:\/\/i0.wp.com\/blogdobispo.com.br\/wp-content\/uploads\/2026\/03\/33c17bc24be5706ed0892a1cf4072fd4.jpg?fit=1600%2C1091&ssl=1",1600,1091,true]},"author_info":{"display_name":"Jefferson Sterfeno","author_link":"https:\/\/blogdobispo.com.br\/?author=1"},"category_info":"<a href=\"https:\/\/blogdobispo.com.br\/?cat=1\" rel=\"category\">diversos<\/a>","tag_info":"diversos","comment_count":"0","jetpack_featured_media_url":"https:\/\/i0.wp.com\/blogdobispo.com.br\/wp-content\/uploads\/2026\/03\/33c17bc24be5706ed0892a1cf4072fd4.jpg?fit=1600%2C1091&ssl=1","jetpack_sharing_enabled":true,"_links":{"self":[{"href":"https:\/\/blogdobispo.com.br\/index.php?rest_route=\/wp\/v2\/posts\/19331","targetHints":{"allow":["GET"]}}],"collection":[{"href":"https:\/\/blogdobispo.com.br\/index.php?rest_route=\/wp\/v2\/posts"}],"about":[{"href":"https:\/\/blogdobispo.com.br\/index.php?rest_route=\/wp\/v2\/types\/post"}],"author":[{"embeddable":true,"href":"https:\/\/blogdobispo.com.br\/index.php?rest_route=\/wp\/v2\/users\/1"}],"replies":[{"embeddable":true,"href":"https:\/\/blogdobispo.com.br\/index.php?rest_route=%2Fwp%2Fv2%2Fcomments&post=19331"}],"version-history":[{"count":1,"href":"https:\/\/blogdobispo.com.br\/index.php?rest_route=\/wp\/v2\/posts\/19331\/revisions"}],"predecessor-version":[{"id":19333,"href":"https:\/\/blogdobispo.com.br\/index.php?rest_route=\/wp\/v2\/posts\/19331\/revisions\/19333"}],"wp:featuredmedia":[{"embeddable":true,"href":"https:\/\/blogdobispo.com.br\/index.php?rest_route=\/wp\/v2\/media\/19332"}],"wp:attachment":[{"href":"https:\/\/blogdobispo.com.br\/index.php?rest_route=%2Fwp%2Fv2%2Fmedia&parent=19331"}],"wp:term":[{"taxonomy":"category","embeddable":true,"href":"https:\/\/blogdobispo.com.br\/index.php?rest_route=%2Fwp%2Fv2%2Fcategories&post=19331"},{"taxonomy":"post_tag","embeddable":true,"href":"https:\/\/blogdobispo.com.br\/index.php?rest_route=%2Fwp%2Fv2%2Ftags&post=19331"}],"curies":[{"name":"wp","href":"https:\/\/api.w.org\/{rel}","templated":true}]}}