{"id":19327,"date":"2026-03-09T12:52:04","date_gmt":"2026-03-09T12:52:04","guid":{"rendered":"https:\/\/blogdobispo.com.br\/?p=19327"},"modified":"2026-03-09T12:55:38","modified_gmt":"2026-03-09T12:55:38","slug":"prefeitos-perdem-protagonismo-em-eleicao-estadual-ao-dividir-votos","status":"publish","type":"post","link":"https:\/\/blogdobispo.com.br\/?p=19327","title":{"rendered":"Prefeitos perdem protagonismo em elei\u00e7\u00e3o estadual ao dividir votos"},"content":{"rendered":"\n<figure class=\"wp-block-image size-large\"><img data-recalc-dims=\"1\" fetchpriority=\"high\" decoding=\"async\" width=\"800\" height=\"533\" src=\"https:\/\/i0.wp.com\/blogdobispo.com.br\/wp-content\/uploads\/2026\/03\/img_0316.jpg?resize=800%2C533&#038;ssl=1\" alt=\"\" class=\"wp-image-19325\" srcset=\"https:\/\/i0.wp.com\/blogdobispo.com.br\/wp-content\/uploads\/2026\/03\/img_0316.jpg?w=800&amp;ssl=1 800w, https:\/\/i0.wp.com\/blogdobispo.com.br\/wp-content\/uploads\/2026\/03\/img_0316.jpg?resize=300%2C200&amp;ssl=1 300w, https:\/\/i0.wp.com\/blogdobispo.com.br\/wp-content\/uploads\/2026\/03\/img_0316.jpg?resize=768%2C512&amp;ssl=1 768w\" sizes=\"(max-width: 800px) 100vw, 800px\" \/><\/figure>\n\n\n\n<p class=\"p1\">Durante muito tempo, o apoio de prefeitos do interior era praticamente sin\u00f4nimo de sucesso eleitoral para deputados estaduais e federais. Quem acumulava prefeitos em seu palanque normalmente largava na frente e garantia vota\u00e7\u00f5es expressivas. Por\u00e9m, essa l\u00f3gica vem perdendo for\u00e7a.<\/p>\n\n\n\n<p class=\"p1\">Com a escassez cada vez maior de recursos p\u00fablicos e o aumento das demandas locais, muitos prefeitos passaram a adotar uma estrat\u00e9gia de divis\u00e3o pol\u00edtica. Em vez de concentrar apoio em um \u00fanico candidato, dividem as bases: vereadores apoiam nomes diferentes, secret\u00e1rios tamb\u00e9m entram no jogo e o pr\u00f3prio prefeito, muitas vezes, tenta manter rela\u00e7\u00f5es com mais de um grupo pol\u00edtico.<\/p>\n\n\n\n<p class=\"p1\">Esse \u201carranjo\u201d pol\u00edtico \u2014 uma esp\u00e9cie de equil\u00edbrio para agradar diferentes for\u00e7as \u2014 tende a marcar o processo eleitoral deste ano no estado. A ideia \u00e9 evitar desgaste e manter portas abertas com v\u00e1rios parlamentares que possam, no futuro, ajudar o munic\u00edpio.<\/p>\n\n\n\n<p class=\"p1\">No entanto, essa t\u00e1tica nem sempre garante resultado. Muitos deputados passaram a avaliar que o chamado \u201capoio de prefeitura\u201d ficou caro demais. Al\u00e9m das cobran\u00e7as pol\u00edticas e administrativas, existe o risco de o apoio n\u00e3o se traduzir em votos suficientes para justificar o investimento pol\u00edtico e financeiro.<\/p>\n\n\n\n<p class=\"p1\">Por isso, alguns parlamentares est\u00e3o preferindo apostar em apoios pulverizados, conquistando lideran\u00e7as comunit\u00e1rias, grupos locais e bases independentes, em vez de concentrar esfor\u00e7os em alian\u00e7as institucionais com prefeituras.<\/p>\n\n\n\n<p>Na elei\u00e7\u00e3o para governador a coisa muda de figura, j\u00e1 que n\u00e3o \u00e9 normal haver a divis\u00e3o de apoio na elei\u00e7\u00e3o para o executivo.<\/p>\n\n\n\n<p class=\"p1\">O resultado \u00e9 um novo desenho eleitoral: ter muitos prefeitos ao lado j\u00e1 n\u00e3o significa, necessariamente, uma grande vota\u00e7\u00e3o nas urnas. Nas elei\u00e7\u00f5es atuais, capilaridade social e presen\u00e7a direta nas comunidades podem pesar tanto \u2014 ou at\u00e9 mais \u2014 do que o tradicional apoio institucional das prefeituras.<\/p>\n","protected":false},"excerpt":{"rendered":"<p>Durante muito tempo, o apoio de prefeitos do interior era praticamente sin\u00f4nimo de sucesso eleitoral para deputados estaduais e federais. Quem acumulava prefeitos em seu palanque normalmente largava na frente e garantia vota\u00e7\u00f5es expressivas. Por\u00e9m, essa l\u00f3gica vem perdendo for\u00e7a. Com a escassez cada vez maior de recursos p\u00fablicos e o aumento das demandas locais, [&hellip;]<\/p>\n","protected":false},"author":1,"featured_media":19326,"comment_status":"open","ping_status":"open","sticky":false,"template":"","format":"standard","meta":{"cybocfi_hide_featured_image":"","_jetpack_memberships_contains_paid_content":false,"footnotes":""},"categories":[1],"tags":[],"class_list":["post-19327","post","type-post","status-publish","format-standard","has-post-thumbnail","hentry","category-diversos"],"yoast_head":"<!-- This site is optimized with the Yoast SEO plugin v25.6 - https:\/\/yoast.com\/wordpress\/plugins\/seo\/ -->\n<title>Prefeitos perdem protagonismo em elei\u00e7\u00e3o estadual ao dividir votos - Blog do Bispo<\/title>\n<meta name=\"robots\" content=\"index, follow, max-snippet:-1, max-image-preview:large, max-video-preview:-1\" \/>\n<link rel=\"canonical\" href=\"https:\/\/blogdobispo.com.br\/?p=19327\" \/>\n<meta property=\"og:locale\" content=\"pt_BR\" \/>\n<meta property=\"og:type\" content=\"article\" \/>\n<meta property=\"og:title\" content=\"Prefeitos perdem protagonismo em elei\u00e7\u00e3o estadual ao dividir votos - Blog do Bispo\" \/>\n<meta property=\"og:description\" content=\"Durante muito tempo, o apoio de prefeitos do interior era praticamente sin\u00f4nimo de sucesso eleitoral para deputados estaduais e federais. Quem acumulava prefeitos em seu palanque normalmente largava na frente e garantia vota\u00e7\u00f5es expressivas. Por\u00e9m, essa l\u00f3gica vem perdendo for\u00e7a. Com a escassez cada vez maior de recursos p\u00fablicos e o aumento das demandas locais, [&hellip;]\" \/>\n<meta property=\"og:url\" content=\"https:\/\/blogdobispo.com.br\/?p=19327\" \/>\n<meta property=\"og:site_name\" content=\"Blog do Bispo\" \/>\n<meta property=\"article:published_time\" content=\"2026-03-09T12:52:04+00:00\" \/>\n<meta property=\"article:modified_time\" content=\"2026-03-09T12:55:38+00:00\" \/>\n<meta property=\"og:image\" content=\"https:\/\/i0.wp.com\/blogdobispo.com.br\/wp-content\/uploads\/2026\/03\/img_0316-1.jpg?fit=800%2C533&ssl=1\" \/>\n\t<meta property=\"og:image:width\" content=\"800\" \/>\n\t<meta property=\"og:image:height\" content=\"533\" \/>\n\t<meta property=\"og:image:type\" content=\"image\/jpeg\" \/>\n<meta name=\"author\" content=\"Jefferson Sterfeno\" \/>\n<meta name=\"twitter:card\" content=\"summary_large_image\" \/>\n<meta name=\"twitter:label1\" content=\"Escrito por\" \/>\n\t<meta name=\"twitter:data1\" content=\"Jefferson Sterfeno\" \/>\n\t<meta name=\"twitter:label2\" content=\"Est. tempo de leitura\" \/>\n\t<meta name=\"twitter:data2\" content=\"2 minutos\" \/>\n<script type=\"application\/ld+json\" class=\"yoast-schema-graph\">{\"@context\":\"https:\/\/schema.org\",\"@graph\":[{\"@type\":\"Article\",\"@id\":\"https:\/\/blogdobispo.com.br\/?p=19327#article\",\"isPartOf\":{\"@id\":\"https:\/\/blogdobispo.com.br\/?p=19327\"},\"author\":{\"name\":\"Jefferson Sterfeno\",\"@id\":\"https:\/\/blogdobispo.com.br\/#\/schema\/person\/e2209cc0e6cea5c5233d033e997b373f\"},\"headline\":\"Prefeitos perdem protagonismo em elei\u00e7\u00e3o estadual ao dividir votos\",\"datePublished\":\"2026-03-09T12:52:04+00:00\",\"dateModified\":\"2026-03-09T12:55:38+00:00\",\"mainEntityOfPage\":{\"@id\":\"https:\/\/blogdobispo.com.br\/?p=19327\"},\"wordCount\":331,\"commentCount\":0,\"publisher\":{\"@id\":\"https:\/\/blogdobispo.com.br\/#organization\"},\"image\":{\"@id\":\"https:\/\/blogdobispo.com.br\/?p=19327#primaryimage\"},\"thumbnailUrl\":\"https:\/\/i0.wp.com\/blogdobispo.com.br\/wp-content\/uploads\/2026\/03\/img_0316-1.jpg?fit=800%2C533&ssl=1\",\"articleSection\":[\"diversos\"],\"inLanguage\":\"pt-BR\",\"potentialAction\":[{\"@type\":\"CommentAction\",\"name\":\"Comment\",\"target\":[\"https:\/\/blogdobispo.com.br\/?p=19327#respond\"]}]},{\"@type\":\"WebPage\",\"@id\":\"https:\/\/blogdobispo.com.br\/?p=19327\",\"url\":\"https:\/\/blogdobispo.com.br\/?p=19327\",\"name\":\"Prefeitos perdem protagonismo em elei\u00e7\u00e3o estadual ao dividir votos - Blog do Bispo\",\"isPartOf\":{\"@id\":\"https:\/\/blogdobispo.com.br\/#website\"},\"primaryImageOfPage\":{\"@id\":\"https:\/\/blogdobispo.com.br\/?p=19327#primaryimage\"},\"image\":{\"@id\":\"https:\/\/blogdobispo.com.br\/?p=19327#primaryimage\"},\"thumbnailUrl\":\"https:\/\/i0.wp.com\/blogdobispo.com.br\/wp-content\/uploads\/2026\/03\/img_0316-1.jpg?fit=800%2C533&ssl=1\",\"datePublished\":\"2026-03-09T12:52:04+00:00\",\"dateModified\":\"2026-03-09T12:55:38+00:00\",\"breadcrumb\":{\"@id\":\"https:\/\/blogdobispo.com.br\/?p=19327#breadcrumb\"},\"inLanguage\":\"pt-BR\",\"potentialAction\":[{\"@type\":\"ReadAction\",\"target\":[\"https:\/\/blogdobispo.com.br\/?p=19327\"]}]},{\"@type\":\"ImageObject\",\"inLanguage\":\"pt-BR\",\"@id\":\"https:\/\/blogdobispo.com.br\/?p=19327#primaryimage\",\"url\":\"https:\/\/i0.wp.com\/blogdobispo.com.br\/wp-content\/uploads\/2026\/03\/img_0316-1.jpg?fit=800%2C533&ssl=1\",\"contentUrl\":\"https:\/\/i0.wp.com\/blogdobispo.com.br\/wp-content\/uploads\/2026\/03\/img_0316-1.jpg?fit=800%2C533&ssl=1\",\"width\":800,\"height\":533},{\"@type\":\"BreadcrumbList\",\"@id\":\"https:\/\/blogdobispo.com.br\/?p=19327#breadcrumb\",\"itemListElement\":[{\"@type\":\"ListItem\",\"position\":1,\"name\":\"In\u00edcio\",\"item\":\"https:\/\/blogdobispo.com.br\/\"},{\"@type\":\"ListItem\",\"position\":2,\"name\":\"Prefeitos perdem protagonismo em elei\u00e7\u00e3o estadual ao dividir votos\"}]},{\"@type\":\"WebSite\",\"@id\":\"https:\/\/blogdobispo.com.br\/#website\",\"url\":\"https:\/\/blogdobispo.com.br\/\",\"name\":\"Blog do Bispo\",\"description\":\"Comprometido apenas com o leitor\",\"publisher\":{\"@id\":\"https:\/\/blogdobispo.com.br\/#organization\"},\"potentialAction\":[{\"@type\":\"SearchAction\",\"target\":{\"@type\":\"EntryPoint\",\"urlTemplate\":\"https:\/\/blogdobispo.com.br\/?s={search_term_string}\"},\"query-input\":{\"@type\":\"PropertyValueSpecification\",\"valueRequired\":true,\"valueName\":\"search_term_string\"}}],\"inLanguage\":\"pt-BR\"},{\"@type\":\"Organization\",\"@id\":\"https:\/\/blogdobispo.com.br\/#organization\",\"name\":\"Blog do Bispo\",\"url\":\"https:\/\/blogdobispo.com.br\/\",\"logo\":{\"@type\":\"ImageObject\",\"inLanguage\":\"pt-BR\",\"@id\":\"https:\/\/blogdobispo.com.br\/#\/schema\/logo\/image\/\",\"url\":\"http:\/\/blogdobispo.com.br\/wp-content\/uploads\/2023\/05\/cropped-headear.png\",\"contentUrl\":\"http:\/\/blogdobispo.com.br\/wp-content\/uploads\/2023\/05\/cropped-headear.png\",\"width\":1500,\"height\":399,\"caption\":\"Blog do Bispo\"},\"image\":{\"@id\":\"https:\/\/blogdobispo.com.br\/#\/schema\/logo\/image\/\"}},{\"@type\":\"Person\",\"@id\":\"https:\/\/blogdobispo.com.br\/#\/schema\/person\/e2209cc0e6cea5c5233d033e997b373f\",\"name\":\"Jefferson Sterfeno\",\"image\":{\"@type\":\"ImageObject\",\"inLanguage\":\"pt-BR\",\"@id\":\"https:\/\/blogdobispo.com.br\/#\/schema\/person\/image\/\",\"url\":\"https:\/\/secure.gravatar.com\/avatar\/0534e84764641168a677026b6d57a3f51dc7ac4db0b4f6186d9cb330d4ee1160?s=96&d=mm&r=g\",\"contentUrl\":\"https:\/\/secure.gravatar.com\/avatar\/0534e84764641168a677026b6d57a3f51dc7ac4db0b4f6186d9cb330d4ee1160?s=96&d=mm&r=g\",\"caption\":\"Jefferson Sterfeno\"},\"sameAs\":[\"http:\/\/blogdobispo.com.br\"],\"url\":\"https:\/\/blogdobispo.com.br\/?author=1\"}]}<\/script>\n<!-- \/ Yoast SEO plugin. -->","yoast_head_json":{"title":"Prefeitos perdem protagonismo em elei\u00e7\u00e3o estadual ao dividir votos - Blog do Bispo","robots":{"index":"index","follow":"follow","max-snippet":"max-snippet:-1","max-image-preview":"max-image-preview:large","max-video-preview":"max-video-preview:-1"},"canonical":"https:\/\/blogdobispo.com.br\/?p=19327","og_locale":"pt_BR","og_type":"article","og_title":"Prefeitos perdem protagonismo em elei\u00e7\u00e3o estadual ao dividir votos - Blog do Bispo","og_description":"Durante muito tempo, o apoio de prefeitos do interior era praticamente sin\u00f4nimo de sucesso eleitoral para deputados estaduais e federais. Quem acumulava prefeitos em seu palanque normalmente largava na frente e garantia vota\u00e7\u00f5es expressivas. Por\u00e9m, essa l\u00f3gica vem perdendo for\u00e7a. Com a escassez cada vez maior de recursos p\u00fablicos e o aumento das demandas locais, [&hellip;]","og_url":"https:\/\/blogdobispo.com.br\/?p=19327","og_site_name":"Blog do Bispo","article_published_time":"2026-03-09T12:52:04+00:00","article_modified_time":"2026-03-09T12:55:38+00:00","og_image":[{"width":800,"height":533,"url":"https:\/\/i0.wp.com\/blogdobispo.com.br\/wp-content\/uploads\/2026\/03\/img_0316-1.jpg?fit=800%2C533&ssl=1","type":"image\/jpeg"}],"author":"Jefferson Sterfeno","twitter_card":"summary_large_image","twitter_misc":{"Escrito por":"Jefferson Sterfeno","Est. tempo de leitura":"2 minutos"},"schema":{"@context":"https:\/\/schema.org","@graph":[{"@type":"Article","@id":"https:\/\/blogdobispo.com.br\/?p=19327#article","isPartOf":{"@id":"https:\/\/blogdobispo.com.br\/?p=19327"},"author":{"name":"Jefferson Sterfeno","@id":"https:\/\/blogdobispo.com.br\/#\/schema\/person\/e2209cc0e6cea5c5233d033e997b373f"},"headline":"Prefeitos perdem protagonismo em elei\u00e7\u00e3o estadual ao dividir votos","datePublished":"2026-03-09T12:52:04+00:00","dateModified":"2026-03-09T12:55:38+00:00","mainEntityOfPage":{"@id":"https:\/\/blogdobispo.com.br\/?p=19327"},"wordCount":331,"commentCount":0,"publisher":{"@id":"https:\/\/blogdobispo.com.br\/#organization"},"image":{"@id":"https:\/\/blogdobispo.com.br\/?p=19327#primaryimage"},"thumbnailUrl":"https:\/\/i0.wp.com\/blogdobispo.com.br\/wp-content\/uploads\/2026\/03\/img_0316-1.jpg?fit=800%2C533&ssl=1","articleSection":["diversos"],"inLanguage":"pt-BR","potentialAction":[{"@type":"CommentAction","name":"Comment","target":["https:\/\/blogdobispo.com.br\/?p=19327#respond"]}]},{"@type":"WebPage","@id":"https:\/\/blogdobispo.com.br\/?p=19327","url":"https:\/\/blogdobispo.com.br\/?p=19327","name":"Prefeitos perdem protagonismo em elei\u00e7\u00e3o estadual ao dividir votos - Blog do Bispo","isPartOf":{"@id":"https:\/\/blogdobispo.com.br\/#website"},"primaryImageOfPage":{"@id":"https:\/\/blogdobispo.com.br\/?p=19327#primaryimage"},"image":{"@id":"https:\/\/blogdobispo.com.br\/?p=19327#primaryimage"},"thumbnailUrl":"https:\/\/i0.wp.com\/blogdobispo.com.br\/wp-content\/uploads\/2026\/03\/img_0316-1.jpg?fit=800%2C533&ssl=1","datePublished":"2026-03-09T12:52:04+00:00","dateModified":"2026-03-09T12:55:38+00:00","breadcrumb":{"@id":"https:\/\/blogdobispo.com.br\/?p=19327#breadcrumb"},"inLanguage":"pt-BR","potentialAction":[{"@type":"ReadAction","target":["https:\/\/blogdobispo.com.br\/?p=19327"]}]},{"@type":"ImageObject","inLanguage":"pt-BR","@id":"https:\/\/blogdobispo.com.br\/?p=19327#primaryimage","url":"https:\/\/i0.wp.com\/blogdobispo.com.br\/wp-content\/uploads\/2026\/03\/img_0316-1.jpg?fit=800%2C533&ssl=1","contentUrl":"https:\/\/i0.wp.com\/blogdobispo.com.br\/wp-content\/uploads\/2026\/03\/img_0316-1.jpg?fit=800%2C533&ssl=1","width":800,"height":533},{"@type":"BreadcrumbList","@id":"https:\/\/blogdobispo.com.br\/?p=19327#breadcrumb","itemListElement":[{"@type":"ListItem","position":1,"name":"In\u00edcio","item":"https:\/\/blogdobispo.com.br\/"},{"@type":"ListItem","position":2,"name":"Prefeitos perdem protagonismo em elei\u00e7\u00e3o estadual ao dividir votos"}]},{"@type":"WebSite","@id":"https:\/\/blogdobispo.com.br\/#website","url":"https:\/\/blogdobispo.com.br\/","name":"Blog do Bispo","description":"Comprometido apenas com o leitor","publisher":{"@id":"https:\/\/blogdobispo.com.br\/#organization"},"potentialAction":[{"@type":"SearchAction","target":{"@type":"EntryPoint","urlTemplate":"https:\/\/blogdobispo.com.br\/?s={search_term_string}"},"query-input":{"@type":"PropertyValueSpecification","valueRequired":true,"valueName":"search_term_string"}}],"inLanguage":"pt-BR"},{"@type":"Organization","@id":"https:\/\/blogdobispo.com.br\/#organization","name":"Blog do Bispo","url":"https:\/\/blogdobispo.com.br\/","logo":{"@type":"ImageObject","inLanguage":"pt-BR","@id":"https:\/\/blogdobispo.com.br\/#\/schema\/logo\/image\/","url":"http:\/\/blogdobispo.com.br\/wp-content\/uploads\/2023\/05\/cropped-headear.png","contentUrl":"http:\/\/blogdobispo.com.br\/wp-content\/uploads\/2023\/05\/cropped-headear.png","width":1500,"height":399,"caption":"Blog do Bispo"},"image":{"@id":"https:\/\/blogdobispo.com.br\/#\/schema\/logo\/image\/"}},{"@type":"Person","@id":"https:\/\/blogdobispo.com.br\/#\/schema\/person\/e2209cc0e6cea5c5233d033e997b373f","name":"Jefferson Sterfeno","image":{"@type":"ImageObject","inLanguage":"pt-BR","@id":"https:\/\/blogdobispo.com.br\/#\/schema\/person\/image\/","url":"https:\/\/secure.gravatar.com\/avatar\/0534e84764641168a677026b6d57a3f51dc7ac4db0b4f6186d9cb330d4ee1160?s=96&d=mm&r=g","contentUrl":"https:\/\/secure.gravatar.com\/avatar\/0534e84764641168a677026b6d57a3f51dc7ac4db0b4f6186d9cb330d4ee1160?s=96&d=mm&r=g","caption":"Jefferson Sterfeno"},"sameAs":["http:\/\/blogdobispo.com.br"],"url":"https:\/\/blogdobispo.com.br\/?author=1"}]}},"featured_image_urls":{"full":["https:\/\/i0.wp.com\/blogdobispo.com.br\/wp-content\/uploads\/2026\/03\/img_0316-1.jpg?fit=800%2C533&ssl=1",800,533,false],"thumbnail":["https:\/\/i0.wp.com\/blogdobispo.com.br\/wp-content\/uploads\/2026\/03\/img_0316-1.jpg?resize=150%2C150&ssl=1",150,150,true],"medium":["https:\/\/i0.wp.com\/blogdobispo.com.br\/wp-content\/uploads\/2026\/03\/img_0316-1.jpg?fit=300%2C200&ssl=1",300,200,true],"medium_large":["https:\/\/i0.wp.com\/blogdobispo.com.br\/wp-content\/uploads\/2026\/03\/img_0316-1.jpg?fit=768%2C512&ssl=1",768,512,true],"large":["https:\/\/i0.wp.com\/blogdobispo.com.br\/wp-content\/uploads\/2026\/03\/img_0316-1.jpg?fit=800%2C533&ssl=1",800,533,true],"1536x1536":["https:\/\/i0.wp.com\/blogdobispo.com.br\/wp-content\/uploads\/2026\/03\/img_0316-1.jpg?fit=800%2C533&ssl=1",800,533,true],"2048x2048":["https:\/\/i0.wp.com\/blogdobispo.com.br\/wp-content\/uploads\/2026\/03\/img_0316-1.jpg?fit=800%2C533&ssl=1",800,533,true]},"author_info":{"display_name":"Jefferson Sterfeno","author_link":"https:\/\/blogdobispo.com.br\/?author=1"},"category_info":"<a href=\"https:\/\/blogdobispo.com.br\/?cat=1\" rel=\"category\">diversos<\/a>","tag_info":"diversos","comment_count":"0","jetpack_featured_media_url":"https:\/\/i0.wp.com\/blogdobispo.com.br\/wp-content\/uploads\/2026\/03\/img_0316-1.jpg?fit=800%2C533&ssl=1","jetpack_sharing_enabled":true,"_links":{"self":[{"href":"https:\/\/blogdobispo.com.br\/index.php?rest_route=\/wp\/v2\/posts\/19327","targetHints":{"allow":["GET"]}}],"collection":[{"href":"https:\/\/blogdobispo.com.br\/index.php?rest_route=\/wp\/v2\/posts"}],"about":[{"href":"https:\/\/blogdobispo.com.br\/index.php?rest_route=\/wp\/v2\/types\/post"}],"author":[{"embeddable":true,"href":"https:\/\/blogdobispo.com.br\/index.php?rest_route=\/wp\/v2\/users\/1"}],"replies":[{"embeddable":true,"href":"https:\/\/blogdobispo.com.br\/index.php?rest_route=%2Fwp%2Fv2%2Fcomments&post=19327"}],"version-history":[{"count":1,"href":"https:\/\/blogdobispo.com.br\/index.php?rest_route=\/wp\/v2\/posts\/19327\/revisions"}],"predecessor-version":[{"id":19328,"href":"https:\/\/blogdobispo.com.br\/index.php?rest_route=\/wp\/v2\/posts\/19327\/revisions\/19328"}],"wp:featuredmedia":[{"embeddable":true,"href":"https:\/\/blogdobispo.com.br\/index.php?rest_route=\/wp\/v2\/media\/19326"}],"wp:attachment":[{"href":"https:\/\/blogdobispo.com.br\/index.php?rest_route=%2Fwp%2Fv2%2Fmedia&parent=19327"}],"wp:term":[{"taxonomy":"category","embeddable":true,"href":"https:\/\/blogdobispo.com.br\/index.php?rest_route=%2Fwp%2Fv2%2Fcategories&post=19327"},{"taxonomy":"post_tag","embeddable":true,"href":"https:\/\/blogdobispo.com.br\/index.php?rest_route=%2Fwp%2Fv2%2Ftags&post=19327"}],"curies":[{"name":"wp","href":"https:\/\/api.w.org\/{rel}","templated":true}]}}