{"id":1931,"date":"2023-10-16T00:03:16","date_gmt":"2023-10-16T00:03:16","guid":{"rendered":"https:\/\/blogdobispo.com.br\/?p=1931"},"modified":"2023-10-16T00:03:16","modified_gmt":"2023-10-16T00:03:16","slug":"deputados-marcam-presenca-em-estande-da-assembleia-legislativa-na-festa-do-boi","status":"publish","type":"post","link":"https:\/\/blogdobispo.com.br\/?p=1931","title":{"rendered":"Deputados marcam presen\u00e7a em estande da Assembleia Legislativa na Festa do Boi"},"content":{"rendered":"\n<figure class=\"wp-block-image size-large\"><img data-recalc-dims=\"1\" fetchpriority=\"high\" decoding=\"async\" width=\"800\" height=\"534\" src=\"https:\/\/i0.wp.com\/blogdobispo.com.br\/wp-content\/uploads\/2023\/10\/img_3320-1-1024x683.jpg?resize=800%2C534&#038;ssl=1\" class=\"wp-image-1930\" srcset=\"https:\/\/i0.wp.com\/blogdobispo.com.br\/wp-content\/uploads\/2023\/10\/img_3320-1-scaled.jpg?resize=1024%2C683&amp;ssl=1 1024w, https:\/\/i0.wp.com\/blogdobispo.com.br\/wp-content\/uploads\/2023\/10\/img_3320-1-scaled.jpg?resize=300%2C200&amp;ssl=1 300w, https:\/\/i0.wp.com\/blogdobispo.com.br\/wp-content\/uploads\/2023\/10\/img_3320-1-scaled.jpg?resize=768%2C512&amp;ssl=1 768w, https:\/\/i0.wp.com\/blogdobispo.com.br\/wp-content\/uploads\/2023\/10\/img_3320-1-scaled.jpg?resize=1536%2C1024&amp;ssl=1 1536w, https:\/\/i0.wp.com\/blogdobispo.com.br\/wp-content\/uploads\/2023\/10\/img_3320-1-scaled.jpg?resize=2048%2C1366&amp;ssl=1 2048w, https:\/\/i0.wp.com\/blogdobispo.com.br\/wp-content\/uploads\/2023\/10\/img_3320-1-scaled.jpg?w=1600 1600w, https:\/\/i0.wp.com\/blogdobispo.com.br\/wp-content\/uploads\/2023\/10\/img_3320-1-scaled.jpg?w=2400 2400w\" sizes=\"(max-width: 800px) 100vw, 800px\" \/><\/figure>\n\n\n\n<p>O presidente em exerc\u00edcio, deputado Tomba Farias (PSDB), e deputados, como Luiz Eduardo (SDD), Jos\u00e9 Dias (PSDB), Terezinha Maia (PL), Gustavo Carvalho (PSDB) e Taveira J\u00fanior (Uni\u00e3o) visitaram, na noite desta quarta-feira (11), o estande do Legislativo Potiguar na 61\u00aa edi\u00e7\u00e3o da Festa do Boi. O evento acontece de 7 a 14 de outubro, no Parque Arist\u00f3fanes Fernandes, em Parnamirim. O espa\u00e7o da Assembleia Legislativa est\u00e1 funcionando das 15h \u00e0s 21h, em todos os dias do evento, ofertando servi\u00e7os de Sa\u00fade, Educa\u00e7\u00e3o, Lazer e apoio jur\u00eddico \u00e0 popula\u00e7\u00e3o. Al\u00e9m disso, o Legislativo montou um palco denominado \u201cAssembleia Cultural\u201d, que conta com apresenta\u00e7\u00f5es di\u00e1rias de cantores e artistas locais.<\/p>\n\n\n\n<p>\u201cEste evento conta, todo ano, com o apoio da Assembleia Legislativa, que al\u00e9m de elaborar leis, participa de momentos como este. Aqui n\u00f3s apoiamos as crian\u00e7as e jovens, com o espa\u00e7o de lazer e jogos; estamos realizando cortes de cabelo; e ajudamos os m\u00fasicos que est\u00e3o parados e v\u00eam aqui mostrar seu trabalho. Essas a\u00e7\u00f5es s\u00e3o muito importantes para o nosso povo. Por isso, eu quero parabenizar o Legislativo e o presidente Ezequiel pela participa\u00e7\u00e3o nesta grande festa, que gera emprego e renda para a popula\u00e7\u00e3o do RN\u201d, disse o presidente interino, Tomba Farias.<\/p>\n\n\n\n<p>O parlamentar acrescentou que a Assembleia n\u00e3o permanece apenas na capital, participando tamb\u00e9m das festas das padroeiras pelo interior do Estado.<\/p>\n\n\n\n<p>\u201cE isso \u00e9 muito relevante, pois \u00e9 o Legislativo fazendo parte efetivamente da vida e da cultura de muitos munic\u00edpios do Rio Grande do Norte\u201d, enfatizou.<\/p>\n\n\n\n<p>De acordo com o diretor de Pol\u00edticas Complementares da Casa, Ricardo Fonseca, os servi\u00e7os de Sa\u00fade proporcionados pelo espa\u00e7o do programa \u201cAssembleia e Voc\u00ea\u201d englobam a presen\u00e7a de enfermeiras, fazendo a aferi\u00e7\u00e3o de press\u00e3o, e de um m\u00e9dico de plant\u00e3o, realizando atendimentos cl\u00ednicos para quem necessitar.&nbsp;<\/p>\n\n\n\n<p>\u201cAl\u00e9m disso, ofertamos a parte de higiene bucal, principalmente para as crian\u00e7as, com orienta\u00e7\u00e3o de escova\u00e7\u00e3o, aplica\u00e7\u00e3o de fl\u00faor e distribui\u00e7\u00e3o de escovas de dente. No campo de Educa\u00e7\u00e3o e Lazer, temos a realiza\u00e7\u00e3o de pinturas relacionadas \u00e0 Festa do Boi, jogos de tabuleiro, tot\u00f3, uno etc. O nosso Procon tamb\u00e9m est\u00e1 presente, realizando atendimentos, esclarecendo direitos e abrindo processos. E, por fim, oferecemos um setor de autocuidado, com esmalta\u00e7\u00e3o e corte de cabelo\u201d, detalhou Ricardo Fonseca.<\/p>\n\n\n\n<p>Tamb\u00e9m presente ao evento, o deputado estadual Luiz Eduardo falou da import\u00e2ncia do evento para o Turismo e a Economia do Estado.<\/p>\n\n\n\n<p>\u201cA Festa do Boi \u00e9 important\u00edssima para o Rio Grande do Norte, porque acaba sendo um Turismo de evento. Est\u00e1 entre os cinco maiores eventos de Agroneg\u00f3cio do Pa\u00eds, sendo o maior do Nordeste. Portanto, a nossa Assembleia Legislativa n\u00e3o poderia ficar de fora. Ent\u00e3o, eu quero parabenizar os presidentes Ezequiel Ferreira e Tomba Farias pela iniciativa. Participa\u00e7\u00f5es como a do Legislativo servem para que fortale\u00e7amos cada vez mais a festa, gerando empregos e aquecendo a Economia\u201d, frisou.&nbsp;<\/p>\n\n\n\n<p>A parlamentar Terezinha Maia relembrou sua hist\u00f3ria pessoal com o evento, destacando que frequenta a Festa do Boi h\u00e1 quase 27 anos.<\/p>\n\n\n\n<p>\u201cEu moro em Natal h\u00e1 27 anos e vinha em todas as edi\u00e7\u00f5es com o meu marido. N\u00f3s s\u00f3 n\u00e3o viemos nas duas \u00faltimas edi\u00e7\u00f5es. Ent\u00e3o, para mim, \u00e9 uma alegria estar aqui hoje, revivendo o meu passado, na maior festa do Agroneg\u00f3cio do Nordeste\u201d, disse.<\/p>\n\n\n\n<p>Ainda de acordo com a deputada, a iniciativa da Assembleia Legislativa de montar o seu estande e prestar servi\u00e7os sociais para toda a popula\u00e7\u00e3o, inclusive as crian\u00e7as, \u00e9 de extrema relev\u00e2ncia para a sociedade. \u201cPor isso eu me sinto muito feliz e honrada de estar aqui hoje representando o nosso Legislativo Potiguar. E eu gostaria tamb\u00e9m de parabenizar todos os organizadores do evento por essa festa t\u00e3o grandiosa\u201d, concluiu.<\/p>\n\n\n\n<p>Em seguida, Taveira J\u00fanior refor\u00e7ou que, recentemente, foi aprovado Projeto de Lei de sua autoria tornando a Festa do Boi Patrim\u00f4nio Hist\u00f3rico, Cultural e Tur\u00edstico do Estado.<\/p>\n\n\n\n<p>J\u00e1 o diretor de Pol\u00edticas Complementares do Legislativo, Ricardo Fonseca, falou ainda sobre a parte institucional do estande, com a transmiss\u00e3o de v\u00eddeos sobre as atividades internas e externas do Legislativo Potiguar.<\/p>\n\n\n\n<p>\u201cA todo momento estamos exibindo as a\u00e7\u00f5es, programas, audi\u00eancias p\u00fablicas, comiss\u00f5es, enfim, todo o servi\u00e7o prestado pela Assembleia Legislativa \u00e0 popula\u00e7\u00e3o Norte-Rio-Grandense. Destaquem-se a parte da Procuradoria Especial da Mulher, rec\u00e9m-inaugurada, e a exposi\u00e7\u00e3o dos nossos trof\u00e9us de tricampe\u00f5es em Gest\u00e3o, no Pr\u00eamio Unale\u201d, acrescentou.<\/p>\n\n\n\n<p>A respeito do palco da \u201cAssembleia Cultural\u201d, o diretor frisou que \u201co objetivo \u00e9 valorizar o artista da terra\u201d.&nbsp;<br \/>\u201cN\u00f3s contaremos com as apresenta\u00e7\u00f5es de diversos grupos musicais e cantores locais, como Banda Flor de Liz, Nara Costa, Cristiane Velassy, Banda Soanata, Roberto ex-Terr\u00edveis e Isaque Galv\u00e3o. \u00c9 muito importante que todos prestigiem esse evento t\u00e3o rico em cultura, que \u00e9 a Festa do Boi. E, se puderem, pe\u00e7o que visitem o nosso estande, pois ele foi pensado para servir ao nosso povo. Portanto, podem chegar, porque a casa \u00e9 de voc\u00eas\u201d, finalizou.<\/p>\n\n\n\n<p>Tamb\u00e9m estiveram presentes os deputados estaduais Ubaldo Fernandes (PSDB),  Galeno Torquato (PSDB), Eudiane Macedo (PV), Cristiane Dantas (SDD), Isolda Dantas (PT), Divaneide Bas\u00edlio (PT), Ivanilson Oliveira (Uni\u00e3o), Francisco do PT, Coronel Azevedo (PL) e George Soares (PV). A Festa do Boi acontece at\u00e9 o pr\u00f3ximo s\u00e1bado (14), e o estande do Legislativo Potiguar funciona todos os dias, das 15h \u00e0s 21h.<\/p>\n","protected":false},"excerpt":{"rendered":"<p>O presidente em exerc\u00edcio, deputado Tomba Farias (PSDB), e deputados, como Luiz Eduardo (SDD), Jos\u00e9 Dias (PSDB), Terezinha Maia (PL), Gustavo Carvalho (PSDB) e Taveira J\u00fanior (Uni\u00e3o) visitaram, na noite desta quarta-feira (11), o estande do Legislativo Potiguar na 61\u00aa edi\u00e7\u00e3o da Festa do Boi. O evento acontece de 7 a 14 de outubro, no [&hellip;]<\/p>\n","protected":false},"author":1,"featured_media":0,"comment_status":"open","ping_status":"open","sticky":false,"template":"","format":"standard","meta":{"cybocfi_hide_featured_image":"","_jetpack_memberships_contains_paid_content":false,"footnotes":""},"categories":[1],"tags":[],"class_list":["post-1931","post","type-post","status-publish","format-standard","hentry","category-diversos"],"yoast_head":"<!-- This site is optimized with the Yoast SEO plugin v25.6 - https:\/\/yoast.com\/wordpress\/plugins\/seo\/ -->\n<title>Deputados marcam presen\u00e7a em estande da Assembleia Legislativa na Festa do Boi - Blog do Bispo<\/title>\n<meta name=\"robots\" content=\"index, follow, max-snippet:-1, max-image-preview:large, max-video-preview:-1\" \/>\n<link rel=\"canonical\" href=\"https:\/\/blogdobispo.com.br\/?p=1931\" \/>\n<meta property=\"og:locale\" content=\"pt_BR\" \/>\n<meta property=\"og:type\" content=\"article\" \/>\n<meta property=\"og:title\" content=\"Deputados marcam presen\u00e7a em estande da Assembleia Legislativa na Festa do Boi - Blog do Bispo\" \/>\n<meta property=\"og:description\" content=\"O presidente em exerc\u00edcio, deputado Tomba Farias (PSDB), e deputados, como Luiz Eduardo (SDD), Jos\u00e9 Dias (PSDB), Terezinha Maia (PL), Gustavo Carvalho (PSDB) e Taveira J\u00fanior (Uni\u00e3o) visitaram, na noite desta quarta-feira (11), o estande do Legislativo Potiguar na 61\u00aa edi\u00e7\u00e3o da Festa do Boi. O evento acontece de 7 a 14 de outubro, no [&hellip;]\" \/>\n<meta property=\"og:url\" content=\"https:\/\/blogdobispo.com.br\/?p=1931\" \/>\n<meta property=\"og:site_name\" content=\"Blog do Bispo\" \/>\n<meta property=\"article:published_time\" content=\"2023-10-16T00:03:16+00:00\" \/>\n<meta property=\"og:image\" content=\"https:\/\/blogdobispo.com.br\/wp-content\/uploads\/2023\/10\/img_3320-1-1024x683.jpg\" \/>\n<meta name=\"author\" content=\"Jefferson Sterfeno\" \/>\n<meta name=\"twitter:card\" content=\"summary_large_image\" \/>\n<meta name=\"twitter:label1\" content=\"Escrito por\" \/>\n\t<meta name=\"twitter:data1\" content=\"Jefferson Sterfeno\" \/>\n\t<meta name=\"twitter:label2\" content=\"Est. tempo de leitura\" \/>\n\t<meta name=\"twitter:data2\" content=\"5 minutos\" \/>\n<script type=\"application\/ld+json\" class=\"yoast-schema-graph\">{\"@context\":\"https:\/\/schema.org\",\"@graph\":[{\"@type\":\"Article\",\"@id\":\"https:\/\/blogdobispo.com.br\/?p=1931#article\",\"isPartOf\":{\"@id\":\"https:\/\/blogdobispo.com.br\/?p=1931\"},\"author\":{\"name\":\"Jefferson Sterfeno\",\"@id\":\"https:\/\/blogdobispo.com.br\/#\/schema\/person\/e2209cc0e6cea5c5233d033e997b373f\"},\"headline\":\"Deputados marcam presen\u00e7a em estande da Assembleia Legislativa na Festa do Boi\",\"datePublished\":\"2023-10-16T00:03:16+00:00\",\"mainEntityOfPage\":{\"@id\":\"https:\/\/blogdobispo.com.br\/?p=1931\"},\"wordCount\":967,\"commentCount\":0,\"publisher\":{\"@id\":\"https:\/\/blogdobispo.com.br\/#organization\"},\"image\":{\"@id\":\"https:\/\/blogdobispo.com.br\/?p=1931#primaryimage\"},\"thumbnailUrl\":\"https:\/\/blogdobispo.com.br\/wp-content\/uploads\/2023\/10\/img_3320-1-1024x683.jpg\",\"articleSection\":[\"diversos\"],\"inLanguage\":\"pt-BR\",\"potentialAction\":[{\"@type\":\"CommentAction\",\"name\":\"Comment\",\"target\":[\"https:\/\/blogdobispo.com.br\/?p=1931#respond\"]}]},{\"@type\":\"WebPage\",\"@id\":\"https:\/\/blogdobispo.com.br\/?p=1931\",\"url\":\"https:\/\/blogdobispo.com.br\/?p=1931\",\"name\":\"Deputados marcam presen\u00e7a em estande da Assembleia Legislativa na Festa do Boi - Blog do Bispo\",\"isPartOf\":{\"@id\":\"https:\/\/blogdobispo.com.br\/#website\"},\"primaryImageOfPage\":{\"@id\":\"https:\/\/blogdobispo.com.br\/?p=1931#primaryimage\"},\"image\":{\"@id\":\"https:\/\/blogdobispo.com.br\/?p=1931#primaryimage\"},\"thumbnailUrl\":\"https:\/\/blogdobispo.com.br\/wp-content\/uploads\/2023\/10\/img_3320-1-1024x683.jpg\",\"datePublished\":\"2023-10-16T00:03:16+00:00\",\"breadcrumb\":{\"@id\":\"https:\/\/blogdobispo.com.br\/?p=1931#breadcrumb\"},\"inLanguage\":\"pt-BR\",\"potentialAction\":[{\"@type\":\"ReadAction\",\"target\":[\"https:\/\/blogdobispo.com.br\/?p=1931\"]}]},{\"@type\":\"ImageObject\",\"inLanguage\":\"pt-BR\",\"@id\":\"https:\/\/blogdobispo.com.br\/?p=1931#primaryimage\",\"url\":\"https:\/\/blogdobispo.com.br\/wp-content\/uploads\/2023\/10\/img_3320-1-1024x683.jpg\",\"contentUrl\":\"https:\/\/blogdobispo.com.br\/wp-content\/uploads\/2023\/10\/img_3320-1-1024x683.jpg\"},{\"@type\":\"BreadcrumbList\",\"@id\":\"https:\/\/blogdobispo.com.br\/?p=1931#breadcrumb\",\"itemListElement\":[{\"@type\":\"ListItem\",\"position\":1,\"name\":\"In\u00edcio\",\"item\":\"https:\/\/blogdobispo.com.br\/\"},{\"@type\":\"ListItem\",\"position\":2,\"name\":\"Deputados marcam presen\u00e7a em estande da Assembleia Legislativa na Festa do Boi\"}]},{\"@type\":\"WebSite\",\"@id\":\"https:\/\/blogdobispo.com.br\/#website\",\"url\":\"https:\/\/blogdobispo.com.br\/\",\"name\":\"Blog do Bispo\",\"description\":\"Comprometido apenas com o leitor\",\"publisher\":{\"@id\":\"https:\/\/blogdobispo.com.br\/#organization\"},\"potentialAction\":[{\"@type\":\"SearchAction\",\"target\":{\"@type\":\"EntryPoint\",\"urlTemplate\":\"https:\/\/blogdobispo.com.br\/?s={search_term_string}\"},\"query-input\":{\"@type\":\"PropertyValueSpecification\",\"valueRequired\":true,\"valueName\":\"search_term_string\"}}],\"inLanguage\":\"pt-BR\"},{\"@type\":\"Organization\",\"@id\":\"https:\/\/blogdobispo.com.br\/#organization\",\"name\":\"Blog do Bispo\",\"url\":\"https:\/\/blogdobispo.com.br\/\",\"logo\":{\"@type\":\"ImageObject\",\"inLanguage\":\"pt-BR\",\"@id\":\"https:\/\/blogdobispo.com.br\/#\/schema\/logo\/image\/\",\"url\":\"http:\/\/blogdobispo.com.br\/wp-content\/uploads\/2023\/05\/cropped-headear.png\",\"contentUrl\":\"http:\/\/blogdobispo.com.br\/wp-content\/uploads\/2023\/05\/cropped-headear.png\",\"width\":1500,\"height\":399,\"caption\":\"Blog do Bispo\"},\"image\":{\"@id\":\"https:\/\/blogdobispo.com.br\/#\/schema\/logo\/image\/\"}},{\"@type\":\"Person\",\"@id\":\"https:\/\/blogdobispo.com.br\/#\/schema\/person\/e2209cc0e6cea5c5233d033e997b373f\",\"name\":\"Jefferson Sterfeno\",\"image\":{\"@type\":\"ImageObject\",\"inLanguage\":\"pt-BR\",\"@id\":\"https:\/\/blogdobispo.com.br\/#\/schema\/person\/image\/\",\"url\":\"https:\/\/secure.gravatar.com\/avatar\/0534e84764641168a677026b6d57a3f51dc7ac4db0b4f6186d9cb330d4ee1160?s=96&d=mm&r=g\",\"contentUrl\":\"https:\/\/secure.gravatar.com\/avatar\/0534e84764641168a677026b6d57a3f51dc7ac4db0b4f6186d9cb330d4ee1160?s=96&d=mm&r=g\",\"caption\":\"Jefferson Sterfeno\"},\"sameAs\":[\"http:\/\/blogdobispo.com.br\"],\"url\":\"https:\/\/blogdobispo.com.br\/?author=1\"}]}<\/script>\n<!-- \/ Yoast SEO plugin. -->","yoast_head_json":{"title":"Deputados marcam presen\u00e7a em estande da Assembleia Legislativa na Festa do Boi - Blog do Bispo","robots":{"index":"index","follow":"follow","max-snippet":"max-snippet:-1","max-image-preview":"max-image-preview:large","max-video-preview":"max-video-preview:-1"},"canonical":"https:\/\/blogdobispo.com.br\/?p=1931","og_locale":"pt_BR","og_type":"article","og_title":"Deputados marcam presen\u00e7a em estande da Assembleia Legislativa na Festa do Boi - Blog do Bispo","og_description":"O presidente em exerc\u00edcio, deputado Tomba Farias (PSDB), e deputados, como Luiz Eduardo (SDD), Jos\u00e9 Dias (PSDB), Terezinha Maia (PL), Gustavo Carvalho (PSDB) e Taveira J\u00fanior (Uni\u00e3o) visitaram, na noite desta quarta-feira (11), o estande do Legislativo Potiguar na 61\u00aa edi\u00e7\u00e3o da Festa do Boi. O evento acontece de 7 a 14 de outubro, no [&hellip;]","og_url":"https:\/\/blogdobispo.com.br\/?p=1931","og_site_name":"Blog do Bispo","article_published_time":"2023-10-16T00:03:16+00:00","og_image":[{"url":"https:\/\/blogdobispo.com.br\/wp-content\/uploads\/2023\/10\/img_3320-1-1024x683.jpg","type":"","width":"","height":""}],"author":"Jefferson Sterfeno","twitter_card":"summary_large_image","twitter_misc":{"Escrito por":"Jefferson Sterfeno","Est. tempo de leitura":"5 minutos"},"schema":{"@context":"https:\/\/schema.org","@graph":[{"@type":"Article","@id":"https:\/\/blogdobispo.com.br\/?p=1931#article","isPartOf":{"@id":"https:\/\/blogdobispo.com.br\/?p=1931"},"author":{"name":"Jefferson Sterfeno","@id":"https:\/\/blogdobispo.com.br\/#\/schema\/person\/e2209cc0e6cea5c5233d033e997b373f"},"headline":"Deputados marcam presen\u00e7a em estande da Assembleia Legislativa na Festa do Boi","datePublished":"2023-10-16T00:03:16+00:00","mainEntityOfPage":{"@id":"https:\/\/blogdobispo.com.br\/?p=1931"},"wordCount":967,"commentCount":0,"publisher":{"@id":"https:\/\/blogdobispo.com.br\/#organization"},"image":{"@id":"https:\/\/blogdobispo.com.br\/?p=1931#primaryimage"},"thumbnailUrl":"https:\/\/blogdobispo.com.br\/wp-content\/uploads\/2023\/10\/img_3320-1-1024x683.jpg","articleSection":["diversos"],"inLanguage":"pt-BR","potentialAction":[{"@type":"CommentAction","name":"Comment","target":["https:\/\/blogdobispo.com.br\/?p=1931#respond"]}]},{"@type":"WebPage","@id":"https:\/\/blogdobispo.com.br\/?p=1931","url":"https:\/\/blogdobispo.com.br\/?p=1931","name":"Deputados marcam presen\u00e7a em estande da Assembleia Legislativa na Festa do Boi - Blog do Bispo","isPartOf":{"@id":"https:\/\/blogdobispo.com.br\/#website"},"primaryImageOfPage":{"@id":"https:\/\/blogdobispo.com.br\/?p=1931#primaryimage"},"image":{"@id":"https:\/\/blogdobispo.com.br\/?p=1931#primaryimage"},"thumbnailUrl":"https:\/\/blogdobispo.com.br\/wp-content\/uploads\/2023\/10\/img_3320-1-1024x683.jpg","datePublished":"2023-10-16T00:03:16+00:00","breadcrumb":{"@id":"https:\/\/blogdobispo.com.br\/?p=1931#breadcrumb"},"inLanguage":"pt-BR","potentialAction":[{"@type":"ReadAction","target":["https:\/\/blogdobispo.com.br\/?p=1931"]}]},{"@type":"ImageObject","inLanguage":"pt-BR","@id":"https:\/\/blogdobispo.com.br\/?p=1931#primaryimage","url":"https:\/\/blogdobispo.com.br\/wp-content\/uploads\/2023\/10\/img_3320-1-1024x683.jpg","contentUrl":"https:\/\/blogdobispo.com.br\/wp-content\/uploads\/2023\/10\/img_3320-1-1024x683.jpg"},{"@type":"BreadcrumbList","@id":"https:\/\/blogdobispo.com.br\/?p=1931#breadcrumb","itemListElement":[{"@type":"ListItem","position":1,"name":"In\u00edcio","item":"https:\/\/blogdobispo.com.br\/"},{"@type":"ListItem","position":2,"name":"Deputados marcam presen\u00e7a em estande da Assembleia Legislativa na Festa do Boi"}]},{"@type":"WebSite","@id":"https:\/\/blogdobispo.com.br\/#website","url":"https:\/\/blogdobispo.com.br\/","name":"Blog do Bispo","description":"Comprometido apenas com o leitor","publisher":{"@id":"https:\/\/blogdobispo.com.br\/#organization"},"potentialAction":[{"@type":"SearchAction","target":{"@type":"EntryPoint","urlTemplate":"https:\/\/blogdobispo.com.br\/?s={search_term_string}"},"query-input":{"@type":"PropertyValueSpecification","valueRequired":true,"valueName":"search_term_string"}}],"inLanguage":"pt-BR"},{"@type":"Organization","@id":"https:\/\/blogdobispo.com.br\/#organization","name":"Blog do Bispo","url":"https:\/\/blogdobispo.com.br\/","logo":{"@type":"ImageObject","inLanguage":"pt-BR","@id":"https:\/\/blogdobispo.com.br\/#\/schema\/logo\/image\/","url":"http:\/\/blogdobispo.com.br\/wp-content\/uploads\/2023\/05\/cropped-headear.png","contentUrl":"http:\/\/blogdobispo.com.br\/wp-content\/uploads\/2023\/05\/cropped-headear.png","width":1500,"height":399,"caption":"Blog do Bispo"},"image":{"@id":"https:\/\/blogdobispo.com.br\/#\/schema\/logo\/image\/"}},{"@type":"Person","@id":"https:\/\/blogdobispo.com.br\/#\/schema\/person\/e2209cc0e6cea5c5233d033e997b373f","name":"Jefferson Sterfeno","image":{"@type":"ImageObject","inLanguage":"pt-BR","@id":"https:\/\/blogdobispo.com.br\/#\/schema\/person\/image\/","url":"https:\/\/secure.gravatar.com\/avatar\/0534e84764641168a677026b6d57a3f51dc7ac4db0b4f6186d9cb330d4ee1160?s=96&d=mm&r=g","contentUrl":"https:\/\/secure.gravatar.com\/avatar\/0534e84764641168a677026b6d57a3f51dc7ac4db0b4f6186d9cb330d4ee1160?s=96&d=mm&r=g","caption":"Jefferson Sterfeno"},"sameAs":["http:\/\/blogdobispo.com.br"],"url":"https:\/\/blogdobispo.com.br\/?author=1"}]}},"featured_image_urls":{"full":"","thumbnail":"","medium":"","medium_large":"","large":"","1536x1536":"","2048x2048":""},"author_info":{"display_name":"Jefferson Sterfeno","author_link":"https:\/\/blogdobispo.com.br\/?author=1"},"category_info":"<a href=\"https:\/\/blogdobispo.com.br\/?cat=1\" rel=\"category\">diversos<\/a>","tag_info":"diversos","comment_count":"0","jetpack_featured_media_url":"","jetpack_sharing_enabled":true,"_links":{"self":[{"href":"https:\/\/blogdobispo.com.br\/index.php?rest_route=\/wp\/v2\/posts\/1931","targetHints":{"allow":["GET"]}}],"collection":[{"href":"https:\/\/blogdobispo.com.br\/index.php?rest_route=\/wp\/v2\/posts"}],"about":[{"href":"https:\/\/blogdobispo.com.br\/index.php?rest_route=\/wp\/v2\/types\/post"}],"author":[{"embeddable":true,"href":"https:\/\/blogdobispo.com.br\/index.php?rest_route=\/wp\/v2\/users\/1"}],"replies":[{"embeddable":true,"href":"https:\/\/blogdobispo.com.br\/index.php?rest_route=%2Fwp%2Fv2%2Fcomments&post=1931"}],"version-history":[{"count":0,"href":"https:\/\/blogdobispo.com.br\/index.php?rest_route=\/wp\/v2\/posts\/1931\/revisions"}],"wp:attachment":[{"href":"https:\/\/blogdobispo.com.br\/index.php?rest_route=%2Fwp%2Fv2%2Fmedia&parent=1931"}],"wp:term":[{"taxonomy":"category","embeddable":true,"href":"https:\/\/blogdobispo.com.br\/index.php?rest_route=%2Fwp%2Fv2%2Fcategories&post=1931"},{"taxonomy":"post_tag","embeddable":true,"href":"https:\/\/blogdobispo.com.br\/index.php?rest_route=%2Fwp%2Fv2%2Ftags&post=1931"}],"curies":[{"name":"wp","href":"https:\/\/api.w.org\/{rel}","templated":true}]}}