{"id":19059,"date":"2026-01-31T20:20:20","date_gmt":"2026-01-31T20:20:20","guid":{"rendered":"https:\/\/blogdobispo.com.br\/?p=19059"},"modified":"2026-01-31T20:20:20","modified_gmt":"2026-01-31T20:20:20","slug":"vereador-rapha-de-peron-declara-apoio-a-pre-candidatura-de-eriko-jacome-a-deputado-estadual","status":"publish","type":"post","link":"https:\/\/blogdobispo.com.br\/?p=19059","title":{"rendered":"Vereador Rapha de Peron declara apoio \u00e0 pr\u00e9-candidatura de Eriko J\u00e1come a deputado estadual"},"content":{"rendered":"\n<figure class=\"wp-block-image size-large\"><img data-recalc-dims=\"1\" fetchpriority=\"high\" decoding=\"async\" width=\"800\" height=\"710\" src=\"https:\/\/i0.wp.com\/blogdobispo.com.br\/wp-content\/uploads\/2026\/01\/8f2fd490-3e38-4106-bd83-d74dc28bf216-1024x909.jpg?resize=800%2C710&#038;ssl=1\" class=\"wp-image-19057\" srcset=\"https:\/\/i0.wp.com\/blogdobispo.com.br\/wp-content\/uploads\/2026\/01\/8f2fd490-3e38-4106-bd83-d74dc28bf216.jpg?resize=1024%2C909&amp;ssl=1 1024w, https:\/\/i0.wp.com\/blogdobispo.com.br\/wp-content\/uploads\/2026\/01\/8f2fd490-3e38-4106-bd83-d74dc28bf216.jpg?resize=300%2C266&amp;ssl=1 300w, https:\/\/i0.wp.com\/blogdobispo.com.br\/wp-content\/uploads\/2026\/01\/8f2fd490-3e38-4106-bd83-d74dc28bf216.jpg?resize=768%2C682&amp;ssl=1 768w, https:\/\/i0.wp.com\/blogdobispo.com.br\/wp-content\/uploads\/2026\/01\/8f2fd490-3e38-4106-bd83-d74dc28bf216.jpg?resize=1536%2C1364&amp;ssl=1 1536w, https:\/\/i0.wp.com\/blogdobispo.com.br\/wp-content\/uploads\/2026\/01\/8f2fd490-3e38-4106-bd83-d74dc28bf216.jpg?w=2000&amp;ssl=1 2000w, https:\/\/i0.wp.com\/blogdobispo.com.br\/wp-content\/uploads\/2026\/01\/8f2fd490-3e38-4106-bd83-d74dc28bf216.jpg?w=1600 1600w\" sizes=\"(max-width: 800px) 100vw, 800px\" \/><\/figure>\n\n\n\n<p><\/p>\n\n\n\n<p>O vereador Rapha de Peron, de Goianinha, declarou apoio \u00e0 pr\u00e9-candidatura de Eriko J\u00e1come a deputado estadual, fortalecendo um projeto pol\u00edtico voltado para o desenvolvimento do Agreste potiguar.<\/p>\n\n\n\n<p>Para Eriko J\u00e1come, o apoio simboliza uni\u00e3o e parceria na constru\u00e7\u00e3o de um di\u00e1logo permanente, fortalecendo pautas comuns e projetos direcionados ao crescimento da regi\u00e3o.<br \/>\u201cRecebo com muita alegria o apoio do vereador Rapha de Peron, uma lideran\u00e7a jovem, atuante e que representa uma nova forma de fazer pol\u00edtica em Goianinha e em todo o Agreste. Vamos caminhar juntos, somando for\u00e7as para construir um projeto que leve mais desenvolvimento e representatividade para a regi\u00e3o\u201d, afirmou Eriko.<\/p>\n\n\n\n<p>Rapha de Peron destacou a import\u00e2ncia de uma atua\u00e7\u00e3o pol\u00edtica pr\u00f3xima da popula\u00e7\u00e3o.<br>\u201cAcredito em uma pol\u00edtica constru\u00edda com presen\u00e7a, di\u00e1logo e compromisso com as pessoas. \u00c9 por essa vis\u00e3o que caminharemos juntos, lutando por um Agreste mais pr\u00f3spero, com mais oportunidades e desenvolvimento para nossa gente\u201d, declarou o vereador.<\/p>\n","protected":false},"excerpt":{"rendered":"<p>O vereador Rapha de Peron, de Goianinha, declarou apoio \u00e0 pr\u00e9-candidatura de Eriko J\u00e1come a deputado estadual, fortalecendo um projeto pol\u00edtico voltado para o desenvolvimento do Agreste potiguar. Para Eriko J\u00e1come, o apoio simboliza uni\u00e3o e parceria na constru\u00e7\u00e3o de um di\u00e1logo permanente, fortalecendo pautas comuns e projetos direcionados ao crescimento da regi\u00e3o.\u201cRecebo com muita [&hellip;]<\/p>\n","protected":false},"author":1,"featured_media":19058,"comment_status":"open","ping_status":"open","sticky":false,"template":"","format":"standard","meta":{"cybocfi_hide_featured_image":"","_jetpack_memberships_contains_paid_content":false,"footnotes":""},"categories":[1],"tags":[],"class_list":["post-19059","post","type-post","status-publish","format-standard","has-post-thumbnail","hentry","category-diversos"],"yoast_head":"<!-- This site is optimized with the Yoast SEO plugin v25.6 - https:\/\/yoast.com\/wordpress\/plugins\/seo\/ -->\n<title>Vereador Rapha de Peron declara apoio \u00e0 pr\u00e9-candidatura de Eriko J\u00e1come a deputado estadual - Blog do Bispo<\/title>\n<meta name=\"robots\" content=\"index, follow, max-snippet:-1, max-image-preview:large, max-video-preview:-1\" \/>\n<link rel=\"canonical\" href=\"https:\/\/blogdobispo.com.br\/?p=19059\" \/>\n<meta property=\"og:locale\" content=\"pt_BR\" \/>\n<meta property=\"og:type\" content=\"article\" \/>\n<meta property=\"og:title\" content=\"Vereador Rapha de Peron declara apoio \u00e0 pr\u00e9-candidatura de Eriko J\u00e1come a deputado estadual - Blog do Bispo\" \/>\n<meta property=\"og:description\" content=\"O vereador Rapha de Peron, de Goianinha, declarou apoio \u00e0 pr\u00e9-candidatura de Eriko J\u00e1come a deputado estadual, fortalecendo um projeto pol\u00edtico voltado para o desenvolvimento do Agreste potiguar. Para Eriko J\u00e1come, o apoio simboliza uni\u00e3o e parceria na constru\u00e7\u00e3o de um di\u00e1logo permanente, fortalecendo pautas comuns e projetos direcionados ao crescimento da regi\u00e3o.\u201cRecebo com muita [&hellip;]\" \/>\n<meta property=\"og:url\" content=\"https:\/\/blogdobispo.com.br\/?p=19059\" \/>\n<meta property=\"og:site_name\" content=\"Blog do Bispo\" \/>\n<meta property=\"article:published_time\" content=\"2026-01-31T20:20:20+00:00\" \/>\n<meta property=\"og:image\" content=\"https:\/\/blogdobispo.com.br\/wp-content\/uploads\/2026\/01\/8f2fd490-3e38-4106-bd83-d74dc28bf216-1024x909.jpg\" \/>\n<meta name=\"author\" content=\"Jefferson Sterfeno\" \/>\n<meta name=\"twitter:card\" content=\"summary_large_image\" \/>\n<meta name=\"twitter:label1\" content=\"Escrito por\" \/>\n\t<meta name=\"twitter:data1\" content=\"Jefferson Sterfeno\" \/>\n\t<meta name=\"twitter:label2\" content=\"Est. tempo de leitura\" \/>\n\t<meta name=\"twitter:data2\" content=\"1 minuto\" \/>\n<script type=\"application\/ld+json\" class=\"yoast-schema-graph\">{\"@context\":\"https:\/\/schema.org\",\"@graph\":[{\"@type\":\"Article\",\"@id\":\"https:\/\/blogdobispo.com.br\/?p=19059#article\",\"isPartOf\":{\"@id\":\"https:\/\/blogdobispo.com.br\/?p=19059\"},\"author\":{\"name\":\"Jefferson Sterfeno\",\"@id\":\"https:\/\/blogdobispo.com.br\/#\/schema\/person\/e2209cc0e6cea5c5233d033e997b373f\"},\"headline\":\"Vereador Rapha de Peron declara apoio \u00e0 pr\u00e9-candidatura de Eriko J\u00e1come a deputado estadual\",\"datePublished\":\"2026-01-31T20:20:20+00:00\",\"mainEntityOfPage\":{\"@id\":\"https:\/\/blogdobispo.com.br\/?p=19059\"},\"wordCount\":190,\"commentCount\":0,\"publisher\":{\"@id\":\"https:\/\/blogdobispo.com.br\/#organization\"},\"image\":{\"@id\":\"https:\/\/blogdobispo.com.br\/?p=19059#primaryimage\"},\"thumbnailUrl\":\"https:\/\/i0.wp.com\/blogdobispo.com.br\/wp-content\/uploads\/2026\/01\/8f2fd490-3e38-4106-bd83-d74dc28bf216-1.jpg?fit=2000%2C1776&ssl=1\",\"articleSection\":[\"diversos\"],\"inLanguage\":\"pt-BR\",\"potentialAction\":[{\"@type\":\"CommentAction\",\"name\":\"Comment\",\"target\":[\"https:\/\/blogdobispo.com.br\/?p=19059#respond\"]}]},{\"@type\":\"WebPage\",\"@id\":\"https:\/\/blogdobispo.com.br\/?p=19059\",\"url\":\"https:\/\/blogdobispo.com.br\/?p=19059\",\"name\":\"Vereador Rapha de Peron declara apoio \u00e0 pr\u00e9-candidatura de Eriko J\u00e1come a deputado estadual - Blog do Bispo\",\"isPartOf\":{\"@id\":\"https:\/\/blogdobispo.com.br\/#website\"},\"primaryImageOfPage\":{\"@id\":\"https:\/\/blogdobispo.com.br\/?p=19059#primaryimage\"},\"image\":{\"@id\":\"https:\/\/blogdobispo.com.br\/?p=19059#primaryimage\"},\"thumbnailUrl\":\"https:\/\/i0.wp.com\/blogdobispo.com.br\/wp-content\/uploads\/2026\/01\/8f2fd490-3e38-4106-bd83-d74dc28bf216-1.jpg?fit=2000%2C1776&ssl=1\",\"datePublished\":\"2026-01-31T20:20:20+00:00\",\"breadcrumb\":{\"@id\":\"https:\/\/blogdobispo.com.br\/?p=19059#breadcrumb\"},\"inLanguage\":\"pt-BR\",\"potentialAction\":[{\"@type\":\"ReadAction\",\"target\":[\"https:\/\/blogdobispo.com.br\/?p=19059\"]}]},{\"@type\":\"ImageObject\",\"inLanguage\":\"pt-BR\",\"@id\":\"https:\/\/blogdobispo.com.br\/?p=19059#primaryimage\",\"url\":\"https:\/\/i0.wp.com\/blogdobispo.com.br\/wp-content\/uploads\/2026\/01\/8f2fd490-3e38-4106-bd83-d74dc28bf216-1.jpg?fit=2000%2C1776&ssl=1\",\"contentUrl\":\"https:\/\/i0.wp.com\/blogdobispo.com.br\/wp-content\/uploads\/2026\/01\/8f2fd490-3e38-4106-bd83-d74dc28bf216-1.jpg?fit=2000%2C1776&ssl=1\",\"width\":2000,\"height\":1776},{\"@type\":\"BreadcrumbList\",\"@id\":\"https:\/\/blogdobispo.com.br\/?p=19059#breadcrumb\",\"itemListElement\":[{\"@type\":\"ListItem\",\"position\":1,\"name\":\"In\u00edcio\",\"item\":\"https:\/\/blogdobispo.com.br\/\"},{\"@type\":\"ListItem\",\"position\":2,\"name\":\"Vereador Rapha de Peron declara apoio \u00e0 pr\u00e9-candidatura de Eriko J\u00e1come a deputado estadual\"}]},{\"@type\":\"WebSite\",\"@id\":\"https:\/\/blogdobispo.com.br\/#website\",\"url\":\"https:\/\/blogdobispo.com.br\/\",\"name\":\"Blog do Bispo\",\"description\":\"Comprometido apenas com o leitor\",\"publisher\":{\"@id\":\"https:\/\/blogdobispo.com.br\/#organization\"},\"potentialAction\":[{\"@type\":\"SearchAction\",\"target\":{\"@type\":\"EntryPoint\",\"urlTemplate\":\"https:\/\/blogdobispo.com.br\/?s={search_term_string}\"},\"query-input\":{\"@type\":\"PropertyValueSpecification\",\"valueRequired\":true,\"valueName\":\"search_term_string\"}}],\"inLanguage\":\"pt-BR\"},{\"@type\":\"Organization\",\"@id\":\"https:\/\/blogdobispo.com.br\/#organization\",\"name\":\"Blog do Bispo\",\"url\":\"https:\/\/blogdobispo.com.br\/\",\"logo\":{\"@type\":\"ImageObject\",\"inLanguage\":\"pt-BR\",\"@id\":\"https:\/\/blogdobispo.com.br\/#\/schema\/logo\/image\/\",\"url\":\"http:\/\/blogdobispo.com.br\/wp-content\/uploads\/2023\/05\/cropped-headear.png\",\"contentUrl\":\"http:\/\/blogdobispo.com.br\/wp-content\/uploads\/2023\/05\/cropped-headear.png\",\"width\":1500,\"height\":399,\"caption\":\"Blog do Bispo\"},\"image\":{\"@id\":\"https:\/\/blogdobispo.com.br\/#\/schema\/logo\/image\/\"}},{\"@type\":\"Person\",\"@id\":\"https:\/\/blogdobispo.com.br\/#\/schema\/person\/e2209cc0e6cea5c5233d033e997b373f\",\"name\":\"Jefferson Sterfeno\",\"image\":{\"@type\":\"ImageObject\",\"inLanguage\":\"pt-BR\",\"@id\":\"https:\/\/blogdobispo.com.br\/#\/schema\/person\/image\/\",\"url\":\"https:\/\/secure.gravatar.com\/avatar\/0534e84764641168a677026b6d57a3f51dc7ac4db0b4f6186d9cb330d4ee1160?s=96&d=mm&r=g\",\"contentUrl\":\"https:\/\/secure.gravatar.com\/avatar\/0534e84764641168a677026b6d57a3f51dc7ac4db0b4f6186d9cb330d4ee1160?s=96&d=mm&r=g\",\"caption\":\"Jefferson Sterfeno\"},\"sameAs\":[\"http:\/\/blogdobispo.com.br\"],\"url\":\"https:\/\/blogdobispo.com.br\/?author=1\"}]}<\/script>\n<!-- \/ Yoast SEO plugin. -->","yoast_head_json":{"title":"Vereador Rapha de Peron declara apoio \u00e0 pr\u00e9-candidatura de Eriko J\u00e1come a deputado estadual - Blog do Bispo","robots":{"index":"index","follow":"follow","max-snippet":"max-snippet:-1","max-image-preview":"max-image-preview:large","max-video-preview":"max-video-preview:-1"},"canonical":"https:\/\/blogdobispo.com.br\/?p=19059","og_locale":"pt_BR","og_type":"article","og_title":"Vereador Rapha de Peron declara apoio \u00e0 pr\u00e9-candidatura de Eriko J\u00e1come a deputado estadual - Blog do Bispo","og_description":"O vereador Rapha de Peron, de Goianinha, declarou apoio \u00e0 pr\u00e9-candidatura de Eriko J\u00e1come a deputado estadual, fortalecendo um projeto pol\u00edtico voltado para o desenvolvimento do Agreste potiguar. Para Eriko J\u00e1come, o apoio simboliza uni\u00e3o e parceria na constru\u00e7\u00e3o de um di\u00e1logo permanente, fortalecendo pautas comuns e projetos direcionados ao crescimento da regi\u00e3o.\u201cRecebo com muita [&hellip;]","og_url":"https:\/\/blogdobispo.com.br\/?p=19059","og_site_name":"Blog do Bispo","article_published_time":"2026-01-31T20:20:20+00:00","og_image":[{"url":"https:\/\/blogdobispo.com.br\/wp-content\/uploads\/2026\/01\/8f2fd490-3e38-4106-bd83-d74dc28bf216-1024x909.jpg","type":"","width":"","height":""}],"author":"Jefferson Sterfeno","twitter_card":"summary_large_image","twitter_misc":{"Escrito por":"Jefferson Sterfeno","Est. tempo de leitura":"1 minuto"},"schema":{"@context":"https:\/\/schema.org","@graph":[{"@type":"Article","@id":"https:\/\/blogdobispo.com.br\/?p=19059#article","isPartOf":{"@id":"https:\/\/blogdobispo.com.br\/?p=19059"},"author":{"name":"Jefferson Sterfeno","@id":"https:\/\/blogdobispo.com.br\/#\/schema\/person\/e2209cc0e6cea5c5233d033e997b373f"},"headline":"Vereador Rapha de Peron declara apoio \u00e0 pr\u00e9-candidatura de Eriko J\u00e1come a deputado estadual","datePublished":"2026-01-31T20:20:20+00:00","mainEntityOfPage":{"@id":"https:\/\/blogdobispo.com.br\/?p=19059"},"wordCount":190,"commentCount":0,"publisher":{"@id":"https:\/\/blogdobispo.com.br\/#organization"},"image":{"@id":"https:\/\/blogdobispo.com.br\/?p=19059#primaryimage"},"thumbnailUrl":"https:\/\/i0.wp.com\/blogdobispo.com.br\/wp-content\/uploads\/2026\/01\/8f2fd490-3e38-4106-bd83-d74dc28bf216-1.jpg?fit=2000%2C1776&ssl=1","articleSection":["diversos"],"inLanguage":"pt-BR","potentialAction":[{"@type":"CommentAction","name":"Comment","target":["https:\/\/blogdobispo.com.br\/?p=19059#respond"]}]},{"@type":"WebPage","@id":"https:\/\/blogdobispo.com.br\/?p=19059","url":"https:\/\/blogdobispo.com.br\/?p=19059","name":"Vereador Rapha de Peron declara apoio \u00e0 pr\u00e9-candidatura de Eriko J\u00e1come a deputado estadual - Blog do Bispo","isPartOf":{"@id":"https:\/\/blogdobispo.com.br\/#website"},"primaryImageOfPage":{"@id":"https:\/\/blogdobispo.com.br\/?p=19059#primaryimage"},"image":{"@id":"https:\/\/blogdobispo.com.br\/?p=19059#primaryimage"},"thumbnailUrl":"https:\/\/i0.wp.com\/blogdobispo.com.br\/wp-content\/uploads\/2026\/01\/8f2fd490-3e38-4106-bd83-d74dc28bf216-1.jpg?fit=2000%2C1776&ssl=1","datePublished":"2026-01-31T20:20:20+00:00","breadcrumb":{"@id":"https:\/\/blogdobispo.com.br\/?p=19059#breadcrumb"},"inLanguage":"pt-BR","potentialAction":[{"@type":"ReadAction","target":["https:\/\/blogdobispo.com.br\/?p=19059"]}]},{"@type":"ImageObject","inLanguage":"pt-BR","@id":"https:\/\/blogdobispo.com.br\/?p=19059#primaryimage","url":"https:\/\/i0.wp.com\/blogdobispo.com.br\/wp-content\/uploads\/2026\/01\/8f2fd490-3e38-4106-bd83-d74dc28bf216-1.jpg?fit=2000%2C1776&ssl=1","contentUrl":"https:\/\/i0.wp.com\/blogdobispo.com.br\/wp-content\/uploads\/2026\/01\/8f2fd490-3e38-4106-bd83-d74dc28bf216-1.jpg?fit=2000%2C1776&ssl=1","width":2000,"height":1776},{"@type":"BreadcrumbList","@id":"https:\/\/blogdobispo.com.br\/?p=19059#breadcrumb","itemListElement":[{"@type":"ListItem","position":1,"name":"In\u00edcio","item":"https:\/\/blogdobispo.com.br\/"},{"@type":"ListItem","position":2,"name":"Vereador Rapha de Peron declara apoio \u00e0 pr\u00e9-candidatura de Eriko J\u00e1come a deputado estadual"}]},{"@type":"WebSite","@id":"https:\/\/blogdobispo.com.br\/#website","url":"https:\/\/blogdobispo.com.br\/","name":"Blog do Bispo","description":"Comprometido apenas com o leitor","publisher":{"@id":"https:\/\/blogdobispo.com.br\/#organization"},"potentialAction":[{"@type":"SearchAction","target":{"@type":"EntryPoint","urlTemplate":"https:\/\/blogdobispo.com.br\/?s={search_term_string}"},"query-input":{"@type":"PropertyValueSpecification","valueRequired":true,"valueName":"search_term_string"}}],"inLanguage":"pt-BR"},{"@type":"Organization","@id":"https:\/\/blogdobispo.com.br\/#organization","name":"Blog do Bispo","url":"https:\/\/blogdobispo.com.br\/","logo":{"@type":"ImageObject","inLanguage":"pt-BR","@id":"https:\/\/blogdobispo.com.br\/#\/schema\/logo\/image\/","url":"http:\/\/blogdobispo.com.br\/wp-content\/uploads\/2023\/05\/cropped-headear.png","contentUrl":"http:\/\/blogdobispo.com.br\/wp-content\/uploads\/2023\/05\/cropped-headear.png","width":1500,"height":399,"caption":"Blog do Bispo"},"image":{"@id":"https:\/\/blogdobispo.com.br\/#\/schema\/logo\/image\/"}},{"@type":"Person","@id":"https:\/\/blogdobispo.com.br\/#\/schema\/person\/e2209cc0e6cea5c5233d033e997b373f","name":"Jefferson Sterfeno","image":{"@type":"ImageObject","inLanguage":"pt-BR","@id":"https:\/\/blogdobispo.com.br\/#\/schema\/person\/image\/","url":"https:\/\/secure.gravatar.com\/avatar\/0534e84764641168a677026b6d57a3f51dc7ac4db0b4f6186d9cb330d4ee1160?s=96&d=mm&r=g","contentUrl":"https:\/\/secure.gravatar.com\/avatar\/0534e84764641168a677026b6d57a3f51dc7ac4db0b4f6186d9cb330d4ee1160?s=96&d=mm&r=g","caption":"Jefferson Sterfeno"},"sameAs":["http:\/\/blogdobispo.com.br"],"url":"https:\/\/blogdobispo.com.br\/?author=1"}]}},"featured_image_urls":{"full":["https:\/\/i0.wp.com\/blogdobispo.com.br\/wp-content\/uploads\/2026\/01\/8f2fd490-3e38-4106-bd83-d74dc28bf216-1.jpg?fit=2000%2C1776&ssl=1",2000,1776,false],"thumbnail":["https:\/\/i0.wp.com\/blogdobispo.com.br\/wp-content\/uploads\/2026\/01\/8f2fd490-3e38-4106-bd83-d74dc28bf216-1.jpg?resize=150%2C150&ssl=1",150,150,true],"medium":["https:\/\/i0.wp.com\/blogdobispo.com.br\/wp-content\/uploads\/2026\/01\/8f2fd490-3e38-4106-bd83-d74dc28bf216-1.jpg?fit=300%2C266&ssl=1",300,266,true],"medium_large":["https:\/\/i0.wp.com\/blogdobispo.com.br\/wp-content\/uploads\/2026\/01\/8f2fd490-3e38-4106-bd83-d74dc28bf216-1.jpg?fit=768%2C682&ssl=1",768,682,true],"large":["https:\/\/i0.wp.com\/blogdobispo.com.br\/wp-content\/uploads\/2026\/01\/8f2fd490-3e38-4106-bd83-d74dc28bf216-1.jpg?fit=800%2C710&ssl=1",800,710,true],"1536x1536":["https:\/\/i0.wp.com\/blogdobispo.com.br\/wp-content\/uploads\/2026\/01\/8f2fd490-3e38-4106-bd83-d74dc28bf216-1.jpg?fit=1536%2C1364&ssl=1",1536,1364,true],"2048x2048":["https:\/\/i0.wp.com\/blogdobispo.com.br\/wp-content\/uploads\/2026\/01\/8f2fd490-3e38-4106-bd83-d74dc28bf216-1.jpg?fit=2000%2C1776&ssl=1",2000,1776,true]},"author_info":{"display_name":"Jefferson Sterfeno","author_link":"https:\/\/blogdobispo.com.br\/?author=1"},"category_info":"<a href=\"https:\/\/blogdobispo.com.br\/?cat=1\" rel=\"category\">diversos<\/a>","tag_info":"diversos","comment_count":"0","jetpack_featured_media_url":"https:\/\/i0.wp.com\/blogdobispo.com.br\/wp-content\/uploads\/2026\/01\/8f2fd490-3e38-4106-bd83-d74dc28bf216-1.jpg?fit=2000%2C1776&ssl=1","jetpack_sharing_enabled":true,"_links":{"self":[{"href":"https:\/\/blogdobispo.com.br\/index.php?rest_route=\/wp\/v2\/posts\/19059","targetHints":{"allow":["GET"]}}],"collection":[{"href":"https:\/\/blogdobispo.com.br\/index.php?rest_route=\/wp\/v2\/posts"}],"about":[{"href":"https:\/\/blogdobispo.com.br\/index.php?rest_route=\/wp\/v2\/types\/post"}],"author":[{"embeddable":true,"href":"https:\/\/blogdobispo.com.br\/index.php?rest_route=\/wp\/v2\/users\/1"}],"replies":[{"embeddable":true,"href":"https:\/\/blogdobispo.com.br\/index.php?rest_route=%2Fwp%2Fv2%2Fcomments&post=19059"}],"version-history":[{"count":0,"href":"https:\/\/blogdobispo.com.br\/index.php?rest_route=\/wp\/v2\/posts\/19059\/revisions"}],"wp:featuredmedia":[{"embeddable":true,"href":"https:\/\/blogdobispo.com.br\/index.php?rest_route=\/wp\/v2\/media\/19058"}],"wp:attachment":[{"href":"https:\/\/blogdobispo.com.br\/index.php?rest_route=%2Fwp%2Fv2%2Fmedia&parent=19059"}],"wp:term":[{"taxonomy":"category","embeddable":true,"href":"https:\/\/blogdobispo.com.br\/index.php?rest_route=%2Fwp%2Fv2%2Fcategories&post=19059"},{"taxonomy":"post_tag","embeddable":true,"href":"https:\/\/blogdobispo.com.br\/index.php?rest_route=%2Fwp%2Fv2%2Ftags&post=19059"}],"curies":[{"name":"wp","href":"https:\/\/api.w.org\/{rel}","templated":true}]}}