{"id":19055,"date":"2026-01-30T12:58:46","date_gmt":"2026-01-30T12:58:46","guid":{"rendered":"https:\/\/blogdobispo.com.br\/?p=19055"},"modified":"2026-01-30T13:26:12","modified_gmt":"2026-01-30T13:26:12","slug":"natal-ganha-oficialmente-um-novo-bairro-parque-das-colinas","status":"publish","type":"post","link":"https:\/\/blogdobispo.com.br\/?p=19055","title":{"rendered":"Natal ganha oficialmente um novo bairro: Parque das Colinas"},"content":{"rendered":"\n<figure class=\"wp-block-image size-large\"><img data-recalc-dims=\"1\" fetchpriority=\"high\" decoding=\"async\" width=\"490\" height=\"626\" src=\"https:\/\/i0.wp.com\/blogdobispo.com.br\/wp-content\/uploads\/2026\/01\/img_9289.jpg?resize=490%2C626&#038;ssl=1\" alt=\"\" class=\"wp-image-19053\" srcset=\"https:\/\/i0.wp.com\/blogdobispo.com.br\/wp-content\/uploads\/2026\/01\/img_9289.jpg?w=490&amp;ssl=1 490w, https:\/\/i0.wp.com\/blogdobispo.com.br\/wp-content\/uploads\/2026\/01\/img_9289.jpg?resize=235%2C300&amp;ssl=1 235w\" sizes=\"(max-width: 490px) 100vw, 490px\" \/><\/figure>\n\n\n\n<p class=\"p1\"><\/p>\n\n\n\n<p class=\"p1\">Natal passou a contar oficialmente com um novo bairro em sua divis\u00e3o administrativa. Trata-se do Parque das Colinas, criado a partir do desmembramento de uma \u00e1rea do bairro de Candel\u00e1ria, na zona Sul da capital potiguar.<\/p>\n\n\n\n<p class=\"p1\">A cria\u00e7\u00e3o do novo bairro foi formalizada por meio de lei de autoria do vereador T\u00e9rcio Tinoco e sancionada pela Prefeitura do Natal, estabelecendo os limites territoriais e reconhecendo, de forma legal, uma \u00e1rea que j\u00e1 vinha sendo identificada com essa nomenclatura, sobretudo em registros imobili\u00e1rios e no cotidiano de moradores e empreendedores da regi\u00e3o.<\/p>\n\n\n\n<p class=\"p1\">De acordo com a legisla\u00e7\u00e3o, o Parque das Colinas \u00e9 delimitado por importantes vias da zona Sul, como a Avenida Governador Tarc\u00edsio de Vasconcelos Maia, a BR-101 (marginal), a Avenida Prefeito Omar O\u2019Grady e a Avenida Antoine de Saint-Exup\u00e9ry. A norma tamb\u00e9m autoriza a instala\u00e7\u00e3o de sinaliza\u00e7\u00e3o oficial, garantindo a identifica\u00e7\u00e3o do bairro nos padr\u00f5es urbanos do munic\u00edpio.<\/p>\n\n\n\n<p class=\"p1\">Com o novo status, o Parque das Colinas passa a integrar oficialmente o mapa administrativo de Natal, o que facilita a organiza\u00e7\u00e3o urbana, a presta\u00e7\u00e3o de servi\u00e7os p\u00fablicos e o planejamento de pol\u00edticas municipais espec\u00edficas para a \u00e1rea.<\/p>\n\n\n\n<p class=\"p1\">A cria\u00e7\u00e3o do bairro reflete o crescimento e a reconfigura\u00e7\u00e3o urbana da zona Sul da capital, acompanhando a expans\u00e3o imobili\u00e1ria e a necessidade de adequa\u00e7\u00e3o administrativa \u00e0 realidade da cidade.<\/p>\n","protected":false},"excerpt":{"rendered":"<p>Natal passou a contar oficialmente com um novo bairro em sua divis\u00e3o administrativa. Trata-se do Parque das Colinas, criado a partir do desmembramento de uma \u00e1rea do bairro de Candel\u00e1ria, na zona Sul da capital potiguar. A cria\u00e7\u00e3o do novo bairro foi formalizada por meio de lei de autoria do vereador T\u00e9rcio Tinoco e sancionada [&hellip;]<\/p>\n","protected":false},"author":1,"featured_media":19054,"comment_status":"open","ping_status":"open","sticky":false,"template":"","format":"standard","meta":{"cybocfi_hide_featured_image":"","_jetpack_memberships_contains_paid_content":false,"footnotes":""},"categories":[1],"tags":[],"class_list":["post-19055","post","type-post","status-publish","format-standard","has-post-thumbnail","hentry","category-diversos"],"yoast_head":"<!-- This site is optimized with the Yoast SEO plugin v25.6 - https:\/\/yoast.com\/wordpress\/plugins\/seo\/ -->\n<title>Natal ganha oficialmente um novo bairro: Parque das Colinas - Blog do Bispo<\/title>\n<meta name=\"robots\" content=\"index, follow, max-snippet:-1, max-image-preview:large, max-video-preview:-1\" \/>\n<link rel=\"canonical\" href=\"https:\/\/blogdobispo.com.br\/?p=19055\" \/>\n<meta property=\"og:locale\" content=\"pt_BR\" \/>\n<meta property=\"og:type\" content=\"article\" \/>\n<meta property=\"og:title\" content=\"Natal ganha oficialmente um novo bairro: Parque das Colinas - Blog do Bispo\" \/>\n<meta property=\"og:description\" content=\"Natal passou a contar oficialmente com um novo bairro em sua divis\u00e3o administrativa. Trata-se do Parque das Colinas, criado a partir do desmembramento de uma \u00e1rea do bairro de Candel\u00e1ria, na zona Sul da capital potiguar. A cria\u00e7\u00e3o do novo bairro foi formalizada por meio de lei de autoria do vereador T\u00e9rcio Tinoco e sancionada [&hellip;]\" \/>\n<meta property=\"og:url\" content=\"https:\/\/blogdobispo.com.br\/?p=19055\" \/>\n<meta property=\"og:site_name\" content=\"Blog do Bispo\" \/>\n<meta property=\"article:published_time\" content=\"2026-01-30T12:58:46+00:00\" \/>\n<meta property=\"article:modified_time\" content=\"2026-01-30T13:26:12+00:00\" \/>\n<meta property=\"og:image\" content=\"https:\/\/i0.wp.com\/blogdobispo.com.br\/wp-content\/uploads\/2026\/01\/img_9289-1.jpg?fit=490%2C626&ssl=1\" \/>\n\t<meta property=\"og:image:width\" content=\"490\" \/>\n\t<meta property=\"og:image:height\" content=\"626\" \/>\n\t<meta property=\"og:image:type\" content=\"image\/jpeg\" \/>\n<meta name=\"author\" content=\"Jefferson Sterfeno\" \/>\n<meta name=\"twitter:card\" content=\"summary_large_image\" \/>\n<meta name=\"twitter:label1\" content=\"Escrito por\" \/>\n\t<meta name=\"twitter:data1\" content=\"Jefferson Sterfeno\" \/>\n\t<meta name=\"twitter:label2\" content=\"Est. tempo de leitura\" \/>\n\t<meta name=\"twitter:data2\" content=\"1 minuto\" \/>\n<script type=\"application\/ld+json\" class=\"yoast-schema-graph\">{\"@context\":\"https:\/\/schema.org\",\"@graph\":[{\"@type\":\"Article\",\"@id\":\"https:\/\/blogdobispo.com.br\/?p=19055#article\",\"isPartOf\":{\"@id\":\"https:\/\/blogdobispo.com.br\/?p=19055\"},\"author\":{\"name\":\"Jefferson Sterfeno\",\"@id\":\"https:\/\/blogdobispo.com.br\/#\/schema\/person\/e2209cc0e6cea5c5233d033e997b373f\"},\"headline\":\"Natal ganha oficialmente um novo bairro: Parque das Colinas\",\"datePublished\":\"2026-01-30T12:58:46+00:00\",\"dateModified\":\"2026-01-30T13:26:12+00:00\",\"mainEntityOfPage\":{\"@id\":\"https:\/\/blogdobispo.com.br\/?p=19055\"},\"wordCount\":251,\"commentCount\":0,\"publisher\":{\"@id\":\"https:\/\/blogdobispo.com.br\/#organization\"},\"image\":{\"@id\":\"https:\/\/blogdobispo.com.br\/?p=19055#primaryimage\"},\"thumbnailUrl\":\"https:\/\/i0.wp.com\/blogdobispo.com.br\/wp-content\/uploads\/2026\/01\/img_9289-1.jpg?fit=490%2C626&ssl=1\",\"articleSection\":[\"diversos\"],\"inLanguage\":\"pt-BR\",\"potentialAction\":[{\"@type\":\"CommentAction\",\"name\":\"Comment\",\"target\":[\"https:\/\/blogdobispo.com.br\/?p=19055#respond\"]}]},{\"@type\":\"WebPage\",\"@id\":\"https:\/\/blogdobispo.com.br\/?p=19055\",\"url\":\"https:\/\/blogdobispo.com.br\/?p=19055\",\"name\":\"Natal ganha oficialmente um novo bairro: Parque das Colinas - Blog do Bispo\",\"isPartOf\":{\"@id\":\"https:\/\/blogdobispo.com.br\/#website\"},\"primaryImageOfPage\":{\"@id\":\"https:\/\/blogdobispo.com.br\/?p=19055#primaryimage\"},\"image\":{\"@id\":\"https:\/\/blogdobispo.com.br\/?p=19055#primaryimage\"},\"thumbnailUrl\":\"https:\/\/i0.wp.com\/blogdobispo.com.br\/wp-content\/uploads\/2026\/01\/img_9289-1.jpg?fit=490%2C626&ssl=1\",\"datePublished\":\"2026-01-30T12:58:46+00:00\",\"dateModified\":\"2026-01-30T13:26:12+00:00\",\"breadcrumb\":{\"@id\":\"https:\/\/blogdobispo.com.br\/?p=19055#breadcrumb\"},\"inLanguage\":\"pt-BR\",\"potentialAction\":[{\"@type\":\"ReadAction\",\"target\":[\"https:\/\/blogdobispo.com.br\/?p=19055\"]}]},{\"@type\":\"ImageObject\",\"inLanguage\":\"pt-BR\",\"@id\":\"https:\/\/blogdobispo.com.br\/?p=19055#primaryimage\",\"url\":\"https:\/\/i0.wp.com\/blogdobispo.com.br\/wp-content\/uploads\/2026\/01\/img_9289-1.jpg?fit=490%2C626&ssl=1\",\"contentUrl\":\"https:\/\/i0.wp.com\/blogdobispo.com.br\/wp-content\/uploads\/2026\/01\/img_9289-1.jpg?fit=490%2C626&ssl=1\",\"width\":490,\"height\":626},{\"@type\":\"BreadcrumbList\",\"@id\":\"https:\/\/blogdobispo.com.br\/?p=19055#breadcrumb\",\"itemListElement\":[{\"@type\":\"ListItem\",\"position\":1,\"name\":\"In\u00edcio\",\"item\":\"https:\/\/blogdobispo.com.br\/\"},{\"@type\":\"ListItem\",\"position\":2,\"name\":\"Natal ganha oficialmente um novo bairro: Parque das Colinas\"}]},{\"@type\":\"WebSite\",\"@id\":\"https:\/\/blogdobispo.com.br\/#website\",\"url\":\"https:\/\/blogdobispo.com.br\/\",\"name\":\"Blog do Bispo\",\"description\":\"Comprometido apenas com o leitor\",\"publisher\":{\"@id\":\"https:\/\/blogdobispo.com.br\/#organization\"},\"potentialAction\":[{\"@type\":\"SearchAction\",\"target\":{\"@type\":\"EntryPoint\",\"urlTemplate\":\"https:\/\/blogdobispo.com.br\/?s={search_term_string}\"},\"query-input\":{\"@type\":\"PropertyValueSpecification\",\"valueRequired\":true,\"valueName\":\"search_term_string\"}}],\"inLanguage\":\"pt-BR\"},{\"@type\":\"Organization\",\"@id\":\"https:\/\/blogdobispo.com.br\/#organization\",\"name\":\"Blog do Bispo\",\"url\":\"https:\/\/blogdobispo.com.br\/\",\"logo\":{\"@type\":\"ImageObject\",\"inLanguage\":\"pt-BR\",\"@id\":\"https:\/\/blogdobispo.com.br\/#\/schema\/logo\/image\/\",\"url\":\"http:\/\/blogdobispo.com.br\/wp-content\/uploads\/2023\/05\/cropped-headear.png\",\"contentUrl\":\"http:\/\/blogdobispo.com.br\/wp-content\/uploads\/2023\/05\/cropped-headear.png\",\"width\":1500,\"height\":399,\"caption\":\"Blog do Bispo\"},\"image\":{\"@id\":\"https:\/\/blogdobispo.com.br\/#\/schema\/logo\/image\/\"}},{\"@type\":\"Person\",\"@id\":\"https:\/\/blogdobispo.com.br\/#\/schema\/person\/e2209cc0e6cea5c5233d033e997b373f\",\"name\":\"Jefferson Sterfeno\",\"image\":{\"@type\":\"ImageObject\",\"inLanguage\":\"pt-BR\",\"@id\":\"https:\/\/blogdobispo.com.br\/#\/schema\/person\/image\/\",\"url\":\"https:\/\/secure.gravatar.com\/avatar\/0534e84764641168a677026b6d57a3f51dc7ac4db0b4f6186d9cb330d4ee1160?s=96&d=mm&r=g\",\"contentUrl\":\"https:\/\/secure.gravatar.com\/avatar\/0534e84764641168a677026b6d57a3f51dc7ac4db0b4f6186d9cb330d4ee1160?s=96&d=mm&r=g\",\"caption\":\"Jefferson Sterfeno\"},\"sameAs\":[\"http:\/\/blogdobispo.com.br\"],\"url\":\"https:\/\/blogdobispo.com.br\/?author=1\"}]}<\/script>\n<!-- \/ Yoast SEO plugin. -->","yoast_head_json":{"title":"Natal ganha oficialmente um novo bairro: Parque das Colinas - Blog do Bispo","robots":{"index":"index","follow":"follow","max-snippet":"max-snippet:-1","max-image-preview":"max-image-preview:large","max-video-preview":"max-video-preview:-1"},"canonical":"https:\/\/blogdobispo.com.br\/?p=19055","og_locale":"pt_BR","og_type":"article","og_title":"Natal ganha oficialmente um novo bairro: Parque das Colinas - Blog do Bispo","og_description":"Natal passou a contar oficialmente com um novo bairro em sua divis\u00e3o administrativa. Trata-se do Parque das Colinas, criado a partir do desmembramento de uma \u00e1rea do bairro de Candel\u00e1ria, na zona Sul da capital potiguar. A cria\u00e7\u00e3o do novo bairro foi formalizada por meio de lei de autoria do vereador T\u00e9rcio Tinoco e sancionada [&hellip;]","og_url":"https:\/\/blogdobispo.com.br\/?p=19055","og_site_name":"Blog do Bispo","article_published_time":"2026-01-30T12:58:46+00:00","article_modified_time":"2026-01-30T13:26:12+00:00","og_image":[{"width":490,"height":626,"url":"https:\/\/i0.wp.com\/blogdobispo.com.br\/wp-content\/uploads\/2026\/01\/img_9289-1.jpg?fit=490%2C626&ssl=1","type":"image\/jpeg"}],"author":"Jefferson Sterfeno","twitter_card":"summary_large_image","twitter_misc":{"Escrito por":"Jefferson Sterfeno","Est. tempo de leitura":"1 minuto"},"schema":{"@context":"https:\/\/schema.org","@graph":[{"@type":"Article","@id":"https:\/\/blogdobispo.com.br\/?p=19055#article","isPartOf":{"@id":"https:\/\/blogdobispo.com.br\/?p=19055"},"author":{"name":"Jefferson Sterfeno","@id":"https:\/\/blogdobispo.com.br\/#\/schema\/person\/e2209cc0e6cea5c5233d033e997b373f"},"headline":"Natal ganha oficialmente um novo bairro: Parque das Colinas","datePublished":"2026-01-30T12:58:46+00:00","dateModified":"2026-01-30T13:26:12+00:00","mainEntityOfPage":{"@id":"https:\/\/blogdobispo.com.br\/?p=19055"},"wordCount":251,"commentCount":0,"publisher":{"@id":"https:\/\/blogdobispo.com.br\/#organization"},"image":{"@id":"https:\/\/blogdobispo.com.br\/?p=19055#primaryimage"},"thumbnailUrl":"https:\/\/i0.wp.com\/blogdobispo.com.br\/wp-content\/uploads\/2026\/01\/img_9289-1.jpg?fit=490%2C626&ssl=1","articleSection":["diversos"],"inLanguage":"pt-BR","potentialAction":[{"@type":"CommentAction","name":"Comment","target":["https:\/\/blogdobispo.com.br\/?p=19055#respond"]}]},{"@type":"WebPage","@id":"https:\/\/blogdobispo.com.br\/?p=19055","url":"https:\/\/blogdobispo.com.br\/?p=19055","name":"Natal ganha oficialmente um novo bairro: Parque das Colinas - Blog do Bispo","isPartOf":{"@id":"https:\/\/blogdobispo.com.br\/#website"},"primaryImageOfPage":{"@id":"https:\/\/blogdobispo.com.br\/?p=19055#primaryimage"},"image":{"@id":"https:\/\/blogdobispo.com.br\/?p=19055#primaryimage"},"thumbnailUrl":"https:\/\/i0.wp.com\/blogdobispo.com.br\/wp-content\/uploads\/2026\/01\/img_9289-1.jpg?fit=490%2C626&ssl=1","datePublished":"2026-01-30T12:58:46+00:00","dateModified":"2026-01-30T13:26:12+00:00","breadcrumb":{"@id":"https:\/\/blogdobispo.com.br\/?p=19055#breadcrumb"},"inLanguage":"pt-BR","potentialAction":[{"@type":"ReadAction","target":["https:\/\/blogdobispo.com.br\/?p=19055"]}]},{"@type":"ImageObject","inLanguage":"pt-BR","@id":"https:\/\/blogdobispo.com.br\/?p=19055#primaryimage","url":"https:\/\/i0.wp.com\/blogdobispo.com.br\/wp-content\/uploads\/2026\/01\/img_9289-1.jpg?fit=490%2C626&ssl=1","contentUrl":"https:\/\/i0.wp.com\/blogdobispo.com.br\/wp-content\/uploads\/2026\/01\/img_9289-1.jpg?fit=490%2C626&ssl=1","width":490,"height":626},{"@type":"BreadcrumbList","@id":"https:\/\/blogdobispo.com.br\/?p=19055#breadcrumb","itemListElement":[{"@type":"ListItem","position":1,"name":"In\u00edcio","item":"https:\/\/blogdobispo.com.br\/"},{"@type":"ListItem","position":2,"name":"Natal ganha oficialmente um novo bairro: Parque das Colinas"}]},{"@type":"WebSite","@id":"https:\/\/blogdobispo.com.br\/#website","url":"https:\/\/blogdobispo.com.br\/","name":"Blog do Bispo","description":"Comprometido apenas com o leitor","publisher":{"@id":"https:\/\/blogdobispo.com.br\/#organization"},"potentialAction":[{"@type":"SearchAction","target":{"@type":"EntryPoint","urlTemplate":"https:\/\/blogdobispo.com.br\/?s={search_term_string}"},"query-input":{"@type":"PropertyValueSpecification","valueRequired":true,"valueName":"search_term_string"}}],"inLanguage":"pt-BR"},{"@type":"Organization","@id":"https:\/\/blogdobispo.com.br\/#organization","name":"Blog do Bispo","url":"https:\/\/blogdobispo.com.br\/","logo":{"@type":"ImageObject","inLanguage":"pt-BR","@id":"https:\/\/blogdobispo.com.br\/#\/schema\/logo\/image\/","url":"http:\/\/blogdobispo.com.br\/wp-content\/uploads\/2023\/05\/cropped-headear.png","contentUrl":"http:\/\/blogdobispo.com.br\/wp-content\/uploads\/2023\/05\/cropped-headear.png","width":1500,"height":399,"caption":"Blog do Bispo"},"image":{"@id":"https:\/\/blogdobispo.com.br\/#\/schema\/logo\/image\/"}},{"@type":"Person","@id":"https:\/\/blogdobispo.com.br\/#\/schema\/person\/e2209cc0e6cea5c5233d033e997b373f","name":"Jefferson Sterfeno","image":{"@type":"ImageObject","inLanguage":"pt-BR","@id":"https:\/\/blogdobispo.com.br\/#\/schema\/person\/image\/","url":"https:\/\/secure.gravatar.com\/avatar\/0534e84764641168a677026b6d57a3f51dc7ac4db0b4f6186d9cb330d4ee1160?s=96&d=mm&r=g","contentUrl":"https:\/\/secure.gravatar.com\/avatar\/0534e84764641168a677026b6d57a3f51dc7ac4db0b4f6186d9cb330d4ee1160?s=96&d=mm&r=g","caption":"Jefferson Sterfeno"},"sameAs":["http:\/\/blogdobispo.com.br"],"url":"https:\/\/blogdobispo.com.br\/?author=1"}]}},"featured_image_urls":{"full":["https:\/\/i0.wp.com\/blogdobispo.com.br\/wp-content\/uploads\/2026\/01\/img_9289-1.jpg?fit=490%2C626&ssl=1",490,626,false],"thumbnail":["https:\/\/i0.wp.com\/blogdobispo.com.br\/wp-content\/uploads\/2026\/01\/img_9289-1.jpg?resize=150%2C150&ssl=1",150,150,true],"medium":["https:\/\/i0.wp.com\/blogdobispo.com.br\/wp-content\/uploads\/2026\/01\/img_9289-1.jpg?fit=235%2C300&ssl=1",235,300,true],"medium_large":["https:\/\/i0.wp.com\/blogdobispo.com.br\/wp-content\/uploads\/2026\/01\/img_9289-1.jpg?fit=490%2C626&ssl=1",490,626,true],"large":["https:\/\/i0.wp.com\/blogdobispo.com.br\/wp-content\/uploads\/2026\/01\/img_9289-1.jpg?fit=490%2C626&ssl=1",490,626,true],"1536x1536":["https:\/\/i0.wp.com\/blogdobispo.com.br\/wp-content\/uploads\/2026\/01\/img_9289-1.jpg?fit=490%2C626&ssl=1",490,626,true],"2048x2048":["https:\/\/i0.wp.com\/blogdobispo.com.br\/wp-content\/uploads\/2026\/01\/img_9289-1.jpg?fit=490%2C626&ssl=1",490,626,true]},"author_info":{"display_name":"Jefferson Sterfeno","author_link":"https:\/\/blogdobispo.com.br\/?author=1"},"category_info":"<a href=\"https:\/\/blogdobispo.com.br\/?cat=1\" rel=\"category\">diversos<\/a>","tag_info":"diversos","comment_count":"0","jetpack_featured_media_url":"https:\/\/i0.wp.com\/blogdobispo.com.br\/wp-content\/uploads\/2026\/01\/img_9289-1.jpg?fit=490%2C626&ssl=1","jetpack_sharing_enabled":true,"_links":{"self":[{"href":"https:\/\/blogdobispo.com.br\/index.php?rest_route=\/wp\/v2\/posts\/19055","targetHints":{"allow":["GET"]}}],"collection":[{"href":"https:\/\/blogdobispo.com.br\/index.php?rest_route=\/wp\/v2\/posts"}],"about":[{"href":"https:\/\/blogdobispo.com.br\/index.php?rest_route=\/wp\/v2\/types\/post"}],"author":[{"embeddable":true,"href":"https:\/\/blogdobispo.com.br\/index.php?rest_route=\/wp\/v2\/users\/1"}],"replies":[{"embeddable":true,"href":"https:\/\/blogdobispo.com.br\/index.php?rest_route=%2Fwp%2Fv2%2Fcomments&post=19055"}],"version-history":[{"count":1,"href":"https:\/\/blogdobispo.com.br\/index.php?rest_route=\/wp\/v2\/posts\/19055\/revisions"}],"predecessor-version":[{"id":19056,"href":"https:\/\/blogdobispo.com.br\/index.php?rest_route=\/wp\/v2\/posts\/19055\/revisions\/19056"}],"wp:featuredmedia":[{"embeddable":true,"href":"https:\/\/blogdobispo.com.br\/index.php?rest_route=\/wp\/v2\/media\/19054"}],"wp:attachment":[{"href":"https:\/\/blogdobispo.com.br\/index.php?rest_route=%2Fwp%2Fv2%2Fmedia&parent=19055"}],"wp:term":[{"taxonomy":"category","embeddable":true,"href":"https:\/\/blogdobispo.com.br\/index.php?rest_route=%2Fwp%2Fv2%2Fcategories&post=19055"},{"taxonomy":"post_tag","embeddable":true,"href":"https:\/\/blogdobispo.com.br\/index.php?rest_route=%2Fwp%2Fv2%2Ftags&post=19055"}],"curies":[{"name":"wp","href":"https:\/\/api.w.org\/{rel}","templated":true}]}}