{"id":19046,"date":"2026-01-28T15:40:28","date_gmt":"2026-01-28T15:40:28","guid":{"rendered":"https:\/\/blogdobispo.com.br\/?p=19046"},"modified":"2026-01-28T15:40:28","modified_gmt":"2026-01-28T15:40:28","slug":"silencio-de-aliados-apos-operacao-da-pf-levanta-duvidas-sobre-isolamento-politico-de-allyson-bezerra","status":"publish","type":"post","link":"https:\/\/blogdobispo.com.br\/?p=19046","title":{"rendered":"Sil\u00eancio de aliados ap\u00f3s opera\u00e7\u00e3o da PF levanta d\u00favidas sobre isolamento pol\u00edtico de Allyson Bezerra"},"content":{"rendered":"\n<figure class=\"wp-block-image size-large\"><img data-recalc-dims=\"1\" fetchpriority=\"high\" decoding=\"async\" width=\"348\" height=\"420\" src=\"https:\/\/i0.wp.com\/blogdobispo.com.br\/wp-content\/uploads\/2026\/01\/img_9239.jpg?resize=348%2C420&#038;ssl=1\" class=\"wp-image-19044\" srcset=\"https:\/\/i0.wp.com\/blogdobispo.com.br\/wp-content\/uploads\/2026\/01\/img_9239.jpg?w=348&amp;ssl=1 348w, https:\/\/i0.wp.com\/blogdobispo.com.br\/wp-content\/uploads\/2026\/01\/img_9239.jpg?resize=249%2C300&amp;ssl=1 249w\" sizes=\"(max-width: 348px) 100vw, 348px\" \/><\/figure>\n\n\n\n<p class=\"p1\"><\/p>\n\n\n\n<p class=\"p1\">A opera\u00e7\u00e3o deflagrada pela Pol\u00edcia Federal em Mossor\u00f3, nesta semana, segue produzindo efeitos al\u00e9m do campo jur\u00eddico e j\u00e1 come\u00e7a a repercutir com for\u00e7a no tabuleiro pol\u00edtico do Rio Grande do Norte. O que mais chama aten\u00e7\u00e3o, at\u00e9 agora, n\u00e3o \u00e9 apenas o conte\u00fado da investiga\u00e7\u00e3o, mas o sil\u00eancio quase absoluto da classe pol\u00edtica, especialmente entre aliados do pr\u00e9-candidato ao Governo do Estado, Allyson Bezerra.<\/p>\n\n\n\n<p class=\"p1\">Passadas mais de 24 horas da opera\u00e7\u00e3o, nenhuma nota oficial de solidariedade foi divulgada por partidos, lideran\u00e7as estaduais ou nacionais que, at\u00e9 pouco tempo, figuravam como apoiadores de primeira hora do projeto pol\u00edtico do prefeito mossoroense. O \u00fanico gesto p\u00fablico partiu do deputado estadual Kleber Rodrigues, ainda assim em tom cauteloso e sem o peso de uma defesa pol\u00edtica contundente.<\/p>\n\n\n\n<p class=\"p1\">Nos bastidores, o sil\u00eancio \u00e9 interpretado como algo mais do que prud\u00eancia. Para analistas e lideran\u00e7as ouvidas reservadamente, a postura indica desconforto, c\u00e1lculo pol\u00edtico e, possivelmente, um in\u00edcio de afastamento estrat\u00e9gico. Em pol\u00edtica, especialmente em per\u00edodos pr\u00e9-eleitorais, aliados costumam correr para ocupar espa\u00e7o na defesa p\u00fablica quando acreditam na solidez do projeto e na viabilidade do nome. Quando isso n\u00e3o acontece, o recado costuma ser outro.<\/p>\n\n\n\n<p class=\"p1\">H\u00e1 quem avalie que o epis\u00f3dio pode marcar um ponto de inflex\u00e3o na trajet\u00f3ria de Allyson Bezerra rumo a 2026. A falta de manifesta\u00e7\u00f5es sugere que setores da base preferem aguardar os desdobramentos da investiga\u00e7\u00e3o antes de se comprometerem, evitando desgaste antecipado. Outros v\u00e3o al\u00e9m e apontam que o sil\u00eancio pode revelar fragilidade na articula\u00e7\u00e3o pol\u00edtica estadual, ainda n\u00e3o suficientemente consolidada para resistir a crises.<\/p>\n\n\n\n<p class=\"p1\">Tamb\u00e9m chama aten\u00e7\u00e3o o comportamento de lideran\u00e7as que, nos \u00faltimos meses, apareciam em agendas p\u00fablicas, fotos e discursos ao lado do pr\u00e9-candidato. O recuo repentino refor\u00e7a a tese de que o apoio era mais circunstancial do que org\u00e2nico, sustentado por expectativas eleitorais que agora entram em compasso de espera.<\/p>\n\n\n\n<p class=\"p1\">Se o sil\u00eancio vai se transformar em abandono definitivo ou se dar\u00e1 lugar a uma rea\u00e7\u00e3o coordenada, depender\u00e1 dos pr\u00f3ximos cap\u00edtulos da investiga\u00e7\u00e3o e da capacidade de Allyson Bezerra de recompor pontes pol\u00edticas. Por ora, o fato concreto \u00e9 um s\u00f3: na pol\u00edtica, o v\u00e1cuo de apoio raramente \u00e9 neutro \u2014 e quase nunca \u00e9 ignorado.<\/p>\n","protected":false},"excerpt":{"rendered":"<p>A opera\u00e7\u00e3o deflagrada pela Pol\u00edcia Federal em Mossor\u00f3, nesta semana, segue produzindo efeitos al\u00e9m do campo jur\u00eddico e j\u00e1 come\u00e7a a repercutir com for\u00e7a no tabuleiro pol\u00edtico do Rio Grande do Norte. O que mais chama aten\u00e7\u00e3o, at\u00e9 agora, n\u00e3o \u00e9 apenas o conte\u00fado da investiga\u00e7\u00e3o, mas o sil\u00eancio quase absoluto da classe pol\u00edtica, especialmente [&hellip;]<\/p>\n","protected":false},"author":1,"featured_media":19045,"comment_status":"open","ping_status":"open","sticky":false,"template":"","format":"standard","meta":{"cybocfi_hide_featured_image":"","_jetpack_memberships_contains_paid_content":false,"footnotes":""},"categories":[1],"tags":[],"class_list":["post-19046","post","type-post","status-publish","format-standard","has-post-thumbnail","hentry","category-diversos"],"yoast_head":"<!-- This site is optimized with the Yoast SEO plugin v25.6 - https:\/\/yoast.com\/wordpress\/plugins\/seo\/ -->\n<title>Sil\u00eancio de aliados ap\u00f3s opera\u00e7\u00e3o da PF levanta d\u00favidas sobre isolamento pol\u00edtico de Allyson Bezerra - Blog do Bispo<\/title>\n<meta name=\"robots\" content=\"index, follow, max-snippet:-1, max-image-preview:large, max-video-preview:-1\" \/>\n<link rel=\"canonical\" href=\"https:\/\/blogdobispo.com.br\/?p=19046\" \/>\n<meta property=\"og:locale\" content=\"pt_BR\" \/>\n<meta property=\"og:type\" content=\"article\" \/>\n<meta property=\"og:title\" content=\"Sil\u00eancio de aliados ap\u00f3s opera\u00e7\u00e3o da PF levanta d\u00favidas sobre isolamento pol\u00edtico de Allyson Bezerra - Blog do Bispo\" \/>\n<meta property=\"og:description\" content=\"A opera\u00e7\u00e3o deflagrada pela Pol\u00edcia Federal em Mossor\u00f3, nesta semana, segue produzindo efeitos al\u00e9m do campo jur\u00eddico e j\u00e1 come\u00e7a a repercutir com for\u00e7a no tabuleiro pol\u00edtico do Rio Grande do Norte. O que mais chama aten\u00e7\u00e3o, at\u00e9 agora, n\u00e3o \u00e9 apenas o conte\u00fado da investiga\u00e7\u00e3o, mas o sil\u00eancio quase absoluto da classe pol\u00edtica, especialmente [&hellip;]\" \/>\n<meta property=\"og:url\" content=\"https:\/\/blogdobispo.com.br\/?p=19046\" \/>\n<meta property=\"og:site_name\" content=\"Blog do Bispo\" \/>\n<meta property=\"article:published_time\" content=\"2026-01-28T15:40:28+00:00\" \/>\n<meta property=\"og:image\" content=\"https:\/\/blogdobispo.com.br\/wp-content\/uploads\/2026\/01\/img_9239.jpg\" \/>\n<meta name=\"author\" content=\"Jefferson Sterfeno\" \/>\n<meta name=\"twitter:card\" content=\"summary_large_image\" \/>\n<meta name=\"twitter:label1\" content=\"Escrito por\" \/>\n\t<meta name=\"twitter:data1\" content=\"Jefferson Sterfeno\" \/>\n\t<meta name=\"twitter:label2\" content=\"Est. tempo de leitura\" \/>\n\t<meta name=\"twitter:data2\" content=\"2 minutos\" \/>\n<script type=\"application\/ld+json\" class=\"yoast-schema-graph\">{\"@context\":\"https:\/\/schema.org\",\"@graph\":[{\"@type\":\"Article\",\"@id\":\"https:\/\/blogdobispo.com.br\/?p=19046#article\",\"isPartOf\":{\"@id\":\"https:\/\/blogdobispo.com.br\/?p=19046\"},\"author\":{\"name\":\"Jefferson Sterfeno\",\"@id\":\"https:\/\/blogdobispo.com.br\/#\/schema\/person\/e2209cc0e6cea5c5233d033e997b373f\"},\"headline\":\"Sil\u00eancio de aliados ap\u00f3s opera\u00e7\u00e3o da PF levanta d\u00favidas sobre isolamento pol\u00edtico de Allyson Bezerra\",\"datePublished\":\"2026-01-28T15:40:28+00:00\",\"mainEntityOfPage\":{\"@id\":\"https:\/\/blogdobispo.com.br\/?p=19046\"},\"wordCount\":431,\"commentCount\":0,\"publisher\":{\"@id\":\"https:\/\/blogdobispo.com.br\/#organization\"},\"image\":{\"@id\":\"https:\/\/blogdobispo.com.br\/?p=19046#primaryimage\"},\"thumbnailUrl\":\"https:\/\/i0.wp.com\/blogdobispo.com.br\/wp-content\/uploads\/2026\/01\/img_9239-1.jpg?fit=348%2C420&ssl=1\",\"articleSection\":[\"diversos\"],\"inLanguage\":\"pt-BR\",\"potentialAction\":[{\"@type\":\"CommentAction\",\"name\":\"Comment\",\"target\":[\"https:\/\/blogdobispo.com.br\/?p=19046#respond\"]}]},{\"@type\":\"WebPage\",\"@id\":\"https:\/\/blogdobispo.com.br\/?p=19046\",\"url\":\"https:\/\/blogdobispo.com.br\/?p=19046\",\"name\":\"Sil\u00eancio de aliados ap\u00f3s opera\u00e7\u00e3o da PF levanta d\u00favidas sobre isolamento pol\u00edtico de Allyson Bezerra - Blog do Bispo\",\"isPartOf\":{\"@id\":\"https:\/\/blogdobispo.com.br\/#website\"},\"primaryImageOfPage\":{\"@id\":\"https:\/\/blogdobispo.com.br\/?p=19046#primaryimage\"},\"image\":{\"@id\":\"https:\/\/blogdobispo.com.br\/?p=19046#primaryimage\"},\"thumbnailUrl\":\"https:\/\/i0.wp.com\/blogdobispo.com.br\/wp-content\/uploads\/2026\/01\/img_9239-1.jpg?fit=348%2C420&ssl=1\",\"datePublished\":\"2026-01-28T15:40:28+00:00\",\"breadcrumb\":{\"@id\":\"https:\/\/blogdobispo.com.br\/?p=19046#breadcrumb\"},\"inLanguage\":\"pt-BR\",\"potentialAction\":[{\"@type\":\"ReadAction\",\"target\":[\"https:\/\/blogdobispo.com.br\/?p=19046\"]}]},{\"@type\":\"ImageObject\",\"inLanguage\":\"pt-BR\",\"@id\":\"https:\/\/blogdobispo.com.br\/?p=19046#primaryimage\",\"url\":\"https:\/\/i0.wp.com\/blogdobispo.com.br\/wp-content\/uploads\/2026\/01\/img_9239-1.jpg?fit=348%2C420&ssl=1\",\"contentUrl\":\"https:\/\/i0.wp.com\/blogdobispo.com.br\/wp-content\/uploads\/2026\/01\/img_9239-1.jpg?fit=348%2C420&ssl=1\",\"width\":348,\"height\":420},{\"@type\":\"BreadcrumbList\",\"@id\":\"https:\/\/blogdobispo.com.br\/?p=19046#breadcrumb\",\"itemListElement\":[{\"@type\":\"ListItem\",\"position\":1,\"name\":\"In\u00edcio\",\"item\":\"https:\/\/blogdobispo.com.br\/\"},{\"@type\":\"ListItem\",\"position\":2,\"name\":\"Sil\u00eancio de aliados ap\u00f3s opera\u00e7\u00e3o da PF levanta d\u00favidas sobre isolamento pol\u00edtico de Allyson Bezerra\"}]},{\"@type\":\"WebSite\",\"@id\":\"https:\/\/blogdobispo.com.br\/#website\",\"url\":\"https:\/\/blogdobispo.com.br\/\",\"name\":\"Blog do Bispo\",\"description\":\"Comprometido apenas com o leitor\",\"publisher\":{\"@id\":\"https:\/\/blogdobispo.com.br\/#organization\"},\"potentialAction\":[{\"@type\":\"SearchAction\",\"target\":{\"@type\":\"EntryPoint\",\"urlTemplate\":\"https:\/\/blogdobispo.com.br\/?s={search_term_string}\"},\"query-input\":{\"@type\":\"PropertyValueSpecification\",\"valueRequired\":true,\"valueName\":\"search_term_string\"}}],\"inLanguage\":\"pt-BR\"},{\"@type\":\"Organization\",\"@id\":\"https:\/\/blogdobispo.com.br\/#organization\",\"name\":\"Blog do Bispo\",\"url\":\"https:\/\/blogdobispo.com.br\/\",\"logo\":{\"@type\":\"ImageObject\",\"inLanguage\":\"pt-BR\",\"@id\":\"https:\/\/blogdobispo.com.br\/#\/schema\/logo\/image\/\",\"url\":\"http:\/\/blogdobispo.com.br\/wp-content\/uploads\/2023\/05\/cropped-headear.png\",\"contentUrl\":\"http:\/\/blogdobispo.com.br\/wp-content\/uploads\/2023\/05\/cropped-headear.png\",\"width\":1500,\"height\":399,\"caption\":\"Blog do Bispo\"},\"image\":{\"@id\":\"https:\/\/blogdobispo.com.br\/#\/schema\/logo\/image\/\"}},{\"@type\":\"Person\",\"@id\":\"https:\/\/blogdobispo.com.br\/#\/schema\/person\/e2209cc0e6cea5c5233d033e997b373f\",\"name\":\"Jefferson Sterfeno\",\"image\":{\"@type\":\"ImageObject\",\"inLanguage\":\"pt-BR\",\"@id\":\"https:\/\/blogdobispo.com.br\/#\/schema\/person\/image\/\",\"url\":\"https:\/\/secure.gravatar.com\/avatar\/0534e84764641168a677026b6d57a3f51dc7ac4db0b4f6186d9cb330d4ee1160?s=96&d=mm&r=g\",\"contentUrl\":\"https:\/\/secure.gravatar.com\/avatar\/0534e84764641168a677026b6d57a3f51dc7ac4db0b4f6186d9cb330d4ee1160?s=96&d=mm&r=g\",\"caption\":\"Jefferson Sterfeno\"},\"sameAs\":[\"http:\/\/blogdobispo.com.br\"],\"url\":\"https:\/\/blogdobispo.com.br\/?author=1\"}]}<\/script>\n<!-- \/ Yoast SEO plugin. -->","yoast_head_json":{"title":"Sil\u00eancio de aliados ap\u00f3s opera\u00e7\u00e3o da PF levanta d\u00favidas sobre isolamento pol\u00edtico de Allyson Bezerra - Blog do Bispo","robots":{"index":"index","follow":"follow","max-snippet":"max-snippet:-1","max-image-preview":"max-image-preview:large","max-video-preview":"max-video-preview:-1"},"canonical":"https:\/\/blogdobispo.com.br\/?p=19046","og_locale":"pt_BR","og_type":"article","og_title":"Sil\u00eancio de aliados ap\u00f3s opera\u00e7\u00e3o da PF levanta d\u00favidas sobre isolamento pol\u00edtico de Allyson Bezerra - Blog do Bispo","og_description":"A opera\u00e7\u00e3o deflagrada pela Pol\u00edcia Federal em Mossor\u00f3, nesta semana, segue produzindo efeitos al\u00e9m do campo jur\u00eddico e j\u00e1 come\u00e7a a repercutir com for\u00e7a no tabuleiro pol\u00edtico do Rio Grande do Norte. O que mais chama aten\u00e7\u00e3o, at\u00e9 agora, n\u00e3o \u00e9 apenas o conte\u00fado da investiga\u00e7\u00e3o, mas o sil\u00eancio quase absoluto da classe pol\u00edtica, especialmente [&hellip;]","og_url":"https:\/\/blogdobispo.com.br\/?p=19046","og_site_name":"Blog do Bispo","article_published_time":"2026-01-28T15:40:28+00:00","og_image":[{"url":"https:\/\/blogdobispo.com.br\/wp-content\/uploads\/2026\/01\/img_9239.jpg","type":"","width":"","height":""}],"author":"Jefferson Sterfeno","twitter_card":"summary_large_image","twitter_misc":{"Escrito por":"Jefferson Sterfeno","Est. tempo de leitura":"2 minutos"},"schema":{"@context":"https:\/\/schema.org","@graph":[{"@type":"Article","@id":"https:\/\/blogdobispo.com.br\/?p=19046#article","isPartOf":{"@id":"https:\/\/blogdobispo.com.br\/?p=19046"},"author":{"name":"Jefferson Sterfeno","@id":"https:\/\/blogdobispo.com.br\/#\/schema\/person\/e2209cc0e6cea5c5233d033e997b373f"},"headline":"Sil\u00eancio de aliados ap\u00f3s opera\u00e7\u00e3o da PF levanta d\u00favidas sobre isolamento pol\u00edtico de Allyson Bezerra","datePublished":"2026-01-28T15:40:28+00:00","mainEntityOfPage":{"@id":"https:\/\/blogdobispo.com.br\/?p=19046"},"wordCount":431,"commentCount":0,"publisher":{"@id":"https:\/\/blogdobispo.com.br\/#organization"},"image":{"@id":"https:\/\/blogdobispo.com.br\/?p=19046#primaryimage"},"thumbnailUrl":"https:\/\/i0.wp.com\/blogdobispo.com.br\/wp-content\/uploads\/2026\/01\/img_9239-1.jpg?fit=348%2C420&ssl=1","articleSection":["diversos"],"inLanguage":"pt-BR","potentialAction":[{"@type":"CommentAction","name":"Comment","target":["https:\/\/blogdobispo.com.br\/?p=19046#respond"]}]},{"@type":"WebPage","@id":"https:\/\/blogdobispo.com.br\/?p=19046","url":"https:\/\/blogdobispo.com.br\/?p=19046","name":"Sil\u00eancio de aliados ap\u00f3s opera\u00e7\u00e3o da PF levanta d\u00favidas sobre isolamento pol\u00edtico de Allyson Bezerra - Blog do Bispo","isPartOf":{"@id":"https:\/\/blogdobispo.com.br\/#website"},"primaryImageOfPage":{"@id":"https:\/\/blogdobispo.com.br\/?p=19046#primaryimage"},"image":{"@id":"https:\/\/blogdobispo.com.br\/?p=19046#primaryimage"},"thumbnailUrl":"https:\/\/i0.wp.com\/blogdobispo.com.br\/wp-content\/uploads\/2026\/01\/img_9239-1.jpg?fit=348%2C420&ssl=1","datePublished":"2026-01-28T15:40:28+00:00","breadcrumb":{"@id":"https:\/\/blogdobispo.com.br\/?p=19046#breadcrumb"},"inLanguage":"pt-BR","potentialAction":[{"@type":"ReadAction","target":["https:\/\/blogdobispo.com.br\/?p=19046"]}]},{"@type":"ImageObject","inLanguage":"pt-BR","@id":"https:\/\/blogdobispo.com.br\/?p=19046#primaryimage","url":"https:\/\/i0.wp.com\/blogdobispo.com.br\/wp-content\/uploads\/2026\/01\/img_9239-1.jpg?fit=348%2C420&ssl=1","contentUrl":"https:\/\/i0.wp.com\/blogdobispo.com.br\/wp-content\/uploads\/2026\/01\/img_9239-1.jpg?fit=348%2C420&ssl=1","width":348,"height":420},{"@type":"BreadcrumbList","@id":"https:\/\/blogdobispo.com.br\/?p=19046#breadcrumb","itemListElement":[{"@type":"ListItem","position":1,"name":"In\u00edcio","item":"https:\/\/blogdobispo.com.br\/"},{"@type":"ListItem","position":2,"name":"Sil\u00eancio de aliados ap\u00f3s opera\u00e7\u00e3o da PF levanta d\u00favidas sobre isolamento pol\u00edtico de Allyson Bezerra"}]},{"@type":"WebSite","@id":"https:\/\/blogdobispo.com.br\/#website","url":"https:\/\/blogdobispo.com.br\/","name":"Blog do Bispo","description":"Comprometido apenas com o leitor","publisher":{"@id":"https:\/\/blogdobispo.com.br\/#organization"},"potentialAction":[{"@type":"SearchAction","target":{"@type":"EntryPoint","urlTemplate":"https:\/\/blogdobispo.com.br\/?s={search_term_string}"},"query-input":{"@type":"PropertyValueSpecification","valueRequired":true,"valueName":"search_term_string"}}],"inLanguage":"pt-BR"},{"@type":"Organization","@id":"https:\/\/blogdobispo.com.br\/#organization","name":"Blog do Bispo","url":"https:\/\/blogdobispo.com.br\/","logo":{"@type":"ImageObject","inLanguage":"pt-BR","@id":"https:\/\/blogdobispo.com.br\/#\/schema\/logo\/image\/","url":"http:\/\/blogdobispo.com.br\/wp-content\/uploads\/2023\/05\/cropped-headear.png","contentUrl":"http:\/\/blogdobispo.com.br\/wp-content\/uploads\/2023\/05\/cropped-headear.png","width":1500,"height":399,"caption":"Blog do Bispo"},"image":{"@id":"https:\/\/blogdobispo.com.br\/#\/schema\/logo\/image\/"}},{"@type":"Person","@id":"https:\/\/blogdobispo.com.br\/#\/schema\/person\/e2209cc0e6cea5c5233d033e997b373f","name":"Jefferson Sterfeno","image":{"@type":"ImageObject","inLanguage":"pt-BR","@id":"https:\/\/blogdobispo.com.br\/#\/schema\/person\/image\/","url":"https:\/\/secure.gravatar.com\/avatar\/0534e84764641168a677026b6d57a3f51dc7ac4db0b4f6186d9cb330d4ee1160?s=96&d=mm&r=g","contentUrl":"https:\/\/secure.gravatar.com\/avatar\/0534e84764641168a677026b6d57a3f51dc7ac4db0b4f6186d9cb330d4ee1160?s=96&d=mm&r=g","caption":"Jefferson Sterfeno"},"sameAs":["http:\/\/blogdobispo.com.br"],"url":"https:\/\/blogdobispo.com.br\/?author=1"}]}},"featured_image_urls":{"full":["https:\/\/i0.wp.com\/blogdobispo.com.br\/wp-content\/uploads\/2026\/01\/img_9239-1.jpg?fit=348%2C420&ssl=1",348,420,false],"thumbnail":["https:\/\/i0.wp.com\/blogdobispo.com.br\/wp-content\/uploads\/2026\/01\/img_9239-1.jpg?resize=150%2C150&ssl=1",150,150,true],"medium":["https:\/\/i0.wp.com\/blogdobispo.com.br\/wp-content\/uploads\/2026\/01\/img_9239-1.jpg?fit=249%2C300&ssl=1",249,300,true],"medium_large":["https:\/\/i0.wp.com\/blogdobispo.com.br\/wp-content\/uploads\/2026\/01\/img_9239-1.jpg?fit=348%2C420&ssl=1",348,420,true],"large":["https:\/\/i0.wp.com\/blogdobispo.com.br\/wp-content\/uploads\/2026\/01\/img_9239-1.jpg?fit=348%2C420&ssl=1",348,420,true],"1536x1536":["https:\/\/i0.wp.com\/blogdobispo.com.br\/wp-content\/uploads\/2026\/01\/img_9239-1.jpg?fit=348%2C420&ssl=1",348,420,true],"2048x2048":["https:\/\/i0.wp.com\/blogdobispo.com.br\/wp-content\/uploads\/2026\/01\/img_9239-1.jpg?fit=348%2C420&ssl=1",348,420,true]},"author_info":{"display_name":"Jefferson Sterfeno","author_link":"https:\/\/blogdobispo.com.br\/?author=1"},"category_info":"<a href=\"https:\/\/blogdobispo.com.br\/?cat=1\" rel=\"category\">diversos<\/a>","tag_info":"diversos","comment_count":"0","jetpack_featured_media_url":"https:\/\/i0.wp.com\/blogdobispo.com.br\/wp-content\/uploads\/2026\/01\/img_9239-1.jpg?fit=348%2C420&ssl=1","jetpack_sharing_enabled":true,"_links":{"self":[{"href":"https:\/\/blogdobispo.com.br\/index.php?rest_route=\/wp\/v2\/posts\/19046","targetHints":{"allow":["GET"]}}],"collection":[{"href":"https:\/\/blogdobispo.com.br\/index.php?rest_route=\/wp\/v2\/posts"}],"about":[{"href":"https:\/\/blogdobispo.com.br\/index.php?rest_route=\/wp\/v2\/types\/post"}],"author":[{"embeddable":true,"href":"https:\/\/blogdobispo.com.br\/index.php?rest_route=\/wp\/v2\/users\/1"}],"replies":[{"embeddable":true,"href":"https:\/\/blogdobispo.com.br\/index.php?rest_route=%2Fwp%2Fv2%2Fcomments&post=19046"}],"version-history":[{"count":0,"href":"https:\/\/blogdobispo.com.br\/index.php?rest_route=\/wp\/v2\/posts\/19046\/revisions"}],"wp:featuredmedia":[{"embeddable":true,"href":"https:\/\/blogdobispo.com.br\/index.php?rest_route=\/wp\/v2\/media\/19045"}],"wp:attachment":[{"href":"https:\/\/blogdobispo.com.br\/index.php?rest_route=%2Fwp%2Fv2%2Fmedia&parent=19046"}],"wp:term":[{"taxonomy":"category","embeddable":true,"href":"https:\/\/blogdobispo.com.br\/index.php?rest_route=%2Fwp%2Fv2%2Fcategories&post=19046"},{"taxonomy":"post_tag","embeddable":true,"href":"https:\/\/blogdobispo.com.br\/index.php?rest_route=%2Fwp%2Fv2%2Ftags&post=19046"}],"curies":[{"name":"wp","href":"https:\/\/api.w.org\/{rel}","templated":true}]}}