{"id":19042,"date":"2026-01-28T13:03:46","date_gmt":"2026-01-28T13:03:46","guid":{"rendered":"https:\/\/blogdobispo.com.br\/?p=19042"},"modified":"2026-01-28T13:12:47","modified_gmt":"2026-01-28T13:12:47","slug":"allyson-bezerra-liderava-esquema-de-corrupcao-diz-cgu","status":"publish","type":"post","link":"https:\/\/blogdobispo.com.br\/?p=19042","title":{"rendered":"Allyson Bezerra liderava esquema de corrup\u00e7\u00e3o diz CGU"},"content":{"rendered":"\n<figure class=\"wp-block-image size-large\"><img data-recalc-dims=\"1\" fetchpriority=\"high\" decoding=\"async\" width=\"600\" height=\"400\" src=\"https:\/\/i0.wp.com\/blogdobispo.com.br\/wp-content\/uploads\/2026\/01\/img_9236.png?resize=600%2C400&#038;ssl=1\" alt=\"\" class=\"wp-image-19040\" srcset=\"https:\/\/i0.wp.com\/blogdobispo.com.br\/wp-content\/uploads\/2026\/01\/img_9236.png?w=600&amp;ssl=1 600w, https:\/\/i0.wp.com\/blogdobispo.com.br\/wp-content\/uploads\/2026\/01\/img_9236.png?resize=300%2C200&amp;ssl=1 300w\" sizes=\"(max-width: 600px) 100vw, 600px\" \/><\/figure>\n\n\n\n<p class=\"p1\">Segundo trechos de uma investiga\u00e7\u00e3o em andamento, o prefeito Allyson Bezerra \u00e9 apontado como figura central de um suposto esquema criminoso investigado por autoridades. De acordo com os autos, os investigadores descrevem o gestor como algu\u00e9m que exerceria papel de lideran\u00e7a na organiza\u00e7\u00e3o, demonstrando preocupa\u00e7\u00e3o constante e extrema em n\u00e3o ser descoberto.<\/p>\n\n\n\n<p class=\"p1\">As informa\u00e7\u00f5es reunidas indicam que havia cuidado redobrado para evitar rastreamentos, registros formais e qualquer a\u00e7\u00e3o que pudesse comprometer o funcionamento do esquema ou expor seus integrantes. A conduta, segundo os investigadores, revelaria consci\u00eancia dos riscos legais e tentativa deliberada de blindagem pessoal.<\/p>\n\n\n\n<p>A PF aponta di\u00e1logos que indicam pagamento de propina ao prefeito de Mossor\u00f3, Allyson Bezerra, em esquema de fraudes na sa\u00fade.<\/p>\n\n\n\n<p>Intercepta\u00e7\u00f5es da Pol\u00edcia Federal mostram empres\u00e1rio falando em &#8220;pagar cem mil a Allyson&#8221; dentro da chamada &#8220;matem\u00e1tica de Mossor\u00f3&#8221;, em contratos de medicamentos que somariam centenas de milhares de reais.<\/p>\n\n\n\n<p>Segundo a investiga\u00e7\u00e3o, o prefeito e o vice estariam no topo do esquema, recebendo percentuais fixos sobre contratos com a empresa Dismed. Escutas indicam divis\u00e3o de valores, cautela para esconder o esquema e consci\u00eancia da ilegalidade.<\/p>\n\n\n\n<p>A Opera\u00e7\u00e3o Mederi cumpriu 35 mandados de busca no<\/p>\n\n\n\n<p>RN, atingindo empres\u00e1rios, servidores e gestores de cinco munic\u00edpios. A PF apura desvio de recursos p\u00fablicos, fraude em licita\u00e7\u00f5es e pagamento de propina.<\/p>\n\n\n\n<p class=\"p1\">Apesar da gravidade dos ind\u00edcios descritos na investiga\u00e7\u00e3o, o inqu\u00e9rito ainda n\u00e3o foi conclu\u00eddo e n\u00e3o h\u00e1 decis\u00e3o judicial condenat\u00f3ria at\u00e9 o momento. Procurada, a defesa de Allyson Bezerra afirma que o prefeito rejeita as acusa\u00e7\u00f5es, classifica as suspeitas como infundadas e diz confiar no arquivamento do caso ap\u00f3s a apura\u00e7\u00e3o completa.<\/p>\n","protected":false},"excerpt":{"rendered":"<p>Segundo trechos de uma investiga\u00e7\u00e3o em andamento, o prefeito Allyson Bezerra \u00e9 apontado como figura central de um suposto esquema criminoso investigado por autoridades. De acordo com os autos, os investigadores descrevem o gestor como algu\u00e9m que exerceria papel de lideran\u00e7a na organiza\u00e7\u00e3o, demonstrando preocupa\u00e7\u00e3o constante e extrema em n\u00e3o ser descoberto. As informa\u00e7\u00f5es reunidas [&hellip;]<\/p>\n","protected":false},"author":1,"featured_media":19041,"comment_status":"open","ping_status":"open","sticky":false,"template":"","format":"standard","meta":{"cybocfi_hide_featured_image":"","_jetpack_memberships_contains_paid_content":false,"footnotes":""},"categories":[1],"tags":[],"class_list":["post-19042","post","type-post","status-publish","format-standard","has-post-thumbnail","hentry","category-diversos"],"yoast_head":"<!-- This site is optimized with the Yoast SEO plugin v25.6 - https:\/\/yoast.com\/wordpress\/plugins\/seo\/ -->\n<title>Allyson Bezerra liderava esquema de corrup\u00e7\u00e3o diz CGU - Blog do Bispo<\/title>\n<meta name=\"robots\" content=\"index, follow, max-snippet:-1, max-image-preview:large, max-video-preview:-1\" \/>\n<link rel=\"canonical\" href=\"https:\/\/blogdobispo.com.br\/?p=19042\" \/>\n<meta property=\"og:locale\" content=\"pt_BR\" \/>\n<meta property=\"og:type\" content=\"article\" \/>\n<meta property=\"og:title\" content=\"Allyson Bezerra liderava esquema de corrup\u00e7\u00e3o diz CGU - Blog do Bispo\" \/>\n<meta property=\"og:description\" content=\"Segundo trechos de uma investiga\u00e7\u00e3o em andamento, o prefeito Allyson Bezerra \u00e9 apontado como figura central de um suposto esquema criminoso investigado por autoridades. De acordo com os autos, os investigadores descrevem o gestor como algu\u00e9m que exerceria papel de lideran\u00e7a na organiza\u00e7\u00e3o, demonstrando preocupa\u00e7\u00e3o constante e extrema em n\u00e3o ser descoberto. As informa\u00e7\u00f5es reunidas [&hellip;]\" \/>\n<meta property=\"og:url\" content=\"https:\/\/blogdobispo.com.br\/?p=19042\" \/>\n<meta property=\"og:site_name\" content=\"Blog do Bispo\" \/>\n<meta property=\"article:published_time\" content=\"2026-01-28T13:03:46+00:00\" \/>\n<meta property=\"article:modified_time\" content=\"2026-01-28T13:12:47+00:00\" \/>\n<meta property=\"og:image\" content=\"https:\/\/i0.wp.com\/blogdobispo.com.br\/wp-content\/uploads\/2026\/01\/img_9236-1.png?fit=600%2C400&ssl=1\" \/>\n\t<meta property=\"og:image:width\" content=\"600\" \/>\n\t<meta property=\"og:image:height\" content=\"400\" \/>\n\t<meta property=\"og:image:type\" content=\"image\/png\" \/>\n<meta name=\"author\" content=\"Jefferson Sterfeno\" \/>\n<meta name=\"twitter:card\" content=\"summary_large_image\" \/>\n<meta name=\"twitter:label1\" content=\"Escrito por\" \/>\n\t<meta name=\"twitter:data1\" content=\"Jefferson Sterfeno\" \/>\n\t<meta name=\"twitter:label2\" content=\"Est. tempo de leitura\" \/>\n\t<meta name=\"twitter:data2\" content=\"1 minuto\" \/>\n<script type=\"application\/ld+json\" class=\"yoast-schema-graph\">{\"@context\":\"https:\/\/schema.org\",\"@graph\":[{\"@type\":\"Article\",\"@id\":\"https:\/\/blogdobispo.com.br\/?p=19042#article\",\"isPartOf\":{\"@id\":\"https:\/\/blogdobispo.com.br\/?p=19042\"},\"author\":{\"name\":\"Jefferson Sterfeno\",\"@id\":\"https:\/\/blogdobispo.com.br\/#\/schema\/person\/e2209cc0e6cea5c5233d033e997b373f\"},\"headline\":\"Allyson Bezerra liderava esquema de corrup\u00e7\u00e3o diz CGU\",\"datePublished\":\"2026-01-28T13:03:46+00:00\",\"dateModified\":\"2026-01-28T13:12:47+00:00\",\"mainEntityOfPage\":{\"@id\":\"https:\/\/blogdobispo.com.br\/?p=19042\"},\"wordCount\":307,\"commentCount\":0,\"publisher\":{\"@id\":\"https:\/\/blogdobispo.com.br\/#organization\"},\"image\":{\"@id\":\"https:\/\/blogdobispo.com.br\/?p=19042#primaryimage\"},\"thumbnailUrl\":\"https:\/\/i0.wp.com\/blogdobispo.com.br\/wp-content\/uploads\/2026\/01\/img_9236-1.png?fit=600%2C400&ssl=1\",\"articleSection\":[\"diversos\"],\"inLanguage\":\"pt-BR\",\"potentialAction\":[{\"@type\":\"CommentAction\",\"name\":\"Comment\",\"target\":[\"https:\/\/blogdobispo.com.br\/?p=19042#respond\"]}]},{\"@type\":\"WebPage\",\"@id\":\"https:\/\/blogdobispo.com.br\/?p=19042\",\"url\":\"https:\/\/blogdobispo.com.br\/?p=19042\",\"name\":\"Allyson Bezerra liderava esquema de corrup\u00e7\u00e3o diz CGU - Blog do Bispo\",\"isPartOf\":{\"@id\":\"https:\/\/blogdobispo.com.br\/#website\"},\"primaryImageOfPage\":{\"@id\":\"https:\/\/blogdobispo.com.br\/?p=19042#primaryimage\"},\"image\":{\"@id\":\"https:\/\/blogdobispo.com.br\/?p=19042#primaryimage\"},\"thumbnailUrl\":\"https:\/\/i0.wp.com\/blogdobispo.com.br\/wp-content\/uploads\/2026\/01\/img_9236-1.png?fit=600%2C400&ssl=1\",\"datePublished\":\"2026-01-28T13:03:46+00:00\",\"dateModified\":\"2026-01-28T13:12:47+00:00\",\"breadcrumb\":{\"@id\":\"https:\/\/blogdobispo.com.br\/?p=19042#breadcrumb\"},\"inLanguage\":\"pt-BR\",\"potentialAction\":[{\"@type\":\"ReadAction\",\"target\":[\"https:\/\/blogdobispo.com.br\/?p=19042\"]}]},{\"@type\":\"ImageObject\",\"inLanguage\":\"pt-BR\",\"@id\":\"https:\/\/blogdobispo.com.br\/?p=19042#primaryimage\",\"url\":\"https:\/\/i0.wp.com\/blogdobispo.com.br\/wp-content\/uploads\/2026\/01\/img_9236-1.png?fit=600%2C400&ssl=1\",\"contentUrl\":\"https:\/\/i0.wp.com\/blogdobispo.com.br\/wp-content\/uploads\/2026\/01\/img_9236-1.png?fit=600%2C400&ssl=1\",\"width\":600,\"height\":400},{\"@type\":\"BreadcrumbList\",\"@id\":\"https:\/\/blogdobispo.com.br\/?p=19042#breadcrumb\",\"itemListElement\":[{\"@type\":\"ListItem\",\"position\":1,\"name\":\"In\u00edcio\",\"item\":\"https:\/\/blogdobispo.com.br\/\"},{\"@type\":\"ListItem\",\"position\":2,\"name\":\"Allyson Bezerra liderava esquema de corrup\u00e7\u00e3o diz CGU\"}]},{\"@type\":\"WebSite\",\"@id\":\"https:\/\/blogdobispo.com.br\/#website\",\"url\":\"https:\/\/blogdobispo.com.br\/\",\"name\":\"Blog do Bispo\",\"description\":\"Comprometido apenas com o leitor\",\"publisher\":{\"@id\":\"https:\/\/blogdobispo.com.br\/#organization\"},\"potentialAction\":[{\"@type\":\"SearchAction\",\"target\":{\"@type\":\"EntryPoint\",\"urlTemplate\":\"https:\/\/blogdobispo.com.br\/?s={search_term_string}\"},\"query-input\":{\"@type\":\"PropertyValueSpecification\",\"valueRequired\":true,\"valueName\":\"search_term_string\"}}],\"inLanguage\":\"pt-BR\"},{\"@type\":\"Organization\",\"@id\":\"https:\/\/blogdobispo.com.br\/#organization\",\"name\":\"Blog do Bispo\",\"url\":\"https:\/\/blogdobispo.com.br\/\",\"logo\":{\"@type\":\"ImageObject\",\"inLanguage\":\"pt-BR\",\"@id\":\"https:\/\/blogdobispo.com.br\/#\/schema\/logo\/image\/\",\"url\":\"http:\/\/blogdobispo.com.br\/wp-content\/uploads\/2023\/05\/cropped-headear.png\",\"contentUrl\":\"http:\/\/blogdobispo.com.br\/wp-content\/uploads\/2023\/05\/cropped-headear.png\",\"width\":1500,\"height\":399,\"caption\":\"Blog do Bispo\"},\"image\":{\"@id\":\"https:\/\/blogdobispo.com.br\/#\/schema\/logo\/image\/\"}},{\"@type\":\"Person\",\"@id\":\"https:\/\/blogdobispo.com.br\/#\/schema\/person\/e2209cc0e6cea5c5233d033e997b373f\",\"name\":\"Jefferson Sterfeno\",\"image\":{\"@type\":\"ImageObject\",\"inLanguage\":\"pt-BR\",\"@id\":\"https:\/\/blogdobispo.com.br\/#\/schema\/person\/image\/\",\"url\":\"https:\/\/secure.gravatar.com\/avatar\/0534e84764641168a677026b6d57a3f51dc7ac4db0b4f6186d9cb330d4ee1160?s=96&d=mm&r=g\",\"contentUrl\":\"https:\/\/secure.gravatar.com\/avatar\/0534e84764641168a677026b6d57a3f51dc7ac4db0b4f6186d9cb330d4ee1160?s=96&d=mm&r=g\",\"caption\":\"Jefferson Sterfeno\"},\"sameAs\":[\"http:\/\/blogdobispo.com.br\"],\"url\":\"https:\/\/blogdobispo.com.br\/?author=1\"}]}<\/script>\n<!-- \/ Yoast SEO plugin. -->","yoast_head_json":{"title":"Allyson Bezerra liderava esquema de corrup\u00e7\u00e3o diz CGU - Blog do Bispo","robots":{"index":"index","follow":"follow","max-snippet":"max-snippet:-1","max-image-preview":"max-image-preview:large","max-video-preview":"max-video-preview:-1"},"canonical":"https:\/\/blogdobispo.com.br\/?p=19042","og_locale":"pt_BR","og_type":"article","og_title":"Allyson Bezerra liderava esquema de corrup\u00e7\u00e3o diz CGU - Blog do Bispo","og_description":"Segundo trechos de uma investiga\u00e7\u00e3o em andamento, o prefeito Allyson Bezerra \u00e9 apontado como figura central de um suposto esquema criminoso investigado por autoridades. De acordo com os autos, os investigadores descrevem o gestor como algu\u00e9m que exerceria papel de lideran\u00e7a na organiza\u00e7\u00e3o, demonstrando preocupa\u00e7\u00e3o constante e extrema em n\u00e3o ser descoberto. As informa\u00e7\u00f5es reunidas [&hellip;]","og_url":"https:\/\/blogdobispo.com.br\/?p=19042","og_site_name":"Blog do Bispo","article_published_time":"2026-01-28T13:03:46+00:00","article_modified_time":"2026-01-28T13:12:47+00:00","og_image":[{"width":600,"height":400,"url":"https:\/\/i0.wp.com\/blogdobispo.com.br\/wp-content\/uploads\/2026\/01\/img_9236-1.png?fit=600%2C400&ssl=1","type":"image\/png"}],"author":"Jefferson Sterfeno","twitter_card":"summary_large_image","twitter_misc":{"Escrito por":"Jefferson Sterfeno","Est. tempo de leitura":"1 minuto"},"schema":{"@context":"https:\/\/schema.org","@graph":[{"@type":"Article","@id":"https:\/\/blogdobispo.com.br\/?p=19042#article","isPartOf":{"@id":"https:\/\/blogdobispo.com.br\/?p=19042"},"author":{"name":"Jefferson Sterfeno","@id":"https:\/\/blogdobispo.com.br\/#\/schema\/person\/e2209cc0e6cea5c5233d033e997b373f"},"headline":"Allyson Bezerra liderava esquema de corrup\u00e7\u00e3o diz CGU","datePublished":"2026-01-28T13:03:46+00:00","dateModified":"2026-01-28T13:12:47+00:00","mainEntityOfPage":{"@id":"https:\/\/blogdobispo.com.br\/?p=19042"},"wordCount":307,"commentCount":0,"publisher":{"@id":"https:\/\/blogdobispo.com.br\/#organization"},"image":{"@id":"https:\/\/blogdobispo.com.br\/?p=19042#primaryimage"},"thumbnailUrl":"https:\/\/i0.wp.com\/blogdobispo.com.br\/wp-content\/uploads\/2026\/01\/img_9236-1.png?fit=600%2C400&ssl=1","articleSection":["diversos"],"inLanguage":"pt-BR","potentialAction":[{"@type":"CommentAction","name":"Comment","target":["https:\/\/blogdobispo.com.br\/?p=19042#respond"]}]},{"@type":"WebPage","@id":"https:\/\/blogdobispo.com.br\/?p=19042","url":"https:\/\/blogdobispo.com.br\/?p=19042","name":"Allyson Bezerra liderava esquema de corrup\u00e7\u00e3o diz CGU - Blog do Bispo","isPartOf":{"@id":"https:\/\/blogdobispo.com.br\/#website"},"primaryImageOfPage":{"@id":"https:\/\/blogdobispo.com.br\/?p=19042#primaryimage"},"image":{"@id":"https:\/\/blogdobispo.com.br\/?p=19042#primaryimage"},"thumbnailUrl":"https:\/\/i0.wp.com\/blogdobispo.com.br\/wp-content\/uploads\/2026\/01\/img_9236-1.png?fit=600%2C400&ssl=1","datePublished":"2026-01-28T13:03:46+00:00","dateModified":"2026-01-28T13:12:47+00:00","breadcrumb":{"@id":"https:\/\/blogdobispo.com.br\/?p=19042#breadcrumb"},"inLanguage":"pt-BR","potentialAction":[{"@type":"ReadAction","target":["https:\/\/blogdobispo.com.br\/?p=19042"]}]},{"@type":"ImageObject","inLanguage":"pt-BR","@id":"https:\/\/blogdobispo.com.br\/?p=19042#primaryimage","url":"https:\/\/i0.wp.com\/blogdobispo.com.br\/wp-content\/uploads\/2026\/01\/img_9236-1.png?fit=600%2C400&ssl=1","contentUrl":"https:\/\/i0.wp.com\/blogdobispo.com.br\/wp-content\/uploads\/2026\/01\/img_9236-1.png?fit=600%2C400&ssl=1","width":600,"height":400},{"@type":"BreadcrumbList","@id":"https:\/\/blogdobispo.com.br\/?p=19042#breadcrumb","itemListElement":[{"@type":"ListItem","position":1,"name":"In\u00edcio","item":"https:\/\/blogdobispo.com.br\/"},{"@type":"ListItem","position":2,"name":"Allyson Bezerra liderava esquema de corrup\u00e7\u00e3o diz CGU"}]},{"@type":"WebSite","@id":"https:\/\/blogdobispo.com.br\/#website","url":"https:\/\/blogdobispo.com.br\/","name":"Blog do Bispo","description":"Comprometido apenas com o leitor","publisher":{"@id":"https:\/\/blogdobispo.com.br\/#organization"},"potentialAction":[{"@type":"SearchAction","target":{"@type":"EntryPoint","urlTemplate":"https:\/\/blogdobispo.com.br\/?s={search_term_string}"},"query-input":{"@type":"PropertyValueSpecification","valueRequired":true,"valueName":"search_term_string"}}],"inLanguage":"pt-BR"},{"@type":"Organization","@id":"https:\/\/blogdobispo.com.br\/#organization","name":"Blog do Bispo","url":"https:\/\/blogdobispo.com.br\/","logo":{"@type":"ImageObject","inLanguage":"pt-BR","@id":"https:\/\/blogdobispo.com.br\/#\/schema\/logo\/image\/","url":"http:\/\/blogdobispo.com.br\/wp-content\/uploads\/2023\/05\/cropped-headear.png","contentUrl":"http:\/\/blogdobispo.com.br\/wp-content\/uploads\/2023\/05\/cropped-headear.png","width":1500,"height":399,"caption":"Blog do Bispo"},"image":{"@id":"https:\/\/blogdobispo.com.br\/#\/schema\/logo\/image\/"}},{"@type":"Person","@id":"https:\/\/blogdobispo.com.br\/#\/schema\/person\/e2209cc0e6cea5c5233d033e997b373f","name":"Jefferson Sterfeno","image":{"@type":"ImageObject","inLanguage":"pt-BR","@id":"https:\/\/blogdobispo.com.br\/#\/schema\/person\/image\/","url":"https:\/\/secure.gravatar.com\/avatar\/0534e84764641168a677026b6d57a3f51dc7ac4db0b4f6186d9cb330d4ee1160?s=96&d=mm&r=g","contentUrl":"https:\/\/secure.gravatar.com\/avatar\/0534e84764641168a677026b6d57a3f51dc7ac4db0b4f6186d9cb330d4ee1160?s=96&d=mm&r=g","caption":"Jefferson Sterfeno"},"sameAs":["http:\/\/blogdobispo.com.br"],"url":"https:\/\/blogdobispo.com.br\/?author=1"}]}},"featured_image_urls":{"full":["https:\/\/i0.wp.com\/blogdobispo.com.br\/wp-content\/uploads\/2026\/01\/img_9236-1.png?fit=600%2C400&ssl=1",600,400,false],"thumbnail":["https:\/\/i0.wp.com\/blogdobispo.com.br\/wp-content\/uploads\/2026\/01\/img_9236-1.png?resize=150%2C150&ssl=1",150,150,true],"medium":["https:\/\/i0.wp.com\/blogdobispo.com.br\/wp-content\/uploads\/2026\/01\/img_9236-1.png?fit=300%2C200&ssl=1",300,200,true],"medium_large":["https:\/\/i0.wp.com\/blogdobispo.com.br\/wp-content\/uploads\/2026\/01\/img_9236-1.png?fit=600%2C400&ssl=1",600,400,true],"large":["https:\/\/i0.wp.com\/blogdobispo.com.br\/wp-content\/uploads\/2026\/01\/img_9236-1.png?fit=600%2C400&ssl=1",600,400,true],"1536x1536":["https:\/\/i0.wp.com\/blogdobispo.com.br\/wp-content\/uploads\/2026\/01\/img_9236-1.png?fit=600%2C400&ssl=1",600,400,true],"2048x2048":["https:\/\/i0.wp.com\/blogdobispo.com.br\/wp-content\/uploads\/2026\/01\/img_9236-1.png?fit=600%2C400&ssl=1",600,400,true]},"author_info":{"display_name":"Jefferson Sterfeno","author_link":"https:\/\/blogdobispo.com.br\/?author=1"},"category_info":"<a href=\"https:\/\/blogdobispo.com.br\/?cat=1\" rel=\"category\">diversos<\/a>","tag_info":"diversos","comment_count":"0","jetpack_featured_media_url":"https:\/\/i0.wp.com\/blogdobispo.com.br\/wp-content\/uploads\/2026\/01\/img_9236-1.png?fit=600%2C400&ssl=1","jetpack_sharing_enabled":true,"_links":{"self":[{"href":"https:\/\/blogdobispo.com.br\/index.php?rest_route=\/wp\/v2\/posts\/19042","targetHints":{"allow":["GET"]}}],"collection":[{"href":"https:\/\/blogdobispo.com.br\/index.php?rest_route=\/wp\/v2\/posts"}],"about":[{"href":"https:\/\/blogdobispo.com.br\/index.php?rest_route=\/wp\/v2\/types\/post"}],"author":[{"embeddable":true,"href":"https:\/\/blogdobispo.com.br\/index.php?rest_route=\/wp\/v2\/users\/1"}],"replies":[{"embeddable":true,"href":"https:\/\/blogdobispo.com.br\/index.php?rest_route=%2Fwp%2Fv2%2Fcomments&post=19042"}],"version-history":[{"count":1,"href":"https:\/\/blogdobispo.com.br\/index.php?rest_route=\/wp\/v2\/posts\/19042\/revisions"}],"predecessor-version":[{"id":19043,"href":"https:\/\/blogdobispo.com.br\/index.php?rest_route=\/wp\/v2\/posts\/19042\/revisions\/19043"}],"wp:featuredmedia":[{"embeddable":true,"href":"https:\/\/blogdobispo.com.br\/index.php?rest_route=\/wp\/v2\/media\/19041"}],"wp:attachment":[{"href":"https:\/\/blogdobispo.com.br\/index.php?rest_route=%2Fwp%2Fv2%2Fmedia&parent=19042"}],"wp:term":[{"taxonomy":"category","embeddable":true,"href":"https:\/\/blogdobispo.com.br\/index.php?rest_route=%2Fwp%2Fv2%2Fcategories&post=19042"},{"taxonomy":"post_tag","embeddable":true,"href":"https:\/\/blogdobispo.com.br\/index.php?rest_route=%2Fwp%2Fv2%2Ftags&post=19042"}],"curies":[{"name":"wp","href":"https:\/\/api.w.org\/{rel}","templated":true}]}}