{"id":19034,"date":"2026-01-28T10:28:20","date_gmt":"2026-01-28T10:28:20","guid":{"rendered":"https:\/\/blogdobispo.com.br\/?p=19034"},"modified":"2026-01-28T10:28:20","modified_gmt":"2026-01-28T10:28:20","slug":"prefeito-de-ielmo-marinho-e-preso-pela-policia-civil","status":"publish","type":"post","link":"https:\/\/blogdobispo.com.br\/?p=19034","title":{"rendered":"Prefeito de Ielmo Marinho \u00e9 preso pela Pol\u00edcia Civil"},"content":{"rendered":"\n<p>Pol\u00edcia Civil deflagra Opera\u00e7\u00e3o Securitas contra organiza\u00e7\u00e3o criminosa e prende prefeito Fernando de Canto de Mo\u00e7a em flagrante na Grande Natal<\/p>\n\n\n\n<p>A Pol\u00edcia Civil do Rio Grande do Norte deflagrou, nas primeiras horas desta quarta-feira (28), a Opera\u00e7\u00e3o Securitas, para dar cumprimento a mandados judiciais de busca e apreens\u00e3o no \u00e2mbito de investiga\u00e7\u00e3o que apura a atua\u00e7\u00e3o de organiza\u00e7\u00e3o criminosa, com participa\u00e7\u00e3o de agente pol\u00edtico e integrante das for\u00e7as de seguran\u00e7a. As dilig\u00eancias ocorreram nos munic\u00edpios de lelmo Marinho, S\u00e3o Gon\u00e7alo do Amarante, Natal e Parnamirim.<\/p>\n\n\n\n<p>As investiga\u00e7\u00f5es tiveram in\u00edcio em 2023 e indicam que o grupo criminoso estaria estruturado para a intimida\u00e7\u00e3o de advers\u00e1rios pol\u00edticos e a pr\u00e1tica de outros il\u00edcitos, contando com n\u00facleo armado e capilaridade pol\u00edtico-administrativa. De acordo com a apura\u00e7\u00e3o, o prefeito investigado, do munic\u00edpio de lelmo Marinho, \u00e9 apontado como l\u00edder da organiza\u00e7\u00e3o criminosa. H\u00e1 ainda investigados ocupantes de mandato legislativo e um policial militar.<\/p>\n\n\n\n<p>Os fatos que impulsionaram a investiga\u00e7\u00e3o incluem ocorr\u00eancia registrada em lelmo Marinho, quando houve not\u00edcia de que homens fortemente armados estariam no interior da C\u00e2mara Municipal, supostamente para fazer seguran\u00e7a privada de parlamentar e intimidar opositores. Na ocasi\u00e3o, foi apreendido um arsenal, com armas e muni\u00e7\u00f5es, inclusive de calibres restritos (.40 e45), al\u00e9m de outros materiais.<\/p>\n\n\n\n<p>A opera\u00e7\u00e3o tem como objetivo reunir novos elementos probat\u00f3rios para esclarecer, principalmente, a pr\u00e1tica de porte ilegal de arma de fogo, constitui\u00e7\u00e3o de mil\u00edcia privada e organiza\u00e7\u00e3o criminosa, al\u00e9m de identificar eventuais outros envolvidos. Os mandados visam \u00e0 apreens\u00e3o de documentos, valores, armas e dispositivos eletr\u00f4nicos, incluindo aparelhos celulares.<\/p>\n\n\n\n<p>Durante o cumprimento das medidas judiciais, o prefeito investigado foi preso em flagrante por embara\u00e7ar investiga\u00e7\u00e3o de organiza\u00e7\u00e3o criminosa, ao arremessar para fora de sua resid\u00eancia valores em dinheiro e um aparelho celular, na tentativa de ocultar provas.<\/p>\n\n\n\n<figure class=\"wp-block-image size-large\"><img data-recalc-dims=\"1\" fetchpriority=\"high\" decoding=\"async\" width=\"447\" height=\"447\" src=\"https:\/\/i0.wp.com\/blogdobispo.com.br\/wp-content\/uploads\/2026\/01\/img_9233.jpg?resize=447%2C447&#038;ssl=1\" class=\"wp-image-19032\" srcset=\"https:\/\/i0.wp.com\/blogdobispo.com.br\/wp-content\/uploads\/2026\/01\/img_9233.jpg?w=447&amp;ssl=1 447w, https:\/\/i0.wp.com\/blogdobispo.com.br\/wp-content\/uploads\/2026\/01\/img_9233.jpg?resize=300%2C300&amp;ssl=1 300w, https:\/\/i0.wp.com\/blogdobispo.com.br\/wp-content\/uploads\/2026\/01\/img_9233.jpg?resize=150%2C150&amp;ssl=1 150w\" sizes=\"(max-width: 447px) 100vw, 447px\" \/><\/figure>\n","protected":false},"excerpt":{"rendered":"<p>Pol\u00edcia Civil deflagra Opera\u00e7\u00e3o Securitas contra organiza\u00e7\u00e3o criminosa e prende prefeito Fernando de Canto de Mo\u00e7a em flagrante na Grande Natal A Pol\u00edcia Civil do Rio Grande do Norte deflagrou, nas primeiras horas desta quarta-feira (28), a Opera\u00e7\u00e3o Securitas, para dar cumprimento a mandados judiciais de busca e apreens\u00e3o no \u00e2mbito de investiga\u00e7\u00e3o que apura [&hellip;]<\/p>\n","protected":false},"author":1,"featured_media":19033,"comment_status":"open","ping_status":"open","sticky":false,"template":"","format":"standard","meta":{"cybocfi_hide_featured_image":"","_jetpack_memberships_contains_paid_content":false,"footnotes":""},"categories":[1],"tags":[],"class_list":["post-19034","post","type-post","status-publish","format-standard","has-post-thumbnail","hentry","category-diversos"],"yoast_head":"<!-- This site is optimized with the Yoast SEO plugin v25.6 - https:\/\/yoast.com\/wordpress\/plugins\/seo\/ -->\n<title>Prefeito de Ielmo Marinho \u00e9 preso pela Pol\u00edcia Civil - Blog do Bispo<\/title>\n<meta name=\"robots\" content=\"index, follow, max-snippet:-1, max-image-preview:large, max-video-preview:-1\" \/>\n<link rel=\"canonical\" href=\"https:\/\/blogdobispo.com.br\/?p=19034\" \/>\n<meta property=\"og:locale\" content=\"pt_BR\" \/>\n<meta property=\"og:type\" content=\"article\" \/>\n<meta property=\"og:title\" content=\"Prefeito de Ielmo Marinho \u00e9 preso pela Pol\u00edcia Civil - Blog do Bispo\" \/>\n<meta property=\"og:description\" content=\"Pol\u00edcia Civil deflagra Opera\u00e7\u00e3o Securitas contra organiza\u00e7\u00e3o criminosa e prende prefeito Fernando de Canto de Mo\u00e7a em flagrante na Grande Natal A Pol\u00edcia Civil do Rio Grande do Norte deflagrou, nas primeiras horas desta quarta-feira (28), a Opera\u00e7\u00e3o Securitas, para dar cumprimento a mandados judiciais de busca e apreens\u00e3o no \u00e2mbito de investiga\u00e7\u00e3o que apura [&hellip;]\" \/>\n<meta property=\"og:url\" content=\"https:\/\/blogdobispo.com.br\/?p=19034\" \/>\n<meta property=\"og:site_name\" content=\"Blog do Bispo\" \/>\n<meta property=\"article:published_time\" content=\"2026-01-28T10:28:20+00:00\" \/>\n<meta property=\"og:image\" content=\"https:\/\/blogdobispo.com.br\/wp-content\/uploads\/2026\/01\/img_9233.jpg\" \/>\n<meta name=\"author\" content=\"Jefferson Sterfeno\" \/>\n<meta name=\"twitter:card\" content=\"summary_large_image\" \/>\n<meta name=\"twitter:label1\" content=\"Escrito por\" \/>\n\t<meta name=\"twitter:data1\" content=\"Jefferson Sterfeno\" \/>\n\t<meta name=\"twitter:label2\" content=\"Est. tempo de leitura\" \/>\n\t<meta name=\"twitter:data2\" content=\"2 minutos\" \/>\n<script type=\"application\/ld+json\" class=\"yoast-schema-graph\">{\"@context\":\"https:\/\/schema.org\",\"@graph\":[{\"@type\":\"Article\",\"@id\":\"https:\/\/blogdobispo.com.br\/?p=19034#article\",\"isPartOf\":{\"@id\":\"https:\/\/blogdobispo.com.br\/?p=19034\"},\"author\":{\"name\":\"Jefferson Sterfeno\",\"@id\":\"https:\/\/blogdobispo.com.br\/#\/schema\/person\/e2209cc0e6cea5c5233d033e997b373f\"},\"headline\":\"Prefeito de Ielmo Marinho \u00e9 preso pela Pol\u00edcia Civil\",\"datePublished\":\"2026-01-28T10:28:20+00:00\",\"mainEntityOfPage\":{\"@id\":\"https:\/\/blogdobispo.com.br\/?p=19034\"},\"wordCount\":349,\"commentCount\":0,\"publisher\":{\"@id\":\"https:\/\/blogdobispo.com.br\/#organization\"},\"image\":{\"@id\":\"https:\/\/blogdobispo.com.br\/?p=19034#primaryimage\"},\"thumbnailUrl\":\"https:\/\/i0.wp.com\/blogdobispo.com.br\/wp-content\/uploads\/2026\/01\/img_9233-1.jpg?fit=447%2C447&ssl=1\",\"articleSection\":[\"diversos\"],\"inLanguage\":\"pt-BR\",\"potentialAction\":[{\"@type\":\"CommentAction\",\"name\":\"Comment\",\"target\":[\"https:\/\/blogdobispo.com.br\/?p=19034#respond\"]}]},{\"@type\":\"WebPage\",\"@id\":\"https:\/\/blogdobispo.com.br\/?p=19034\",\"url\":\"https:\/\/blogdobispo.com.br\/?p=19034\",\"name\":\"Prefeito de Ielmo Marinho \u00e9 preso pela Pol\u00edcia Civil - Blog do Bispo\",\"isPartOf\":{\"@id\":\"https:\/\/blogdobispo.com.br\/#website\"},\"primaryImageOfPage\":{\"@id\":\"https:\/\/blogdobispo.com.br\/?p=19034#primaryimage\"},\"image\":{\"@id\":\"https:\/\/blogdobispo.com.br\/?p=19034#primaryimage\"},\"thumbnailUrl\":\"https:\/\/i0.wp.com\/blogdobispo.com.br\/wp-content\/uploads\/2026\/01\/img_9233-1.jpg?fit=447%2C447&ssl=1\",\"datePublished\":\"2026-01-28T10:28:20+00:00\",\"breadcrumb\":{\"@id\":\"https:\/\/blogdobispo.com.br\/?p=19034#breadcrumb\"},\"inLanguage\":\"pt-BR\",\"potentialAction\":[{\"@type\":\"ReadAction\",\"target\":[\"https:\/\/blogdobispo.com.br\/?p=19034\"]}]},{\"@type\":\"ImageObject\",\"inLanguage\":\"pt-BR\",\"@id\":\"https:\/\/blogdobispo.com.br\/?p=19034#primaryimage\",\"url\":\"https:\/\/i0.wp.com\/blogdobispo.com.br\/wp-content\/uploads\/2026\/01\/img_9233-1.jpg?fit=447%2C447&ssl=1\",\"contentUrl\":\"https:\/\/i0.wp.com\/blogdobispo.com.br\/wp-content\/uploads\/2026\/01\/img_9233-1.jpg?fit=447%2C447&ssl=1\",\"width\":447,\"height\":447},{\"@type\":\"BreadcrumbList\",\"@id\":\"https:\/\/blogdobispo.com.br\/?p=19034#breadcrumb\",\"itemListElement\":[{\"@type\":\"ListItem\",\"position\":1,\"name\":\"In\u00edcio\",\"item\":\"https:\/\/blogdobispo.com.br\/\"},{\"@type\":\"ListItem\",\"position\":2,\"name\":\"Prefeito de Ielmo Marinho \u00e9 preso pela Pol\u00edcia Civil\"}]},{\"@type\":\"WebSite\",\"@id\":\"https:\/\/blogdobispo.com.br\/#website\",\"url\":\"https:\/\/blogdobispo.com.br\/\",\"name\":\"Blog do Bispo\",\"description\":\"Comprometido apenas com o leitor\",\"publisher\":{\"@id\":\"https:\/\/blogdobispo.com.br\/#organization\"},\"potentialAction\":[{\"@type\":\"SearchAction\",\"target\":{\"@type\":\"EntryPoint\",\"urlTemplate\":\"https:\/\/blogdobispo.com.br\/?s={search_term_string}\"},\"query-input\":{\"@type\":\"PropertyValueSpecification\",\"valueRequired\":true,\"valueName\":\"search_term_string\"}}],\"inLanguage\":\"pt-BR\"},{\"@type\":\"Organization\",\"@id\":\"https:\/\/blogdobispo.com.br\/#organization\",\"name\":\"Blog do Bispo\",\"url\":\"https:\/\/blogdobispo.com.br\/\",\"logo\":{\"@type\":\"ImageObject\",\"inLanguage\":\"pt-BR\",\"@id\":\"https:\/\/blogdobispo.com.br\/#\/schema\/logo\/image\/\",\"url\":\"http:\/\/blogdobispo.com.br\/wp-content\/uploads\/2023\/05\/cropped-headear.png\",\"contentUrl\":\"http:\/\/blogdobispo.com.br\/wp-content\/uploads\/2023\/05\/cropped-headear.png\",\"width\":1500,\"height\":399,\"caption\":\"Blog do Bispo\"},\"image\":{\"@id\":\"https:\/\/blogdobispo.com.br\/#\/schema\/logo\/image\/\"}},{\"@type\":\"Person\",\"@id\":\"https:\/\/blogdobispo.com.br\/#\/schema\/person\/e2209cc0e6cea5c5233d033e997b373f\",\"name\":\"Jefferson Sterfeno\",\"image\":{\"@type\":\"ImageObject\",\"inLanguage\":\"pt-BR\",\"@id\":\"https:\/\/blogdobispo.com.br\/#\/schema\/person\/image\/\",\"url\":\"https:\/\/secure.gravatar.com\/avatar\/0534e84764641168a677026b6d57a3f51dc7ac4db0b4f6186d9cb330d4ee1160?s=96&d=mm&r=g\",\"contentUrl\":\"https:\/\/secure.gravatar.com\/avatar\/0534e84764641168a677026b6d57a3f51dc7ac4db0b4f6186d9cb330d4ee1160?s=96&d=mm&r=g\",\"caption\":\"Jefferson Sterfeno\"},\"sameAs\":[\"http:\/\/blogdobispo.com.br\"],\"url\":\"https:\/\/blogdobispo.com.br\/?author=1\"}]}<\/script>\n<!-- \/ Yoast SEO plugin. -->","yoast_head_json":{"title":"Prefeito de Ielmo Marinho \u00e9 preso pela Pol\u00edcia Civil - Blog do Bispo","robots":{"index":"index","follow":"follow","max-snippet":"max-snippet:-1","max-image-preview":"max-image-preview:large","max-video-preview":"max-video-preview:-1"},"canonical":"https:\/\/blogdobispo.com.br\/?p=19034","og_locale":"pt_BR","og_type":"article","og_title":"Prefeito de Ielmo Marinho \u00e9 preso pela Pol\u00edcia Civil - Blog do Bispo","og_description":"Pol\u00edcia Civil deflagra Opera\u00e7\u00e3o Securitas contra organiza\u00e7\u00e3o criminosa e prende prefeito Fernando de Canto de Mo\u00e7a em flagrante na Grande Natal A Pol\u00edcia Civil do Rio Grande do Norte deflagrou, nas primeiras horas desta quarta-feira (28), a Opera\u00e7\u00e3o Securitas, para dar cumprimento a mandados judiciais de busca e apreens\u00e3o no \u00e2mbito de investiga\u00e7\u00e3o que apura [&hellip;]","og_url":"https:\/\/blogdobispo.com.br\/?p=19034","og_site_name":"Blog do Bispo","article_published_time":"2026-01-28T10:28:20+00:00","og_image":[{"url":"https:\/\/blogdobispo.com.br\/wp-content\/uploads\/2026\/01\/img_9233.jpg","type":"","width":"","height":""}],"author":"Jefferson Sterfeno","twitter_card":"summary_large_image","twitter_misc":{"Escrito por":"Jefferson Sterfeno","Est. tempo de leitura":"2 minutos"},"schema":{"@context":"https:\/\/schema.org","@graph":[{"@type":"Article","@id":"https:\/\/blogdobispo.com.br\/?p=19034#article","isPartOf":{"@id":"https:\/\/blogdobispo.com.br\/?p=19034"},"author":{"name":"Jefferson Sterfeno","@id":"https:\/\/blogdobispo.com.br\/#\/schema\/person\/e2209cc0e6cea5c5233d033e997b373f"},"headline":"Prefeito de Ielmo Marinho \u00e9 preso pela Pol\u00edcia Civil","datePublished":"2026-01-28T10:28:20+00:00","mainEntityOfPage":{"@id":"https:\/\/blogdobispo.com.br\/?p=19034"},"wordCount":349,"commentCount":0,"publisher":{"@id":"https:\/\/blogdobispo.com.br\/#organization"},"image":{"@id":"https:\/\/blogdobispo.com.br\/?p=19034#primaryimage"},"thumbnailUrl":"https:\/\/i0.wp.com\/blogdobispo.com.br\/wp-content\/uploads\/2026\/01\/img_9233-1.jpg?fit=447%2C447&ssl=1","articleSection":["diversos"],"inLanguage":"pt-BR","potentialAction":[{"@type":"CommentAction","name":"Comment","target":["https:\/\/blogdobispo.com.br\/?p=19034#respond"]}]},{"@type":"WebPage","@id":"https:\/\/blogdobispo.com.br\/?p=19034","url":"https:\/\/blogdobispo.com.br\/?p=19034","name":"Prefeito de Ielmo Marinho \u00e9 preso pela Pol\u00edcia Civil - Blog do Bispo","isPartOf":{"@id":"https:\/\/blogdobispo.com.br\/#website"},"primaryImageOfPage":{"@id":"https:\/\/blogdobispo.com.br\/?p=19034#primaryimage"},"image":{"@id":"https:\/\/blogdobispo.com.br\/?p=19034#primaryimage"},"thumbnailUrl":"https:\/\/i0.wp.com\/blogdobispo.com.br\/wp-content\/uploads\/2026\/01\/img_9233-1.jpg?fit=447%2C447&ssl=1","datePublished":"2026-01-28T10:28:20+00:00","breadcrumb":{"@id":"https:\/\/blogdobispo.com.br\/?p=19034#breadcrumb"},"inLanguage":"pt-BR","potentialAction":[{"@type":"ReadAction","target":["https:\/\/blogdobispo.com.br\/?p=19034"]}]},{"@type":"ImageObject","inLanguage":"pt-BR","@id":"https:\/\/blogdobispo.com.br\/?p=19034#primaryimage","url":"https:\/\/i0.wp.com\/blogdobispo.com.br\/wp-content\/uploads\/2026\/01\/img_9233-1.jpg?fit=447%2C447&ssl=1","contentUrl":"https:\/\/i0.wp.com\/blogdobispo.com.br\/wp-content\/uploads\/2026\/01\/img_9233-1.jpg?fit=447%2C447&ssl=1","width":447,"height":447},{"@type":"BreadcrumbList","@id":"https:\/\/blogdobispo.com.br\/?p=19034#breadcrumb","itemListElement":[{"@type":"ListItem","position":1,"name":"In\u00edcio","item":"https:\/\/blogdobispo.com.br\/"},{"@type":"ListItem","position":2,"name":"Prefeito de Ielmo Marinho \u00e9 preso pela Pol\u00edcia Civil"}]},{"@type":"WebSite","@id":"https:\/\/blogdobispo.com.br\/#website","url":"https:\/\/blogdobispo.com.br\/","name":"Blog do Bispo","description":"Comprometido apenas com o leitor","publisher":{"@id":"https:\/\/blogdobispo.com.br\/#organization"},"potentialAction":[{"@type":"SearchAction","target":{"@type":"EntryPoint","urlTemplate":"https:\/\/blogdobispo.com.br\/?s={search_term_string}"},"query-input":{"@type":"PropertyValueSpecification","valueRequired":true,"valueName":"search_term_string"}}],"inLanguage":"pt-BR"},{"@type":"Organization","@id":"https:\/\/blogdobispo.com.br\/#organization","name":"Blog do Bispo","url":"https:\/\/blogdobispo.com.br\/","logo":{"@type":"ImageObject","inLanguage":"pt-BR","@id":"https:\/\/blogdobispo.com.br\/#\/schema\/logo\/image\/","url":"http:\/\/blogdobispo.com.br\/wp-content\/uploads\/2023\/05\/cropped-headear.png","contentUrl":"http:\/\/blogdobispo.com.br\/wp-content\/uploads\/2023\/05\/cropped-headear.png","width":1500,"height":399,"caption":"Blog do Bispo"},"image":{"@id":"https:\/\/blogdobispo.com.br\/#\/schema\/logo\/image\/"}},{"@type":"Person","@id":"https:\/\/blogdobispo.com.br\/#\/schema\/person\/e2209cc0e6cea5c5233d033e997b373f","name":"Jefferson Sterfeno","image":{"@type":"ImageObject","inLanguage":"pt-BR","@id":"https:\/\/blogdobispo.com.br\/#\/schema\/person\/image\/","url":"https:\/\/secure.gravatar.com\/avatar\/0534e84764641168a677026b6d57a3f51dc7ac4db0b4f6186d9cb330d4ee1160?s=96&d=mm&r=g","contentUrl":"https:\/\/secure.gravatar.com\/avatar\/0534e84764641168a677026b6d57a3f51dc7ac4db0b4f6186d9cb330d4ee1160?s=96&d=mm&r=g","caption":"Jefferson Sterfeno"},"sameAs":["http:\/\/blogdobispo.com.br"],"url":"https:\/\/blogdobispo.com.br\/?author=1"}]}},"featured_image_urls":{"full":["https:\/\/i0.wp.com\/blogdobispo.com.br\/wp-content\/uploads\/2026\/01\/img_9233-1.jpg?fit=447%2C447&ssl=1",447,447,false],"thumbnail":["https:\/\/i0.wp.com\/blogdobispo.com.br\/wp-content\/uploads\/2026\/01\/img_9233-1.jpg?resize=150%2C150&ssl=1",150,150,true],"medium":["https:\/\/i0.wp.com\/blogdobispo.com.br\/wp-content\/uploads\/2026\/01\/img_9233-1.jpg?fit=300%2C300&ssl=1",300,300,true],"medium_large":["https:\/\/i0.wp.com\/blogdobispo.com.br\/wp-content\/uploads\/2026\/01\/img_9233-1.jpg?fit=447%2C447&ssl=1",447,447,true],"large":["https:\/\/i0.wp.com\/blogdobispo.com.br\/wp-content\/uploads\/2026\/01\/img_9233-1.jpg?fit=447%2C447&ssl=1",447,447,true],"1536x1536":["https:\/\/i0.wp.com\/blogdobispo.com.br\/wp-content\/uploads\/2026\/01\/img_9233-1.jpg?fit=447%2C447&ssl=1",447,447,true],"2048x2048":["https:\/\/i0.wp.com\/blogdobispo.com.br\/wp-content\/uploads\/2026\/01\/img_9233-1.jpg?fit=447%2C447&ssl=1",447,447,true]},"author_info":{"display_name":"Jefferson Sterfeno","author_link":"https:\/\/blogdobispo.com.br\/?author=1"},"category_info":"<a href=\"https:\/\/blogdobispo.com.br\/?cat=1\" rel=\"category\">diversos<\/a>","tag_info":"diversos","comment_count":"0","jetpack_featured_media_url":"https:\/\/i0.wp.com\/blogdobispo.com.br\/wp-content\/uploads\/2026\/01\/img_9233-1.jpg?fit=447%2C447&ssl=1","jetpack_sharing_enabled":true,"_links":{"self":[{"href":"https:\/\/blogdobispo.com.br\/index.php?rest_route=\/wp\/v2\/posts\/19034","targetHints":{"allow":["GET"]}}],"collection":[{"href":"https:\/\/blogdobispo.com.br\/index.php?rest_route=\/wp\/v2\/posts"}],"about":[{"href":"https:\/\/blogdobispo.com.br\/index.php?rest_route=\/wp\/v2\/types\/post"}],"author":[{"embeddable":true,"href":"https:\/\/blogdobispo.com.br\/index.php?rest_route=\/wp\/v2\/users\/1"}],"replies":[{"embeddable":true,"href":"https:\/\/blogdobispo.com.br\/index.php?rest_route=%2Fwp%2Fv2%2Fcomments&post=19034"}],"version-history":[{"count":0,"href":"https:\/\/blogdobispo.com.br\/index.php?rest_route=\/wp\/v2\/posts\/19034\/revisions"}],"wp:featuredmedia":[{"embeddable":true,"href":"https:\/\/blogdobispo.com.br\/index.php?rest_route=\/wp\/v2\/media\/19033"}],"wp:attachment":[{"href":"https:\/\/blogdobispo.com.br\/index.php?rest_route=%2Fwp%2Fv2%2Fmedia&parent=19034"}],"wp:term":[{"taxonomy":"category","embeddable":true,"href":"https:\/\/blogdobispo.com.br\/index.php?rest_route=%2Fwp%2Fv2%2Fcategories&post=19034"},{"taxonomy":"post_tag","embeddable":true,"href":"https:\/\/blogdobispo.com.br\/index.php?rest_route=%2Fwp%2Fv2%2Ftags&post=19034"}],"curies":[{"name":"wp","href":"https:\/\/api.w.org\/{rel}","templated":true}]}}