{"id":19016,"date":"2026-01-26T22:51:50","date_gmt":"2026-01-26T22:51:50","guid":{"rendered":"https:\/\/blogdobispo.com.br\/?p=19016"},"modified":"2026-01-26T22:51:50","modified_gmt":"2026-01-26T22:51:50","slug":"carla-dickson-assume-o-protagonismo-feminino-conservador-e-representa-o-rn-na-caminhada-de-nikolas-ferreira-em-brasilia","status":"publish","type":"post","link":"https:\/\/blogdobispo.com.br\/?p=19016","title":{"rendered":"Carla Dickson assume o protagonismo feminino conservador e representa o RN na caminhada de Nikolas Ferreira, em Bras\u00edlia"},"content":{"rendered":"\n<figure class=\"wp-block-image size-large\"><img data-recalc-dims=\"1\" fetchpriority=\"high\" decoding=\"async\" width=\"707\" height=\"1024\" src=\"https:\/\/i0.wp.com\/blogdobispo.com.br\/wp-content\/uploads\/2026\/01\/322f9cce-b7fa-40d9-8e89-db1d222c666b-707x1024.jpg?resize=707%2C1024&#038;ssl=1\" class=\"wp-image-19014\" srcset=\"https:\/\/i0.wp.com\/blogdobispo.com.br\/wp-content\/uploads\/2026\/01\/322f9cce-b7fa-40d9-8e89-db1d222c666b.jpg?resize=707%2C1024&amp;ssl=1 707w, https:\/\/i0.wp.com\/blogdobispo.com.br\/wp-content\/uploads\/2026\/01\/322f9cce-b7fa-40d9-8e89-db1d222c666b.jpg?resize=207%2C300&amp;ssl=1 207w, https:\/\/i0.wp.com\/blogdobispo.com.br\/wp-content\/uploads\/2026\/01\/322f9cce-b7fa-40d9-8e89-db1d222c666b.jpg?resize=768%2C1112&amp;ssl=1 768w, https:\/\/i0.wp.com\/blogdobispo.com.br\/wp-content\/uploads\/2026\/01\/322f9cce-b7fa-40d9-8e89-db1d222c666b.jpg?resize=1061%2C1536&amp;ssl=1 1061w, https:\/\/i0.wp.com\/blogdobispo.com.br\/wp-content\/uploads\/2026\/01\/322f9cce-b7fa-40d9-8e89-db1d222c666b.jpg?w=1105&amp;ssl=1 1105w\" sizes=\"(max-width: 707px) 100vw, 707px\" \/><\/figure>\n\n\n\n<p><\/p>\n\n\n\n<p>A deputada federal Carla Dickson (Uni\u00e3o Brasil-RN) ganhou proje\u00e7\u00e3o nacional ao ser a \u00fanica deputada do Rio Grande do Norte a participar presencialmente da caminhada \u201cAcorda Brasil\u201d, mobiliza\u00e7\u00e3o de grande repercuss\u00e3o pol\u00edtica liderada pelo deputado federal Nikolas Ferreira, em Bras\u00edlia.<\/p>\n\n\n\n<p>O ato, que teve in\u00edcio em Paracatu (MG) e foi conclu\u00eddo na capital federal, consolidou-se como um dos movimentos pol\u00edticos mais expressivos do pa\u00eds nos primeiros dias de 2026, reunindo parlamentares, lideran\u00e7as conservadoras e milhares de apoiadores em defesa da liberdade, da democracia e dos valores que v\u00eam sendo constantemente atacados no Brasil.<\/p>\n\n\n\n<p>Ao marcar presen\u00e7a de forma ativa, p\u00fablica e firme, Carla Dickson simbolizou a for\u00e7a da mulher conservadora na pol\u00edtica nacional, assumindo um papel de protagonismo em um movimento majoritariamente masculino e reafirmando que as mulheres tamb\u00e9m lideram, mobilizam e ocupam espa\u00e7os centrais na defesa de princ\u00edpios e convic\u00e7\u00f5es.<\/p>\n\n\n\n<p>Sua participa\u00e7\u00e3o refor\u00e7a n\u00e3o apenas o alinhamento pol\u00edtico com Nikolas Ferreira, mas tamb\u00e9m o seu posicionamento como uma das principais vozes da direita no Rio Grande do Norte, projetando o estado no cen\u00e1rio nacional e fortalecendo a representatividade feminina conservadora no Congresso Nacional.<\/p>\n\n\n\n<p>\u201cFoi um momento de reencontros e, acima de tudo, de luta. Luta pela liberdade, pelos princ\u00edpios que defendemos no Parlamento, pela fam\u00edlia, por um Brasil livre, sem ditadura, e pela liberdade do nosso presidente Bolsonaro\u201d, afirmou a deputada.<\/p>\n\n\n\n<p>Em Bras\u00edlia, a caminhada percorreu pontos estrat\u00e9gicos da capital federal, saindo do Park Way, passando pela EPIA Sul e EPIA Norte, at\u00e9 chegar \u00e0 Pra\u00e7a do Cruzeiro, no Eixo Monumental. O ato simbolizou resist\u00eancia, mobiliza\u00e7\u00e3o popular e o fortalecimento do campo conservador no pa\u00eds.<\/p>\n\n\n\n<p>A presen\u00e7a de Carla Dickson vai al\u00e9m do gesto pol\u00edtico. Representa a mulher conservadora que n\u00e3o se omite, que ocupa espa\u00e7os, enfrenta narrativas e se posiciona com coragem e coer\u00eancia. Seu protagonismo consolida seu nome como uma das principais refer\u00eancias da oposi\u00e7\u00e3o no Congresso Nacional e como uma lideran\u00e7a feminina em ascens\u00e3o no cen\u00e1rio pol\u00edtico brasileiro.<\/p>\n","protected":false},"excerpt":{"rendered":"<p>A deputada federal Carla Dickson (Uni\u00e3o Brasil-RN) ganhou proje\u00e7\u00e3o nacional ao ser a \u00fanica deputada do Rio Grande do Norte a participar presencialmente da caminhada \u201cAcorda Brasil\u201d, mobiliza\u00e7\u00e3o de grande repercuss\u00e3o pol\u00edtica liderada pelo deputado federal Nikolas Ferreira, em Bras\u00edlia. O ato, que teve in\u00edcio em Paracatu (MG) e foi conclu\u00eddo na capital federal, consolidou-se [&hellip;]<\/p>\n","protected":false},"author":1,"featured_media":19015,"comment_status":"open","ping_status":"open","sticky":false,"template":"","format":"standard","meta":{"cybocfi_hide_featured_image":"","_jetpack_memberships_contains_paid_content":false,"footnotes":""},"categories":[1],"tags":[],"class_list":["post-19016","post","type-post","status-publish","format-standard","has-post-thumbnail","hentry","category-diversos"],"yoast_head":"<!-- This site is optimized with the Yoast SEO plugin v25.6 - https:\/\/yoast.com\/wordpress\/plugins\/seo\/ -->\n<title>Carla Dickson assume o protagonismo feminino conservador e representa o RN na caminhada de Nikolas Ferreira, em Bras\u00edlia - Blog do Bispo<\/title>\n<meta name=\"robots\" content=\"index, follow, max-snippet:-1, max-image-preview:large, max-video-preview:-1\" \/>\n<link rel=\"canonical\" href=\"https:\/\/blogdobispo.com.br\/?p=19016\" \/>\n<meta property=\"og:locale\" content=\"pt_BR\" \/>\n<meta property=\"og:type\" content=\"article\" \/>\n<meta property=\"og:title\" content=\"Carla Dickson assume o protagonismo feminino conservador e representa o RN na caminhada de Nikolas Ferreira, em Bras\u00edlia - Blog do Bispo\" \/>\n<meta property=\"og:description\" content=\"A deputada federal Carla Dickson (Uni\u00e3o Brasil-RN) ganhou proje\u00e7\u00e3o nacional ao ser a \u00fanica deputada do Rio Grande do Norte a participar presencialmente da caminhada \u201cAcorda Brasil\u201d, mobiliza\u00e7\u00e3o de grande repercuss\u00e3o pol\u00edtica liderada pelo deputado federal Nikolas Ferreira, em Bras\u00edlia. O ato, que teve in\u00edcio em Paracatu (MG) e foi conclu\u00eddo na capital federal, consolidou-se [&hellip;]\" \/>\n<meta property=\"og:url\" content=\"https:\/\/blogdobispo.com.br\/?p=19016\" \/>\n<meta property=\"og:site_name\" content=\"Blog do Bispo\" \/>\n<meta property=\"article:published_time\" content=\"2026-01-26T22:51:50+00:00\" \/>\n<meta property=\"og:image\" content=\"https:\/\/blogdobispo.com.br\/wp-content\/uploads\/2026\/01\/322f9cce-b7fa-40d9-8e89-db1d222c666b-707x1024.jpg\" \/>\n<meta name=\"author\" content=\"Jefferson Sterfeno\" \/>\n<meta name=\"twitter:card\" content=\"summary_large_image\" \/>\n<meta name=\"twitter:label1\" content=\"Escrito por\" \/>\n\t<meta name=\"twitter:data1\" content=\"Jefferson Sterfeno\" \/>\n\t<meta name=\"twitter:label2\" content=\"Est. tempo de leitura\" \/>\n\t<meta name=\"twitter:data2\" content=\"2 minutos\" \/>\n<script type=\"application\/ld+json\" class=\"yoast-schema-graph\">{\"@context\":\"https:\/\/schema.org\",\"@graph\":[{\"@type\":\"Article\",\"@id\":\"https:\/\/blogdobispo.com.br\/?p=19016#article\",\"isPartOf\":{\"@id\":\"https:\/\/blogdobispo.com.br\/?p=19016\"},\"author\":{\"name\":\"Jefferson Sterfeno\",\"@id\":\"https:\/\/blogdobispo.com.br\/#\/schema\/person\/e2209cc0e6cea5c5233d033e997b373f\"},\"headline\":\"Carla Dickson assume o protagonismo feminino conservador e representa o RN na caminhada de Nikolas Ferreira, em Bras\u00edlia\",\"datePublished\":\"2026-01-26T22:51:50+00:00\",\"mainEntityOfPage\":{\"@id\":\"https:\/\/blogdobispo.com.br\/?p=19016\"},\"wordCount\":385,\"commentCount\":0,\"publisher\":{\"@id\":\"https:\/\/blogdobispo.com.br\/#organization\"},\"image\":{\"@id\":\"https:\/\/blogdobispo.com.br\/?p=19016#primaryimage\"},\"thumbnailUrl\":\"https:\/\/i0.wp.com\/blogdobispo.com.br\/wp-content\/uploads\/2026\/01\/322f9cce-b7fa-40d9-8e89-db1d222c666b-1.jpg?fit=1105%2C1600&ssl=1\",\"articleSection\":[\"diversos\"],\"inLanguage\":\"pt-BR\",\"potentialAction\":[{\"@type\":\"CommentAction\",\"name\":\"Comment\",\"target\":[\"https:\/\/blogdobispo.com.br\/?p=19016#respond\"]}]},{\"@type\":\"WebPage\",\"@id\":\"https:\/\/blogdobispo.com.br\/?p=19016\",\"url\":\"https:\/\/blogdobispo.com.br\/?p=19016\",\"name\":\"Carla Dickson assume o protagonismo feminino conservador e representa o RN na caminhada de Nikolas Ferreira, em Bras\u00edlia - Blog do Bispo\",\"isPartOf\":{\"@id\":\"https:\/\/blogdobispo.com.br\/#website\"},\"primaryImageOfPage\":{\"@id\":\"https:\/\/blogdobispo.com.br\/?p=19016#primaryimage\"},\"image\":{\"@id\":\"https:\/\/blogdobispo.com.br\/?p=19016#primaryimage\"},\"thumbnailUrl\":\"https:\/\/i0.wp.com\/blogdobispo.com.br\/wp-content\/uploads\/2026\/01\/322f9cce-b7fa-40d9-8e89-db1d222c666b-1.jpg?fit=1105%2C1600&ssl=1\",\"datePublished\":\"2026-01-26T22:51:50+00:00\",\"breadcrumb\":{\"@id\":\"https:\/\/blogdobispo.com.br\/?p=19016#breadcrumb\"},\"inLanguage\":\"pt-BR\",\"potentialAction\":[{\"@type\":\"ReadAction\",\"target\":[\"https:\/\/blogdobispo.com.br\/?p=19016\"]}]},{\"@type\":\"ImageObject\",\"inLanguage\":\"pt-BR\",\"@id\":\"https:\/\/blogdobispo.com.br\/?p=19016#primaryimage\",\"url\":\"https:\/\/i0.wp.com\/blogdobispo.com.br\/wp-content\/uploads\/2026\/01\/322f9cce-b7fa-40d9-8e89-db1d222c666b-1.jpg?fit=1105%2C1600&ssl=1\",\"contentUrl\":\"https:\/\/i0.wp.com\/blogdobispo.com.br\/wp-content\/uploads\/2026\/01\/322f9cce-b7fa-40d9-8e89-db1d222c666b-1.jpg?fit=1105%2C1600&ssl=1\",\"width\":1105,\"height\":1600},{\"@type\":\"BreadcrumbList\",\"@id\":\"https:\/\/blogdobispo.com.br\/?p=19016#breadcrumb\",\"itemListElement\":[{\"@type\":\"ListItem\",\"position\":1,\"name\":\"In\u00edcio\",\"item\":\"https:\/\/blogdobispo.com.br\/\"},{\"@type\":\"ListItem\",\"position\":2,\"name\":\"Carla Dickson assume o protagonismo feminino conservador e representa o RN na caminhada de Nikolas Ferreira, em Bras\u00edlia\"}]},{\"@type\":\"WebSite\",\"@id\":\"https:\/\/blogdobispo.com.br\/#website\",\"url\":\"https:\/\/blogdobispo.com.br\/\",\"name\":\"Blog do Bispo\",\"description\":\"Comprometido apenas com o leitor\",\"publisher\":{\"@id\":\"https:\/\/blogdobispo.com.br\/#organization\"},\"potentialAction\":[{\"@type\":\"SearchAction\",\"target\":{\"@type\":\"EntryPoint\",\"urlTemplate\":\"https:\/\/blogdobispo.com.br\/?s={search_term_string}\"},\"query-input\":{\"@type\":\"PropertyValueSpecification\",\"valueRequired\":true,\"valueName\":\"search_term_string\"}}],\"inLanguage\":\"pt-BR\"},{\"@type\":\"Organization\",\"@id\":\"https:\/\/blogdobispo.com.br\/#organization\",\"name\":\"Blog do Bispo\",\"url\":\"https:\/\/blogdobispo.com.br\/\",\"logo\":{\"@type\":\"ImageObject\",\"inLanguage\":\"pt-BR\",\"@id\":\"https:\/\/blogdobispo.com.br\/#\/schema\/logo\/image\/\",\"url\":\"http:\/\/blogdobispo.com.br\/wp-content\/uploads\/2023\/05\/cropped-headear.png\",\"contentUrl\":\"http:\/\/blogdobispo.com.br\/wp-content\/uploads\/2023\/05\/cropped-headear.png\",\"width\":1500,\"height\":399,\"caption\":\"Blog do Bispo\"},\"image\":{\"@id\":\"https:\/\/blogdobispo.com.br\/#\/schema\/logo\/image\/\"}},{\"@type\":\"Person\",\"@id\":\"https:\/\/blogdobispo.com.br\/#\/schema\/person\/e2209cc0e6cea5c5233d033e997b373f\",\"name\":\"Jefferson Sterfeno\",\"image\":{\"@type\":\"ImageObject\",\"inLanguage\":\"pt-BR\",\"@id\":\"https:\/\/blogdobispo.com.br\/#\/schema\/person\/image\/\",\"url\":\"https:\/\/secure.gravatar.com\/avatar\/0534e84764641168a677026b6d57a3f51dc7ac4db0b4f6186d9cb330d4ee1160?s=96&d=mm&r=g\",\"contentUrl\":\"https:\/\/secure.gravatar.com\/avatar\/0534e84764641168a677026b6d57a3f51dc7ac4db0b4f6186d9cb330d4ee1160?s=96&d=mm&r=g\",\"caption\":\"Jefferson Sterfeno\"},\"sameAs\":[\"http:\/\/blogdobispo.com.br\"],\"url\":\"https:\/\/blogdobispo.com.br\/?author=1\"}]}<\/script>\n<!-- \/ Yoast SEO plugin. -->","yoast_head_json":{"title":"Carla Dickson assume o protagonismo feminino conservador e representa o RN na caminhada de Nikolas Ferreira, em Bras\u00edlia - Blog do Bispo","robots":{"index":"index","follow":"follow","max-snippet":"max-snippet:-1","max-image-preview":"max-image-preview:large","max-video-preview":"max-video-preview:-1"},"canonical":"https:\/\/blogdobispo.com.br\/?p=19016","og_locale":"pt_BR","og_type":"article","og_title":"Carla Dickson assume o protagonismo feminino conservador e representa o RN na caminhada de Nikolas Ferreira, em Bras\u00edlia - Blog do Bispo","og_description":"A deputada federal Carla Dickson (Uni\u00e3o Brasil-RN) ganhou proje\u00e7\u00e3o nacional ao ser a \u00fanica deputada do Rio Grande do Norte a participar presencialmente da caminhada \u201cAcorda Brasil\u201d, mobiliza\u00e7\u00e3o de grande repercuss\u00e3o pol\u00edtica liderada pelo deputado federal Nikolas Ferreira, em Bras\u00edlia. O ato, que teve in\u00edcio em Paracatu (MG) e foi conclu\u00eddo na capital federal, consolidou-se [&hellip;]","og_url":"https:\/\/blogdobispo.com.br\/?p=19016","og_site_name":"Blog do Bispo","article_published_time":"2026-01-26T22:51:50+00:00","og_image":[{"url":"https:\/\/blogdobispo.com.br\/wp-content\/uploads\/2026\/01\/322f9cce-b7fa-40d9-8e89-db1d222c666b-707x1024.jpg","type":"","width":"","height":""}],"author":"Jefferson Sterfeno","twitter_card":"summary_large_image","twitter_misc":{"Escrito por":"Jefferson Sterfeno","Est. tempo de leitura":"2 minutos"},"schema":{"@context":"https:\/\/schema.org","@graph":[{"@type":"Article","@id":"https:\/\/blogdobispo.com.br\/?p=19016#article","isPartOf":{"@id":"https:\/\/blogdobispo.com.br\/?p=19016"},"author":{"name":"Jefferson Sterfeno","@id":"https:\/\/blogdobispo.com.br\/#\/schema\/person\/e2209cc0e6cea5c5233d033e997b373f"},"headline":"Carla Dickson assume o protagonismo feminino conservador e representa o RN na caminhada de Nikolas Ferreira, em Bras\u00edlia","datePublished":"2026-01-26T22:51:50+00:00","mainEntityOfPage":{"@id":"https:\/\/blogdobispo.com.br\/?p=19016"},"wordCount":385,"commentCount":0,"publisher":{"@id":"https:\/\/blogdobispo.com.br\/#organization"},"image":{"@id":"https:\/\/blogdobispo.com.br\/?p=19016#primaryimage"},"thumbnailUrl":"https:\/\/i0.wp.com\/blogdobispo.com.br\/wp-content\/uploads\/2026\/01\/322f9cce-b7fa-40d9-8e89-db1d222c666b-1.jpg?fit=1105%2C1600&ssl=1","articleSection":["diversos"],"inLanguage":"pt-BR","potentialAction":[{"@type":"CommentAction","name":"Comment","target":["https:\/\/blogdobispo.com.br\/?p=19016#respond"]}]},{"@type":"WebPage","@id":"https:\/\/blogdobispo.com.br\/?p=19016","url":"https:\/\/blogdobispo.com.br\/?p=19016","name":"Carla Dickson assume o protagonismo feminino conservador e representa o RN na caminhada de Nikolas Ferreira, em Bras\u00edlia - Blog do Bispo","isPartOf":{"@id":"https:\/\/blogdobispo.com.br\/#website"},"primaryImageOfPage":{"@id":"https:\/\/blogdobispo.com.br\/?p=19016#primaryimage"},"image":{"@id":"https:\/\/blogdobispo.com.br\/?p=19016#primaryimage"},"thumbnailUrl":"https:\/\/i0.wp.com\/blogdobispo.com.br\/wp-content\/uploads\/2026\/01\/322f9cce-b7fa-40d9-8e89-db1d222c666b-1.jpg?fit=1105%2C1600&ssl=1","datePublished":"2026-01-26T22:51:50+00:00","breadcrumb":{"@id":"https:\/\/blogdobispo.com.br\/?p=19016#breadcrumb"},"inLanguage":"pt-BR","potentialAction":[{"@type":"ReadAction","target":["https:\/\/blogdobispo.com.br\/?p=19016"]}]},{"@type":"ImageObject","inLanguage":"pt-BR","@id":"https:\/\/blogdobispo.com.br\/?p=19016#primaryimage","url":"https:\/\/i0.wp.com\/blogdobispo.com.br\/wp-content\/uploads\/2026\/01\/322f9cce-b7fa-40d9-8e89-db1d222c666b-1.jpg?fit=1105%2C1600&ssl=1","contentUrl":"https:\/\/i0.wp.com\/blogdobispo.com.br\/wp-content\/uploads\/2026\/01\/322f9cce-b7fa-40d9-8e89-db1d222c666b-1.jpg?fit=1105%2C1600&ssl=1","width":1105,"height":1600},{"@type":"BreadcrumbList","@id":"https:\/\/blogdobispo.com.br\/?p=19016#breadcrumb","itemListElement":[{"@type":"ListItem","position":1,"name":"In\u00edcio","item":"https:\/\/blogdobispo.com.br\/"},{"@type":"ListItem","position":2,"name":"Carla Dickson assume o protagonismo feminino conservador e representa o RN na caminhada de Nikolas Ferreira, em Bras\u00edlia"}]},{"@type":"WebSite","@id":"https:\/\/blogdobispo.com.br\/#website","url":"https:\/\/blogdobispo.com.br\/","name":"Blog do Bispo","description":"Comprometido apenas com o leitor","publisher":{"@id":"https:\/\/blogdobispo.com.br\/#organization"},"potentialAction":[{"@type":"SearchAction","target":{"@type":"EntryPoint","urlTemplate":"https:\/\/blogdobispo.com.br\/?s={search_term_string}"},"query-input":{"@type":"PropertyValueSpecification","valueRequired":true,"valueName":"search_term_string"}}],"inLanguage":"pt-BR"},{"@type":"Organization","@id":"https:\/\/blogdobispo.com.br\/#organization","name":"Blog do Bispo","url":"https:\/\/blogdobispo.com.br\/","logo":{"@type":"ImageObject","inLanguage":"pt-BR","@id":"https:\/\/blogdobispo.com.br\/#\/schema\/logo\/image\/","url":"http:\/\/blogdobispo.com.br\/wp-content\/uploads\/2023\/05\/cropped-headear.png","contentUrl":"http:\/\/blogdobispo.com.br\/wp-content\/uploads\/2023\/05\/cropped-headear.png","width":1500,"height":399,"caption":"Blog do Bispo"},"image":{"@id":"https:\/\/blogdobispo.com.br\/#\/schema\/logo\/image\/"}},{"@type":"Person","@id":"https:\/\/blogdobispo.com.br\/#\/schema\/person\/e2209cc0e6cea5c5233d033e997b373f","name":"Jefferson Sterfeno","image":{"@type":"ImageObject","inLanguage":"pt-BR","@id":"https:\/\/blogdobispo.com.br\/#\/schema\/person\/image\/","url":"https:\/\/secure.gravatar.com\/avatar\/0534e84764641168a677026b6d57a3f51dc7ac4db0b4f6186d9cb330d4ee1160?s=96&d=mm&r=g","contentUrl":"https:\/\/secure.gravatar.com\/avatar\/0534e84764641168a677026b6d57a3f51dc7ac4db0b4f6186d9cb330d4ee1160?s=96&d=mm&r=g","caption":"Jefferson Sterfeno"},"sameAs":["http:\/\/blogdobispo.com.br"],"url":"https:\/\/blogdobispo.com.br\/?author=1"}]}},"featured_image_urls":{"full":["https:\/\/i0.wp.com\/blogdobispo.com.br\/wp-content\/uploads\/2026\/01\/322f9cce-b7fa-40d9-8e89-db1d222c666b-1.jpg?fit=1105%2C1600&ssl=1",1105,1600,false],"thumbnail":["https:\/\/i0.wp.com\/blogdobispo.com.br\/wp-content\/uploads\/2026\/01\/322f9cce-b7fa-40d9-8e89-db1d222c666b-1.jpg?resize=150%2C150&ssl=1",150,150,true],"medium":["https:\/\/i0.wp.com\/blogdobispo.com.br\/wp-content\/uploads\/2026\/01\/322f9cce-b7fa-40d9-8e89-db1d222c666b-1.jpg?fit=207%2C300&ssl=1",207,300,true],"medium_large":["https:\/\/i0.wp.com\/blogdobispo.com.br\/wp-content\/uploads\/2026\/01\/322f9cce-b7fa-40d9-8e89-db1d222c666b-1.jpg?fit=768%2C1112&ssl=1",768,1112,true],"large":["https:\/\/i0.wp.com\/blogdobispo.com.br\/wp-content\/uploads\/2026\/01\/322f9cce-b7fa-40d9-8e89-db1d222c666b-1.jpg?fit=707%2C1024&ssl=1",707,1024,true],"1536x1536":["https:\/\/i0.wp.com\/blogdobispo.com.br\/wp-content\/uploads\/2026\/01\/322f9cce-b7fa-40d9-8e89-db1d222c666b-1.jpg?fit=1061%2C1536&ssl=1",1061,1536,true],"2048x2048":["https:\/\/i0.wp.com\/blogdobispo.com.br\/wp-content\/uploads\/2026\/01\/322f9cce-b7fa-40d9-8e89-db1d222c666b-1.jpg?fit=1105%2C1600&ssl=1",1105,1600,true]},"author_info":{"display_name":"Jefferson Sterfeno","author_link":"https:\/\/blogdobispo.com.br\/?author=1"},"category_info":"<a href=\"https:\/\/blogdobispo.com.br\/?cat=1\" rel=\"category\">diversos<\/a>","tag_info":"diversos","comment_count":"0","jetpack_featured_media_url":"https:\/\/i0.wp.com\/blogdobispo.com.br\/wp-content\/uploads\/2026\/01\/322f9cce-b7fa-40d9-8e89-db1d222c666b-1.jpg?fit=1105%2C1600&ssl=1","jetpack_sharing_enabled":true,"_links":{"self":[{"href":"https:\/\/blogdobispo.com.br\/index.php?rest_route=\/wp\/v2\/posts\/19016","targetHints":{"allow":["GET"]}}],"collection":[{"href":"https:\/\/blogdobispo.com.br\/index.php?rest_route=\/wp\/v2\/posts"}],"about":[{"href":"https:\/\/blogdobispo.com.br\/index.php?rest_route=\/wp\/v2\/types\/post"}],"author":[{"embeddable":true,"href":"https:\/\/blogdobispo.com.br\/index.php?rest_route=\/wp\/v2\/users\/1"}],"replies":[{"embeddable":true,"href":"https:\/\/blogdobispo.com.br\/index.php?rest_route=%2Fwp%2Fv2%2Fcomments&post=19016"}],"version-history":[{"count":0,"href":"https:\/\/blogdobispo.com.br\/index.php?rest_route=\/wp\/v2\/posts\/19016\/revisions"}],"wp:featuredmedia":[{"embeddable":true,"href":"https:\/\/blogdobispo.com.br\/index.php?rest_route=\/wp\/v2\/media\/19015"}],"wp:attachment":[{"href":"https:\/\/blogdobispo.com.br\/index.php?rest_route=%2Fwp%2Fv2%2Fmedia&parent=19016"}],"wp:term":[{"taxonomy":"category","embeddable":true,"href":"https:\/\/blogdobispo.com.br\/index.php?rest_route=%2Fwp%2Fv2%2Fcategories&post=19016"},{"taxonomy":"post_tag","embeddable":true,"href":"https:\/\/blogdobispo.com.br\/index.php?rest_route=%2Fwp%2Fv2%2Ftags&post=19016"}],"curies":[{"name":"wp","href":"https:\/\/api.w.org\/{rel}","templated":true}]}}