{"id":19008,"date":"2026-01-25T18:05:15","date_gmt":"2026-01-25T18:05:15","guid":{"rendered":"https:\/\/blogdobispo.com.br\/?p=19008"},"modified":"2026-01-25T18:05:33","modified_gmt":"2026-01-25T18:05:33","slug":"raio-atinge-marcha-de-nikolas-ferreira-e-deixa-feridos","status":"publish","type":"post","link":"https:\/\/blogdobispo.com.br\/?p=19008","title":{"rendered":"Urgente: Raio atinge Marcha de Nikolas Ferreira e deixa feridos"},"content":{"rendered":"\n<figure class=\"wp-block-image size-large\"><img data-recalc-dims=\"1\" fetchpriority=\"high\" decoding=\"async\" width=\"800\" height=\"360\" src=\"https:\/\/i0.wp.com\/blogdobispo.com.br\/wp-content\/uploads\/2026\/01\/img_9160.jpg?resize=800%2C360&#038;ssl=1\" alt=\"\" class=\"wp-image-19007\" srcset=\"https:\/\/i0.wp.com\/blogdobispo.com.br\/wp-content\/uploads\/2026\/01\/img_9160.jpg?w=1000&amp;ssl=1 1000w, https:\/\/i0.wp.com\/blogdobispo.com.br\/wp-content\/uploads\/2026\/01\/img_9160.jpg?resize=300%2C135&amp;ssl=1 300w, https:\/\/i0.wp.com\/blogdobispo.com.br\/wp-content\/uploads\/2026\/01\/img_9160.jpg?resize=768%2C346&amp;ssl=1 768w\" sizes=\"(max-width: 800px) 100vw, 800px\" \/><\/figure>\n\n\n\n<p class=\"p1\">Um raio caiu na tarde deste domingo (25) em uma \u00e1rea central de Bras\u00edlia e deixou dezenas de pessoas feridas enquanto um grupo aguardava a chegada de uma marcha de apoiadores do ex-presidente Jair Bolsonaro, organizada pelo deputado federal Nikolas Ferreira (PL-MG). O incidente ocorreu por volta das 13h, em meio a um forte temporal com chuva intensa que atingia a capital federal.&nbsp;<\/p>\n\n\n\n<p class=\"p1\">O flagrante aconteceu na Pra\u00e7a do Cruzeiro, pr\u00f3ximo ao Memorial JK, no Eixo Monumental, onde manifestantes esperavam o encerramento de uma caminhada de cerca de 240 km que partiu de Paracatu (MG) com objetivo de apoiar pautas pol\u00edticas relacionadas \u00e0 anistia e \u00e0 liberdade de Bolsonaro.&nbsp;<\/p>\n\n\n\n<p class=\"p1\">Segundo informa\u00e7\u00f5es preliminares, a descarga el\u00e9trica atingiu o local e provocou p\u00e2nico entre os presentes. V\u00eddeos que circulam nas redes sociais mostram o momento em que o raio cai e pessoas caem ao ch\u00e3o ou s\u00e3o carregadas por outros manifestantes em busca de socorro.&nbsp;<\/p>\n\n\n\n<p class=\"p1\">Equipes do Corpo de Bombeiros do Distrito Federal e do Servi\u00e7o de Atendimento M\u00f3vel de Urg\u00eancia (SAMU) foram acionadas rapidamente e montaram estruturas de atendimento no local, prestando os primeiros socorros \u00e0s v\u00edtimas ainda na pra\u00e7a.&nbsp;<\/p>\n\n\n\n<p class=\"p1\">As estimativas sobre o n\u00famero de feridos variam entre os ve\u00edculos de imprensa. Alguns relatam que pelo menos 15 pessoas receberam atendimento inicial e foram encaminhadas a hospitais, como o Hospital de Base e o Hospital Regional da Asa Norte, enquanto outras fontes indicam que at\u00e9 34 pessoas ficaram feridas, incluindo casos de queimaduras, desorienta\u00e7\u00e3o e dores provocadas pela descarga el\u00e9trica \u2014 v\u00e1rias delas em quadro considerado m\u00e9dio ou grave.&nbsp;<\/p>\n\n\n\n<p class=\"p1\">Testemunhas relataram confus\u00e3o imediata ap\u00f3s o impacto, com manifestantes correndo e tentando ajudar uns aos outros sob a chuva forte. Muitas pessoas tentavam se proteger com capas e guarda-chuvas no momento em que o raio caiu.&nbsp;<\/p>\n","protected":false},"excerpt":{"rendered":"<p>Um raio caiu na tarde deste domingo (25) em uma \u00e1rea central de Bras\u00edlia e deixou dezenas de pessoas feridas enquanto um grupo aguardava a chegada de uma marcha de apoiadores do ex-presidente Jair Bolsonaro, organizada pelo deputado federal Nikolas Ferreira (PL-MG). O incidente ocorreu por volta das 13h, em meio a um forte temporal [&hellip;]<\/p>\n","protected":false},"author":1,"featured_media":19007,"comment_status":"open","ping_status":"open","sticky":false,"template":"","format":"standard","meta":{"cybocfi_hide_featured_image":"","_jetpack_memberships_contains_paid_content":false,"footnotes":""},"categories":[1],"tags":[],"class_list":["post-19008","post","type-post","status-publish","format-standard","has-post-thumbnail","hentry","category-diversos"],"yoast_head":"<!-- This site is optimized with the Yoast SEO plugin v25.6 - https:\/\/yoast.com\/wordpress\/plugins\/seo\/ -->\n<title>Urgente: Raio atinge Marcha de Nikolas Ferreira e deixa feridos - Blog do Bispo<\/title>\n<meta name=\"robots\" content=\"index, follow, max-snippet:-1, max-image-preview:large, max-video-preview:-1\" \/>\n<link rel=\"canonical\" href=\"https:\/\/blogdobispo.com.br\/?p=19008\" \/>\n<meta property=\"og:locale\" content=\"pt_BR\" \/>\n<meta property=\"og:type\" content=\"article\" \/>\n<meta property=\"og:title\" content=\"Urgente: Raio atinge Marcha de Nikolas Ferreira e deixa feridos - Blog do Bispo\" \/>\n<meta property=\"og:description\" content=\"Um raio caiu na tarde deste domingo (25) em uma \u00e1rea central de Bras\u00edlia e deixou dezenas de pessoas feridas enquanto um grupo aguardava a chegada de uma marcha de apoiadores do ex-presidente Jair Bolsonaro, organizada pelo deputado federal Nikolas Ferreira (PL-MG). O incidente ocorreu por volta das 13h, em meio a um forte temporal [&hellip;]\" \/>\n<meta property=\"og:url\" content=\"https:\/\/blogdobispo.com.br\/?p=19008\" \/>\n<meta property=\"og:site_name\" content=\"Blog do Bispo\" \/>\n<meta property=\"article:published_time\" content=\"2026-01-25T18:05:15+00:00\" \/>\n<meta property=\"article:modified_time\" content=\"2026-01-25T18:05:33+00:00\" \/>\n<meta property=\"og:image\" content=\"https:\/\/i0.wp.com\/blogdobispo.com.br\/wp-content\/uploads\/2026\/01\/img_9160.jpg?fit=1000%2C450&ssl=1\" \/>\n\t<meta property=\"og:image:width\" content=\"1000\" \/>\n\t<meta property=\"og:image:height\" content=\"450\" \/>\n\t<meta property=\"og:image:type\" content=\"image\/jpeg\" \/>\n<meta name=\"author\" content=\"Jefferson Sterfeno\" \/>\n<meta name=\"twitter:card\" content=\"summary_large_image\" \/>\n<meta name=\"twitter:label1\" content=\"Escrito por\" \/>\n\t<meta name=\"twitter:data1\" content=\"Jefferson Sterfeno\" \/>\n\t<meta name=\"twitter:label2\" content=\"Est. tempo de leitura\" \/>\n\t<meta name=\"twitter:data2\" content=\"2 minutos\" \/>\n<script type=\"application\/ld+json\" class=\"yoast-schema-graph\">{\"@context\":\"https:\/\/schema.org\",\"@graph\":[{\"@type\":\"Article\",\"@id\":\"https:\/\/blogdobispo.com.br\/?p=19008#article\",\"isPartOf\":{\"@id\":\"https:\/\/blogdobispo.com.br\/?p=19008\"},\"author\":{\"name\":\"Jefferson Sterfeno\",\"@id\":\"https:\/\/blogdobispo.com.br\/#\/schema\/person\/e2209cc0e6cea5c5233d033e997b373f\"},\"headline\":\"Urgente: Raio atinge Marcha de Nikolas Ferreira e deixa feridos\",\"datePublished\":\"2026-01-25T18:05:15+00:00\",\"dateModified\":\"2026-01-25T18:05:33+00:00\",\"mainEntityOfPage\":{\"@id\":\"https:\/\/blogdobispo.com.br\/?p=19008\"},\"wordCount\":327,\"commentCount\":0,\"publisher\":{\"@id\":\"https:\/\/blogdobispo.com.br\/#organization\"},\"image\":{\"@id\":\"https:\/\/blogdobispo.com.br\/?p=19008#primaryimage\"},\"thumbnailUrl\":\"https:\/\/i0.wp.com\/blogdobispo.com.br\/wp-content\/uploads\/2026\/01\/img_9160.jpg?fit=1000%2C450&ssl=1\",\"articleSection\":[\"diversos\"],\"inLanguage\":\"pt-BR\",\"potentialAction\":[{\"@type\":\"CommentAction\",\"name\":\"Comment\",\"target\":[\"https:\/\/blogdobispo.com.br\/?p=19008#respond\"]}]},{\"@type\":\"WebPage\",\"@id\":\"https:\/\/blogdobispo.com.br\/?p=19008\",\"url\":\"https:\/\/blogdobispo.com.br\/?p=19008\",\"name\":\"Urgente: Raio atinge Marcha de Nikolas Ferreira e deixa feridos - Blog do Bispo\",\"isPartOf\":{\"@id\":\"https:\/\/blogdobispo.com.br\/#website\"},\"primaryImageOfPage\":{\"@id\":\"https:\/\/blogdobispo.com.br\/?p=19008#primaryimage\"},\"image\":{\"@id\":\"https:\/\/blogdobispo.com.br\/?p=19008#primaryimage\"},\"thumbnailUrl\":\"https:\/\/i0.wp.com\/blogdobispo.com.br\/wp-content\/uploads\/2026\/01\/img_9160.jpg?fit=1000%2C450&ssl=1\",\"datePublished\":\"2026-01-25T18:05:15+00:00\",\"dateModified\":\"2026-01-25T18:05:33+00:00\",\"breadcrumb\":{\"@id\":\"https:\/\/blogdobispo.com.br\/?p=19008#breadcrumb\"},\"inLanguage\":\"pt-BR\",\"potentialAction\":[{\"@type\":\"ReadAction\",\"target\":[\"https:\/\/blogdobispo.com.br\/?p=19008\"]}]},{\"@type\":\"ImageObject\",\"inLanguage\":\"pt-BR\",\"@id\":\"https:\/\/blogdobispo.com.br\/?p=19008#primaryimage\",\"url\":\"https:\/\/i0.wp.com\/blogdobispo.com.br\/wp-content\/uploads\/2026\/01\/img_9160.jpg?fit=1000%2C450&ssl=1\",\"contentUrl\":\"https:\/\/i0.wp.com\/blogdobispo.com.br\/wp-content\/uploads\/2026\/01\/img_9160.jpg?fit=1000%2C450&ssl=1\",\"width\":1000,\"height\":450},{\"@type\":\"BreadcrumbList\",\"@id\":\"https:\/\/blogdobispo.com.br\/?p=19008#breadcrumb\",\"itemListElement\":[{\"@type\":\"ListItem\",\"position\":1,\"name\":\"In\u00edcio\",\"item\":\"https:\/\/blogdobispo.com.br\/\"},{\"@type\":\"ListItem\",\"position\":2,\"name\":\"Urgente: Raio atinge Marcha de Nikolas Ferreira e deixa feridos\"}]},{\"@type\":\"WebSite\",\"@id\":\"https:\/\/blogdobispo.com.br\/#website\",\"url\":\"https:\/\/blogdobispo.com.br\/\",\"name\":\"Blog do Bispo\",\"description\":\"Comprometido apenas com o leitor\",\"publisher\":{\"@id\":\"https:\/\/blogdobispo.com.br\/#organization\"},\"potentialAction\":[{\"@type\":\"SearchAction\",\"target\":{\"@type\":\"EntryPoint\",\"urlTemplate\":\"https:\/\/blogdobispo.com.br\/?s={search_term_string}\"},\"query-input\":{\"@type\":\"PropertyValueSpecification\",\"valueRequired\":true,\"valueName\":\"search_term_string\"}}],\"inLanguage\":\"pt-BR\"},{\"@type\":\"Organization\",\"@id\":\"https:\/\/blogdobispo.com.br\/#organization\",\"name\":\"Blog do Bispo\",\"url\":\"https:\/\/blogdobispo.com.br\/\",\"logo\":{\"@type\":\"ImageObject\",\"inLanguage\":\"pt-BR\",\"@id\":\"https:\/\/blogdobispo.com.br\/#\/schema\/logo\/image\/\",\"url\":\"http:\/\/blogdobispo.com.br\/wp-content\/uploads\/2023\/05\/cropped-headear.png\",\"contentUrl\":\"http:\/\/blogdobispo.com.br\/wp-content\/uploads\/2023\/05\/cropped-headear.png\",\"width\":1500,\"height\":399,\"caption\":\"Blog do Bispo\"},\"image\":{\"@id\":\"https:\/\/blogdobispo.com.br\/#\/schema\/logo\/image\/\"}},{\"@type\":\"Person\",\"@id\":\"https:\/\/blogdobispo.com.br\/#\/schema\/person\/e2209cc0e6cea5c5233d033e997b373f\",\"name\":\"Jefferson Sterfeno\",\"image\":{\"@type\":\"ImageObject\",\"inLanguage\":\"pt-BR\",\"@id\":\"https:\/\/blogdobispo.com.br\/#\/schema\/person\/image\/\",\"url\":\"https:\/\/secure.gravatar.com\/avatar\/0534e84764641168a677026b6d57a3f51dc7ac4db0b4f6186d9cb330d4ee1160?s=96&d=mm&r=g\",\"contentUrl\":\"https:\/\/secure.gravatar.com\/avatar\/0534e84764641168a677026b6d57a3f51dc7ac4db0b4f6186d9cb330d4ee1160?s=96&d=mm&r=g\",\"caption\":\"Jefferson Sterfeno\"},\"sameAs\":[\"http:\/\/blogdobispo.com.br\"],\"url\":\"https:\/\/blogdobispo.com.br\/?author=1\"}]}<\/script>\n<!-- \/ Yoast SEO plugin. -->","yoast_head_json":{"title":"Urgente: Raio atinge Marcha de Nikolas Ferreira e deixa feridos - Blog do Bispo","robots":{"index":"index","follow":"follow","max-snippet":"max-snippet:-1","max-image-preview":"max-image-preview:large","max-video-preview":"max-video-preview:-1"},"canonical":"https:\/\/blogdobispo.com.br\/?p=19008","og_locale":"pt_BR","og_type":"article","og_title":"Urgente: Raio atinge Marcha de Nikolas Ferreira e deixa feridos - Blog do Bispo","og_description":"Um raio caiu na tarde deste domingo (25) em uma \u00e1rea central de Bras\u00edlia e deixou dezenas de pessoas feridas enquanto um grupo aguardava a chegada de uma marcha de apoiadores do ex-presidente Jair Bolsonaro, organizada pelo deputado federal Nikolas Ferreira (PL-MG). O incidente ocorreu por volta das 13h, em meio a um forte temporal [&hellip;]","og_url":"https:\/\/blogdobispo.com.br\/?p=19008","og_site_name":"Blog do Bispo","article_published_time":"2026-01-25T18:05:15+00:00","article_modified_time":"2026-01-25T18:05:33+00:00","og_image":[{"width":1000,"height":450,"url":"https:\/\/i0.wp.com\/blogdobispo.com.br\/wp-content\/uploads\/2026\/01\/img_9160.jpg?fit=1000%2C450&ssl=1","type":"image\/jpeg"}],"author":"Jefferson Sterfeno","twitter_card":"summary_large_image","twitter_misc":{"Escrito por":"Jefferson Sterfeno","Est. tempo de leitura":"2 minutos"},"schema":{"@context":"https:\/\/schema.org","@graph":[{"@type":"Article","@id":"https:\/\/blogdobispo.com.br\/?p=19008#article","isPartOf":{"@id":"https:\/\/blogdobispo.com.br\/?p=19008"},"author":{"name":"Jefferson Sterfeno","@id":"https:\/\/blogdobispo.com.br\/#\/schema\/person\/e2209cc0e6cea5c5233d033e997b373f"},"headline":"Urgente: Raio atinge Marcha de Nikolas Ferreira e deixa feridos","datePublished":"2026-01-25T18:05:15+00:00","dateModified":"2026-01-25T18:05:33+00:00","mainEntityOfPage":{"@id":"https:\/\/blogdobispo.com.br\/?p=19008"},"wordCount":327,"commentCount":0,"publisher":{"@id":"https:\/\/blogdobispo.com.br\/#organization"},"image":{"@id":"https:\/\/blogdobispo.com.br\/?p=19008#primaryimage"},"thumbnailUrl":"https:\/\/i0.wp.com\/blogdobispo.com.br\/wp-content\/uploads\/2026\/01\/img_9160.jpg?fit=1000%2C450&ssl=1","articleSection":["diversos"],"inLanguage":"pt-BR","potentialAction":[{"@type":"CommentAction","name":"Comment","target":["https:\/\/blogdobispo.com.br\/?p=19008#respond"]}]},{"@type":"WebPage","@id":"https:\/\/blogdobispo.com.br\/?p=19008","url":"https:\/\/blogdobispo.com.br\/?p=19008","name":"Urgente: Raio atinge Marcha de Nikolas Ferreira e deixa feridos - Blog do Bispo","isPartOf":{"@id":"https:\/\/blogdobispo.com.br\/#website"},"primaryImageOfPage":{"@id":"https:\/\/blogdobispo.com.br\/?p=19008#primaryimage"},"image":{"@id":"https:\/\/blogdobispo.com.br\/?p=19008#primaryimage"},"thumbnailUrl":"https:\/\/i0.wp.com\/blogdobispo.com.br\/wp-content\/uploads\/2026\/01\/img_9160.jpg?fit=1000%2C450&ssl=1","datePublished":"2026-01-25T18:05:15+00:00","dateModified":"2026-01-25T18:05:33+00:00","breadcrumb":{"@id":"https:\/\/blogdobispo.com.br\/?p=19008#breadcrumb"},"inLanguage":"pt-BR","potentialAction":[{"@type":"ReadAction","target":["https:\/\/blogdobispo.com.br\/?p=19008"]}]},{"@type":"ImageObject","inLanguage":"pt-BR","@id":"https:\/\/blogdobispo.com.br\/?p=19008#primaryimage","url":"https:\/\/i0.wp.com\/blogdobispo.com.br\/wp-content\/uploads\/2026\/01\/img_9160.jpg?fit=1000%2C450&ssl=1","contentUrl":"https:\/\/i0.wp.com\/blogdobispo.com.br\/wp-content\/uploads\/2026\/01\/img_9160.jpg?fit=1000%2C450&ssl=1","width":1000,"height":450},{"@type":"BreadcrumbList","@id":"https:\/\/blogdobispo.com.br\/?p=19008#breadcrumb","itemListElement":[{"@type":"ListItem","position":1,"name":"In\u00edcio","item":"https:\/\/blogdobispo.com.br\/"},{"@type":"ListItem","position":2,"name":"Urgente: Raio atinge Marcha de Nikolas Ferreira e deixa feridos"}]},{"@type":"WebSite","@id":"https:\/\/blogdobispo.com.br\/#website","url":"https:\/\/blogdobispo.com.br\/","name":"Blog do Bispo","description":"Comprometido apenas com o leitor","publisher":{"@id":"https:\/\/blogdobispo.com.br\/#organization"},"potentialAction":[{"@type":"SearchAction","target":{"@type":"EntryPoint","urlTemplate":"https:\/\/blogdobispo.com.br\/?s={search_term_string}"},"query-input":{"@type":"PropertyValueSpecification","valueRequired":true,"valueName":"search_term_string"}}],"inLanguage":"pt-BR"},{"@type":"Organization","@id":"https:\/\/blogdobispo.com.br\/#organization","name":"Blog do Bispo","url":"https:\/\/blogdobispo.com.br\/","logo":{"@type":"ImageObject","inLanguage":"pt-BR","@id":"https:\/\/blogdobispo.com.br\/#\/schema\/logo\/image\/","url":"http:\/\/blogdobispo.com.br\/wp-content\/uploads\/2023\/05\/cropped-headear.png","contentUrl":"http:\/\/blogdobispo.com.br\/wp-content\/uploads\/2023\/05\/cropped-headear.png","width":1500,"height":399,"caption":"Blog do Bispo"},"image":{"@id":"https:\/\/blogdobispo.com.br\/#\/schema\/logo\/image\/"}},{"@type":"Person","@id":"https:\/\/blogdobispo.com.br\/#\/schema\/person\/e2209cc0e6cea5c5233d033e997b373f","name":"Jefferson Sterfeno","image":{"@type":"ImageObject","inLanguage":"pt-BR","@id":"https:\/\/blogdobispo.com.br\/#\/schema\/person\/image\/","url":"https:\/\/secure.gravatar.com\/avatar\/0534e84764641168a677026b6d57a3f51dc7ac4db0b4f6186d9cb330d4ee1160?s=96&d=mm&r=g","contentUrl":"https:\/\/secure.gravatar.com\/avatar\/0534e84764641168a677026b6d57a3f51dc7ac4db0b4f6186d9cb330d4ee1160?s=96&d=mm&r=g","caption":"Jefferson Sterfeno"},"sameAs":["http:\/\/blogdobispo.com.br"],"url":"https:\/\/blogdobispo.com.br\/?author=1"}]}},"featured_image_urls":{"full":["https:\/\/i0.wp.com\/blogdobispo.com.br\/wp-content\/uploads\/2026\/01\/img_9160.jpg?fit=1000%2C450&ssl=1",1000,450,false],"thumbnail":["https:\/\/i0.wp.com\/blogdobispo.com.br\/wp-content\/uploads\/2026\/01\/img_9160.jpg?resize=150%2C150&ssl=1",150,150,true],"medium":["https:\/\/i0.wp.com\/blogdobispo.com.br\/wp-content\/uploads\/2026\/01\/img_9160.jpg?fit=300%2C135&ssl=1",300,135,true],"medium_large":["https:\/\/i0.wp.com\/blogdobispo.com.br\/wp-content\/uploads\/2026\/01\/img_9160.jpg?fit=768%2C346&ssl=1",768,346,true],"large":["https:\/\/i0.wp.com\/blogdobispo.com.br\/wp-content\/uploads\/2026\/01\/img_9160.jpg?fit=800%2C360&ssl=1",800,360,true],"1536x1536":["https:\/\/i0.wp.com\/blogdobispo.com.br\/wp-content\/uploads\/2026\/01\/img_9160.jpg?fit=1000%2C450&ssl=1",1000,450,true],"2048x2048":["https:\/\/i0.wp.com\/blogdobispo.com.br\/wp-content\/uploads\/2026\/01\/img_9160.jpg?fit=1000%2C450&ssl=1",1000,450,true]},"author_info":{"display_name":"Jefferson Sterfeno","author_link":"https:\/\/blogdobispo.com.br\/?author=1"},"category_info":"<a href=\"https:\/\/blogdobispo.com.br\/?cat=1\" rel=\"category\">diversos<\/a>","tag_info":"diversos","comment_count":"0","jetpack_featured_media_url":"https:\/\/i0.wp.com\/blogdobispo.com.br\/wp-content\/uploads\/2026\/01\/img_9160.jpg?fit=1000%2C450&ssl=1","jetpack_sharing_enabled":true,"_links":{"self":[{"href":"https:\/\/blogdobispo.com.br\/index.php?rest_route=\/wp\/v2\/posts\/19008","targetHints":{"allow":["GET"]}}],"collection":[{"href":"https:\/\/blogdobispo.com.br\/index.php?rest_route=\/wp\/v2\/posts"}],"about":[{"href":"https:\/\/blogdobispo.com.br\/index.php?rest_route=\/wp\/v2\/types\/post"}],"author":[{"embeddable":true,"href":"https:\/\/blogdobispo.com.br\/index.php?rest_route=\/wp\/v2\/users\/1"}],"replies":[{"embeddable":true,"href":"https:\/\/blogdobispo.com.br\/index.php?rest_route=%2Fwp%2Fv2%2Fcomments&post=19008"}],"version-history":[{"count":1,"href":"https:\/\/blogdobispo.com.br\/index.php?rest_route=\/wp\/v2\/posts\/19008\/revisions"}],"predecessor-version":[{"id":19009,"href":"https:\/\/blogdobispo.com.br\/index.php?rest_route=\/wp\/v2\/posts\/19008\/revisions\/19009"}],"wp:featuredmedia":[{"embeddable":true,"href":"https:\/\/blogdobispo.com.br\/index.php?rest_route=\/wp\/v2\/media\/19007"}],"wp:attachment":[{"href":"https:\/\/blogdobispo.com.br\/index.php?rest_route=%2Fwp%2Fv2%2Fmedia&parent=19008"}],"wp:term":[{"taxonomy":"category","embeddable":true,"href":"https:\/\/blogdobispo.com.br\/index.php?rest_route=%2Fwp%2Fv2%2Fcategories&post=19008"},{"taxonomy":"post_tag","embeddable":true,"href":"https:\/\/blogdobispo.com.br\/index.php?rest_route=%2Fwp%2Fv2%2Ftags&post=19008"}],"curies":[{"name":"wp","href":"https:\/\/api.w.org\/{rel}","templated":true}]}}