{"id":18998,"date":"2026-01-24T21:36:57","date_gmt":"2026-01-24T21:36:57","guid":{"rendered":"https:\/\/blogdobispo.com.br\/?p=18998"},"modified":"2026-01-24T21:36:57","modified_gmt":"2026-01-24T21:36:57","slug":"amanha-e-o-dia-da-liberdade-no-bairro-das-quintas","status":"publish","type":"post","link":"https:\/\/blogdobispo.com.br\/?p=18998","title":{"rendered":"Amanh\u00e3 \u00e9 o Dia da Liberdade no bairro das Quintas."},"content":{"rendered":"\n<p class=\"p1\"><\/p>\n\n\n\n<p class=\"p1\">Data simb\u00f3lica e muito aguardada, marcada pela elei\u00e7\u00e3o do Conselho Comunit\u00e1rio, ap\u00f3s dias de tens\u00e3o e conflitos que evidenciaram o esgotamento de um modelo antigo e excludente de gest\u00e3o.<\/p>\n\n\n\n<p class=\"p1\">O atual presidente do conselho, conhecido como Neto do Artesanato, n\u00e3o conseguiu se viabilizar juridicamente para disputar a elei\u00e7\u00e3o, em raz\u00e3o da aus\u00eancia de documenta\u00e7\u00e3o exigida. Com isso, apenas uma chapa foi homologada para o pleito: a chapa 3, que tem como candidato a presidente o l\u00edder comunit\u00e1rio Vanderson Gomes das Quintas, tendo como vice Cleide, ligada politicamente ao vereador Luciano Nascimento.<\/p>\n\n\n\n<figure class=\"wp-block-image size-large\"><img data-recalc-dims=\"1\" fetchpriority=\"high\" decoding=\"async\" width=\"473\" height=\"696\" src=\"https:\/\/i0.wp.com\/blogdobispo.com.br\/wp-content\/uploads\/2026\/01\/image.jpg?resize=473%2C696&#038;ssl=1\" class=\"wp-image-18997\" srcset=\"https:\/\/i0.wp.com\/blogdobispo.com.br\/wp-content\/uploads\/2026\/01\/image.jpg?w=473&amp;ssl=1 473w, https:\/\/i0.wp.com\/blogdobispo.com.br\/wp-content\/uploads\/2026\/01\/image.jpg?resize=204%2C300&amp;ssl=1 204w\" sizes=\"(max-width: 473px) 100vw, 473px\" \/><\/figure>\n\n\n\n<p class=\"p1\">A expectativa em torno da elei\u00e7\u00e3o vai al\u00e9m do resultado formal. Para muitos moradores, amanh\u00e3 representa um marco hist\u00f3rico: o in\u00edcio de um processo de liberta\u00e7\u00e3o de um estatuto que, h\u00e1 cerca de 18 anos, limita e reduz drasticamente a participa\u00e7\u00e3o popular nas decis\u00f5es do conselho comunit\u00e1rio. Um estatuto criado durante a gest\u00e3o de um ex-presidente do conselho Veridiano\u2014 e que, ao longo dos anos, engessou a democracia local.<\/p>\n\n\n\n<p class=\"p1\">Vanderson Gomes tentou por diversas vezes disputar a presid\u00eancia do conselho, mas sempre encontrou obst\u00e1culos que o impediam de avan\u00e7ar. Agora, o cen\u00e1rio \u00e9 outro. A expectativa \u00e9 grande de que, ao assumir a presid\u00eancia, ele promova a revis\u00e3o do estatuto, devolvendo legitimidade, transpar\u00eancia e participa\u00e7\u00e3o efetiva \u00e0 popula\u00e7\u00e3o, restabelecendo a ordem social e jur\u00eddica do conselho comunit\u00e1rio.<\/p>\n\n\n\n<p class=\"p1\">O bairro das Quintas n\u00e3o \u00e9 apenas mais um territ\u00f3rio da cidade. \u00c9 um bairro hist\u00f3rico, tricenten\u00e1rio, de import\u00e2ncia estrat\u00e9gica por abrigar  e por sua contribui\u00e7\u00e3o \u00e0 forma\u00e7\u00e3o social e cultural de Natal. Um bairro que merece representantes comprometidos com a democracia, a valoriza\u00e7\u00e3o da comunidade e o desenvolvimento da cidade.<\/p>\n\n\n\n<p class=\"p1\">Por isso, amanh\u00e3 n\u00e3o \u00e9 apenas dia de elei\u00e7\u00e3o.<\/p>\n\n\n\n<p class=\"p1\">\u00c9 o Dia da Liberdade das Quintas.&nbsp;<\/p>\n","protected":false},"excerpt":{"rendered":"<p>Data simb\u00f3lica e muito aguardada, marcada pela elei\u00e7\u00e3o do Conselho Comunit\u00e1rio, ap\u00f3s dias de tens\u00e3o e conflitos que evidenciaram o esgotamento de um modelo antigo e excludente de gest\u00e3o. O atual presidente do conselho, conhecido como Neto do Artesanato, n\u00e3o conseguiu se viabilizar juridicamente para disputar a elei\u00e7\u00e3o, em raz\u00e3o da aus\u00eancia de documenta\u00e7\u00e3o exigida. [&hellip;]<\/p>\n","protected":false},"author":1,"featured_media":18997,"comment_status":"open","ping_status":"open","sticky":false,"template":"","format":"standard","meta":{"cybocfi_hide_featured_image":"","_jetpack_memberships_contains_paid_content":false,"footnotes":""},"categories":[1],"tags":[],"class_list":["post-18998","post","type-post","status-publish","format-standard","has-post-thumbnail","hentry","category-diversos"],"yoast_head":"<!-- This site is optimized with the Yoast SEO plugin v25.6 - https:\/\/yoast.com\/wordpress\/plugins\/seo\/ -->\n<title>Amanh\u00e3 \u00e9 o Dia da Liberdade no bairro das Quintas. - Blog do Bispo<\/title>\n<meta name=\"robots\" content=\"index, follow, max-snippet:-1, max-image-preview:large, max-video-preview:-1\" \/>\n<link rel=\"canonical\" href=\"https:\/\/blogdobispo.com.br\/?p=18998\" \/>\n<meta property=\"og:locale\" content=\"pt_BR\" \/>\n<meta property=\"og:type\" content=\"article\" \/>\n<meta property=\"og:title\" content=\"Amanh\u00e3 \u00e9 o Dia da Liberdade no bairro das Quintas. - Blog do Bispo\" \/>\n<meta property=\"og:description\" content=\"Data simb\u00f3lica e muito aguardada, marcada pela elei\u00e7\u00e3o do Conselho Comunit\u00e1rio, ap\u00f3s dias de tens\u00e3o e conflitos que evidenciaram o esgotamento de um modelo antigo e excludente de gest\u00e3o. O atual presidente do conselho, conhecido como Neto do Artesanato, n\u00e3o conseguiu se viabilizar juridicamente para disputar a elei\u00e7\u00e3o, em raz\u00e3o da aus\u00eancia de documenta\u00e7\u00e3o exigida. [&hellip;]\" \/>\n<meta property=\"og:url\" content=\"https:\/\/blogdobispo.com.br\/?p=18998\" \/>\n<meta property=\"og:site_name\" content=\"Blog do Bispo\" \/>\n<meta property=\"article:published_time\" content=\"2026-01-24T21:36:57+00:00\" \/>\n<meta property=\"og:image\" content=\"https:\/\/blogdobispo.com.br\/wp-content\/uploads\/2026\/01\/image.jpg\" \/>\n<meta name=\"author\" content=\"Jefferson Sterfeno\" \/>\n<meta name=\"twitter:card\" content=\"summary_large_image\" \/>\n<meta name=\"twitter:label1\" content=\"Escrito por\" \/>\n\t<meta name=\"twitter:data1\" content=\"Jefferson Sterfeno\" \/>\n\t<meta name=\"twitter:label2\" content=\"Est. tempo de leitura\" \/>\n\t<meta name=\"twitter:data2\" content=\"2 minutos\" \/>\n<script type=\"application\/ld+json\" class=\"yoast-schema-graph\">{\"@context\":\"https:\/\/schema.org\",\"@graph\":[{\"@type\":\"Article\",\"@id\":\"https:\/\/blogdobispo.com.br\/?p=18998#article\",\"isPartOf\":{\"@id\":\"https:\/\/blogdobispo.com.br\/?p=18998\"},\"author\":{\"name\":\"Jefferson Sterfeno\",\"@id\":\"https:\/\/blogdobispo.com.br\/#\/schema\/person\/e2209cc0e6cea5c5233d033e997b373f\"},\"headline\":\"Amanh\u00e3 \u00e9 o Dia da Liberdade no bairro das Quintas.\",\"datePublished\":\"2026-01-24T21:36:57+00:00\",\"mainEntityOfPage\":{\"@id\":\"https:\/\/blogdobispo.com.br\/?p=18998\"},\"wordCount\":329,\"commentCount\":0,\"publisher\":{\"@id\":\"https:\/\/blogdobispo.com.br\/#organization\"},\"image\":{\"@id\":\"https:\/\/blogdobispo.com.br\/?p=18998#primaryimage\"},\"thumbnailUrl\":\"https:\/\/i0.wp.com\/blogdobispo.com.br\/wp-content\/uploads\/2026\/01\/image.jpg?fit=473%2C696&ssl=1\",\"articleSection\":[\"diversos\"],\"inLanguage\":\"pt-BR\",\"potentialAction\":[{\"@type\":\"CommentAction\",\"name\":\"Comment\",\"target\":[\"https:\/\/blogdobispo.com.br\/?p=18998#respond\"]}]},{\"@type\":\"WebPage\",\"@id\":\"https:\/\/blogdobispo.com.br\/?p=18998\",\"url\":\"https:\/\/blogdobispo.com.br\/?p=18998\",\"name\":\"Amanh\u00e3 \u00e9 o Dia da Liberdade no bairro das Quintas. - Blog do Bispo\",\"isPartOf\":{\"@id\":\"https:\/\/blogdobispo.com.br\/#website\"},\"primaryImageOfPage\":{\"@id\":\"https:\/\/blogdobispo.com.br\/?p=18998#primaryimage\"},\"image\":{\"@id\":\"https:\/\/blogdobispo.com.br\/?p=18998#primaryimage\"},\"thumbnailUrl\":\"https:\/\/i0.wp.com\/blogdobispo.com.br\/wp-content\/uploads\/2026\/01\/image.jpg?fit=473%2C696&ssl=1\",\"datePublished\":\"2026-01-24T21:36:57+00:00\",\"breadcrumb\":{\"@id\":\"https:\/\/blogdobispo.com.br\/?p=18998#breadcrumb\"},\"inLanguage\":\"pt-BR\",\"potentialAction\":[{\"@type\":\"ReadAction\",\"target\":[\"https:\/\/blogdobispo.com.br\/?p=18998\"]}]},{\"@type\":\"ImageObject\",\"inLanguage\":\"pt-BR\",\"@id\":\"https:\/\/blogdobispo.com.br\/?p=18998#primaryimage\",\"url\":\"https:\/\/i0.wp.com\/blogdobispo.com.br\/wp-content\/uploads\/2026\/01\/image.jpg?fit=473%2C696&ssl=1\",\"contentUrl\":\"https:\/\/i0.wp.com\/blogdobispo.com.br\/wp-content\/uploads\/2026\/01\/image.jpg?fit=473%2C696&ssl=1\",\"width\":473,\"height\":696},{\"@type\":\"BreadcrumbList\",\"@id\":\"https:\/\/blogdobispo.com.br\/?p=18998#breadcrumb\",\"itemListElement\":[{\"@type\":\"ListItem\",\"position\":1,\"name\":\"In\u00edcio\",\"item\":\"https:\/\/blogdobispo.com.br\/\"},{\"@type\":\"ListItem\",\"position\":2,\"name\":\"Amanh\u00e3 \u00e9 o Dia da Liberdade no bairro das Quintas.\"}]},{\"@type\":\"WebSite\",\"@id\":\"https:\/\/blogdobispo.com.br\/#website\",\"url\":\"https:\/\/blogdobispo.com.br\/\",\"name\":\"Blog do Bispo\",\"description\":\"Comprometido apenas com o leitor\",\"publisher\":{\"@id\":\"https:\/\/blogdobispo.com.br\/#organization\"},\"potentialAction\":[{\"@type\":\"SearchAction\",\"target\":{\"@type\":\"EntryPoint\",\"urlTemplate\":\"https:\/\/blogdobispo.com.br\/?s={search_term_string}\"},\"query-input\":{\"@type\":\"PropertyValueSpecification\",\"valueRequired\":true,\"valueName\":\"search_term_string\"}}],\"inLanguage\":\"pt-BR\"},{\"@type\":\"Organization\",\"@id\":\"https:\/\/blogdobispo.com.br\/#organization\",\"name\":\"Blog do Bispo\",\"url\":\"https:\/\/blogdobispo.com.br\/\",\"logo\":{\"@type\":\"ImageObject\",\"inLanguage\":\"pt-BR\",\"@id\":\"https:\/\/blogdobispo.com.br\/#\/schema\/logo\/image\/\",\"url\":\"http:\/\/blogdobispo.com.br\/wp-content\/uploads\/2023\/05\/cropped-headear.png\",\"contentUrl\":\"http:\/\/blogdobispo.com.br\/wp-content\/uploads\/2023\/05\/cropped-headear.png\",\"width\":1500,\"height\":399,\"caption\":\"Blog do Bispo\"},\"image\":{\"@id\":\"https:\/\/blogdobispo.com.br\/#\/schema\/logo\/image\/\"}},{\"@type\":\"Person\",\"@id\":\"https:\/\/blogdobispo.com.br\/#\/schema\/person\/e2209cc0e6cea5c5233d033e997b373f\",\"name\":\"Jefferson Sterfeno\",\"image\":{\"@type\":\"ImageObject\",\"inLanguage\":\"pt-BR\",\"@id\":\"https:\/\/blogdobispo.com.br\/#\/schema\/person\/image\/\",\"url\":\"https:\/\/secure.gravatar.com\/avatar\/0534e84764641168a677026b6d57a3f51dc7ac4db0b4f6186d9cb330d4ee1160?s=96&d=mm&r=g\",\"contentUrl\":\"https:\/\/secure.gravatar.com\/avatar\/0534e84764641168a677026b6d57a3f51dc7ac4db0b4f6186d9cb330d4ee1160?s=96&d=mm&r=g\",\"caption\":\"Jefferson Sterfeno\"},\"sameAs\":[\"http:\/\/blogdobispo.com.br\"],\"url\":\"https:\/\/blogdobispo.com.br\/?author=1\"}]}<\/script>\n<!-- \/ Yoast SEO plugin. -->","yoast_head_json":{"title":"Amanh\u00e3 \u00e9 o Dia da Liberdade no bairro das Quintas. - Blog do Bispo","robots":{"index":"index","follow":"follow","max-snippet":"max-snippet:-1","max-image-preview":"max-image-preview:large","max-video-preview":"max-video-preview:-1"},"canonical":"https:\/\/blogdobispo.com.br\/?p=18998","og_locale":"pt_BR","og_type":"article","og_title":"Amanh\u00e3 \u00e9 o Dia da Liberdade no bairro das Quintas. - Blog do Bispo","og_description":"Data simb\u00f3lica e muito aguardada, marcada pela elei\u00e7\u00e3o do Conselho Comunit\u00e1rio, ap\u00f3s dias de tens\u00e3o e conflitos que evidenciaram o esgotamento de um modelo antigo e excludente de gest\u00e3o. O atual presidente do conselho, conhecido como Neto do Artesanato, n\u00e3o conseguiu se viabilizar juridicamente para disputar a elei\u00e7\u00e3o, em raz\u00e3o da aus\u00eancia de documenta\u00e7\u00e3o exigida. [&hellip;]","og_url":"https:\/\/blogdobispo.com.br\/?p=18998","og_site_name":"Blog do Bispo","article_published_time":"2026-01-24T21:36:57+00:00","og_image":[{"url":"https:\/\/blogdobispo.com.br\/wp-content\/uploads\/2026\/01\/image.jpg","type":"","width":"","height":""}],"author":"Jefferson Sterfeno","twitter_card":"summary_large_image","twitter_misc":{"Escrito por":"Jefferson Sterfeno","Est. tempo de leitura":"2 minutos"},"schema":{"@context":"https:\/\/schema.org","@graph":[{"@type":"Article","@id":"https:\/\/blogdobispo.com.br\/?p=18998#article","isPartOf":{"@id":"https:\/\/blogdobispo.com.br\/?p=18998"},"author":{"name":"Jefferson Sterfeno","@id":"https:\/\/blogdobispo.com.br\/#\/schema\/person\/e2209cc0e6cea5c5233d033e997b373f"},"headline":"Amanh\u00e3 \u00e9 o Dia da Liberdade no bairro das Quintas.","datePublished":"2026-01-24T21:36:57+00:00","mainEntityOfPage":{"@id":"https:\/\/blogdobispo.com.br\/?p=18998"},"wordCount":329,"commentCount":0,"publisher":{"@id":"https:\/\/blogdobispo.com.br\/#organization"},"image":{"@id":"https:\/\/blogdobispo.com.br\/?p=18998#primaryimage"},"thumbnailUrl":"https:\/\/i0.wp.com\/blogdobispo.com.br\/wp-content\/uploads\/2026\/01\/image.jpg?fit=473%2C696&ssl=1","articleSection":["diversos"],"inLanguage":"pt-BR","potentialAction":[{"@type":"CommentAction","name":"Comment","target":["https:\/\/blogdobispo.com.br\/?p=18998#respond"]}]},{"@type":"WebPage","@id":"https:\/\/blogdobispo.com.br\/?p=18998","url":"https:\/\/blogdobispo.com.br\/?p=18998","name":"Amanh\u00e3 \u00e9 o Dia da Liberdade no bairro das Quintas. - Blog do Bispo","isPartOf":{"@id":"https:\/\/blogdobispo.com.br\/#website"},"primaryImageOfPage":{"@id":"https:\/\/blogdobispo.com.br\/?p=18998#primaryimage"},"image":{"@id":"https:\/\/blogdobispo.com.br\/?p=18998#primaryimage"},"thumbnailUrl":"https:\/\/i0.wp.com\/blogdobispo.com.br\/wp-content\/uploads\/2026\/01\/image.jpg?fit=473%2C696&ssl=1","datePublished":"2026-01-24T21:36:57+00:00","breadcrumb":{"@id":"https:\/\/blogdobispo.com.br\/?p=18998#breadcrumb"},"inLanguage":"pt-BR","potentialAction":[{"@type":"ReadAction","target":["https:\/\/blogdobispo.com.br\/?p=18998"]}]},{"@type":"ImageObject","inLanguage":"pt-BR","@id":"https:\/\/blogdobispo.com.br\/?p=18998#primaryimage","url":"https:\/\/i0.wp.com\/blogdobispo.com.br\/wp-content\/uploads\/2026\/01\/image.jpg?fit=473%2C696&ssl=1","contentUrl":"https:\/\/i0.wp.com\/blogdobispo.com.br\/wp-content\/uploads\/2026\/01\/image.jpg?fit=473%2C696&ssl=1","width":473,"height":696},{"@type":"BreadcrumbList","@id":"https:\/\/blogdobispo.com.br\/?p=18998#breadcrumb","itemListElement":[{"@type":"ListItem","position":1,"name":"In\u00edcio","item":"https:\/\/blogdobispo.com.br\/"},{"@type":"ListItem","position":2,"name":"Amanh\u00e3 \u00e9 o Dia da Liberdade no bairro das Quintas."}]},{"@type":"WebSite","@id":"https:\/\/blogdobispo.com.br\/#website","url":"https:\/\/blogdobispo.com.br\/","name":"Blog do Bispo","description":"Comprometido apenas com o leitor","publisher":{"@id":"https:\/\/blogdobispo.com.br\/#organization"},"potentialAction":[{"@type":"SearchAction","target":{"@type":"EntryPoint","urlTemplate":"https:\/\/blogdobispo.com.br\/?s={search_term_string}"},"query-input":{"@type":"PropertyValueSpecification","valueRequired":true,"valueName":"search_term_string"}}],"inLanguage":"pt-BR"},{"@type":"Organization","@id":"https:\/\/blogdobispo.com.br\/#organization","name":"Blog do Bispo","url":"https:\/\/blogdobispo.com.br\/","logo":{"@type":"ImageObject","inLanguage":"pt-BR","@id":"https:\/\/blogdobispo.com.br\/#\/schema\/logo\/image\/","url":"http:\/\/blogdobispo.com.br\/wp-content\/uploads\/2023\/05\/cropped-headear.png","contentUrl":"http:\/\/blogdobispo.com.br\/wp-content\/uploads\/2023\/05\/cropped-headear.png","width":1500,"height":399,"caption":"Blog do Bispo"},"image":{"@id":"https:\/\/blogdobispo.com.br\/#\/schema\/logo\/image\/"}},{"@type":"Person","@id":"https:\/\/blogdobispo.com.br\/#\/schema\/person\/e2209cc0e6cea5c5233d033e997b373f","name":"Jefferson Sterfeno","image":{"@type":"ImageObject","inLanguage":"pt-BR","@id":"https:\/\/blogdobispo.com.br\/#\/schema\/person\/image\/","url":"https:\/\/secure.gravatar.com\/avatar\/0534e84764641168a677026b6d57a3f51dc7ac4db0b4f6186d9cb330d4ee1160?s=96&d=mm&r=g","contentUrl":"https:\/\/secure.gravatar.com\/avatar\/0534e84764641168a677026b6d57a3f51dc7ac4db0b4f6186d9cb330d4ee1160?s=96&d=mm&r=g","caption":"Jefferson Sterfeno"},"sameAs":["http:\/\/blogdobispo.com.br"],"url":"https:\/\/blogdobispo.com.br\/?author=1"}]}},"featured_image_urls":{"full":["https:\/\/i0.wp.com\/blogdobispo.com.br\/wp-content\/uploads\/2026\/01\/image.jpg?fit=473%2C696&ssl=1",473,696,false],"thumbnail":["https:\/\/i0.wp.com\/blogdobispo.com.br\/wp-content\/uploads\/2026\/01\/image.jpg?resize=150%2C150&ssl=1",150,150,true],"medium":["https:\/\/i0.wp.com\/blogdobispo.com.br\/wp-content\/uploads\/2026\/01\/image.jpg?fit=204%2C300&ssl=1",204,300,true],"medium_large":["https:\/\/i0.wp.com\/blogdobispo.com.br\/wp-content\/uploads\/2026\/01\/image.jpg?fit=473%2C696&ssl=1",473,696,true],"large":["https:\/\/i0.wp.com\/blogdobispo.com.br\/wp-content\/uploads\/2026\/01\/image.jpg?fit=473%2C696&ssl=1",473,696,true],"1536x1536":["https:\/\/i0.wp.com\/blogdobispo.com.br\/wp-content\/uploads\/2026\/01\/image.jpg?fit=473%2C696&ssl=1",473,696,true],"2048x2048":["https:\/\/i0.wp.com\/blogdobispo.com.br\/wp-content\/uploads\/2026\/01\/image.jpg?fit=473%2C696&ssl=1",473,696,true]},"author_info":{"display_name":"Jefferson Sterfeno","author_link":"https:\/\/blogdobispo.com.br\/?author=1"},"category_info":"<a href=\"https:\/\/blogdobispo.com.br\/?cat=1\" rel=\"category\">diversos<\/a>","tag_info":"diversos","comment_count":"0","jetpack_featured_media_url":"https:\/\/i0.wp.com\/blogdobispo.com.br\/wp-content\/uploads\/2026\/01\/image.jpg?fit=473%2C696&ssl=1","jetpack_sharing_enabled":true,"_links":{"self":[{"href":"https:\/\/blogdobispo.com.br\/index.php?rest_route=\/wp\/v2\/posts\/18998","targetHints":{"allow":["GET"]}}],"collection":[{"href":"https:\/\/blogdobispo.com.br\/index.php?rest_route=\/wp\/v2\/posts"}],"about":[{"href":"https:\/\/blogdobispo.com.br\/index.php?rest_route=\/wp\/v2\/types\/post"}],"author":[{"embeddable":true,"href":"https:\/\/blogdobispo.com.br\/index.php?rest_route=\/wp\/v2\/users\/1"}],"replies":[{"embeddable":true,"href":"https:\/\/blogdobispo.com.br\/index.php?rest_route=%2Fwp%2Fv2%2Fcomments&post=18998"}],"version-history":[{"count":0,"href":"https:\/\/blogdobispo.com.br\/index.php?rest_route=\/wp\/v2\/posts\/18998\/revisions"}],"wp:featuredmedia":[{"embeddable":true,"href":"https:\/\/blogdobispo.com.br\/index.php?rest_route=\/wp\/v2\/media\/18997"}],"wp:attachment":[{"href":"https:\/\/blogdobispo.com.br\/index.php?rest_route=%2Fwp%2Fv2%2Fmedia&parent=18998"}],"wp:term":[{"taxonomy":"category","embeddable":true,"href":"https:\/\/blogdobispo.com.br\/index.php?rest_route=%2Fwp%2Fv2%2Fcategories&post=18998"},{"taxonomy":"post_tag","embeddable":true,"href":"https:\/\/blogdobispo.com.br\/index.php?rest_route=%2Fwp%2Fv2%2Ftags&post=18998"}],"curies":[{"name":"wp","href":"https:\/\/api.w.org\/{rel}","templated":true}]}}