{"id":18991,"date":"2026-01-22T15:38:22","date_gmt":"2026-01-22T15:38:22","guid":{"rendered":"https:\/\/blogdobispo.com.br\/?p=18991"},"modified":"2026-01-22T15:38:22","modified_gmt":"2026-01-22T15:38:22","slug":"uniao-brasil-de-allyson-bezerra-recorre-a-justica-e-impede-divulgacao-de-pesquisa-eleitoral","status":"publish","type":"post","link":"https:\/\/blogdobispo.com.br\/?p=18991","title":{"rendered":"Uni\u00e3o Brasil de Allyson Bezerra recorre \u00e0 Justi\u00e7a e impede divulga\u00e7\u00e3o de pesquisa eleitoral"},"content":{"rendered":"\n<figure class=\"wp-block-image size-large\"><img data-recalc-dims=\"1\" fetchpriority=\"high\" decoding=\"async\" width=\"680\" height=\"451\" src=\"https:\/\/i0.wp.com\/blogdobispo.com.br\/wp-content\/uploads\/2026\/01\/img_9051.jpg?resize=680%2C451&#038;ssl=1\" class=\"wp-image-18989\" srcset=\"https:\/\/i0.wp.com\/blogdobispo.com.br\/wp-content\/uploads\/2026\/01\/img_9051.jpg?w=680&amp;ssl=1 680w, https:\/\/i0.wp.com\/blogdobispo.com.br\/wp-content\/uploads\/2026\/01\/img_9051.jpg?resize=300%2C199&amp;ssl=1 300w\" sizes=\"(max-width: 680px) 100vw, 680px\" \/><\/figure>\n\n\n\n<p class=\"p1\"><\/p>\n\n\n\n<p class=\"p1\">O partido Uni\u00e3o Brasil ingressou na Justi\u00e7a Eleitoral e conseguiu impedir a divulga\u00e7\u00e3o de uma pesquisa eleitoral que envolveria o nome do prefeito de Mossor\u00f3, Allyson Bezerra. A medida atingiu ve\u00edculos de comunica\u00e7\u00e3o e blogs que haviam anunciado a publica\u00e7\u00e3o do levantamento nos pr\u00f3ximos dias.<\/p>\n\n\n\n<p class=\"p1\">De acordo com informa\u00e7\u00f5es que circulam nos bastidores pol\u00edticos, a a\u00e7\u00e3o foi motivada por questionamentos t\u00e9cnicos sobre a regularidade da pesquisa, incluindo supostas falhas no cumprimento das exig\u00eancias legais previstas pela legisla\u00e7\u00e3o eleitoral. Entre os pontos levantados estaria a aus\u00eancia de requisitos formais obrigat\u00f3rios para a divulga\u00e7\u00e3o p\u00fablica do levantamento.<\/p>\n\n\n\n<p>Nos bastidores, por\u00e9m, a iniciativa levanta uma pergunta inevit\u00e1vel: seria apenas uma cautela jur\u00eddica ou o reflexo de um poss\u00edvel medo do resultado da pesquisa? A judicializa\u00e7\u00e3o preventiva, antes mesmo da divulga\u00e7\u00e3o dos n\u00fameros, alimenta especula\u00e7\u00f5es de que o levantamento poderia trazer dados desfavor\u00e1veis ao prefeito, contrariando o discurso de for\u00e7a pol\u00edtica que seus aliados costumam propagar.<\/p>\n","protected":false},"excerpt":{"rendered":"<p>O partido Uni\u00e3o Brasil ingressou na Justi\u00e7a Eleitoral e conseguiu impedir a divulga\u00e7\u00e3o de uma pesquisa eleitoral que envolveria o nome do prefeito de Mossor\u00f3, Allyson Bezerra. A medida atingiu ve\u00edculos de comunica\u00e7\u00e3o e blogs que haviam anunciado a publica\u00e7\u00e3o do levantamento nos pr\u00f3ximos dias. De acordo com informa\u00e7\u00f5es que circulam nos bastidores pol\u00edticos, a [&hellip;]<\/p>\n","protected":false},"author":1,"featured_media":18990,"comment_status":"open","ping_status":"open","sticky":false,"template":"","format":"standard","meta":{"cybocfi_hide_featured_image":"","_jetpack_memberships_contains_paid_content":false,"footnotes":""},"categories":[1],"tags":[],"class_list":["post-18991","post","type-post","status-publish","format-standard","has-post-thumbnail","hentry","category-diversos"],"yoast_head":"<!-- This site is optimized with the Yoast SEO plugin v25.6 - https:\/\/yoast.com\/wordpress\/plugins\/seo\/ -->\n<title>Uni\u00e3o Brasil de Allyson Bezerra recorre \u00e0 Justi\u00e7a e impede divulga\u00e7\u00e3o de pesquisa eleitoral - Blog do Bispo<\/title>\n<meta name=\"robots\" content=\"index, follow, max-snippet:-1, max-image-preview:large, max-video-preview:-1\" \/>\n<link rel=\"canonical\" href=\"https:\/\/blogdobispo.com.br\/?p=18991\" \/>\n<meta property=\"og:locale\" content=\"pt_BR\" \/>\n<meta property=\"og:type\" content=\"article\" \/>\n<meta property=\"og:title\" content=\"Uni\u00e3o Brasil de Allyson Bezerra recorre \u00e0 Justi\u00e7a e impede divulga\u00e7\u00e3o de pesquisa eleitoral - Blog do Bispo\" \/>\n<meta property=\"og:description\" content=\"O partido Uni\u00e3o Brasil ingressou na Justi\u00e7a Eleitoral e conseguiu impedir a divulga\u00e7\u00e3o de uma pesquisa eleitoral que envolveria o nome do prefeito de Mossor\u00f3, Allyson Bezerra. A medida atingiu ve\u00edculos de comunica\u00e7\u00e3o e blogs que haviam anunciado a publica\u00e7\u00e3o do levantamento nos pr\u00f3ximos dias. De acordo com informa\u00e7\u00f5es que circulam nos bastidores pol\u00edticos, a [&hellip;]\" \/>\n<meta property=\"og:url\" content=\"https:\/\/blogdobispo.com.br\/?p=18991\" \/>\n<meta property=\"og:site_name\" content=\"Blog do Bispo\" \/>\n<meta property=\"article:published_time\" content=\"2026-01-22T15:38:22+00:00\" \/>\n<meta property=\"og:image\" content=\"https:\/\/blogdobispo.com.br\/wp-content\/uploads\/2026\/01\/img_9051.jpg\" \/>\n<meta name=\"author\" content=\"Jefferson Sterfeno\" \/>\n<meta name=\"twitter:card\" content=\"summary_large_image\" \/>\n<meta name=\"twitter:label1\" content=\"Escrito por\" \/>\n\t<meta name=\"twitter:data1\" content=\"Jefferson Sterfeno\" \/>\n\t<meta name=\"twitter:label2\" content=\"Est. tempo de leitura\" \/>\n\t<meta name=\"twitter:data2\" content=\"1 minuto\" \/>\n<script type=\"application\/ld+json\" class=\"yoast-schema-graph\">{\"@context\":\"https:\/\/schema.org\",\"@graph\":[{\"@type\":\"Article\",\"@id\":\"https:\/\/blogdobispo.com.br\/?p=18991#article\",\"isPartOf\":{\"@id\":\"https:\/\/blogdobispo.com.br\/?p=18991\"},\"author\":{\"name\":\"Jefferson Sterfeno\",\"@id\":\"https:\/\/blogdobispo.com.br\/#\/schema\/person\/e2209cc0e6cea5c5233d033e997b373f\"},\"headline\":\"Uni\u00e3o Brasil de Allyson Bezerra recorre \u00e0 Justi\u00e7a e impede divulga\u00e7\u00e3o de pesquisa eleitoral\",\"datePublished\":\"2026-01-22T15:38:22+00:00\",\"mainEntityOfPage\":{\"@id\":\"https:\/\/blogdobispo.com.br\/?p=18991\"},\"wordCount\":196,\"commentCount\":0,\"publisher\":{\"@id\":\"https:\/\/blogdobispo.com.br\/#organization\"},\"image\":{\"@id\":\"https:\/\/blogdobispo.com.br\/?p=18991#primaryimage\"},\"thumbnailUrl\":\"https:\/\/i0.wp.com\/blogdobispo.com.br\/wp-content\/uploads\/2026\/01\/img_9051-1.jpg?fit=680%2C451&ssl=1\",\"articleSection\":[\"diversos\"],\"inLanguage\":\"pt-BR\",\"potentialAction\":[{\"@type\":\"CommentAction\",\"name\":\"Comment\",\"target\":[\"https:\/\/blogdobispo.com.br\/?p=18991#respond\"]}]},{\"@type\":\"WebPage\",\"@id\":\"https:\/\/blogdobispo.com.br\/?p=18991\",\"url\":\"https:\/\/blogdobispo.com.br\/?p=18991\",\"name\":\"Uni\u00e3o Brasil de Allyson Bezerra recorre \u00e0 Justi\u00e7a e impede divulga\u00e7\u00e3o de pesquisa eleitoral - Blog do Bispo\",\"isPartOf\":{\"@id\":\"https:\/\/blogdobispo.com.br\/#website\"},\"primaryImageOfPage\":{\"@id\":\"https:\/\/blogdobispo.com.br\/?p=18991#primaryimage\"},\"image\":{\"@id\":\"https:\/\/blogdobispo.com.br\/?p=18991#primaryimage\"},\"thumbnailUrl\":\"https:\/\/i0.wp.com\/blogdobispo.com.br\/wp-content\/uploads\/2026\/01\/img_9051-1.jpg?fit=680%2C451&ssl=1\",\"datePublished\":\"2026-01-22T15:38:22+00:00\",\"breadcrumb\":{\"@id\":\"https:\/\/blogdobispo.com.br\/?p=18991#breadcrumb\"},\"inLanguage\":\"pt-BR\",\"potentialAction\":[{\"@type\":\"ReadAction\",\"target\":[\"https:\/\/blogdobispo.com.br\/?p=18991\"]}]},{\"@type\":\"ImageObject\",\"inLanguage\":\"pt-BR\",\"@id\":\"https:\/\/blogdobispo.com.br\/?p=18991#primaryimage\",\"url\":\"https:\/\/i0.wp.com\/blogdobispo.com.br\/wp-content\/uploads\/2026\/01\/img_9051-1.jpg?fit=680%2C451&ssl=1\",\"contentUrl\":\"https:\/\/i0.wp.com\/blogdobispo.com.br\/wp-content\/uploads\/2026\/01\/img_9051-1.jpg?fit=680%2C451&ssl=1\",\"width\":680,\"height\":451},{\"@type\":\"BreadcrumbList\",\"@id\":\"https:\/\/blogdobispo.com.br\/?p=18991#breadcrumb\",\"itemListElement\":[{\"@type\":\"ListItem\",\"position\":1,\"name\":\"In\u00edcio\",\"item\":\"https:\/\/blogdobispo.com.br\/\"},{\"@type\":\"ListItem\",\"position\":2,\"name\":\"Uni\u00e3o Brasil de Allyson Bezerra recorre \u00e0 Justi\u00e7a e impede divulga\u00e7\u00e3o de pesquisa eleitoral\"}]},{\"@type\":\"WebSite\",\"@id\":\"https:\/\/blogdobispo.com.br\/#website\",\"url\":\"https:\/\/blogdobispo.com.br\/\",\"name\":\"Blog do Bispo\",\"description\":\"Comprometido apenas com o leitor\",\"publisher\":{\"@id\":\"https:\/\/blogdobispo.com.br\/#organization\"},\"potentialAction\":[{\"@type\":\"SearchAction\",\"target\":{\"@type\":\"EntryPoint\",\"urlTemplate\":\"https:\/\/blogdobispo.com.br\/?s={search_term_string}\"},\"query-input\":{\"@type\":\"PropertyValueSpecification\",\"valueRequired\":true,\"valueName\":\"search_term_string\"}}],\"inLanguage\":\"pt-BR\"},{\"@type\":\"Organization\",\"@id\":\"https:\/\/blogdobispo.com.br\/#organization\",\"name\":\"Blog do Bispo\",\"url\":\"https:\/\/blogdobispo.com.br\/\",\"logo\":{\"@type\":\"ImageObject\",\"inLanguage\":\"pt-BR\",\"@id\":\"https:\/\/blogdobispo.com.br\/#\/schema\/logo\/image\/\",\"url\":\"http:\/\/blogdobispo.com.br\/wp-content\/uploads\/2023\/05\/cropped-headear.png\",\"contentUrl\":\"http:\/\/blogdobispo.com.br\/wp-content\/uploads\/2023\/05\/cropped-headear.png\",\"width\":1500,\"height\":399,\"caption\":\"Blog do Bispo\"},\"image\":{\"@id\":\"https:\/\/blogdobispo.com.br\/#\/schema\/logo\/image\/\"}},{\"@type\":\"Person\",\"@id\":\"https:\/\/blogdobispo.com.br\/#\/schema\/person\/e2209cc0e6cea5c5233d033e997b373f\",\"name\":\"Jefferson Sterfeno\",\"image\":{\"@type\":\"ImageObject\",\"inLanguage\":\"pt-BR\",\"@id\":\"https:\/\/blogdobispo.com.br\/#\/schema\/person\/image\/\",\"url\":\"https:\/\/secure.gravatar.com\/avatar\/0534e84764641168a677026b6d57a3f51dc7ac4db0b4f6186d9cb330d4ee1160?s=96&d=mm&r=g\",\"contentUrl\":\"https:\/\/secure.gravatar.com\/avatar\/0534e84764641168a677026b6d57a3f51dc7ac4db0b4f6186d9cb330d4ee1160?s=96&d=mm&r=g\",\"caption\":\"Jefferson Sterfeno\"},\"sameAs\":[\"http:\/\/blogdobispo.com.br\"],\"url\":\"https:\/\/blogdobispo.com.br\/?author=1\"}]}<\/script>\n<!-- \/ Yoast SEO plugin. -->","yoast_head_json":{"title":"Uni\u00e3o Brasil de Allyson Bezerra recorre \u00e0 Justi\u00e7a e impede divulga\u00e7\u00e3o de pesquisa eleitoral - Blog do Bispo","robots":{"index":"index","follow":"follow","max-snippet":"max-snippet:-1","max-image-preview":"max-image-preview:large","max-video-preview":"max-video-preview:-1"},"canonical":"https:\/\/blogdobispo.com.br\/?p=18991","og_locale":"pt_BR","og_type":"article","og_title":"Uni\u00e3o Brasil de Allyson Bezerra recorre \u00e0 Justi\u00e7a e impede divulga\u00e7\u00e3o de pesquisa eleitoral - Blog do Bispo","og_description":"O partido Uni\u00e3o Brasil ingressou na Justi\u00e7a Eleitoral e conseguiu impedir a divulga\u00e7\u00e3o de uma pesquisa eleitoral que envolveria o nome do prefeito de Mossor\u00f3, Allyson Bezerra. A medida atingiu ve\u00edculos de comunica\u00e7\u00e3o e blogs que haviam anunciado a publica\u00e7\u00e3o do levantamento nos pr\u00f3ximos dias. De acordo com informa\u00e7\u00f5es que circulam nos bastidores pol\u00edticos, a [&hellip;]","og_url":"https:\/\/blogdobispo.com.br\/?p=18991","og_site_name":"Blog do Bispo","article_published_time":"2026-01-22T15:38:22+00:00","og_image":[{"url":"https:\/\/blogdobispo.com.br\/wp-content\/uploads\/2026\/01\/img_9051.jpg","type":"","width":"","height":""}],"author":"Jefferson Sterfeno","twitter_card":"summary_large_image","twitter_misc":{"Escrito por":"Jefferson Sterfeno","Est. tempo de leitura":"1 minuto"},"schema":{"@context":"https:\/\/schema.org","@graph":[{"@type":"Article","@id":"https:\/\/blogdobispo.com.br\/?p=18991#article","isPartOf":{"@id":"https:\/\/blogdobispo.com.br\/?p=18991"},"author":{"name":"Jefferson Sterfeno","@id":"https:\/\/blogdobispo.com.br\/#\/schema\/person\/e2209cc0e6cea5c5233d033e997b373f"},"headline":"Uni\u00e3o Brasil de Allyson Bezerra recorre \u00e0 Justi\u00e7a e impede divulga\u00e7\u00e3o de pesquisa eleitoral","datePublished":"2026-01-22T15:38:22+00:00","mainEntityOfPage":{"@id":"https:\/\/blogdobispo.com.br\/?p=18991"},"wordCount":196,"commentCount":0,"publisher":{"@id":"https:\/\/blogdobispo.com.br\/#organization"},"image":{"@id":"https:\/\/blogdobispo.com.br\/?p=18991#primaryimage"},"thumbnailUrl":"https:\/\/i0.wp.com\/blogdobispo.com.br\/wp-content\/uploads\/2026\/01\/img_9051-1.jpg?fit=680%2C451&ssl=1","articleSection":["diversos"],"inLanguage":"pt-BR","potentialAction":[{"@type":"CommentAction","name":"Comment","target":["https:\/\/blogdobispo.com.br\/?p=18991#respond"]}]},{"@type":"WebPage","@id":"https:\/\/blogdobispo.com.br\/?p=18991","url":"https:\/\/blogdobispo.com.br\/?p=18991","name":"Uni\u00e3o Brasil de Allyson Bezerra recorre \u00e0 Justi\u00e7a e impede divulga\u00e7\u00e3o de pesquisa eleitoral - Blog do Bispo","isPartOf":{"@id":"https:\/\/blogdobispo.com.br\/#website"},"primaryImageOfPage":{"@id":"https:\/\/blogdobispo.com.br\/?p=18991#primaryimage"},"image":{"@id":"https:\/\/blogdobispo.com.br\/?p=18991#primaryimage"},"thumbnailUrl":"https:\/\/i0.wp.com\/blogdobispo.com.br\/wp-content\/uploads\/2026\/01\/img_9051-1.jpg?fit=680%2C451&ssl=1","datePublished":"2026-01-22T15:38:22+00:00","breadcrumb":{"@id":"https:\/\/blogdobispo.com.br\/?p=18991#breadcrumb"},"inLanguage":"pt-BR","potentialAction":[{"@type":"ReadAction","target":["https:\/\/blogdobispo.com.br\/?p=18991"]}]},{"@type":"ImageObject","inLanguage":"pt-BR","@id":"https:\/\/blogdobispo.com.br\/?p=18991#primaryimage","url":"https:\/\/i0.wp.com\/blogdobispo.com.br\/wp-content\/uploads\/2026\/01\/img_9051-1.jpg?fit=680%2C451&ssl=1","contentUrl":"https:\/\/i0.wp.com\/blogdobispo.com.br\/wp-content\/uploads\/2026\/01\/img_9051-1.jpg?fit=680%2C451&ssl=1","width":680,"height":451},{"@type":"BreadcrumbList","@id":"https:\/\/blogdobispo.com.br\/?p=18991#breadcrumb","itemListElement":[{"@type":"ListItem","position":1,"name":"In\u00edcio","item":"https:\/\/blogdobispo.com.br\/"},{"@type":"ListItem","position":2,"name":"Uni\u00e3o Brasil de Allyson Bezerra recorre \u00e0 Justi\u00e7a e impede divulga\u00e7\u00e3o de pesquisa eleitoral"}]},{"@type":"WebSite","@id":"https:\/\/blogdobispo.com.br\/#website","url":"https:\/\/blogdobispo.com.br\/","name":"Blog do Bispo","description":"Comprometido apenas com o leitor","publisher":{"@id":"https:\/\/blogdobispo.com.br\/#organization"},"potentialAction":[{"@type":"SearchAction","target":{"@type":"EntryPoint","urlTemplate":"https:\/\/blogdobispo.com.br\/?s={search_term_string}"},"query-input":{"@type":"PropertyValueSpecification","valueRequired":true,"valueName":"search_term_string"}}],"inLanguage":"pt-BR"},{"@type":"Organization","@id":"https:\/\/blogdobispo.com.br\/#organization","name":"Blog do Bispo","url":"https:\/\/blogdobispo.com.br\/","logo":{"@type":"ImageObject","inLanguage":"pt-BR","@id":"https:\/\/blogdobispo.com.br\/#\/schema\/logo\/image\/","url":"http:\/\/blogdobispo.com.br\/wp-content\/uploads\/2023\/05\/cropped-headear.png","contentUrl":"http:\/\/blogdobispo.com.br\/wp-content\/uploads\/2023\/05\/cropped-headear.png","width":1500,"height":399,"caption":"Blog do Bispo"},"image":{"@id":"https:\/\/blogdobispo.com.br\/#\/schema\/logo\/image\/"}},{"@type":"Person","@id":"https:\/\/blogdobispo.com.br\/#\/schema\/person\/e2209cc0e6cea5c5233d033e997b373f","name":"Jefferson Sterfeno","image":{"@type":"ImageObject","inLanguage":"pt-BR","@id":"https:\/\/blogdobispo.com.br\/#\/schema\/person\/image\/","url":"https:\/\/secure.gravatar.com\/avatar\/0534e84764641168a677026b6d57a3f51dc7ac4db0b4f6186d9cb330d4ee1160?s=96&d=mm&r=g","contentUrl":"https:\/\/secure.gravatar.com\/avatar\/0534e84764641168a677026b6d57a3f51dc7ac4db0b4f6186d9cb330d4ee1160?s=96&d=mm&r=g","caption":"Jefferson Sterfeno"},"sameAs":["http:\/\/blogdobispo.com.br"],"url":"https:\/\/blogdobispo.com.br\/?author=1"}]}},"featured_image_urls":{"full":["https:\/\/i0.wp.com\/blogdobispo.com.br\/wp-content\/uploads\/2026\/01\/img_9051-1.jpg?fit=680%2C451&ssl=1",680,451,false],"thumbnail":["https:\/\/i0.wp.com\/blogdobispo.com.br\/wp-content\/uploads\/2026\/01\/img_9051-1.jpg?resize=150%2C150&ssl=1",150,150,true],"medium":["https:\/\/i0.wp.com\/blogdobispo.com.br\/wp-content\/uploads\/2026\/01\/img_9051-1.jpg?fit=300%2C199&ssl=1",300,199,true],"medium_large":["https:\/\/i0.wp.com\/blogdobispo.com.br\/wp-content\/uploads\/2026\/01\/img_9051-1.jpg?fit=680%2C451&ssl=1",680,451,true],"large":["https:\/\/i0.wp.com\/blogdobispo.com.br\/wp-content\/uploads\/2026\/01\/img_9051-1.jpg?fit=680%2C451&ssl=1",680,451,true],"1536x1536":["https:\/\/i0.wp.com\/blogdobispo.com.br\/wp-content\/uploads\/2026\/01\/img_9051-1.jpg?fit=680%2C451&ssl=1",680,451,true],"2048x2048":["https:\/\/i0.wp.com\/blogdobispo.com.br\/wp-content\/uploads\/2026\/01\/img_9051-1.jpg?fit=680%2C451&ssl=1",680,451,true]},"author_info":{"display_name":"Jefferson Sterfeno","author_link":"https:\/\/blogdobispo.com.br\/?author=1"},"category_info":"<a href=\"https:\/\/blogdobispo.com.br\/?cat=1\" rel=\"category\">diversos<\/a>","tag_info":"diversos","comment_count":"0","jetpack_featured_media_url":"https:\/\/i0.wp.com\/blogdobispo.com.br\/wp-content\/uploads\/2026\/01\/img_9051-1.jpg?fit=680%2C451&ssl=1","jetpack_sharing_enabled":true,"_links":{"self":[{"href":"https:\/\/blogdobispo.com.br\/index.php?rest_route=\/wp\/v2\/posts\/18991","targetHints":{"allow":["GET"]}}],"collection":[{"href":"https:\/\/blogdobispo.com.br\/index.php?rest_route=\/wp\/v2\/posts"}],"about":[{"href":"https:\/\/blogdobispo.com.br\/index.php?rest_route=\/wp\/v2\/types\/post"}],"author":[{"embeddable":true,"href":"https:\/\/blogdobispo.com.br\/index.php?rest_route=\/wp\/v2\/users\/1"}],"replies":[{"embeddable":true,"href":"https:\/\/blogdobispo.com.br\/index.php?rest_route=%2Fwp%2Fv2%2Fcomments&post=18991"}],"version-history":[{"count":0,"href":"https:\/\/blogdobispo.com.br\/index.php?rest_route=\/wp\/v2\/posts\/18991\/revisions"}],"wp:featuredmedia":[{"embeddable":true,"href":"https:\/\/blogdobispo.com.br\/index.php?rest_route=\/wp\/v2\/media\/18990"}],"wp:attachment":[{"href":"https:\/\/blogdobispo.com.br\/index.php?rest_route=%2Fwp%2Fv2%2Fmedia&parent=18991"}],"wp:term":[{"taxonomy":"category","embeddable":true,"href":"https:\/\/blogdobispo.com.br\/index.php?rest_route=%2Fwp%2Fv2%2Fcategories&post=18991"},{"taxonomy":"post_tag","embeddable":true,"href":"https:\/\/blogdobispo.com.br\/index.php?rest_route=%2Fwp%2Fv2%2Ftags&post=18991"}],"curies":[{"name":"wp","href":"https:\/\/api.w.org\/{rel}","templated":true}]}}