{"id":18983,"date":"2026-01-20T02:20:55","date_gmt":"2026-01-20T02:20:55","guid":{"rendered":"https:\/\/blogdobispo.com.br\/?p=18983"},"modified":"2026-01-20T02:20:55","modified_gmt":"2026-01-20T02:20:55","slug":"nome-de-alvaro-dias-surge-como-opcao-concreta-de-candidatura-da-direita-ao-governo","status":"publish","type":"post","link":"https:\/\/blogdobispo.com.br\/?p=18983","title":{"rendered":"Nome de \u00c1lvaro Dias surge como op\u00e7\u00e3o concreta de candidatura da direita ao Governo"},"content":{"rendered":"\n<figure class=\"wp-block-image size-large\"><img data-recalc-dims=\"1\" fetchpriority=\"high\" decoding=\"async\" width=\"683\" height=\"449\" src=\"https:\/\/i0.wp.com\/blogdobispo.com.br\/wp-content\/uploads\/2026\/01\/img_7122.jpg?resize=683%2C449&#038;ssl=1\" class=\"wp-image-18981\" srcset=\"https:\/\/i0.wp.com\/blogdobispo.com.br\/wp-content\/uploads\/2026\/01\/img_7122.jpg?w=683&amp;ssl=1 683w, https:\/\/i0.wp.com\/blogdobispo.com.br\/wp-content\/uploads\/2026\/01\/img_7122.jpg?resize=300%2C197&amp;ssl=1 300w\" sizes=\"(max-width: 683px) 100vw, 683px\" \/><\/figure>\n\n\n\n<p class=\"p1\">Com a desist\u00eancia do senador Rog\u00e9rio Marinho de disputar o Governo do Rio Grande do Norte, surge com for\u00e7a o nome do ex-prefeito de Natal, \u00c1lvaro Dias, como uma alternativa vi\u00e1vel dentro do campo da direita para a sucess\u00e3o estadual.<\/p>\n\n\n\n<p class=\"p1\">\u00c1lvaro \u00e9 um pol\u00edtico experiente, com trajet\u00f3ria consolidada na administra\u00e7\u00e3o p\u00fablica. \u00c0 frente da Prefeitura do Natal, enfrentou um dos per\u00edodos mais desafiadores da hist\u00f3ria recente, a pandemia da Covid-19, conduzindo a capital potiguar em um cen\u00e1rio de crise sanit\u00e1ria, econ\u00f4mica e social. Sua gest\u00e3o \u00e9 bem avaliada por diferentes segmentos e ele \u00e9 reconhecido pela capacidade administrativa e pelo perfil equilibrado, atributos considerados fundamentais para um projeto de reconstru\u00e7\u00e3o do Rio Grande do Norte.<\/p>\n\n\n\n<p class=\"p1\">Al\u00e9m da experi\u00eancia administrativa, \u00c1lvaro Dias tem clara identifica\u00e7\u00e3o com a direita. Foi coordenador da campanha do ex-presidente Jair Bolsonaro em Natal, atuou de forma decisiva na coordena\u00e7\u00e3o da campanha de Rog\u00e9rio Marinho ao Senado e, ao longo dos \u00faltimos pleitos, pediu voto publicamente para Bolsonaro, consolidando uma alian\u00e7a pol\u00edtica e um pacto com o campo conservador e bolsonarista no estado.<\/p>\n\n\n\n<p class=\"p1\">Nos bastidores, aliados avaliam que \u00c1lvaro re\u00fane atributos que o credenciam a entrar na disputa majorit\u00e1ria com competitividade. Pesquisas internas indicam que, quando seu nome \u00e9 apresentado, ele aparece bem posicionado, demonstrando potencial eleitoral e sinalizando que o pleito pelo Governo do Estado pode se tornar mais equilibrado do que se imaginava inicialmente.<\/p>\n\n\n\n<p class=\"p1\">Embora ainda n\u00e3o haja an\u00fancio oficial, o surgimento de \u00c1lvaro Dias como poss\u00edvel candidato ao governo refor\u00e7a a tese de que a direita potiguar busca um nome com experi\u00eancia, densidade eleitoral e capacidade de di\u00e1logo para protagonizar a disputa e oferecer uma alternativa concreta ao eleitorado do Rio Grande do Norte.<\/p>\n","protected":false},"excerpt":{"rendered":"<p>Com a desist\u00eancia do senador Rog\u00e9rio Marinho de disputar o Governo do Rio Grande do Norte, surge com for\u00e7a o nome do ex-prefeito de Natal, \u00c1lvaro Dias, como uma alternativa vi\u00e1vel dentro do campo da direita para a sucess\u00e3o estadual. \u00c1lvaro \u00e9 um pol\u00edtico experiente, com trajet\u00f3ria consolidada na administra\u00e7\u00e3o p\u00fablica. \u00c0 frente da Prefeitura [&hellip;]<\/p>\n","protected":false},"author":1,"featured_media":18982,"comment_status":"open","ping_status":"open","sticky":false,"template":"","format":"standard","meta":{"cybocfi_hide_featured_image":"","_jetpack_memberships_contains_paid_content":false,"footnotes":""},"categories":[1],"tags":[],"class_list":["post-18983","post","type-post","status-publish","format-standard","has-post-thumbnail","hentry","category-diversos"],"yoast_head":"<!-- This site is optimized with the Yoast SEO plugin v25.6 - https:\/\/yoast.com\/wordpress\/plugins\/seo\/ -->\n<title>Nome de \u00c1lvaro Dias surge como op\u00e7\u00e3o concreta de candidatura da direita ao Governo - Blog do Bispo<\/title>\n<meta name=\"robots\" content=\"index, follow, max-snippet:-1, max-image-preview:large, max-video-preview:-1\" \/>\n<link rel=\"canonical\" href=\"https:\/\/blogdobispo.com.br\/?p=18983\" \/>\n<meta property=\"og:locale\" content=\"pt_BR\" \/>\n<meta property=\"og:type\" content=\"article\" \/>\n<meta property=\"og:title\" content=\"Nome de \u00c1lvaro Dias surge como op\u00e7\u00e3o concreta de candidatura da direita ao Governo - Blog do Bispo\" \/>\n<meta property=\"og:description\" content=\"Com a desist\u00eancia do senador Rog\u00e9rio Marinho de disputar o Governo do Rio Grande do Norte, surge com for\u00e7a o nome do ex-prefeito de Natal, \u00c1lvaro Dias, como uma alternativa vi\u00e1vel dentro do campo da direita para a sucess\u00e3o estadual. \u00c1lvaro \u00e9 um pol\u00edtico experiente, com trajet\u00f3ria consolidada na administra\u00e7\u00e3o p\u00fablica. \u00c0 frente da Prefeitura [&hellip;]\" \/>\n<meta property=\"og:url\" content=\"https:\/\/blogdobispo.com.br\/?p=18983\" \/>\n<meta property=\"og:site_name\" content=\"Blog do Bispo\" \/>\n<meta property=\"article:published_time\" content=\"2026-01-20T02:20:55+00:00\" \/>\n<meta property=\"og:image\" content=\"https:\/\/blogdobispo.com.br\/wp-content\/uploads\/2026\/01\/img_7122.jpg\" \/>\n<meta name=\"author\" content=\"Jefferson Sterfeno\" \/>\n<meta name=\"twitter:card\" content=\"summary_large_image\" \/>\n<meta name=\"twitter:label1\" content=\"Escrito por\" \/>\n\t<meta name=\"twitter:data1\" content=\"Jefferson Sterfeno\" \/>\n\t<meta name=\"twitter:label2\" content=\"Est. tempo de leitura\" \/>\n\t<meta name=\"twitter:data2\" content=\"2 minutos\" \/>\n<script type=\"application\/ld+json\" class=\"yoast-schema-graph\">{\"@context\":\"https:\/\/schema.org\",\"@graph\":[{\"@type\":\"Article\",\"@id\":\"https:\/\/blogdobispo.com.br\/?p=18983#article\",\"isPartOf\":{\"@id\":\"https:\/\/blogdobispo.com.br\/?p=18983\"},\"author\":{\"name\":\"Jefferson Sterfeno\",\"@id\":\"https:\/\/blogdobispo.com.br\/#\/schema\/person\/e2209cc0e6cea5c5233d033e997b373f\"},\"headline\":\"Nome de \u00c1lvaro Dias surge como op\u00e7\u00e3o concreta de candidatura da direita ao Governo\",\"datePublished\":\"2026-01-20T02:20:55+00:00\",\"mainEntityOfPage\":{\"@id\":\"https:\/\/blogdobispo.com.br\/?p=18983\"},\"wordCount\":321,\"commentCount\":0,\"publisher\":{\"@id\":\"https:\/\/blogdobispo.com.br\/#organization\"},\"image\":{\"@id\":\"https:\/\/blogdobispo.com.br\/?p=18983#primaryimage\"},\"thumbnailUrl\":\"https:\/\/i0.wp.com\/blogdobispo.com.br\/wp-content\/uploads\/2026\/01\/img_7122-1.jpg?fit=683%2C449&ssl=1\",\"articleSection\":[\"diversos\"],\"inLanguage\":\"pt-BR\",\"potentialAction\":[{\"@type\":\"CommentAction\",\"name\":\"Comment\",\"target\":[\"https:\/\/blogdobispo.com.br\/?p=18983#respond\"]}]},{\"@type\":\"WebPage\",\"@id\":\"https:\/\/blogdobispo.com.br\/?p=18983\",\"url\":\"https:\/\/blogdobispo.com.br\/?p=18983\",\"name\":\"Nome de \u00c1lvaro Dias surge como op\u00e7\u00e3o concreta de candidatura da direita ao Governo - Blog do Bispo\",\"isPartOf\":{\"@id\":\"https:\/\/blogdobispo.com.br\/#website\"},\"primaryImageOfPage\":{\"@id\":\"https:\/\/blogdobispo.com.br\/?p=18983#primaryimage\"},\"image\":{\"@id\":\"https:\/\/blogdobispo.com.br\/?p=18983#primaryimage\"},\"thumbnailUrl\":\"https:\/\/i0.wp.com\/blogdobispo.com.br\/wp-content\/uploads\/2026\/01\/img_7122-1.jpg?fit=683%2C449&ssl=1\",\"datePublished\":\"2026-01-20T02:20:55+00:00\",\"breadcrumb\":{\"@id\":\"https:\/\/blogdobispo.com.br\/?p=18983#breadcrumb\"},\"inLanguage\":\"pt-BR\",\"potentialAction\":[{\"@type\":\"ReadAction\",\"target\":[\"https:\/\/blogdobispo.com.br\/?p=18983\"]}]},{\"@type\":\"ImageObject\",\"inLanguage\":\"pt-BR\",\"@id\":\"https:\/\/blogdobispo.com.br\/?p=18983#primaryimage\",\"url\":\"https:\/\/i0.wp.com\/blogdobispo.com.br\/wp-content\/uploads\/2026\/01\/img_7122-1.jpg?fit=683%2C449&ssl=1\",\"contentUrl\":\"https:\/\/i0.wp.com\/blogdobispo.com.br\/wp-content\/uploads\/2026\/01\/img_7122-1.jpg?fit=683%2C449&ssl=1\",\"width\":683,\"height\":449},{\"@type\":\"BreadcrumbList\",\"@id\":\"https:\/\/blogdobispo.com.br\/?p=18983#breadcrumb\",\"itemListElement\":[{\"@type\":\"ListItem\",\"position\":1,\"name\":\"In\u00edcio\",\"item\":\"https:\/\/blogdobispo.com.br\/\"},{\"@type\":\"ListItem\",\"position\":2,\"name\":\"Nome de \u00c1lvaro Dias surge como op\u00e7\u00e3o concreta de candidatura da direita ao Governo\"}]},{\"@type\":\"WebSite\",\"@id\":\"https:\/\/blogdobispo.com.br\/#website\",\"url\":\"https:\/\/blogdobispo.com.br\/\",\"name\":\"Blog do Bispo\",\"description\":\"Comprometido apenas com o leitor\",\"publisher\":{\"@id\":\"https:\/\/blogdobispo.com.br\/#organization\"},\"potentialAction\":[{\"@type\":\"SearchAction\",\"target\":{\"@type\":\"EntryPoint\",\"urlTemplate\":\"https:\/\/blogdobispo.com.br\/?s={search_term_string}\"},\"query-input\":{\"@type\":\"PropertyValueSpecification\",\"valueRequired\":true,\"valueName\":\"search_term_string\"}}],\"inLanguage\":\"pt-BR\"},{\"@type\":\"Organization\",\"@id\":\"https:\/\/blogdobispo.com.br\/#organization\",\"name\":\"Blog do Bispo\",\"url\":\"https:\/\/blogdobispo.com.br\/\",\"logo\":{\"@type\":\"ImageObject\",\"inLanguage\":\"pt-BR\",\"@id\":\"https:\/\/blogdobispo.com.br\/#\/schema\/logo\/image\/\",\"url\":\"http:\/\/blogdobispo.com.br\/wp-content\/uploads\/2023\/05\/cropped-headear.png\",\"contentUrl\":\"http:\/\/blogdobispo.com.br\/wp-content\/uploads\/2023\/05\/cropped-headear.png\",\"width\":1500,\"height\":399,\"caption\":\"Blog do Bispo\"},\"image\":{\"@id\":\"https:\/\/blogdobispo.com.br\/#\/schema\/logo\/image\/\"}},{\"@type\":\"Person\",\"@id\":\"https:\/\/blogdobispo.com.br\/#\/schema\/person\/e2209cc0e6cea5c5233d033e997b373f\",\"name\":\"Jefferson Sterfeno\",\"image\":{\"@type\":\"ImageObject\",\"inLanguage\":\"pt-BR\",\"@id\":\"https:\/\/blogdobispo.com.br\/#\/schema\/person\/image\/\",\"url\":\"https:\/\/secure.gravatar.com\/avatar\/0534e84764641168a677026b6d57a3f51dc7ac4db0b4f6186d9cb330d4ee1160?s=96&d=mm&r=g\",\"contentUrl\":\"https:\/\/secure.gravatar.com\/avatar\/0534e84764641168a677026b6d57a3f51dc7ac4db0b4f6186d9cb330d4ee1160?s=96&d=mm&r=g\",\"caption\":\"Jefferson Sterfeno\"},\"sameAs\":[\"http:\/\/blogdobispo.com.br\"],\"url\":\"https:\/\/blogdobispo.com.br\/?author=1\"}]}<\/script>\n<!-- \/ Yoast SEO plugin. -->","yoast_head_json":{"title":"Nome de \u00c1lvaro Dias surge como op\u00e7\u00e3o concreta de candidatura da direita ao Governo - Blog do Bispo","robots":{"index":"index","follow":"follow","max-snippet":"max-snippet:-1","max-image-preview":"max-image-preview:large","max-video-preview":"max-video-preview:-1"},"canonical":"https:\/\/blogdobispo.com.br\/?p=18983","og_locale":"pt_BR","og_type":"article","og_title":"Nome de \u00c1lvaro Dias surge como op\u00e7\u00e3o concreta de candidatura da direita ao Governo - Blog do Bispo","og_description":"Com a desist\u00eancia do senador Rog\u00e9rio Marinho de disputar o Governo do Rio Grande do Norte, surge com for\u00e7a o nome do ex-prefeito de Natal, \u00c1lvaro Dias, como uma alternativa vi\u00e1vel dentro do campo da direita para a sucess\u00e3o estadual. \u00c1lvaro \u00e9 um pol\u00edtico experiente, com trajet\u00f3ria consolidada na administra\u00e7\u00e3o p\u00fablica. \u00c0 frente da Prefeitura [&hellip;]","og_url":"https:\/\/blogdobispo.com.br\/?p=18983","og_site_name":"Blog do Bispo","article_published_time":"2026-01-20T02:20:55+00:00","og_image":[{"url":"https:\/\/blogdobispo.com.br\/wp-content\/uploads\/2026\/01\/img_7122.jpg","type":"","width":"","height":""}],"author":"Jefferson Sterfeno","twitter_card":"summary_large_image","twitter_misc":{"Escrito por":"Jefferson Sterfeno","Est. tempo de leitura":"2 minutos"},"schema":{"@context":"https:\/\/schema.org","@graph":[{"@type":"Article","@id":"https:\/\/blogdobispo.com.br\/?p=18983#article","isPartOf":{"@id":"https:\/\/blogdobispo.com.br\/?p=18983"},"author":{"name":"Jefferson Sterfeno","@id":"https:\/\/blogdobispo.com.br\/#\/schema\/person\/e2209cc0e6cea5c5233d033e997b373f"},"headline":"Nome de \u00c1lvaro Dias surge como op\u00e7\u00e3o concreta de candidatura da direita ao Governo","datePublished":"2026-01-20T02:20:55+00:00","mainEntityOfPage":{"@id":"https:\/\/blogdobispo.com.br\/?p=18983"},"wordCount":321,"commentCount":0,"publisher":{"@id":"https:\/\/blogdobispo.com.br\/#organization"},"image":{"@id":"https:\/\/blogdobispo.com.br\/?p=18983#primaryimage"},"thumbnailUrl":"https:\/\/i0.wp.com\/blogdobispo.com.br\/wp-content\/uploads\/2026\/01\/img_7122-1.jpg?fit=683%2C449&ssl=1","articleSection":["diversos"],"inLanguage":"pt-BR","potentialAction":[{"@type":"CommentAction","name":"Comment","target":["https:\/\/blogdobispo.com.br\/?p=18983#respond"]}]},{"@type":"WebPage","@id":"https:\/\/blogdobispo.com.br\/?p=18983","url":"https:\/\/blogdobispo.com.br\/?p=18983","name":"Nome de \u00c1lvaro Dias surge como op\u00e7\u00e3o concreta de candidatura da direita ao Governo - Blog do Bispo","isPartOf":{"@id":"https:\/\/blogdobispo.com.br\/#website"},"primaryImageOfPage":{"@id":"https:\/\/blogdobispo.com.br\/?p=18983#primaryimage"},"image":{"@id":"https:\/\/blogdobispo.com.br\/?p=18983#primaryimage"},"thumbnailUrl":"https:\/\/i0.wp.com\/blogdobispo.com.br\/wp-content\/uploads\/2026\/01\/img_7122-1.jpg?fit=683%2C449&ssl=1","datePublished":"2026-01-20T02:20:55+00:00","breadcrumb":{"@id":"https:\/\/blogdobispo.com.br\/?p=18983#breadcrumb"},"inLanguage":"pt-BR","potentialAction":[{"@type":"ReadAction","target":["https:\/\/blogdobispo.com.br\/?p=18983"]}]},{"@type":"ImageObject","inLanguage":"pt-BR","@id":"https:\/\/blogdobispo.com.br\/?p=18983#primaryimage","url":"https:\/\/i0.wp.com\/blogdobispo.com.br\/wp-content\/uploads\/2026\/01\/img_7122-1.jpg?fit=683%2C449&ssl=1","contentUrl":"https:\/\/i0.wp.com\/blogdobispo.com.br\/wp-content\/uploads\/2026\/01\/img_7122-1.jpg?fit=683%2C449&ssl=1","width":683,"height":449},{"@type":"BreadcrumbList","@id":"https:\/\/blogdobispo.com.br\/?p=18983#breadcrumb","itemListElement":[{"@type":"ListItem","position":1,"name":"In\u00edcio","item":"https:\/\/blogdobispo.com.br\/"},{"@type":"ListItem","position":2,"name":"Nome de \u00c1lvaro Dias surge como op\u00e7\u00e3o concreta de candidatura da direita ao Governo"}]},{"@type":"WebSite","@id":"https:\/\/blogdobispo.com.br\/#website","url":"https:\/\/blogdobispo.com.br\/","name":"Blog do Bispo","description":"Comprometido apenas com o leitor","publisher":{"@id":"https:\/\/blogdobispo.com.br\/#organization"},"potentialAction":[{"@type":"SearchAction","target":{"@type":"EntryPoint","urlTemplate":"https:\/\/blogdobispo.com.br\/?s={search_term_string}"},"query-input":{"@type":"PropertyValueSpecification","valueRequired":true,"valueName":"search_term_string"}}],"inLanguage":"pt-BR"},{"@type":"Organization","@id":"https:\/\/blogdobispo.com.br\/#organization","name":"Blog do Bispo","url":"https:\/\/blogdobispo.com.br\/","logo":{"@type":"ImageObject","inLanguage":"pt-BR","@id":"https:\/\/blogdobispo.com.br\/#\/schema\/logo\/image\/","url":"http:\/\/blogdobispo.com.br\/wp-content\/uploads\/2023\/05\/cropped-headear.png","contentUrl":"http:\/\/blogdobispo.com.br\/wp-content\/uploads\/2023\/05\/cropped-headear.png","width":1500,"height":399,"caption":"Blog do Bispo"},"image":{"@id":"https:\/\/blogdobispo.com.br\/#\/schema\/logo\/image\/"}},{"@type":"Person","@id":"https:\/\/blogdobispo.com.br\/#\/schema\/person\/e2209cc0e6cea5c5233d033e997b373f","name":"Jefferson Sterfeno","image":{"@type":"ImageObject","inLanguage":"pt-BR","@id":"https:\/\/blogdobispo.com.br\/#\/schema\/person\/image\/","url":"https:\/\/secure.gravatar.com\/avatar\/0534e84764641168a677026b6d57a3f51dc7ac4db0b4f6186d9cb330d4ee1160?s=96&d=mm&r=g","contentUrl":"https:\/\/secure.gravatar.com\/avatar\/0534e84764641168a677026b6d57a3f51dc7ac4db0b4f6186d9cb330d4ee1160?s=96&d=mm&r=g","caption":"Jefferson Sterfeno"},"sameAs":["http:\/\/blogdobispo.com.br"],"url":"https:\/\/blogdobispo.com.br\/?author=1"}]}},"featured_image_urls":{"full":["https:\/\/i0.wp.com\/blogdobispo.com.br\/wp-content\/uploads\/2026\/01\/img_7122-1.jpg?fit=683%2C449&ssl=1",683,449,false],"thumbnail":["https:\/\/i0.wp.com\/blogdobispo.com.br\/wp-content\/uploads\/2026\/01\/img_7122-1.jpg?resize=150%2C150&ssl=1",150,150,true],"medium":["https:\/\/i0.wp.com\/blogdobispo.com.br\/wp-content\/uploads\/2026\/01\/img_7122-1.jpg?fit=300%2C197&ssl=1",300,197,true],"medium_large":["https:\/\/i0.wp.com\/blogdobispo.com.br\/wp-content\/uploads\/2026\/01\/img_7122-1.jpg?fit=683%2C449&ssl=1",683,449,true],"large":["https:\/\/i0.wp.com\/blogdobispo.com.br\/wp-content\/uploads\/2026\/01\/img_7122-1.jpg?fit=683%2C449&ssl=1",683,449,true],"1536x1536":["https:\/\/i0.wp.com\/blogdobispo.com.br\/wp-content\/uploads\/2026\/01\/img_7122-1.jpg?fit=683%2C449&ssl=1",683,449,true],"2048x2048":["https:\/\/i0.wp.com\/blogdobispo.com.br\/wp-content\/uploads\/2026\/01\/img_7122-1.jpg?fit=683%2C449&ssl=1",683,449,true]},"author_info":{"display_name":"Jefferson Sterfeno","author_link":"https:\/\/blogdobispo.com.br\/?author=1"},"category_info":"<a href=\"https:\/\/blogdobispo.com.br\/?cat=1\" rel=\"category\">diversos<\/a>","tag_info":"diversos","comment_count":"0","jetpack_featured_media_url":"https:\/\/i0.wp.com\/blogdobispo.com.br\/wp-content\/uploads\/2026\/01\/img_7122-1.jpg?fit=683%2C449&ssl=1","jetpack_sharing_enabled":true,"_links":{"self":[{"href":"https:\/\/blogdobispo.com.br\/index.php?rest_route=\/wp\/v2\/posts\/18983","targetHints":{"allow":["GET"]}}],"collection":[{"href":"https:\/\/blogdobispo.com.br\/index.php?rest_route=\/wp\/v2\/posts"}],"about":[{"href":"https:\/\/blogdobispo.com.br\/index.php?rest_route=\/wp\/v2\/types\/post"}],"author":[{"embeddable":true,"href":"https:\/\/blogdobispo.com.br\/index.php?rest_route=\/wp\/v2\/users\/1"}],"replies":[{"embeddable":true,"href":"https:\/\/blogdobispo.com.br\/index.php?rest_route=%2Fwp%2Fv2%2Fcomments&post=18983"}],"version-history":[{"count":0,"href":"https:\/\/blogdobispo.com.br\/index.php?rest_route=\/wp\/v2\/posts\/18983\/revisions"}],"wp:featuredmedia":[{"embeddable":true,"href":"https:\/\/blogdobispo.com.br\/index.php?rest_route=\/wp\/v2\/media\/18982"}],"wp:attachment":[{"href":"https:\/\/blogdobispo.com.br\/index.php?rest_route=%2Fwp%2Fv2%2Fmedia&parent=18983"}],"wp:term":[{"taxonomy":"category","embeddable":true,"href":"https:\/\/blogdobispo.com.br\/index.php?rest_route=%2Fwp%2Fv2%2Fcategories&post=18983"},{"taxonomy":"post_tag","embeddable":true,"href":"https:\/\/blogdobispo.com.br\/index.php?rest_route=%2Fwp%2Fv2%2Ftags&post=18983"}],"curies":[{"name":"wp","href":"https:\/\/api.w.org\/{rel}","templated":true}]}}