{"id":18978,"date":"2026-01-20T02:06:13","date_gmt":"2026-01-20T02:06:13","guid":{"rendered":"https:\/\/blogdobispo.com.br\/?p=18978"},"modified":"2026-01-20T02:10:44","modified_gmt":"2026-01-20T02:10:44","slug":"rogerio-marinho-desiste-de-disputar-o-governo-e-vai-coordenar-campanha-de-flavio-bolsonaro","status":"publish","type":"post","link":"https:\/\/blogdobispo.com.br\/?p=18978","title":{"rendered":"Rog\u00e9rio Marinho desiste de disputar o governo e vai coordenar campanha de Fl\u00e1vio Bolsonaro"},"content":{"rendered":"\n<figure class=\"wp-block-image size-large\"><img data-recalc-dims=\"1\" fetchpriority=\"high\" decoding=\"async\" width=\"683\" height=\"449\" src=\"https:\/\/i0.wp.com\/blogdobispo.com.br\/wp-content\/uploads\/2026\/01\/img_9018.jpg?resize=683%2C449&#038;ssl=1\" alt=\"\" class=\"wp-image-18977\" srcset=\"https:\/\/i0.wp.com\/blogdobispo.com.br\/wp-content\/uploads\/2026\/01\/img_9018.jpg?w=683&amp;ssl=1 683w, https:\/\/i0.wp.com\/blogdobispo.com.br\/wp-content\/uploads\/2026\/01\/img_9018.jpg?resize=300%2C197&amp;ssl=1 300w\" sizes=\"(max-width: 683px) 100vw, 683px\" \/><\/figure>\n\n\n\n<p class=\"p1\">Em reuni\u00e3o com deputados do PL, o senador Rog\u00e9rio Marinho confirmou que aceitou o convite do senador Fl\u00e1vio Bolsonaro para coordenar a campanha nacional  \u00e0 Presid\u00eancia da Rep\u00fablica. Segundo relatos de participantes do encontro, Rog\u00e9rio afirmou que n\u00e3o teria como recusar o pedido feito pela fam\u00edlia Bolsonaro, dada a rela\u00e7\u00e3o de confian\u00e7a e alinhamento pol\u00edtico.<\/p>\n\n\n\n<p class=\"p1\">Com a decis\u00e3o, Rog\u00e9rio Marinho descarta uma candidatura ao Governo do Rio Grande do Norte nas elei\u00e7\u00f5es deste ano, alterando de forma significativa o tabuleiro pol\u00edtico da direita potiguar. A sa\u00edda de cena do principal nome do PL para a disputa estadual abre espa\u00e7o para novas articula\u00e7\u00f5es e rearranjos dentro do campo conservador.<\/p>\n\n\n\n<p class=\"p1\">Nos bastidores, fontes pr\u00f3ximas ao grupo indicam que o nome que ganha for\u00e7a para assumir a cabe\u00e7a de chapa ao Governo do Estado \u00e9 o do senador Styvenson Valentim. Com bom desempenho eleitoral em pleitos anteriores e forte apelo junto ao eleitorado conservador, Styvenson passaria a ser visto como o principal nome da direita para enfrentar a disputa pelo Executivo estadual.<\/p>\n\n\n\n<p class=\"p1\">Esse novo cen\u00e1rio tamb\u00e9m pode impactar diretamente a composi\u00e7\u00e3o das chapas majorit\u00e1rias. A poss\u00edvel candidatura de Styvenson ao governo abre caminho para uma alian\u00e7a robusta na disputa pelo Senado, com os nomes do presidente da Assembleia Legislativa, Ezequiel Ferreira, e do ex-prefeito de Natal, \u00c1lvaro Dias, compondo uma chapa considerada competitiva dentro do campo da direita.<\/p>\n\n\n\n<p class=\"p1\">As movimenta\u00e7\u00f5es ainda s\u00e3o tratadas com cautela e dependem de ajustes partid\u00e1rios e defini\u00e7\u00f5es nacionais, mas indicam que a desist\u00eancia de Rog\u00e9rio Marinho da disputa estadual pode, paradoxalmente, fortalecer a reorganiza\u00e7\u00e3o da direita no Rio Grande do Norte, tornando o cen\u00e1rio eleitoral mais equilibrado e competitivo.<\/p>\n","protected":false},"excerpt":{"rendered":"<p>Em reuni\u00e3o com deputados do PL, o senador Rog\u00e9rio Marinho confirmou que aceitou o convite do senador Fl\u00e1vio Bolsonaro para coordenar a campanha nacional \u00e0 Presid\u00eancia da Rep\u00fablica. Segundo relatos de participantes do encontro, Rog\u00e9rio afirmou que n\u00e3o teria como recusar o pedido feito pela fam\u00edlia Bolsonaro, dada a rela\u00e7\u00e3o de confian\u00e7a e alinhamento pol\u00edtico. [&hellip;]<\/p>\n","protected":false},"author":1,"featured_media":18977,"comment_status":"open","ping_status":"open","sticky":false,"template":"","format":"standard","meta":{"cybocfi_hide_featured_image":"","_jetpack_memberships_contains_paid_content":false,"footnotes":""},"categories":[1],"tags":[],"class_list":["post-18978","post","type-post","status-publish","format-standard","has-post-thumbnail","hentry","category-diversos"],"yoast_head":"<!-- This site is optimized with the Yoast SEO plugin v25.6 - https:\/\/yoast.com\/wordpress\/plugins\/seo\/ -->\n<title>Rog\u00e9rio Marinho desiste de disputar o governo e vai coordenar campanha de Fl\u00e1vio Bolsonaro - Blog do Bispo<\/title>\n<meta name=\"robots\" content=\"index, follow, max-snippet:-1, max-image-preview:large, max-video-preview:-1\" \/>\n<link rel=\"canonical\" href=\"https:\/\/blogdobispo.com.br\/?p=18978\" \/>\n<meta property=\"og:locale\" content=\"pt_BR\" \/>\n<meta property=\"og:type\" content=\"article\" \/>\n<meta property=\"og:title\" content=\"Rog\u00e9rio Marinho desiste de disputar o governo e vai coordenar campanha de Fl\u00e1vio Bolsonaro - Blog do Bispo\" \/>\n<meta property=\"og:description\" content=\"Em reuni\u00e3o com deputados do PL, o senador Rog\u00e9rio Marinho confirmou que aceitou o convite do senador Fl\u00e1vio Bolsonaro para coordenar a campanha nacional \u00e0 Presid\u00eancia da Rep\u00fablica. Segundo relatos de participantes do encontro, Rog\u00e9rio afirmou que n\u00e3o teria como recusar o pedido feito pela fam\u00edlia Bolsonaro, dada a rela\u00e7\u00e3o de confian\u00e7a e alinhamento pol\u00edtico. [&hellip;]\" \/>\n<meta property=\"og:url\" content=\"https:\/\/blogdobispo.com.br\/?p=18978\" \/>\n<meta property=\"og:site_name\" content=\"Blog do Bispo\" \/>\n<meta property=\"article:published_time\" content=\"2026-01-20T02:06:13+00:00\" \/>\n<meta property=\"article:modified_time\" content=\"2026-01-20T02:10:44+00:00\" \/>\n<meta property=\"og:image\" content=\"https:\/\/i0.wp.com\/blogdobispo.com.br\/wp-content\/uploads\/2026\/01\/img_9018.jpg?fit=683%2C449&ssl=1\" \/>\n\t<meta property=\"og:image:width\" content=\"683\" \/>\n\t<meta property=\"og:image:height\" content=\"449\" \/>\n\t<meta property=\"og:image:type\" content=\"image\/jpeg\" \/>\n<meta name=\"author\" content=\"Jefferson Sterfeno\" \/>\n<meta name=\"twitter:card\" content=\"summary_large_image\" \/>\n<meta name=\"twitter:label1\" content=\"Escrito por\" \/>\n\t<meta name=\"twitter:data1\" content=\"Jefferson Sterfeno\" \/>\n\t<meta name=\"twitter:label2\" content=\"Est. tempo de leitura\" \/>\n\t<meta name=\"twitter:data2\" content=\"2 minutos\" \/>\n<script type=\"application\/ld+json\" class=\"yoast-schema-graph\">{\"@context\":\"https:\/\/schema.org\",\"@graph\":[{\"@type\":\"Article\",\"@id\":\"https:\/\/blogdobispo.com.br\/?p=18978#article\",\"isPartOf\":{\"@id\":\"https:\/\/blogdobispo.com.br\/?p=18978\"},\"author\":{\"name\":\"Jefferson Sterfeno\",\"@id\":\"https:\/\/blogdobispo.com.br\/#\/schema\/person\/e2209cc0e6cea5c5233d033e997b373f\"},\"headline\":\"Rog\u00e9rio Marinho desiste de disputar o governo e vai coordenar campanha de Fl\u00e1vio Bolsonaro\",\"datePublished\":\"2026-01-20T02:06:13+00:00\",\"dateModified\":\"2026-01-20T02:10:44+00:00\",\"mainEntityOfPage\":{\"@id\":\"https:\/\/blogdobispo.com.br\/?p=18978\"},\"wordCount\":320,\"commentCount\":0,\"publisher\":{\"@id\":\"https:\/\/blogdobispo.com.br\/#organization\"},\"image\":{\"@id\":\"https:\/\/blogdobispo.com.br\/?p=18978#primaryimage\"},\"thumbnailUrl\":\"https:\/\/i0.wp.com\/blogdobispo.com.br\/wp-content\/uploads\/2026\/01\/img_9018.jpg?fit=683%2C449&ssl=1\",\"articleSection\":[\"diversos\"],\"inLanguage\":\"pt-BR\",\"potentialAction\":[{\"@type\":\"CommentAction\",\"name\":\"Comment\",\"target\":[\"https:\/\/blogdobispo.com.br\/?p=18978#respond\"]}]},{\"@type\":\"WebPage\",\"@id\":\"https:\/\/blogdobispo.com.br\/?p=18978\",\"url\":\"https:\/\/blogdobispo.com.br\/?p=18978\",\"name\":\"Rog\u00e9rio Marinho desiste de disputar o governo e vai coordenar campanha de Fl\u00e1vio Bolsonaro - Blog do Bispo\",\"isPartOf\":{\"@id\":\"https:\/\/blogdobispo.com.br\/#website\"},\"primaryImageOfPage\":{\"@id\":\"https:\/\/blogdobispo.com.br\/?p=18978#primaryimage\"},\"image\":{\"@id\":\"https:\/\/blogdobispo.com.br\/?p=18978#primaryimage\"},\"thumbnailUrl\":\"https:\/\/i0.wp.com\/blogdobispo.com.br\/wp-content\/uploads\/2026\/01\/img_9018.jpg?fit=683%2C449&ssl=1\",\"datePublished\":\"2026-01-20T02:06:13+00:00\",\"dateModified\":\"2026-01-20T02:10:44+00:00\",\"breadcrumb\":{\"@id\":\"https:\/\/blogdobispo.com.br\/?p=18978#breadcrumb\"},\"inLanguage\":\"pt-BR\",\"potentialAction\":[{\"@type\":\"ReadAction\",\"target\":[\"https:\/\/blogdobispo.com.br\/?p=18978\"]}]},{\"@type\":\"ImageObject\",\"inLanguage\":\"pt-BR\",\"@id\":\"https:\/\/blogdobispo.com.br\/?p=18978#primaryimage\",\"url\":\"https:\/\/i0.wp.com\/blogdobispo.com.br\/wp-content\/uploads\/2026\/01\/img_9018.jpg?fit=683%2C449&ssl=1\",\"contentUrl\":\"https:\/\/i0.wp.com\/blogdobispo.com.br\/wp-content\/uploads\/2026\/01\/img_9018.jpg?fit=683%2C449&ssl=1\",\"width\":683,\"height\":449},{\"@type\":\"BreadcrumbList\",\"@id\":\"https:\/\/blogdobispo.com.br\/?p=18978#breadcrumb\",\"itemListElement\":[{\"@type\":\"ListItem\",\"position\":1,\"name\":\"In\u00edcio\",\"item\":\"https:\/\/blogdobispo.com.br\/\"},{\"@type\":\"ListItem\",\"position\":2,\"name\":\"Rog\u00e9rio Marinho desiste de disputar o governo e vai coordenar campanha de Fl\u00e1vio Bolsonaro\"}]},{\"@type\":\"WebSite\",\"@id\":\"https:\/\/blogdobispo.com.br\/#website\",\"url\":\"https:\/\/blogdobispo.com.br\/\",\"name\":\"Blog do Bispo\",\"description\":\"Comprometido apenas com o leitor\",\"publisher\":{\"@id\":\"https:\/\/blogdobispo.com.br\/#organization\"},\"potentialAction\":[{\"@type\":\"SearchAction\",\"target\":{\"@type\":\"EntryPoint\",\"urlTemplate\":\"https:\/\/blogdobispo.com.br\/?s={search_term_string}\"},\"query-input\":{\"@type\":\"PropertyValueSpecification\",\"valueRequired\":true,\"valueName\":\"search_term_string\"}}],\"inLanguage\":\"pt-BR\"},{\"@type\":\"Organization\",\"@id\":\"https:\/\/blogdobispo.com.br\/#organization\",\"name\":\"Blog do Bispo\",\"url\":\"https:\/\/blogdobispo.com.br\/\",\"logo\":{\"@type\":\"ImageObject\",\"inLanguage\":\"pt-BR\",\"@id\":\"https:\/\/blogdobispo.com.br\/#\/schema\/logo\/image\/\",\"url\":\"http:\/\/blogdobispo.com.br\/wp-content\/uploads\/2023\/05\/cropped-headear.png\",\"contentUrl\":\"http:\/\/blogdobispo.com.br\/wp-content\/uploads\/2023\/05\/cropped-headear.png\",\"width\":1500,\"height\":399,\"caption\":\"Blog do Bispo\"},\"image\":{\"@id\":\"https:\/\/blogdobispo.com.br\/#\/schema\/logo\/image\/\"}},{\"@type\":\"Person\",\"@id\":\"https:\/\/blogdobispo.com.br\/#\/schema\/person\/e2209cc0e6cea5c5233d033e997b373f\",\"name\":\"Jefferson Sterfeno\",\"image\":{\"@type\":\"ImageObject\",\"inLanguage\":\"pt-BR\",\"@id\":\"https:\/\/blogdobispo.com.br\/#\/schema\/person\/image\/\",\"url\":\"https:\/\/secure.gravatar.com\/avatar\/0534e84764641168a677026b6d57a3f51dc7ac4db0b4f6186d9cb330d4ee1160?s=96&d=mm&r=g\",\"contentUrl\":\"https:\/\/secure.gravatar.com\/avatar\/0534e84764641168a677026b6d57a3f51dc7ac4db0b4f6186d9cb330d4ee1160?s=96&d=mm&r=g\",\"caption\":\"Jefferson Sterfeno\"},\"sameAs\":[\"http:\/\/blogdobispo.com.br\"],\"url\":\"https:\/\/blogdobispo.com.br\/?author=1\"}]}<\/script>\n<!-- \/ Yoast SEO plugin. -->","yoast_head_json":{"title":"Rog\u00e9rio Marinho desiste de disputar o governo e vai coordenar campanha de Fl\u00e1vio Bolsonaro - Blog do Bispo","robots":{"index":"index","follow":"follow","max-snippet":"max-snippet:-1","max-image-preview":"max-image-preview:large","max-video-preview":"max-video-preview:-1"},"canonical":"https:\/\/blogdobispo.com.br\/?p=18978","og_locale":"pt_BR","og_type":"article","og_title":"Rog\u00e9rio Marinho desiste de disputar o governo e vai coordenar campanha de Fl\u00e1vio Bolsonaro - Blog do Bispo","og_description":"Em reuni\u00e3o com deputados do PL, o senador Rog\u00e9rio Marinho confirmou que aceitou o convite do senador Fl\u00e1vio Bolsonaro para coordenar a campanha nacional \u00e0 Presid\u00eancia da Rep\u00fablica. Segundo relatos de participantes do encontro, Rog\u00e9rio afirmou que n\u00e3o teria como recusar o pedido feito pela fam\u00edlia Bolsonaro, dada a rela\u00e7\u00e3o de confian\u00e7a e alinhamento pol\u00edtico. [&hellip;]","og_url":"https:\/\/blogdobispo.com.br\/?p=18978","og_site_name":"Blog do Bispo","article_published_time":"2026-01-20T02:06:13+00:00","article_modified_time":"2026-01-20T02:10:44+00:00","og_image":[{"width":683,"height":449,"url":"https:\/\/i0.wp.com\/blogdobispo.com.br\/wp-content\/uploads\/2026\/01\/img_9018.jpg?fit=683%2C449&ssl=1","type":"image\/jpeg"}],"author":"Jefferson Sterfeno","twitter_card":"summary_large_image","twitter_misc":{"Escrito por":"Jefferson Sterfeno","Est. tempo de leitura":"2 minutos"},"schema":{"@context":"https:\/\/schema.org","@graph":[{"@type":"Article","@id":"https:\/\/blogdobispo.com.br\/?p=18978#article","isPartOf":{"@id":"https:\/\/blogdobispo.com.br\/?p=18978"},"author":{"name":"Jefferson Sterfeno","@id":"https:\/\/blogdobispo.com.br\/#\/schema\/person\/e2209cc0e6cea5c5233d033e997b373f"},"headline":"Rog\u00e9rio Marinho desiste de disputar o governo e vai coordenar campanha de Fl\u00e1vio Bolsonaro","datePublished":"2026-01-20T02:06:13+00:00","dateModified":"2026-01-20T02:10:44+00:00","mainEntityOfPage":{"@id":"https:\/\/blogdobispo.com.br\/?p=18978"},"wordCount":320,"commentCount":0,"publisher":{"@id":"https:\/\/blogdobispo.com.br\/#organization"},"image":{"@id":"https:\/\/blogdobispo.com.br\/?p=18978#primaryimage"},"thumbnailUrl":"https:\/\/i0.wp.com\/blogdobispo.com.br\/wp-content\/uploads\/2026\/01\/img_9018.jpg?fit=683%2C449&ssl=1","articleSection":["diversos"],"inLanguage":"pt-BR","potentialAction":[{"@type":"CommentAction","name":"Comment","target":["https:\/\/blogdobispo.com.br\/?p=18978#respond"]}]},{"@type":"WebPage","@id":"https:\/\/blogdobispo.com.br\/?p=18978","url":"https:\/\/blogdobispo.com.br\/?p=18978","name":"Rog\u00e9rio Marinho desiste de disputar o governo e vai coordenar campanha de Fl\u00e1vio Bolsonaro - Blog do Bispo","isPartOf":{"@id":"https:\/\/blogdobispo.com.br\/#website"},"primaryImageOfPage":{"@id":"https:\/\/blogdobispo.com.br\/?p=18978#primaryimage"},"image":{"@id":"https:\/\/blogdobispo.com.br\/?p=18978#primaryimage"},"thumbnailUrl":"https:\/\/i0.wp.com\/blogdobispo.com.br\/wp-content\/uploads\/2026\/01\/img_9018.jpg?fit=683%2C449&ssl=1","datePublished":"2026-01-20T02:06:13+00:00","dateModified":"2026-01-20T02:10:44+00:00","breadcrumb":{"@id":"https:\/\/blogdobispo.com.br\/?p=18978#breadcrumb"},"inLanguage":"pt-BR","potentialAction":[{"@type":"ReadAction","target":["https:\/\/blogdobispo.com.br\/?p=18978"]}]},{"@type":"ImageObject","inLanguage":"pt-BR","@id":"https:\/\/blogdobispo.com.br\/?p=18978#primaryimage","url":"https:\/\/i0.wp.com\/blogdobispo.com.br\/wp-content\/uploads\/2026\/01\/img_9018.jpg?fit=683%2C449&ssl=1","contentUrl":"https:\/\/i0.wp.com\/blogdobispo.com.br\/wp-content\/uploads\/2026\/01\/img_9018.jpg?fit=683%2C449&ssl=1","width":683,"height":449},{"@type":"BreadcrumbList","@id":"https:\/\/blogdobispo.com.br\/?p=18978#breadcrumb","itemListElement":[{"@type":"ListItem","position":1,"name":"In\u00edcio","item":"https:\/\/blogdobispo.com.br\/"},{"@type":"ListItem","position":2,"name":"Rog\u00e9rio Marinho desiste de disputar o governo e vai coordenar campanha de Fl\u00e1vio Bolsonaro"}]},{"@type":"WebSite","@id":"https:\/\/blogdobispo.com.br\/#website","url":"https:\/\/blogdobispo.com.br\/","name":"Blog do Bispo","description":"Comprometido apenas com o leitor","publisher":{"@id":"https:\/\/blogdobispo.com.br\/#organization"},"potentialAction":[{"@type":"SearchAction","target":{"@type":"EntryPoint","urlTemplate":"https:\/\/blogdobispo.com.br\/?s={search_term_string}"},"query-input":{"@type":"PropertyValueSpecification","valueRequired":true,"valueName":"search_term_string"}}],"inLanguage":"pt-BR"},{"@type":"Organization","@id":"https:\/\/blogdobispo.com.br\/#organization","name":"Blog do Bispo","url":"https:\/\/blogdobispo.com.br\/","logo":{"@type":"ImageObject","inLanguage":"pt-BR","@id":"https:\/\/blogdobispo.com.br\/#\/schema\/logo\/image\/","url":"http:\/\/blogdobispo.com.br\/wp-content\/uploads\/2023\/05\/cropped-headear.png","contentUrl":"http:\/\/blogdobispo.com.br\/wp-content\/uploads\/2023\/05\/cropped-headear.png","width":1500,"height":399,"caption":"Blog do Bispo"},"image":{"@id":"https:\/\/blogdobispo.com.br\/#\/schema\/logo\/image\/"}},{"@type":"Person","@id":"https:\/\/blogdobispo.com.br\/#\/schema\/person\/e2209cc0e6cea5c5233d033e997b373f","name":"Jefferson Sterfeno","image":{"@type":"ImageObject","inLanguage":"pt-BR","@id":"https:\/\/blogdobispo.com.br\/#\/schema\/person\/image\/","url":"https:\/\/secure.gravatar.com\/avatar\/0534e84764641168a677026b6d57a3f51dc7ac4db0b4f6186d9cb330d4ee1160?s=96&d=mm&r=g","contentUrl":"https:\/\/secure.gravatar.com\/avatar\/0534e84764641168a677026b6d57a3f51dc7ac4db0b4f6186d9cb330d4ee1160?s=96&d=mm&r=g","caption":"Jefferson Sterfeno"},"sameAs":["http:\/\/blogdobispo.com.br"],"url":"https:\/\/blogdobispo.com.br\/?author=1"}]}},"featured_image_urls":{"full":["https:\/\/i0.wp.com\/blogdobispo.com.br\/wp-content\/uploads\/2026\/01\/img_9018.jpg?fit=683%2C449&ssl=1",683,449,false],"thumbnail":["https:\/\/i0.wp.com\/blogdobispo.com.br\/wp-content\/uploads\/2026\/01\/img_9018.jpg?resize=150%2C150&ssl=1",150,150,true],"medium":["https:\/\/i0.wp.com\/blogdobispo.com.br\/wp-content\/uploads\/2026\/01\/img_9018.jpg?fit=300%2C197&ssl=1",300,197,true],"medium_large":["https:\/\/i0.wp.com\/blogdobispo.com.br\/wp-content\/uploads\/2026\/01\/img_9018.jpg?fit=683%2C449&ssl=1",683,449,true],"large":["https:\/\/i0.wp.com\/blogdobispo.com.br\/wp-content\/uploads\/2026\/01\/img_9018.jpg?fit=683%2C449&ssl=1",683,449,true],"1536x1536":["https:\/\/i0.wp.com\/blogdobispo.com.br\/wp-content\/uploads\/2026\/01\/img_9018.jpg?fit=683%2C449&ssl=1",683,449,true],"2048x2048":["https:\/\/i0.wp.com\/blogdobispo.com.br\/wp-content\/uploads\/2026\/01\/img_9018.jpg?fit=683%2C449&ssl=1",683,449,true]},"author_info":{"display_name":"Jefferson Sterfeno","author_link":"https:\/\/blogdobispo.com.br\/?author=1"},"category_info":"<a href=\"https:\/\/blogdobispo.com.br\/?cat=1\" rel=\"category\">diversos<\/a>","tag_info":"diversos","comment_count":"0","jetpack_featured_media_url":"https:\/\/i0.wp.com\/blogdobispo.com.br\/wp-content\/uploads\/2026\/01\/img_9018.jpg?fit=683%2C449&ssl=1","jetpack_sharing_enabled":true,"_links":{"self":[{"href":"https:\/\/blogdobispo.com.br\/index.php?rest_route=\/wp\/v2\/posts\/18978","targetHints":{"allow":["GET"]}}],"collection":[{"href":"https:\/\/blogdobispo.com.br\/index.php?rest_route=\/wp\/v2\/posts"}],"about":[{"href":"https:\/\/blogdobispo.com.br\/index.php?rest_route=\/wp\/v2\/types\/post"}],"author":[{"embeddable":true,"href":"https:\/\/blogdobispo.com.br\/index.php?rest_route=\/wp\/v2\/users\/1"}],"replies":[{"embeddable":true,"href":"https:\/\/blogdobispo.com.br\/index.php?rest_route=%2Fwp%2Fv2%2Fcomments&post=18978"}],"version-history":[{"count":2,"href":"https:\/\/blogdobispo.com.br\/index.php?rest_route=\/wp\/v2\/posts\/18978\/revisions"}],"predecessor-version":[{"id":18980,"href":"https:\/\/blogdobispo.com.br\/index.php?rest_route=\/wp\/v2\/posts\/18978\/revisions\/18980"}],"wp:featuredmedia":[{"embeddable":true,"href":"https:\/\/blogdobispo.com.br\/index.php?rest_route=\/wp\/v2\/media\/18977"}],"wp:attachment":[{"href":"https:\/\/blogdobispo.com.br\/index.php?rest_route=%2Fwp%2Fv2%2Fmedia&parent=18978"}],"wp:term":[{"taxonomy":"category","embeddable":true,"href":"https:\/\/blogdobispo.com.br\/index.php?rest_route=%2Fwp%2Fv2%2Fcategories&post=18978"},{"taxonomy":"post_tag","embeddable":true,"href":"https:\/\/blogdobispo.com.br\/index.php?rest_route=%2Fwp%2Fv2%2Ftags&post=18978"}],"curies":[{"name":"wp","href":"https:\/\/api.w.org\/{rel}","templated":true}]}}