{"id":18973,"date":"2026-01-19T20:00:13","date_gmt":"2026-01-19T20:00:13","guid":{"rendered":"https:\/\/blogdobispo.com.br\/?p=18973"},"modified":"2026-01-19T20:00:13","modified_gmt":"2026-01-19T20:00:13","slug":"walter-alves-trabalha-o-nome-de-hermano-morais-para-vice-de-allyson","status":"publish","type":"post","link":"https:\/\/blogdobispo.com.br\/?p=18973","title":{"rendered":"Walter Alves trabalha o nome de Hermano Morais para vice de Allyson"},"content":{"rendered":"\n<figure class=\"wp-block-image size-large\"><img data-recalc-dims=\"1\" fetchpriority=\"high\" decoding=\"async\" width=\"800\" height=\"659\" src=\"https:\/\/i0.wp.com\/blogdobispo.com.br\/wp-content\/uploads\/2026\/01\/img_8965.jpg?resize=800%2C659&#038;ssl=1\" class=\"wp-image-18971\" srcset=\"https:\/\/i0.wp.com\/blogdobispo.com.br\/wp-content\/uploads\/2026\/01\/img_8965.jpg?w=1024&amp;ssl=1 1024w, https:\/\/i0.wp.com\/blogdobispo.com.br\/wp-content\/uploads\/2026\/01\/img_8965.jpg?resize=300%2C247&amp;ssl=1 300w, https:\/\/i0.wp.com\/blogdobispo.com.br\/wp-content\/uploads\/2026\/01\/img_8965.jpg?resize=768%2C633&amp;ssl=1 768w\" sizes=\"(max-width: 800px) 100vw, 800px\" \/><\/figure>\n\n\n\n<p class=\"p1\">Nos bastidores, a articula\u00e7\u00e3o ganha contornos cada vez mais claros. J\u00e1 n\u00e3o \u00e9 apenas uma hip\u00f3tese distante: Walter Alves trabalha abertamente para indicar o nome do vice-governador na eventual chapa encabe\u00e7ada por Allyson Bezerra. E, segundo fontes pr\u00f3ximas \u00e0s conversas, um nome desponta com for\u00e7a e frequ\u00eancia nas tratativas: o do deputado estadual Hermano Morais.<\/p>\n\n\n\n<p class=\"p1\">A movimenta\u00e7\u00e3o, se confirmada, resolveria mais de uma equa\u00e7\u00e3o pol\u00edtica ao mesmo tempo. Como diz o ditado popular \u2014 adaptado \u00e0 realidade potiguar \u2014 Walter mataria dois coelhos com uma caixa d\u2019\u00e1gua s\u00f3. De um lado, manteria o MDB no espa\u00e7o estrat\u00e9gico da vice-governadoria, hoje ocupado por ele, preservando protagonismo e influ\u00eancia no Executivo estadual. De outro, abriria caminho para absorver as bases eleitorais de Hermano Morais, fortalecendo seu projeto de retorno \u00e0 Assembleia Legislativa.<\/p>\n\n\n\n<p class=\"p1\">Nesse desenho, Hermano passaria a compor a majorit\u00e1ria como vice, enquanto Walter, fora do Executivo, teria condi\u00e7\u00f5es pol\u00edticas e eleitorais de herdar o capital pol\u00edtico do deputado dentro do MDB, numa troca considerada vantajosa para ambos. A opera\u00e7\u00e3o permitiria ao partido reorganizar for\u00e7as, evitar disputas internas e entrar na elei\u00e7\u00e3o com palanques mais definidos.<\/p>\n\n\n\n<p class=\"p1\">Embora ainda n\u00e3o haja an\u00fancio oficial, o n\u00edvel de converg\u00eancia entre as pe\u00e7as envolvidas indica que o acordo est\u00e1 avan\u00e7ado. Se sair do papel, a indica\u00e7\u00e3o de Hermano Morais como vice de Allyson Bezerra pode se tornar um dos movimentos mais estrat\u00e9gicos da pr\u00e9-campanha, redesenhando alian\u00e7as e consolidando o MDB como ator central na sucess\u00e3o estadual.<\/p>\n","protected":false},"excerpt":{"rendered":"<p>Nos bastidores, a articula\u00e7\u00e3o ganha contornos cada vez mais claros. J\u00e1 n\u00e3o \u00e9 apenas uma hip\u00f3tese distante: Walter Alves trabalha abertamente para indicar o nome do vice-governador na eventual chapa encabe\u00e7ada por Allyson Bezerra. E, segundo fontes pr\u00f3ximas \u00e0s conversas, um nome desponta com for\u00e7a e frequ\u00eancia nas tratativas: o do deputado estadual Hermano Morais. [&hellip;]<\/p>\n","protected":false},"author":1,"featured_media":18972,"comment_status":"open","ping_status":"open","sticky":false,"template":"","format":"standard","meta":{"cybocfi_hide_featured_image":"","_jetpack_memberships_contains_paid_content":false,"footnotes":""},"categories":[1],"tags":[],"class_list":["post-18973","post","type-post","status-publish","format-standard","has-post-thumbnail","hentry","category-diversos"],"yoast_head":"<!-- This site is optimized with the Yoast SEO plugin v25.6 - https:\/\/yoast.com\/wordpress\/plugins\/seo\/ -->\n<title>Walter Alves trabalha o nome de Hermano Morais para vice de Allyson - Blog do Bispo<\/title>\n<meta name=\"robots\" content=\"index, follow, max-snippet:-1, max-image-preview:large, max-video-preview:-1\" \/>\n<link rel=\"canonical\" href=\"https:\/\/blogdobispo.com.br\/?p=18973\" \/>\n<meta property=\"og:locale\" content=\"pt_BR\" \/>\n<meta property=\"og:type\" content=\"article\" \/>\n<meta property=\"og:title\" content=\"Walter Alves trabalha o nome de Hermano Morais para vice de Allyson - Blog do Bispo\" \/>\n<meta property=\"og:description\" content=\"Nos bastidores, a articula\u00e7\u00e3o ganha contornos cada vez mais claros. J\u00e1 n\u00e3o \u00e9 apenas uma hip\u00f3tese distante: Walter Alves trabalha abertamente para indicar o nome do vice-governador na eventual chapa encabe\u00e7ada por Allyson Bezerra. E, segundo fontes pr\u00f3ximas \u00e0s conversas, um nome desponta com for\u00e7a e frequ\u00eancia nas tratativas: o do deputado estadual Hermano Morais. [&hellip;]\" \/>\n<meta property=\"og:url\" content=\"https:\/\/blogdobispo.com.br\/?p=18973\" \/>\n<meta property=\"og:site_name\" content=\"Blog do Bispo\" \/>\n<meta property=\"article:published_time\" content=\"2026-01-19T20:00:13+00:00\" \/>\n<meta property=\"og:image\" content=\"https:\/\/blogdobispo.com.br\/wp-content\/uploads\/2026\/01\/img_8965.jpg\" \/>\n<meta name=\"author\" content=\"Jefferson Sterfeno\" \/>\n<meta name=\"twitter:card\" content=\"summary_large_image\" \/>\n<meta name=\"twitter:label1\" content=\"Escrito por\" \/>\n\t<meta name=\"twitter:data1\" content=\"Jefferson Sterfeno\" \/>\n\t<meta name=\"twitter:label2\" content=\"Est. tempo de leitura\" \/>\n\t<meta name=\"twitter:data2\" content=\"1 minuto\" \/>\n<script type=\"application\/ld+json\" class=\"yoast-schema-graph\">{\"@context\":\"https:\/\/schema.org\",\"@graph\":[{\"@type\":\"Article\",\"@id\":\"https:\/\/blogdobispo.com.br\/?p=18973#article\",\"isPartOf\":{\"@id\":\"https:\/\/blogdobispo.com.br\/?p=18973\"},\"author\":{\"name\":\"Jefferson Sterfeno\",\"@id\":\"https:\/\/blogdobispo.com.br\/#\/schema\/person\/e2209cc0e6cea5c5233d033e997b373f\"},\"headline\":\"Walter Alves trabalha o nome de Hermano Morais para vice de Allyson\",\"datePublished\":\"2026-01-19T20:00:13+00:00\",\"mainEntityOfPage\":{\"@id\":\"https:\/\/blogdobispo.com.br\/?p=18973\"},\"wordCount\":279,\"commentCount\":0,\"publisher\":{\"@id\":\"https:\/\/blogdobispo.com.br\/#organization\"},\"image\":{\"@id\":\"https:\/\/blogdobispo.com.br\/?p=18973#primaryimage\"},\"thumbnailUrl\":\"https:\/\/i0.wp.com\/blogdobispo.com.br\/wp-content\/uploads\/2026\/01\/img_8965-1.jpg?fit=1024%2C844&ssl=1\",\"articleSection\":[\"diversos\"],\"inLanguage\":\"pt-BR\",\"potentialAction\":[{\"@type\":\"CommentAction\",\"name\":\"Comment\",\"target\":[\"https:\/\/blogdobispo.com.br\/?p=18973#respond\"]}]},{\"@type\":\"WebPage\",\"@id\":\"https:\/\/blogdobispo.com.br\/?p=18973\",\"url\":\"https:\/\/blogdobispo.com.br\/?p=18973\",\"name\":\"Walter Alves trabalha o nome de Hermano Morais para vice de Allyson - Blog do Bispo\",\"isPartOf\":{\"@id\":\"https:\/\/blogdobispo.com.br\/#website\"},\"primaryImageOfPage\":{\"@id\":\"https:\/\/blogdobispo.com.br\/?p=18973#primaryimage\"},\"image\":{\"@id\":\"https:\/\/blogdobispo.com.br\/?p=18973#primaryimage\"},\"thumbnailUrl\":\"https:\/\/i0.wp.com\/blogdobispo.com.br\/wp-content\/uploads\/2026\/01\/img_8965-1.jpg?fit=1024%2C844&ssl=1\",\"datePublished\":\"2026-01-19T20:00:13+00:00\",\"breadcrumb\":{\"@id\":\"https:\/\/blogdobispo.com.br\/?p=18973#breadcrumb\"},\"inLanguage\":\"pt-BR\",\"potentialAction\":[{\"@type\":\"ReadAction\",\"target\":[\"https:\/\/blogdobispo.com.br\/?p=18973\"]}]},{\"@type\":\"ImageObject\",\"inLanguage\":\"pt-BR\",\"@id\":\"https:\/\/blogdobispo.com.br\/?p=18973#primaryimage\",\"url\":\"https:\/\/i0.wp.com\/blogdobispo.com.br\/wp-content\/uploads\/2026\/01\/img_8965-1.jpg?fit=1024%2C844&ssl=1\",\"contentUrl\":\"https:\/\/i0.wp.com\/blogdobispo.com.br\/wp-content\/uploads\/2026\/01\/img_8965-1.jpg?fit=1024%2C844&ssl=1\",\"width\":1024,\"height\":844},{\"@type\":\"BreadcrumbList\",\"@id\":\"https:\/\/blogdobispo.com.br\/?p=18973#breadcrumb\",\"itemListElement\":[{\"@type\":\"ListItem\",\"position\":1,\"name\":\"In\u00edcio\",\"item\":\"https:\/\/blogdobispo.com.br\/\"},{\"@type\":\"ListItem\",\"position\":2,\"name\":\"Walter Alves trabalha o nome de Hermano Morais para vice de Allyson\"}]},{\"@type\":\"WebSite\",\"@id\":\"https:\/\/blogdobispo.com.br\/#website\",\"url\":\"https:\/\/blogdobispo.com.br\/\",\"name\":\"Blog do Bispo\",\"description\":\"Comprometido apenas com o leitor\",\"publisher\":{\"@id\":\"https:\/\/blogdobispo.com.br\/#organization\"},\"potentialAction\":[{\"@type\":\"SearchAction\",\"target\":{\"@type\":\"EntryPoint\",\"urlTemplate\":\"https:\/\/blogdobispo.com.br\/?s={search_term_string}\"},\"query-input\":{\"@type\":\"PropertyValueSpecification\",\"valueRequired\":true,\"valueName\":\"search_term_string\"}}],\"inLanguage\":\"pt-BR\"},{\"@type\":\"Organization\",\"@id\":\"https:\/\/blogdobispo.com.br\/#organization\",\"name\":\"Blog do Bispo\",\"url\":\"https:\/\/blogdobispo.com.br\/\",\"logo\":{\"@type\":\"ImageObject\",\"inLanguage\":\"pt-BR\",\"@id\":\"https:\/\/blogdobispo.com.br\/#\/schema\/logo\/image\/\",\"url\":\"http:\/\/blogdobispo.com.br\/wp-content\/uploads\/2023\/05\/cropped-headear.png\",\"contentUrl\":\"http:\/\/blogdobispo.com.br\/wp-content\/uploads\/2023\/05\/cropped-headear.png\",\"width\":1500,\"height\":399,\"caption\":\"Blog do Bispo\"},\"image\":{\"@id\":\"https:\/\/blogdobispo.com.br\/#\/schema\/logo\/image\/\"}},{\"@type\":\"Person\",\"@id\":\"https:\/\/blogdobispo.com.br\/#\/schema\/person\/e2209cc0e6cea5c5233d033e997b373f\",\"name\":\"Jefferson Sterfeno\",\"image\":{\"@type\":\"ImageObject\",\"inLanguage\":\"pt-BR\",\"@id\":\"https:\/\/blogdobispo.com.br\/#\/schema\/person\/image\/\",\"url\":\"https:\/\/secure.gravatar.com\/avatar\/0534e84764641168a677026b6d57a3f51dc7ac4db0b4f6186d9cb330d4ee1160?s=96&d=mm&r=g\",\"contentUrl\":\"https:\/\/secure.gravatar.com\/avatar\/0534e84764641168a677026b6d57a3f51dc7ac4db0b4f6186d9cb330d4ee1160?s=96&d=mm&r=g\",\"caption\":\"Jefferson Sterfeno\"},\"sameAs\":[\"http:\/\/blogdobispo.com.br\"],\"url\":\"https:\/\/blogdobispo.com.br\/?author=1\"}]}<\/script>\n<!-- \/ Yoast SEO plugin. -->","yoast_head_json":{"title":"Walter Alves trabalha o nome de Hermano Morais para vice de Allyson - Blog do Bispo","robots":{"index":"index","follow":"follow","max-snippet":"max-snippet:-1","max-image-preview":"max-image-preview:large","max-video-preview":"max-video-preview:-1"},"canonical":"https:\/\/blogdobispo.com.br\/?p=18973","og_locale":"pt_BR","og_type":"article","og_title":"Walter Alves trabalha o nome de Hermano Morais para vice de Allyson - Blog do Bispo","og_description":"Nos bastidores, a articula\u00e7\u00e3o ganha contornos cada vez mais claros. J\u00e1 n\u00e3o \u00e9 apenas uma hip\u00f3tese distante: Walter Alves trabalha abertamente para indicar o nome do vice-governador na eventual chapa encabe\u00e7ada por Allyson Bezerra. E, segundo fontes pr\u00f3ximas \u00e0s conversas, um nome desponta com for\u00e7a e frequ\u00eancia nas tratativas: o do deputado estadual Hermano Morais. [&hellip;]","og_url":"https:\/\/blogdobispo.com.br\/?p=18973","og_site_name":"Blog do Bispo","article_published_time":"2026-01-19T20:00:13+00:00","og_image":[{"url":"https:\/\/blogdobispo.com.br\/wp-content\/uploads\/2026\/01\/img_8965.jpg","type":"","width":"","height":""}],"author":"Jefferson Sterfeno","twitter_card":"summary_large_image","twitter_misc":{"Escrito por":"Jefferson Sterfeno","Est. tempo de leitura":"1 minuto"},"schema":{"@context":"https:\/\/schema.org","@graph":[{"@type":"Article","@id":"https:\/\/blogdobispo.com.br\/?p=18973#article","isPartOf":{"@id":"https:\/\/blogdobispo.com.br\/?p=18973"},"author":{"name":"Jefferson Sterfeno","@id":"https:\/\/blogdobispo.com.br\/#\/schema\/person\/e2209cc0e6cea5c5233d033e997b373f"},"headline":"Walter Alves trabalha o nome de Hermano Morais para vice de Allyson","datePublished":"2026-01-19T20:00:13+00:00","mainEntityOfPage":{"@id":"https:\/\/blogdobispo.com.br\/?p=18973"},"wordCount":279,"commentCount":0,"publisher":{"@id":"https:\/\/blogdobispo.com.br\/#organization"},"image":{"@id":"https:\/\/blogdobispo.com.br\/?p=18973#primaryimage"},"thumbnailUrl":"https:\/\/i0.wp.com\/blogdobispo.com.br\/wp-content\/uploads\/2026\/01\/img_8965-1.jpg?fit=1024%2C844&ssl=1","articleSection":["diversos"],"inLanguage":"pt-BR","potentialAction":[{"@type":"CommentAction","name":"Comment","target":["https:\/\/blogdobispo.com.br\/?p=18973#respond"]}]},{"@type":"WebPage","@id":"https:\/\/blogdobispo.com.br\/?p=18973","url":"https:\/\/blogdobispo.com.br\/?p=18973","name":"Walter Alves trabalha o nome de Hermano Morais para vice de Allyson - Blog do Bispo","isPartOf":{"@id":"https:\/\/blogdobispo.com.br\/#website"},"primaryImageOfPage":{"@id":"https:\/\/blogdobispo.com.br\/?p=18973#primaryimage"},"image":{"@id":"https:\/\/blogdobispo.com.br\/?p=18973#primaryimage"},"thumbnailUrl":"https:\/\/i0.wp.com\/blogdobispo.com.br\/wp-content\/uploads\/2026\/01\/img_8965-1.jpg?fit=1024%2C844&ssl=1","datePublished":"2026-01-19T20:00:13+00:00","breadcrumb":{"@id":"https:\/\/blogdobispo.com.br\/?p=18973#breadcrumb"},"inLanguage":"pt-BR","potentialAction":[{"@type":"ReadAction","target":["https:\/\/blogdobispo.com.br\/?p=18973"]}]},{"@type":"ImageObject","inLanguage":"pt-BR","@id":"https:\/\/blogdobispo.com.br\/?p=18973#primaryimage","url":"https:\/\/i0.wp.com\/blogdobispo.com.br\/wp-content\/uploads\/2026\/01\/img_8965-1.jpg?fit=1024%2C844&ssl=1","contentUrl":"https:\/\/i0.wp.com\/blogdobispo.com.br\/wp-content\/uploads\/2026\/01\/img_8965-1.jpg?fit=1024%2C844&ssl=1","width":1024,"height":844},{"@type":"BreadcrumbList","@id":"https:\/\/blogdobispo.com.br\/?p=18973#breadcrumb","itemListElement":[{"@type":"ListItem","position":1,"name":"In\u00edcio","item":"https:\/\/blogdobispo.com.br\/"},{"@type":"ListItem","position":2,"name":"Walter Alves trabalha o nome de Hermano Morais para vice de Allyson"}]},{"@type":"WebSite","@id":"https:\/\/blogdobispo.com.br\/#website","url":"https:\/\/blogdobispo.com.br\/","name":"Blog do Bispo","description":"Comprometido apenas com o leitor","publisher":{"@id":"https:\/\/blogdobispo.com.br\/#organization"},"potentialAction":[{"@type":"SearchAction","target":{"@type":"EntryPoint","urlTemplate":"https:\/\/blogdobispo.com.br\/?s={search_term_string}"},"query-input":{"@type":"PropertyValueSpecification","valueRequired":true,"valueName":"search_term_string"}}],"inLanguage":"pt-BR"},{"@type":"Organization","@id":"https:\/\/blogdobispo.com.br\/#organization","name":"Blog do Bispo","url":"https:\/\/blogdobispo.com.br\/","logo":{"@type":"ImageObject","inLanguage":"pt-BR","@id":"https:\/\/blogdobispo.com.br\/#\/schema\/logo\/image\/","url":"http:\/\/blogdobispo.com.br\/wp-content\/uploads\/2023\/05\/cropped-headear.png","contentUrl":"http:\/\/blogdobispo.com.br\/wp-content\/uploads\/2023\/05\/cropped-headear.png","width":1500,"height":399,"caption":"Blog do Bispo"},"image":{"@id":"https:\/\/blogdobispo.com.br\/#\/schema\/logo\/image\/"}},{"@type":"Person","@id":"https:\/\/blogdobispo.com.br\/#\/schema\/person\/e2209cc0e6cea5c5233d033e997b373f","name":"Jefferson Sterfeno","image":{"@type":"ImageObject","inLanguage":"pt-BR","@id":"https:\/\/blogdobispo.com.br\/#\/schema\/person\/image\/","url":"https:\/\/secure.gravatar.com\/avatar\/0534e84764641168a677026b6d57a3f51dc7ac4db0b4f6186d9cb330d4ee1160?s=96&d=mm&r=g","contentUrl":"https:\/\/secure.gravatar.com\/avatar\/0534e84764641168a677026b6d57a3f51dc7ac4db0b4f6186d9cb330d4ee1160?s=96&d=mm&r=g","caption":"Jefferson Sterfeno"},"sameAs":["http:\/\/blogdobispo.com.br"],"url":"https:\/\/blogdobispo.com.br\/?author=1"}]}},"featured_image_urls":{"full":["https:\/\/i0.wp.com\/blogdobispo.com.br\/wp-content\/uploads\/2026\/01\/img_8965-1.jpg?fit=1024%2C844&ssl=1",1024,844,false],"thumbnail":["https:\/\/i0.wp.com\/blogdobispo.com.br\/wp-content\/uploads\/2026\/01\/img_8965-1.jpg?resize=150%2C150&ssl=1",150,150,true],"medium":["https:\/\/i0.wp.com\/blogdobispo.com.br\/wp-content\/uploads\/2026\/01\/img_8965-1.jpg?fit=300%2C247&ssl=1",300,247,true],"medium_large":["https:\/\/i0.wp.com\/blogdobispo.com.br\/wp-content\/uploads\/2026\/01\/img_8965-1.jpg?fit=768%2C633&ssl=1",768,633,true],"large":["https:\/\/i0.wp.com\/blogdobispo.com.br\/wp-content\/uploads\/2026\/01\/img_8965-1.jpg?fit=800%2C659&ssl=1",800,659,true],"1536x1536":["https:\/\/i0.wp.com\/blogdobispo.com.br\/wp-content\/uploads\/2026\/01\/img_8965-1.jpg?fit=1024%2C844&ssl=1",1024,844,true],"2048x2048":["https:\/\/i0.wp.com\/blogdobispo.com.br\/wp-content\/uploads\/2026\/01\/img_8965-1.jpg?fit=1024%2C844&ssl=1",1024,844,true]},"author_info":{"display_name":"Jefferson Sterfeno","author_link":"https:\/\/blogdobispo.com.br\/?author=1"},"category_info":"<a href=\"https:\/\/blogdobispo.com.br\/?cat=1\" rel=\"category\">diversos<\/a>","tag_info":"diversos","comment_count":"0","jetpack_featured_media_url":"https:\/\/i0.wp.com\/blogdobispo.com.br\/wp-content\/uploads\/2026\/01\/img_8965-1.jpg?fit=1024%2C844&ssl=1","jetpack_sharing_enabled":true,"_links":{"self":[{"href":"https:\/\/blogdobispo.com.br\/index.php?rest_route=\/wp\/v2\/posts\/18973","targetHints":{"allow":["GET"]}}],"collection":[{"href":"https:\/\/blogdobispo.com.br\/index.php?rest_route=\/wp\/v2\/posts"}],"about":[{"href":"https:\/\/blogdobispo.com.br\/index.php?rest_route=\/wp\/v2\/types\/post"}],"author":[{"embeddable":true,"href":"https:\/\/blogdobispo.com.br\/index.php?rest_route=\/wp\/v2\/users\/1"}],"replies":[{"embeddable":true,"href":"https:\/\/blogdobispo.com.br\/index.php?rest_route=%2Fwp%2Fv2%2Fcomments&post=18973"}],"version-history":[{"count":0,"href":"https:\/\/blogdobispo.com.br\/index.php?rest_route=\/wp\/v2\/posts\/18973\/revisions"}],"wp:featuredmedia":[{"embeddable":true,"href":"https:\/\/blogdobispo.com.br\/index.php?rest_route=\/wp\/v2\/media\/18972"}],"wp:attachment":[{"href":"https:\/\/blogdobispo.com.br\/index.php?rest_route=%2Fwp%2Fv2%2Fmedia&parent=18973"}],"wp:term":[{"taxonomy":"category","embeddable":true,"href":"https:\/\/blogdobispo.com.br\/index.php?rest_route=%2Fwp%2Fv2%2Fcategories&post=18973"},{"taxonomy":"post_tag","embeddable":true,"href":"https:\/\/blogdobispo.com.br\/index.php?rest_route=%2Fwp%2Fv2%2Ftags&post=18973"}],"curies":[{"name":"wp","href":"https:\/\/api.w.org\/{rel}","templated":true}]}}