{"id":18970,"date":"2026-01-19T19:49:56","date_gmt":"2026-01-19T19:49:56","guid":{"rendered":"https:\/\/blogdobispo.com.br\/?p=18970"},"modified":"2026-01-19T20:02:53","modified_gmt":"2026-01-19T20:02:53","slug":"walter-alves-comunica-a-fatima-que-nao-assumira-o-governo-e-sera-candidato-a-deputado-estadual","status":"publish","type":"post","link":"https:\/\/blogdobispo.com.br\/?p=18970","title":{"rendered":"Walter Alves comunica a F\u00e1tima que n\u00e3o assumir\u00e1 o governo e ser\u00e1 candidato \u00e0 deputado estadual"},"content":{"rendered":"\n<p class=\"p1\">O vice-governador do Rio Grande do Norte, Walter Alves, comunicou oficialmente \u00e0 governadora F\u00e1tima Bezerra que n\u00e3o ir\u00e1 assumir o comando do Governo do Estado. A decis\u00e3o marca uma mudan\u00e7a importante no cen\u00e1rio pol\u00edtico para o pr\u00f3ximo pleito.<\/p>\n\n\n\n<p class=\"p1\">Segundo a comunica\u00e7\u00e3o feita \u00e0 chefe do Executivo estadual, Walter Alves ser\u00e1 candidato a deputado estadual nas elei\u00e7\u00f5es de 2026. Al\u00e9m disso, declarou apoio ao prefeito de Mossor\u00f3, Allyson Bezerra, na disputa pelo Governo do Estado, consolidando uma alian\u00e7a que pode redesenhar o tabuleiro pol\u00edtico potiguar.<\/p>\n\n\n\n<p class=\"MsoNormal\"><em>Nota \u00e0 imprensa<\/em><\/p>\n\n\n\n<p class=\"MsoNormal\"><em>Estive reunido com a governadora F\u00e1tima Bezerra (PT) na manh\u00e3 desta segunda-feira, dia 19 de janeiro.<\/em><\/p>\n\n\n\n<p class=\"MsoNormal\"><em>Comuniquei que n\u00e3o assumirei o cargo de governador, com a poss\u00edvel ren\u00fancia dela. Tamb\u00e9m adiantei que sou pr\u00e9-candidato a deputado estadual.<\/em><\/p>\n\n\n\n<p class=\"MsoNormal\"><em>Ainda sobre as Elei\u00e7\u00f5es 2026, ratifiquei o posicionamento j\u00e1 alinhado com o presidente nacional do MDB, deputado federal Baleia Rossi, e com o presidente nacional do PT, Edinho Silva, de apoiar a reelei\u00e7\u00e3o do presidente Lula (PT). &nbsp;&nbsp;<\/em><\/p>\n\n\n\n<p class=\"MsoNormal\"><em>Sobre a sucess\u00e3o estadual, cientifiquei a governadora que a posi\u00e7\u00e3o do MDB-RN \u00e9 de caminhar com os partidos Federa\u00e7\u00e3o Uni\u00e3o Progressista (Uni\u00e3o Brasil e PP) e PSD. Decis\u00e3o tomada ap\u00f3s consulta aos correligion\u00e1rios.<\/em><\/p>\n\n\n\n<p class=\"MsoNormal\">&nbsp;<\/p>\n\n\n\n<p class=\"MsoNormal\"><em>Walter Alves<\/em><\/p>\n\n\n\n<p class=\"MsoNormal\"><em>Presidente do MDB-RN<\/em><\/p>\n\n\n\n<figure class=\"wp-block-image size-large\"><img data-recalc-dims=\"1\" fetchpriority=\"high\" decoding=\"async\" width=\"800\" height=\"523\" src=\"https:\/\/i0.wp.com\/blogdobispo.com.br\/wp-content\/uploads\/2026\/01\/img_8964-1.png?resize=800%2C523&#038;ssl=1\" class=\"wp-image-18975\" srcset=\"https:\/\/i0.wp.com\/blogdobispo.com.br\/wp-content\/uploads\/2026\/01\/img_8964-1.png?w=1024&amp;ssl=1 1024w, https:\/\/i0.wp.com\/blogdobispo.com.br\/wp-content\/uploads\/2026\/01\/img_8964-1.png?resize=300%2C196&amp;ssl=1 300w, https:\/\/i0.wp.com\/blogdobispo.com.br\/wp-content\/uploads\/2026\/01\/img_8964-1.png?resize=768%2C503&amp;ssl=1 768w\" sizes=\"(max-width: 800px) 100vw, 800px\" \/><\/figure>\n\n\n\n<figure class=\"wp-block-image size-large\"><img data-recalc-dims=\"1\" decoding=\"async\" width=\"800\" height=\"523\" src=\"https:\/\/i0.wp.com\/blogdobispo.com.br\/wp-content\/uploads\/2026\/01\/img_8964.png?resize=800%2C523&#038;ssl=1\" alt=\"\" class=\"wp-image-18969\" srcset=\"https:\/\/i0.wp.com\/blogdobispo.com.br\/wp-content\/uploads\/2026\/01\/img_8964.png?w=1024&amp;ssl=1 1024w, https:\/\/i0.wp.com\/blogdobispo.com.br\/wp-content\/uploads\/2026\/01\/img_8964.png?resize=300%2C196&amp;ssl=1 300w, https:\/\/i0.wp.com\/blogdobispo.com.br\/wp-content\/uploads\/2026\/01\/img_8964.png?resize=768%2C503&amp;ssl=1 768w\" sizes=\"(max-width: 800px) 100vw, 800px\" \/><\/figure>\n","protected":false},"excerpt":{"rendered":"<p>O vice-governador do Rio Grande do Norte, Walter Alves, comunicou oficialmente \u00e0 governadora F\u00e1tima Bezerra que n\u00e3o ir\u00e1 assumir o comando do Governo do Estado. A decis\u00e3o marca uma mudan\u00e7a importante no cen\u00e1rio pol\u00edtico para o pr\u00f3ximo pleito. Segundo a comunica\u00e7\u00e3o feita \u00e0 chefe do Executivo estadual, Walter Alves ser\u00e1 candidato a deputado estadual nas [&hellip;]<\/p>\n","protected":false},"author":1,"featured_media":18969,"comment_status":"open","ping_status":"open","sticky":false,"template":"","format":"standard","meta":{"cybocfi_hide_featured_image":"","_jetpack_memberships_contains_paid_content":false,"footnotes":""},"categories":[1],"tags":[],"class_list":["post-18970","post","type-post","status-publish","format-standard","has-post-thumbnail","hentry","category-diversos"],"yoast_head":"<!-- This site is optimized with the Yoast SEO plugin v25.6 - https:\/\/yoast.com\/wordpress\/plugins\/seo\/ -->\n<title>Walter Alves comunica a F\u00e1tima que n\u00e3o assumir\u00e1 o governo e ser\u00e1 candidato \u00e0 deputado estadual - Blog do Bispo<\/title>\n<meta name=\"robots\" content=\"index, follow, max-snippet:-1, max-image-preview:large, max-video-preview:-1\" \/>\n<link rel=\"canonical\" href=\"https:\/\/blogdobispo.com.br\/?p=18970\" \/>\n<meta property=\"og:locale\" content=\"pt_BR\" \/>\n<meta property=\"og:type\" content=\"article\" \/>\n<meta property=\"og:title\" content=\"Walter Alves comunica a F\u00e1tima que n\u00e3o assumir\u00e1 o governo e ser\u00e1 candidato \u00e0 deputado estadual - Blog do Bispo\" \/>\n<meta property=\"og:description\" content=\"O vice-governador do Rio Grande do Norte, Walter Alves, comunicou oficialmente \u00e0 governadora F\u00e1tima Bezerra que n\u00e3o ir\u00e1 assumir o comando do Governo do Estado. A decis\u00e3o marca uma mudan\u00e7a importante no cen\u00e1rio pol\u00edtico para o pr\u00f3ximo pleito. Segundo a comunica\u00e7\u00e3o feita \u00e0 chefe do Executivo estadual, Walter Alves ser\u00e1 candidato a deputado estadual nas [&hellip;]\" \/>\n<meta property=\"og:url\" content=\"https:\/\/blogdobispo.com.br\/?p=18970\" \/>\n<meta property=\"og:site_name\" content=\"Blog do Bispo\" \/>\n<meta property=\"article:published_time\" content=\"2026-01-19T19:49:56+00:00\" \/>\n<meta property=\"article:modified_time\" content=\"2026-01-19T20:02:53+00:00\" \/>\n<meta property=\"og:image\" content=\"https:\/\/i0.wp.com\/blogdobispo.com.br\/wp-content\/uploads\/2026\/01\/img_8964.png?fit=1024%2C670&ssl=1\" \/>\n\t<meta property=\"og:image:width\" content=\"1024\" \/>\n\t<meta property=\"og:image:height\" content=\"670\" \/>\n\t<meta property=\"og:image:type\" content=\"image\/png\" \/>\n<meta name=\"author\" content=\"Jefferson Sterfeno\" \/>\n<meta name=\"twitter:card\" content=\"summary_large_image\" \/>\n<meta name=\"twitter:label1\" content=\"Escrito por\" \/>\n\t<meta name=\"twitter:data1\" content=\"Jefferson Sterfeno\" \/>\n\t<meta name=\"twitter:label2\" content=\"Est. tempo de leitura\" \/>\n\t<meta name=\"twitter:data2\" content=\"1 minuto\" \/>\n<script type=\"application\/ld+json\" class=\"yoast-schema-graph\">{\"@context\":\"https:\/\/schema.org\",\"@graph\":[{\"@type\":\"Article\",\"@id\":\"https:\/\/blogdobispo.com.br\/?p=18970#article\",\"isPartOf\":{\"@id\":\"https:\/\/blogdobispo.com.br\/?p=18970\"},\"author\":{\"name\":\"Jefferson Sterfeno\",\"@id\":\"https:\/\/blogdobispo.com.br\/#\/schema\/person\/e2209cc0e6cea5c5233d033e997b373f\"},\"headline\":\"Walter Alves comunica a F\u00e1tima que n\u00e3o assumir\u00e1 o governo e ser\u00e1 candidato \u00e0 deputado estadual\",\"datePublished\":\"2026-01-19T19:49:56+00:00\",\"dateModified\":\"2026-01-19T20:02:53+00:00\",\"mainEntityOfPage\":{\"@id\":\"https:\/\/blogdobispo.com.br\/?p=18970\"},\"wordCount\":240,\"commentCount\":0,\"publisher\":{\"@id\":\"https:\/\/blogdobispo.com.br\/#organization\"},\"image\":{\"@id\":\"https:\/\/blogdobispo.com.br\/?p=18970#primaryimage\"},\"thumbnailUrl\":\"https:\/\/i0.wp.com\/blogdobispo.com.br\/wp-content\/uploads\/2026\/01\/img_8964.png?fit=1024%2C670&ssl=1\",\"articleSection\":[\"diversos\"],\"inLanguage\":\"pt-BR\",\"potentialAction\":[{\"@type\":\"CommentAction\",\"name\":\"Comment\",\"target\":[\"https:\/\/blogdobispo.com.br\/?p=18970#respond\"]}]},{\"@type\":\"WebPage\",\"@id\":\"https:\/\/blogdobispo.com.br\/?p=18970\",\"url\":\"https:\/\/blogdobispo.com.br\/?p=18970\",\"name\":\"Walter Alves comunica a F\u00e1tima que n\u00e3o assumir\u00e1 o governo e ser\u00e1 candidato \u00e0 deputado estadual - Blog do Bispo\",\"isPartOf\":{\"@id\":\"https:\/\/blogdobispo.com.br\/#website\"},\"primaryImageOfPage\":{\"@id\":\"https:\/\/blogdobispo.com.br\/?p=18970#primaryimage\"},\"image\":{\"@id\":\"https:\/\/blogdobispo.com.br\/?p=18970#primaryimage\"},\"thumbnailUrl\":\"https:\/\/i0.wp.com\/blogdobispo.com.br\/wp-content\/uploads\/2026\/01\/img_8964.png?fit=1024%2C670&ssl=1\",\"datePublished\":\"2026-01-19T19:49:56+00:00\",\"dateModified\":\"2026-01-19T20:02:53+00:00\",\"breadcrumb\":{\"@id\":\"https:\/\/blogdobispo.com.br\/?p=18970#breadcrumb\"},\"inLanguage\":\"pt-BR\",\"potentialAction\":[{\"@type\":\"ReadAction\",\"target\":[\"https:\/\/blogdobispo.com.br\/?p=18970\"]}]},{\"@type\":\"ImageObject\",\"inLanguage\":\"pt-BR\",\"@id\":\"https:\/\/blogdobispo.com.br\/?p=18970#primaryimage\",\"url\":\"https:\/\/i0.wp.com\/blogdobispo.com.br\/wp-content\/uploads\/2026\/01\/img_8964.png?fit=1024%2C670&ssl=1\",\"contentUrl\":\"https:\/\/i0.wp.com\/blogdobispo.com.br\/wp-content\/uploads\/2026\/01\/img_8964.png?fit=1024%2C670&ssl=1\",\"width\":1024,\"height\":670},{\"@type\":\"BreadcrumbList\",\"@id\":\"https:\/\/blogdobispo.com.br\/?p=18970#breadcrumb\",\"itemListElement\":[{\"@type\":\"ListItem\",\"position\":1,\"name\":\"In\u00edcio\",\"item\":\"https:\/\/blogdobispo.com.br\/\"},{\"@type\":\"ListItem\",\"position\":2,\"name\":\"Walter Alves comunica a F\u00e1tima que n\u00e3o assumir\u00e1 o governo e ser\u00e1 candidato \u00e0 deputado estadual\"}]},{\"@type\":\"WebSite\",\"@id\":\"https:\/\/blogdobispo.com.br\/#website\",\"url\":\"https:\/\/blogdobispo.com.br\/\",\"name\":\"Blog do Bispo\",\"description\":\"Comprometido apenas com o leitor\",\"publisher\":{\"@id\":\"https:\/\/blogdobispo.com.br\/#organization\"},\"potentialAction\":[{\"@type\":\"SearchAction\",\"target\":{\"@type\":\"EntryPoint\",\"urlTemplate\":\"https:\/\/blogdobispo.com.br\/?s={search_term_string}\"},\"query-input\":{\"@type\":\"PropertyValueSpecification\",\"valueRequired\":true,\"valueName\":\"search_term_string\"}}],\"inLanguage\":\"pt-BR\"},{\"@type\":\"Organization\",\"@id\":\"https:\/\/blogdobispo.com.br\/#organization\",\"name\":\"Blog do Bispo\",\"url\":\"https:\/\/blogdobispo.com.br\/\",\"logo\":{\"@type\":\"ImageObject\",\"inLanguage\":\"pt-BR\",\"@id\":\"https:\/\/blogdobispo.com.br\/#\/schema\/logo\/image\/\",\"url\":\"http:\/\/blogdobispo.com.br\/wp-content\/uploads\/2023\/05\/cropped-headear.png\",\"contentUrl\":\"http:\/\/blogdobispo.com.br\/wp-content\/uploads\/2023\/05\/cropped-headear.png\",\"width\":1500,\"height\":399,\"caption\":\"Blog do Bispo\"},\"image\":{\"@id\":\"https:\/\/blogdobispo.com.br\/#\/schema\/logo\/image\/\"}},{\"@type\":\"Person\",\"@id\":\"https:\/\/blogdobispo.com.br\/#\/schema\/person\/e2209cc0e6cea5c5233d033e997b373f\",\"name\":\"Jefferson Sterfeno\",\"image\":{\"@type\":\"ImageObject\",\"inLanguage\":\"pt-BR\",\"@id\":\"https:\/\/blogdobispo.com.br\/#\/schema\/person\/image\/\",\"url\":\"https:\/\/secure.gravatar.com\/avatar\/0534e84764641168a677026b6d57a3f51dc7ac4db0b4f6186d9cb330d4ee1160?s=96&d=mm&r=g\",\"contentUrl\":\"https:\/\/secure.gravatar.com\/avatar\/0534e84764641168a677026b6d57a3f51dc7ac4db0b4f6186d9cb330d4ee1160?s=96&d=mm&r=g\",\"caption\":\"Jefferson Sterfeno\"},\"sameAs\":[\"http:\/\/blogdobispo.com.br\"],\"url\":\"https:\/\/blogdobispo.com.br\/?author=1\"}]}<\/script>\n<!-- \/ Yoast SEO plugin. -->","yoast_head_json":{"title":"Walter Alves comunica a F\u00e1tima que n\u00e3o assumir\u00e1 o governo e ser\u00e1 candidato \u00e0 deputado estadual - Blog do Bispo","robots":{"index":"index","follow":"follow","max-snippet":"max-snippet:-1","max-image-preview":"max-image-preview:large","max-video-preview":"max-video-preview:-1"},"canonical":"https:\/\/blogdobispo.com.br\/?p=18970","og_locale":"pt_BR","og_type":"article","og_title":"Walter Alves comunica a F\u00e1tima que n\u00e3o assumir\u00e1 o governo e ser\u00e1 candidato \u00e0 deputado estadual - Blog do Bispo","og_description":"O vice-governador do Rio Grande do Norte, Walter Alves, comunicou oficialmente \u00e0 governadora F\u00e1tima Bezerra que n\u00e3o ir\u00e1 assumir o comando do Governo do Estado. A decis\u00e3o marca uma mudan\u00e7a importante no cen\u00e1rio pol\u00edtico para o pr\u00f3ximo pleito. Segundo a comunica\u00e7\u00e3o feita \u00e0 chefe do Executivo estadual, Walter Alves ser\u00e1 candidato a deputado estadual nas [&hellip;]","og_url":"https:\/\/blogdobispo.com.br\/?p=18970","og_site_name":"Blog do Bispo","article_published_time":"2026-01-19T19:49:56+00:00","article_modified_time":"2026-01-19T20:02:53+00:00","og_image":[{"width":1024,"height":670,"url":"https:\/\/i0.wp.com\/blogdobispo.com.br\/wp-content\/uploads\/2026\/01\/img_8964.png?fit=1024%2C670&ssl=1","type":"image\/png"}],"author":"Jefferson Sterfeno","twitter_card":"summary_large_image","twitter_misc":{"Escrito por":"Jefferson Sterfeno","Est. tempo de leitura":"1 minuto"},"schema":{"@context":"https:\/\/schema.org","@graph":[{"@type":"Article","@id":"https:\/\/blogdobispo.com.br\/?p=18970#article","isPartOf":{"@id":"https:\/\/blogdobispo.com.br\/?p=18970"},"author":{"name":"Jefferson Sterfeno","@id":"https:\/\/blogdobispo.com.br\/#\/schema\/person\/e2209cc0e6cea5c5233d033e997b373f"},"headline":"Walter Alves comunica a F\u00e1tima que n\u00e3o assumir\u00e1 o governo e ser\u00e1 candidato \u00e0 deputado estadual","datePublished":"2026-01-19T19:49:56+00:00","dateModified":"2026-01-19T20:02:53+00:00","mainEntityOfPage":{"@id":"https:\/\/blogdobispo.com.br\/?p=18970"},"wordCount":240,"commentCount":0,"publisher":{"@id":"https:\/\/blogdobispo.com.br\/#organization"},"image":{"@id":"https:\/\/blogdobispo.com.br\/?p=18970#primaryimage"},"thumbnailUrl":"https:\/\/i0.wp.com\/blogdobispo.com.br\/wp-content\/uploads\/2026\/01\/img_8964.png?fit=1024%2C670&ssl=1","articleSection":["diversos"],"inLanguage":"pt-BR","potentialAction":[{"@type":"CommentAction","name":"Comment","target":["https:\/\/blogdobispo.com.br\/?p=18970#respond"]}]},{"@type":"WebPage","@id":"https:\/\/blogdobispo.com.br\/?p=18970","url":"https:\/\/blogdobispo.com.br\/?p=18970","name":"Walter Alves comunica a F\u00e1tima que n\u00e3o assumir\u00e1 o governo e ser\u00e1 candidato \u00e0 deputado estadual - Blog do Bispo","isPartOf":{"@id":"https:\/\/blogdobispo.com.br\/#website"},"primaryImageOfPage":{"@id":"https:\/\/blogdobispo.com.br\/?p=18970#primaryimage"},"image":{"@id":"https:\/\/blogdobispo.com.br\/?p=18970#primaryimage"},"thumbnailUrl":"https:\/\/i0.wp.com\/blogdobispo.com.br\/wp-content\/uploads\/2026\/01\/img_8964.png?fit=1024%2C670&ssl=1","datePublished":"2026-01-19T19:49:56+00:00","dateModified":"2026-01-19T20:02:53+00:00","breadcrumb":{"@id":"https:\/\/blogdobispo.com.br\/?p=18970#breadcrumb"},"inLanguage":"pt-BR","potentialAction":[{"@type":"ReadAction","target":["https:\/\/blogdobispo.com.br\/?p=18970"]}]},{"@type":"ImageObject","inLanguage":"pt-BR","@id":"https:\/\/blogdobispo.com.br\/?p=18970#primaryimage","url":"https:\/\/i0.wp.com\/blogdobispo.com.br\/wp-content\/uploads\/2026\/01\/img_8964.png?fit=1024%2C670&ssl=1","contentUrl":"https:\/\/i0.wp.com\/blogdobispo.com.br\/wp-content\/uploads\/2026\/01\/img_8964.png?fit=1024%2C670&ssl=1","width":1024,"height":670},{"@type":"BreadcrumbList","@id":"https:\/\/blogdobispo.com.br\/?p=18970#breadcrumb","itemListElement":[{"@type":"ListItem","position":1,"name":"In\u00edcio","item":"https:\/\/blogdobispo.com.br\/"},{"@type":"ListItem","position":2,"name":"Walter Alves comunica a F\u00e1tima que n\u00e3o assumir\u00e1 o governo e ser\u00e1 candidato \u00e0 deputado estadual"}]},{"@type":"WebSite","@id":"https:\/\/blogdobispo.com.br\/#website","url":"https:\/\/blogdobispo.com.br\/","name":"Blog do Bispo","description":"Comprometido apenas com o leitor","publisher":{"@id":"https:\/\/blogdobispo.com.br\/#organization"},"potentialAction":[{"@type":"SearchAction","target":{"@type":"EntryPoint","urlTemplate":"https:\/\/blogdobispo.com.br\/?s={search_term_string}"},"query-input":{"@type":"PropertyValueSpecification","valueRequired":true,"valueName":"search_term_string"}}],"inLanguage":"pt-BR"},{"@type":"Organization","@id":"https:\/\/blogdobispo.com.br\/#organization","name":"Blog do Bispo","url":"https:\/\/blogdobispo.com.br\/","logo":{"@type":"ImageObject","inLanguage":"pt-BR","@id":"https:\/\/blogdobispo.com.br\/#\/schema\/logo\/image\/","url":"http:\/\/blogdobispo.com.br\/wp-content\/uploads\/2023\/05\/cropped-headear.png","contentUrl":"http:\/\/blogdobispo.com.br\/wp-content\/uploads\/2023\/05\/cropped-headear.png","width":1500,"height":399,"caption":"Blog do Bispo"},"image":{"@id":"https:\/\/blogdobispo.com.br\/#\/schema\/logo\/image\/"}},{"@type":"Person","@id":"https:\/\/blogdobispo.com.br\/#\/schema\/person\/e2209cc0e6cea5c5233d033e997b373f","name":"Jefferson Sterfeno","image":{"@type":"ImageObject","inLanguage":"pt-BR","@id":"https:\/\/blogdobispo.com.br\/#\/schema\/person\/image\/","url":"https:\/\/secure.gravatar.com\/avatar\/0534e84764641168a677026b6d57a3f51dc7ac4db0b4f6186d9cb330d4ee1160?s=96&d=mm&r=g","contentUrl":"https:\/\/secure.gravatar.com\/avatar\/0534e84764641168a677026b6d57a3f51dc7ac4db0b4f6186d9cb330d4ee1160?s=96&d=mm&r=g","caption":"Jefferson Sterfeno"},"sameAs":["http:\/\/blogdobispo.com.br"],"url":"https:\/\/blogdobispo.com.br\/?author=1"}]}},"featured_image_urls":{"full":["https:\/\/i0.wp.com\/blogdobispo.com.br\/wp-content\/uploads\/2026\/01\/img_8964.png?fit=1024%2C670&ssl=1",1024,670,false],"thumbnail":["https:\/\/i0.wp.com\/blogdobispo.com.br\/wp-content\/uploads\/2026\/01\/img_8964.png?resize=150%2C150&ssl=1",150,150,true],"medium":["https:\/\/i0.wp.com\/blogdobispo.com.br\/wp-content\/uploads\/2026\/01\/img_8964.png?fit=300%2C196&ssl=1",300,196,true],"medium_large":["https:\/\/i0.wp.com\/blogdobispo.com.br\/wp-content\/uploads\/2026\/01\/img_8964.png?fit=768%2C503&ssl=1",768,503,true],"large":["https:\/\/i0.wp.com\/blogdobispo.com.br\/wp-content\/uploads\/2026\/01\/img_8964.png?fit=800%2C523&ssl=1",800,523,true],"1536x1536":["https:\/\/i0.wp.com\/blogdobispo.com.br\/wp-content\/uploads\/2026\/01\/img_8964.png?fit=1024%2C670&ssl=1",1024,670,true],"2048x2048":["https:\/\/i0.wp.com\/blogdobispo.com.br\/wp-content\/uploads\/2026\/01\/img_8964.png?fit=1024%2C670&ssl=1",1024,670,true]},"author_info":{"display_name":"Jefferson Sterfeno","author_link":"https:\/\/blogdobispo.com.br\/?author=1"},"category_info":"<a href=\"https:\/\/blogdobispo.com.br\/?cat=1\" rel=\"category\">diversos<\/a>","tag_info":"diversos","comment_count":"0","jetpack_featured_media_url":"https:\/\/i0.wp.com\/blogdobispo.com.br\/wp-content\/uploads\/2026\/01\/img_8964.png?fit=1024%2C670&ssl=1","jetpack_sharing_enabled":true,"_links":{"self":[{"href":"https:\/\/blogdobispo.com.br\/index.php?rest_route=\/wp\/v2\/posts\/18970","targetHints":{"allow":["GET"]}}],"collection":[{"href":"https:\/\/blogdobispo.com.br\/index.php?rest_route=\/wp\/v2\/posts"}],"about":[{"href":"https:\/\/blogdobispo.com.br\/index.php?rest_route=\/wp\/v2\/types\/post"}],"author":[{"embeddable":true,"href":"https:\/\/blogdobispo.com.br\/index.php?rest_route=\/wp\/v2\/users\/1"}],"replies":[{"embeddable":true,"href":"https:\/\/blogdobispo.com.br\/index.php?rest_route=%2Fwp%2Fv2%2Fcomments&post=18970"}],"version-history":[{"count":1,"href":"https:\/\/blogdobispo.com.br\/index.php?rest_route=\/wp\/v2\/posts\/18970\/revisions"}],"predecessor-version":[{"id":18976,"href":"https:\/\/blogdobispo.com.br\/index.php?rest_route=\/wp\/v2\/posts\/18970\/revisions\/18976"}],"wp:featuredmedia":[{"embeddable":true,"href":"https:\/\/blogdobispo.com.br\/index.php?rest_route=\/wp\/v2\/media\/18969"}],"wp:attachment":[{"href":"https:\/\/blogdobispo.com.br\/index.php?rest_route=%2Fwp%2Fv2%2Fmedia&parent=18970"}],"wp:term":[{"taxonomy":"category","embeddable":true,"href":"https:\/\/blogdobispo.com.br\/index.php?rest_route=%2Fwp%2Fv2%2Fcategories&post=18970"},{"taxonomy":"post_tag","embeddable":true,"href":"https:\/\/blogdobispo.com.br\/index.php?rest_route=%2Fwp%2Fv2%2Ftags&post=18970"}],"curies":[{"name":"wp","href":"https:\/\/api.w.org\/{rel}","templated":true}]}}