{"id":1889,"date":"2023-10-09T22:54:06","date_gmt":"2023-10-09T22:54:06","guid":{"rendered":"https:\/\/blogdobispo.com.br\/?p=1889"},"modified":"2023-10-09T22:54:06","modified_gmt":"2023-10-09T22:54:06","slug":"legislativo-prestigia-posse-do-7o-arcebispo-metropolitano-da-arquidiocese-de-natal","status":"publish","type":"post","link":"https:\/\/blogdobispo.com.br\/?p=1889","title":{"rendered":"Legislativo prestigia posse do 7\u00ba Arcebispo Metropolitano da Arquidiocese de Natal"},"content":{"rendered":"\n<figure class=\"wp-block-image size-large\"><img data-recalc-dims=\"1\" fetchpriority=\"high\" decoding=\"async\" width=\"800\" height=\"532\" src=\"https:\/\/i0.wp.com\/blogdobispo.com.br\/wp-content\/uploads\/2023\/10\/img_3216-1-1024x681.jpg?resize=800%2C532&#038;ssl=1\" class=\"wp-image-1888\" srcset=\"https:\/\/i0.wp.com\/blogdobispo.com.br\/wp-content\/uploads\/2023\/10\/img_3216-1-scaled.jpg?resize=1024%2C681&amp;ssl=1 1024w, https:\/\/i0.wp.com\/blogdobispo.com.br\/wp-content\/uploads\/2023\/10\/img_3216-1-scaled.jpg?resize=300%2C200&amp;ssl=1 300w, https:\/\/i0.wp.com\/blogdobispo.com.br\/wp-content\/uploads\/2023\/10\/img_3216-1-scaled.jpg?resize=768%2C511&amp;ssl=1 768w, https:\/\/i0.wp.com\/blogdobispo.com.br\/wp-content\/uploads\/2023\/10\/img_3216-1-scaled.jpg?resize=1536%2C1022&amp;ssl=1 1536w, https:\/\/i0.wp.com\/blogdobispo.com.br\/wp-content\/uploads\/2023\/10\/img_3216-1-scaled.jpg?resize=2048%2C1363&amp;ssl=1 2048w, https:\/\/i0.wp.com\/blogdobispo.com.br\/wp-content\/uploads\/2023\/10\/img_3216-1-scaled.jpg?w=1600 1600w, https:\/\/i0.wp.com\/blogdobispo.com.br\/wp-content\/uploads\/2023\/10\/img_3216-1-scaled.jpg?w=2400 2400w\" sizes=\"(max-width: 800px) 100vw, 800px\" \/><\/figure>\n\n\n\n<p>A Assembleia Legislativa do RN, representada pelo deputado estadual e presidente em exerc\u00edcio, Tomba Farias (PSBD), participou, na noite desta sexta-feira (6), da cerim\u00f4nia de Posse Can\u00f4nica do 7\u00ba Arcebispo Metropolitano da Arquidiocese de Natal, Dom Jo\u00e3o Santos Cardoso, ap\u00f3s ren\u00fancia do seu antecessor, Dom Jaime Vieira Rocha. O ato c\u00edvico-cultural aconteceu no Audit\u00f3rio da Escola de M\u00fasica da UFRN e contou com a presen\u00e7a dos deputados estaduais Ubaldo Fernandes (PSDB), Terezinha Maia (PL) e Divaneide Bas\u00edlio (PT), do deputado federal Fernando Mineiro (PT), de autoridades eclesi\u00e1sticas, representantes de \u00f3rg\u00e3os estaduais e municipais, al\u00e9m de membros da sociedade civil organizada.<\/p>\n\n\n\n<p>O Arcebispo substitu\u00eddo, Dom Jaime Vieira Rocha foi o primeiro a se pronunciar, proferindo palavras de gratid\u00e3o \u00e0 Igreja Cat\u00f3lica e de boas-vindas ao seu sucessor.<\/p>\n\n\n\n<p>\u201cN\u00f3s estamos muito felizes hoje para receber o nosso 7\u00ba Arcebispo de Natal. \u00c9 um momento \u00fanico e especial, em que devemos render gra\u00e7as a Deus. Sucess\u00e3o \u00e9 reabastecimento e revigoramento. \u00c9 a oportunidade de colocar sangue novo nas veias da Igreja, e isso \u00e9 muito importante. Portanto, vivemos um momento de muita esperan\u00e7a e alegria. Caro irm\u00e3o, Dom Jo\u00e3o, seja muito bem-vindo! Que Deus o favore\u00e7a!\u201d, destacou.&nbsp;<\/p>\n\n\n\n<p>Em seu pronunciamento, o presidente interino da Assembleia Legislativa do RN, Tomba Farias, frisou que \u201c\u00e9 uma grande honra estar representando o Legislativo Estadual, nesta noite\u201d.&nbsp;<\/p>\n\n\n\n<p>\u201cA nossa Casa Legislativa n\u00e3o \u00e9 apenas um lugar de elabora\u00e7\u00e3o de projetos e leis. Eu posso dizer, com toda certeza, que ao longo de sua hist\u00f3ria a Assembleia Legislativa tem exercido tamb\u00e9m um importante papel como porto seguro para os mais necessitados, dando voz a quem n\u00e3o tem e lutando a favor daqueles que t\u00eam fome e sede de Justi\u00e7a\u201d, disse Tomba Farias.<\/p>\n\n\n\n<p>Na sequ\u00eancia, o presidente em exerc\u00edcio agradeceu a Dom Jaime \u201cpor conduzir a Santa Madre Igreja, por mais de uma d\u00e9cada, com maestria, sabedoria e humildade\u201d.<\/p>\n\n\n\n<p>\u201cMuito obrigado, Dom Jaime. O senhor combateu o bom combate, sem nunca desistir de sua f\u00e9 em Deus\u201d, acrescentou.<\/p>\n\n\n\n<p>Em seguida, o parlamentar deu as boas-vindas ao novo Arcebispo Metropolitano da Arquidiocese de Natal, Dom Jo\u00e3o Santos Cardoso.<\/p>\n\n\n\n<p>\u201cSeja muito bem-vindo, Dom Jo\u00e3o! Desejo-lhe votos de um pastoreio prof\u00edcuo em nosso meio e lhe aguardo, junto com os outros irm\u00e3os na f\u00e9, no pr\u00f3ximo dia 12, no Santu\u00e1rio de Santa Rita, onde est\u00e1 a maior imagem cat\u00f3lica da Am\u00e9rica Latina e uma das maiores do mundo. L\u00e1 celebraremos a XIX Romaria da Gratid\u00e3o. Muito obrigado a todos os presentes e fiquem com Deus\u201d, concluiu.<\/p>\n\n\n\n<p>O novo Arcebispo de Natal, Dom Jo\u00e3o Santos Cardoso, disse sentir-se muito acolhido na sua chegada e \u201cfazendo parte de uma hist\u00f3ria t\u00e3o bonita que tem a igreja de Natal, cuja evangeliza\u00e7\u00e3o remonta aos tempos coloniais, fecundada pelo sangue dos santos m\u00e1rtires de Cunha\u00fa e Urua\u00e7u\u201d.&nbsp;<\/p>\n\n\n\n<p>\u201cEsta \u00e9 uma igreja que \u00e9 feita de santos, como o Padre Jo\u00e3o Maria. Hoje eu tive a oportunidade de visitar o monumento dedicado a ele, que teve uma grande preocupa\u00e7\u00e3o caritativa, especialmente com os mais pobres. Tudo isso mostra a preocupa\u00e7\u00e3o da igreja e o seu empenho aos mais esquecidos, e isso \u00e9 motivo de muito orgulho\u201d, enfatizou.<\/p>\n\n\n\n<p>Dom Jo\u00e3o Santos Cardoso agradeceu ainda a Dom Jaime, por suas palavras e pelo gesto de inseri-lo na igreja onde ir\u00e1 suced\u00ea-lo.&nbsp;<\/p>\n\n\n\n<p>\u201cPortanto, meus queridos irm\u00e3os e irm\u00e3s, eu agrade\u00e7o a presen\u00e7a de cada um, pela hospitalidade e por este momento que foi o meu batismo e inser\u00e7\u00e3o na realidade eclesial, social e pol\u00edtica desta igreja. Muito obrigado!\u201d, finalizou.<\/p>\n\n\n\n<p>A celebra\u00e7\u00e3o eucar\u00edstica, juntamente com o rito de posse, acontecer\u00e1 neste s\u00e1bado, \u00e0s 9h, na Catedral Metropolitana da capital.<\/p>\n","protected":false},"excerpt":{"rendered":"<p>A Assembleia Legislativa do RN, representada pelo deputado estadual e presidente em exerc\u00edcio, Tomba Farias (PSBD), participou, na noite desta sexta-feira (6), da cerim\u00f4nia de Posse Can\u00f4nica do 7\u00ba Arcebispo Metropolitano da Arquidiocese de Natal, Dom Jo\u00e3o Santos Cardoso, ap\u00f3s ren\u00fancia do seu antecessor, Dom Jaime Vieira Rocha. O ato c\u00edvico-cultural aconteceu no Audit\u00f3rio da [&hellip;]<\/p>\n","protected":false},"author":1,"featured_media":0,"comment_status":"open","ping_status":"open","sticky":false,"template":"","format":"standard","meta":{"cybocfi_hide_featured_image":"","_jetpack_memberships_contains_paid_content":false,"footnotes":""},"categories":[1],"tags":[],"class_list":["post-1889","post","type-post","status-publish","format-standard","hentry","category-diversos"],"yoast_head":"<!-- This site is optimized with the Yoast SEO plugin v25.6 - https:\/\/yoast.com\/wordpress\/plugins\/seo\/ -->\n<title>Legislativo prestigia posse do 7\u00ba Arcebispo Metropolitano da Arquidiocese de Natal - Blog do Bispo<\/title>\n<meta name=\"robots\" content=\"index, follow, max-snippet:-1, max-image-preview:large, max-video-preview:-1\" \/>\n<link rel=\"canonical\" href=\"https:\/\/blogdobispo.com.br\/?p=1889\" \/>\n<meta property=\"og:locale\" content=\"pt_BR\" \/>\n<meta property=\"og:type\" content=\"article\" \/>\n<meta property=\"og:title\" content=\"Legislativo prestigia posse do 7\u00ba Arcebispo Metropolitano da Arquidiocese de Natal - Blog do Bispo\" \/>\n<meta property=\"og:description\" content=\"A Assembleia Legislativa do RN, representada pelo deputado estadual e presidente em exerc\u00edcio, Tomba Farias (PSBD), participou, na noite desta sexta-feira (6), da cerim\u00f4nia de Posse Can\u00f4nica do 7\u00ba Arcebispo Metropolitano da Arquidiocese de Natal, Dom Jo\u00e3o Santos Cardoso, ap\u00f3s ren\u00fancia do seu antecessor, Dom Jaime Vieira Rocha. O ato c\u00edvico-cultural aconteceu no Audit\u00f3rio da [&hellip;]\" \/>\n<meta property=\"og:url\" content=\"https:\/\/blogdobispo.com.br\/?p=1889\" \/>\n<meta property=\"og:site_name\" content=\"Blog do Bispo\" \/>\n<meta property=\"article:published_time\" content=\"2023-10-09T22:54:06+00:00\" \/>\n<meta property=\"og:image\" content=\"https:\/\/blogdobispo.com.br\/wp-content\/uploads\/2023\/10\/img_3216-1-1024x681.jpg\" \/>\n<meta name=\"author\" content=\"Jefferson Sterfeno\" \/>\n<meta name=\"twitter:card\" content=\"summary_large_image\" \/>\n<meta name=\"twitter:label1\" content=\"Escrito por\" \/>\n\t<meta name=\"twitter:data1\" content=\"Jefferson Sterfeno\" \/>\n\t<meta name=\"twitter:label2\" content=\"Est. tempo de leitura\" \/>\n\t<meta name=\"twitter:data2\" content=\"3 minutos\" \/>\n<script type=\"application\/ld+json\" class=\"yoast-schema-graph\">{\"@context\":\"https:\/\/schema.org\",\"@graph\":[{\"@type\":\"Article\",\"@id\":\"https:\/\/blogdobispo.com.br\/?p=1889#article\",\"isPartOf\":{\"@id\":\"https:\/\/blogdobispo.com.br\/?p=1889\"},\"author\":{\"name\":\"Jefferson Sterfeno\",\"@id\":\"https:\/\/blogdobispo.com.br\/#\/schema\/person\/e2209cc0e6cea5c5233d033e997b373f\"},\"headline\":\"Legislativo prestigia posse do 7\u00ba Arcebispo Metropolitano da Arquidiocese de Natal\",\"datePublished\":\"2023-10-09T22:54:06+00:00\",\"mainEntityOfPage\":{\"@id\":\"https:\/\/blogdobispo.com.br\/?p=1889\"},\"wordCount\":660,\"commentCount\":0,\"publisher\":{\"@id\":\"https:\/\/blogdobispo.com.br\/#organization\"},\"image\":{\"@id\":\"https:\/\/blogdobispo.com.br\/?p=1889#primaryimage\"},\"thumbnailUrl\":\"https:\/\/blogdobispo.com.br\/wp-content\/uploads\/2023\/10\/img_3216-1-1024x681.jpg\",\"articleSection\":[\"diversos\"],\"inLanguage\":\"pt-BR\",\"potentialAction\":[{\"@type\":\"CommentAction\",\"name\":\"Comment\",\"target\":[\"https:\/\/blogdobispo.com.br\/?p=1889#respond\"]}]},{\"@type\":\"WebPage\",\"@id\":\"https:\/\/blogdobispo.com.br\/?p=1889\",\"url\":\"https:\/\/blogdobispo.com.br\/?p=1889\",\"name\":\"Legislativo prestigia posse do 7\u00ba Arcebispo Metropolitano da Arquidiocese de Natal - Blog do Bispo\",\"isPartOf\":{\"@id\":\"https:\/\/blogdobispo.com.br\/#website\"},\"primaryImageOfPage\":{\"@id\":\"https:\/\/blogdobispo.com.br\/?p=1889#primaryimage\"},\"image\":{\"@id\":\"https:\/\/blogdobispo.com.br\/?p=1889#primaryimage\"},\"thumbnailUrl\":\"https:\/\/blogdobispo.com.br\/wp-content\/uploads\/2023\/10\/img_3216-1-1024x681.jpg\",\"datePublished\":\"2023-10-09T22:54:06+00:00\",\"breadcrumb\":{\"@id\":\"https:\/\/blogdobispo.com.br\/?p=1889#breadcrumb\"},\"inLanguage\":\"pt-BR\",\"potentialAction\":[{\"@type\":\"ReadAction\",\"target\":[\"https:\/\/blogdobispo.com.br\/?p=1889\"]}]},{\"@type\":\"ImageObject\",\"inLanguage\":\"pt-BR\",\"@id\":\"https:\/\/blogdobispo.com.br\/?p=1889#primaryimage\",\"url\":\"https:\/\/blogdobispo.com.br\/wp-content\/uploads\/2023\/10\/img_3216-1-1024x681.jpg\",\"contentUrl\":\"https:\/\/blogdobispo.com.br\/wp-content\/uploads\/2023\/10\/img_3216-1-1024x681.jpg\"},{\"@type\":\"BreadcrumbList\",\"@id\":\"https:\/\/blogdobispo.com.br\/?p=1889#breadcrumb\",\"itemListElement\":[{\"@type\":\"ListItem\",\"position\":1,\"name\":\"In\u00edcio\",\"item\":\"https:\/\/blogdobispo.com.br\/\"},{\"@type\":\"ListItem\",\"position\":2,\"name\":\"Legislativo prestigia posse do 7\u00ba Arcebispo Metropolitano da Arquidiocese de Natal\"}]},{\"@type\":\"WebSite\",\"@id\":\"https:\/\/blogdobispo.com.br\/#website\",\"url\":\"https:\/\/blogdobispo.com.br\/\",\"name\":\"Blog do Bispo\",\"description\":\"Comprometido apenas com o leitor\",\"publisher\":{\"@id\":\"https:\/\/blogdobispo.com.br\/#organization\"},\"potentialAction\":[{\"@type\":\"SearchAction\",\"target\":{\"@type\":\"EntryPoint\",\"urlTemplate\":\"https:\/\/blogdobispo.com.br\/?s={search_term_string}\"},\"query-input\":{\"@type\":\"PropertyValueSpecification\",\"valueRequired\":true,\"valueName\":\"search_term_string\"}}],\"inLanguage\":\"pt-BR\"},{\"@type\":\"Organization\",\"@id\":\"https:\/\/blogdobispo.com.br\/#organization\",\"name\":\"Blog do Bispo\",\"url\":\"https:\/\/blogdobispo.com.br\/\",\"logo\":{\"@type\":\"ImageObject\",\"inLanguage\":\"pt-BR\",\"@id\":\"https:\/\/blogdobispo.com.br\/#\/schema\/logo\/image\/\",\"url\":\"http:\/\/blogdobispo.com.br\/wp-content\/uploads\/2023\/05\/cropped-headear.png\",\"contentUrl\":\"http:\/\/blogdobispo.com.br\/wp-content\/uploads\/2023\/05\/cropped-headear.png\",\"width\":1500,\"height\":399,\"caption\":\"Blog do Bispo\"},\"image\":{\"@id\":\"https:\/\/blogdobispo.com.br\/#\/schema\/logo\/image\/\"}},{\"@type\":\"Person\",\"@id\":\"https:\/\/blogdobispo.com.br\/#\/schema\/person\/e2209cc0e6cea5c5233d033e997b373f\",\"name\":\"Jefferson Sterfeno\",\"image\":{\"@type\":\"ImageObject\",\"inLanguage\":\"pt-BR\",\"@id\":\"https:\/\/blogdobispo.com.br\/#\/schema\/person\/image\/\",\"url\":\"https:\/\/secure.gravatar.com\/avatar\/0534e84764641168a677026b6d57a3f51dc7ac4db0b4f6186d9cb330d4ee1160?s=96&d=mm&r=g\",\"contentUrl\":\"https:\/\/secure.gravatar.com\/avatar\/0534e84764641168a677026b6d57a3f51dc7ac4db0b4f6186d9cb330d4ee1160?s=96&d=mm&r=g\",\"caption\":\"Jefferson Sterfeno\"},\"sameAs\":[\"http:\/\/blogdobispo.com.br\"],\"url\":\"https:\/\/blogdobispo.com.br\/?author=1\"}]}<\/script>\n<!-- \/ Yoast SEO plugin. -->","yoast_head_json":{"title":"Legislativo prestigia posse do 7\u00ba Arcebispo Metropolitano da Arquidiocese de Natal - Blog do Bispo","robots":{"index":"index","follow":"follow","max-snippet":"max-snippet:-1","max-image-preview":"max-image-preview:large","max-video-preview":"max-video-preview:-1"},"canonical":"https:\/\/blogdobispo.com.br\/?p=1889","og_locale":"pt_BR","og_type":"article","og_title":"Legislativo prestigia posse do 7\u00ba Arcebispo Metropolitano da Arquidiocese de Natal - Blog do Bispo","og_description":"A Assembleia Legislativa do RN, representada pelo deputado estadual e presidente em exerc\u00edcio, Tomba Farias (PSBD), participou, na noite desta sexta-feira (6), da cerim\u00f4nia de Posse Can\u00f4nica do 7\u00ba Arcebispo Metropolitano da Arquidiocese de Natal, Dom Jo\u00e3o Santos Cardoso, ap\u00f3s ren\u00fancia do seu antecessor, Dom Jaime Vieira Rocha. O ato c\u00edvico-cultural aconteceu no Audit\u00f3rio da [&hellip;]","og_url":"https:\/\/blogdobispo.com.br\/?p=1889","og_site_name":"Blog do Bispo","article_published_time":"2023-10-09T22:54:06+00:00","og_image":[{"url":"https:\/\/blogdobispo.com.br\/wp-content\/uploads\/2023\/10\/img_3216-1-1024x681.jpg","type":"","width":"","height":""}],"author":"Jefferson Sterfeno","twitter_card":"summary_large_image","twitter_misc":{"Escrito por":"Jefferson Sterfeno","Est. tempo de leitura":"3 minutos"},"schema":{"@context":"https:\/\/schema.org","@graph":[{"@type":"Article","@id":"https:\/\/blogdobispo.com.br\/?p=1889#article","isPartOf":{"@id":"https:\/\/blogdobispo.com.br\/?p=1889"},"author":{"name":"Jefferson Sterfeno","@id":"https:\/\/blogdobispo.com.br\/#\/schema\/person\/e2209cc0e6cea5c5233d033e997b373f"},"headline":"Legislativo prestigia posse do 7\u00ba Arcebispo Metropolitano da Arquidiocese de Natal","datePublished":"2023-10-09T22:54:06+00:00","mainEntityOfPage":{"@id":"https:\/\/blogdobispo.com.br\/?p=1889"},"wordCount":660,"commentCount":0,"publisher":{"@id":"https:\/\/blogdobispo.com.br\/#organization"},"image":{"@id":"https:\/\/blogdobispo.com.br\/?p=1889#primaryimage"},"thumbnailUrl":"https:\/\/blogdobispo.com.br\/wp-content\/uploads\/2023\/10\/img_3216-1-1024x681.jpg","articleSection":["diversos"],"inLanguage":"pt-BR","potentialAction":[{"@type":"CommentAction","name":"Comment","target":["https:\/\/blogdobispo.com.br\/?p=1889#respond"]}]},{"@type":"WebPage","@id":"https:\/\/blogdobispo.com.br\/?p=1889","url":"https:\/\/blogdobispo.com.br\/?p=1889","name":"Legislativo prestigia posse do 7\u00ba Arcebispo Metropolitano da Arquidiocese de Natal - Blog do Bispo","isPartOf":{"@id":"https:\/\/blogdobispo.com.br\/#website"},"primaryImageOfPage":{"@id":"https:\/\/blogdobispo.com.br\/?p=1889#primaryimage"},"image":{"@id":"https:\/\/blogdobispo.com.br\/?p=1889#primaryimage"},"thumbnailUrl":"https:\/\/blogdobispo.com.br\/wp-content\/uploads\/2023\/10\/img_3216-1-1024x681.jpg","datePublished":"2023-10-09T22:54:06+00:00","breadcrumb":{"@id":"https:\/\/blogdobispo.com.br\/?p=1889#breadcrumb"},"inLanguage":"pt-BR","potentialAction":[{"@type":"ReadAction","target":["https:\/\/blogdobispo.com.br\/?p=1889"]}]},{"@type":"ImageObject","inLanguage":"pt-BR","@id":"https:\/\/blogdobispo.com.br\/?p=1889#primaryimage","url":"https:\/\/blogdobispo.com.br\/wp-content\/uploads\/2023\/10\/img_3216-1-1024x681.jpg","contentUrl":"https:\/\/blogdobispo.com.br\/wp-content\/uploads\/2023\/10\/img_3216-1-1024x681.jpg"},{"@type":"BreadcrumbList","@id":"https:\/\/blogdobispo.com.br\/?p=1889#breadcrumb","itemListElement":[{"@type":"ListItem","position":1,"name":"In\u00edcio","item":"https:\/\/blogdobispo.com.br\/"},{"@type":"ListItem","position":2,"name":"Legislativo prestigia posse do 7\u00ba Arcebispo Metropolitano da Arquidiocese de Natal"}]},{"@type":"WebSite","@id":"https:\/\/blogdobispo.com.br\/#website","url":"https:\/\/blogdobispo.com.br\/","name":"Blog do Bispo","description":"Comprometido apenas com o leitor","publisher":{"@id":"https:\/\/blogdobispo.com.br\/#organization"},"potentialAction":[{"@type":"SearchAction","target":{"@type":"EntryPoint","urlTemplate":"https:\/\/blogdobispo.com.br\/?s={search_term_string}"},"query-input":{"@type":"PropertyValueSpecification","valueRequired":true,"valueName":"search_term_string"}}],"inLanguage":"pt-BR"},{"@type":"Organization","@id":"https:\/\/blogdobispo.com.br\/#organization","name":"Blog do Bispo","url":"https:\/\/blogdobispo.com.br\/","logo":{"@type":"ImageObject","inLanguage":"pt-BR","@id":"https:\/\/blogdobispo.com.br\/#\/schema\/logo\/image\/","url":"http:\/\/blogdobispo.com.br\/wp-content\/uploads\/2023\/05\/cropped-headear.png","contentUrl":"http:\/\/blogdobispo.com.br\/wp-content\/uploads\/2023\/05\/cropped-headear.png","width":1500,"height":399,"caption":"Blog do Bispo"},"image":{"@id":"https:\/\/blogdobispo.com.br\/#\/schema\/logo\/image\/"}},{"@type":"Person","@id":"https:\/\/blogdobispo.com.br\/#\/schema\/person\/e2209cc0e6cea5c5233d033e997b373f","name":"Jefferson Sterfeno","image":{"@type":"ImageObject","inLanguage":"pt-BR","@id":"https:\/\/blogdobispo.com.br\/#\/schema\/person\/image\/","url":"https:\/\/secure.gravatar.com\/avatar\/0534e84764641168a677026b6d57a3f51dc7ac4db0b4f6186d9cb330d4ee1160?s=96&d=mm&r=g","contentUrl":"https:\/\/secure.gravatar.com\/avatar\/0534e84764641168a677026b6d57a3f51dc7ac4db0b4f6186d9cb330d4ee1160?s=96&d=mm&r=g","caption":"Jefferson Sterfeno"},"sameAs":["http:\/\/blogdobispo.com.br"],"url":"https:\/\/blogdobispo.com.br\/?author=1"}]}},"featured_image_urls":{"full":"","thumbnail":"","medium":"","medium_large":"","large":"","1536x1536":"","2048x2048":""},"author_info":{"display_name":"Jefferson Sterfeno","author_link":"https:\/\/blogdobispo.com.br\/?author=1"},"category_info":"<a href=\"https:\/\/blogdobispo.com.br\/?cat=1\" rel=\"category\">diversos<\/a>","tag_info":"diversos","comment_count":"0","jetpack_featured_media_url":"","jetpack_sharing_enabled":true,"_links":{"self":[{"href":"https:\/\/blogdobispo.com.br\/index.php?rest_route=\/wp\/v2\/posts\/1889","targetHints":{"allow":["GET"]}}],"collection":[{"href":"https:\/\/blogdobispo.com.br\/index.php?rest_route=\/wp\/v2\/posts"}],"about":[{"href":"https:\/\/blogdobispo.com.br\/index.php?rest_route=\/wp\/v2\/types\/post"}],"author":[{"embeddable":true,"href":"https:\/\/blogdobispo.com.br\/index.php?rest_route=\/wp\/v2\/users\/1"}],"replies":[{"embeddable":true,"href":"https:\/\/blogdobispo.com.br\/index.php?rest_route=%2Fwp%2Fv2%2Fcomments&post=1889"}],"version-history":[{"count":0,"href":"https:\/\/blogdobispo.com.br\/index.php?rest_route=\/wp\/v2\/posts\/1889\/revisions"}],"wp:attachment":[{"href":"https:\/\/blogdobispo.com.br\/index.php?rest_route=%2Fwp%2Fv2%2Fmedia&parent=1889"}],"wp:term":[{"taxonomy":"category","embeddable":true,"href":"https:\/\/blogdobispo.com.br\/index.php?rest_route=%2Fwp%2Fv2%2Fcategories&post=1889"},{"taxonomy":"post_tag","embeddable":true,"href":"https:\/\/blogdobispo.com.br\/index.php?rest_route=%2Fwp%2Fv2%2Ftags&post=1889"}],"curies":[{"name":"wp","href":"https:\/\/api.w.org\/{rel}","templated":true}]}}