{"id":18846,"date":"2025-12-18T13:52:12","date_gmt":"2025-12-18T13:52:12","guid":{"rendered":"https:\/\/blogdobispo.com.br\/?p=18846"},"modified":"2025-12-18T13:52:12","modified_gmt":"2025-12-18T13:52:12","slug":"fecam-rn-realiza-confraternizacao-e-anuncia-entrega-da-comenda-joana-bessa","status":"publish","type":"post","link":"https:\/\/blogdobispo.com.br\/?p=18846","title":{"rendered":"FECAM\/RN realiza confraterniza\u00e7\u00e3o e anuncia entrega da Comenda Joana Bessa"},"content":{"rendered":"<h4 class=\"pb-2 tituloNoticia\"><img data-recalc-dims=\"1\" decoding=\"async\" class=\"alignnone size-medium wp-image-18847\" src=\"https:\/\/i0.wp.com\/blogdobispo.com.br\/wp-content\/uploads\/2025\/12\/8f268691c069e9207f67a65235cf5ee0.webp?resize=300%2C142\" alt=\"\" width=\"300\" height=\"142\" srcset=\"https:\/\/i0.wp.com\/blogdobispo.com.br\/wp-content\/uploads\/2025\/12\/8f268691c069e9207f67a65235cf5ee0.webp?resize=300%2C142&amp;ssl=1 300w, https:\/\/i0.wp.com\/blogdobispo.com.br\/wp-content\/uploads\/2025\/12\/8f268691c069e9207f67a65235cf5ee0.webp?w=750&amp;ssl=1 750w\" sizes=\"(max-width: 300px) 100vw, 300px\" \/><\/h4>\n<p>Sob a lideran\u00e7a do presidente da Federa\u00e7\u00e3o das C\u00e2maras Municipais do Rio Grande do Norte (FECAM\/RN) e da C\u00e2mara Municipal de Natal, vereador Eriko J\u00e1come, e da diretora da FECAM\/RN, Erineide S\u00e1, a Federa\u00e7\u00e3o realizou, na quarta-feira (17), uma confraterniza\u00e7\u00e3o que reuniu centenas de vereadores e presidentes de C\u00e2maras Municipais de todo o estado.<\/p>\n<p>O encontro marcou mais um momento de integra\u00e7\u00e3o, fortalecimento institucional e di\u00e1logo entre os Legislativos municipais, reafirmando o compromisso da atual gest\u00e3o da FECAM\/RN com a valoriza\u00e7\u00e3o do municipalismo e o fortalecimento das C\u00e2maras Municipais.<\/p>\n<p>A confraterniza\u00e7\u00e3o contou com a presen\u00e7a do prefeito de Natal, Paulinho Freire, da secret\u00e1ria municipal do Trabalho e da Assist\u00eancia Social, Nina Souza, al\u00e9m de autoridades pol\u00edticas e representantes institucionais de diversas regi\u00f5es do Rio Grande do Norte.<\/p>\n<p>Durante o evento, Eriko J\u00e1come destacou a import\u00e2ncia da uni\u00e3o entre os Legislativos municipais. \u201cNosso objetivo \u00e0 frente da FECAM\/RN \u00e9 aproximar as C\u00e2maras, fortalecer os vereadores e construir um Legislativo cada vez mais preparado para servir \u00e0 popula\u00e7\u00e3o. Momentos como este refor\u00e7am a uni\u00e3o e o trabalho coletivo que temos realizado em todo o estado\u201d, afirmou.<\/p>\n<p>Na ocasi\u00e3o, tamb\u00e9m foi anunciada a solenidade de entrega da Comenda Joana Bessa, honraria criada durante assembleia da Federa\u00e7\u00e3o e que leva o nome da primeira mulher eleita vereadora no Rio Grande do Norte. A comenda ser\u00e1 concedida a autoridades que se destacam por relevantes servi\u00e7os prestados ao fortalecimento do Poder Legislativo Municipal.<\/p>\n<p>A entrega da Comenda Joana Bessa acontecer\u00e1 no dia 10 de fevereiro, durante solenidade oficial da FECAM\/RN. Ap\u00f3s a cerim\u00f4nia, ser\u00e1 realizada uma nova confraterniza\u00e7\u00e3o, marcando a celebra\u00e7\u00e3o do trabalho desenvolvido pela Federa\u00e7\u00e3o ao longo do per\u00edodo.<\/p>\n","protected":false},"excerpt":{"rendered":"<p>Sob a lideran\u00e7a do presidente da Federa\u00e7\u00e3o das C\u00e2maras Municipais do Rio Grande do Norte (FECAM\/RN) e da C\u00e2mara Municipal de Natal, vereador Eriko J\u00e1come, e da diretora da FECAM\/RN, Erineide S\u00e1, a Federa\u00e7\u00e3o realizou, na quarta-feira (17), uma confraterniza\u00e7\u00e3o que reuniu centenas de vereadores e presidentes de C\u00e2maras Municipais de todo o estado. O [&hellip;]<\/p>\n","protected":false},"author":1,"featured_media":18847,"comment_status":"open","ping_status":"open","sticky":false,"template":"","format":"standard","meta":{"cybocfi_hide_featured_image":"","_jetpack_memberships_contains_paid_content":false,"footnotes":""},"categories":[1],"tags":[],"class_list":["post-18846","post","type-post","status-publish","format-standard","has-post-thumbnail","hentry","category-diversos"],"yoast_head":"<!-- This site is optimized with the Yoast SEO plugin v25.6 - https:\/\/yoast.com\/wordpress\/plugins\/seo\/ -->\n<title>FECAM\/RN realiza confraterniza\u00e7\u00e3o e anuncia entrega da Comenda Joana Bessa - Blog do Bispo<\/title>\n<meta name=\"robots\" content=\"index, follow, max-snippet:-1, max-image-preview:large, max-video-preview:-1\" \/>\n<link rel=\"canonical\" href=\"https:\/\/blogdobispo.com.br\/?p=18846\" \/>\n<meta property=\"og:locale\" content=\"pt_BR\" \/>\n<meta property=\"og:type\" content=\"article\" \/>\n<meta property=\"og:title\" content=\"FECAM\/RN realiza confraterniza\u00e7\u00e3o e anuncia entrega da Comenda Joana Bessa - Blog do Bispo\" \/>\n<meta property=\"og:description\" content=\"Sob a lideran\u00e7a do presidente da Federa\u00e7\u00e3o das C\u00e2maras Municipais do Rio Grande do Norte (FECAM\/RN) e da C\u00e2mara Municipal de Natal, vereador Eriko J\u00e1come, e da diretora da FECAM\/RN, Erineide S\u00e1, a Federa\u00e7\u00e3o realizou, na quarta-feira (17), uma confraterniza\u00e7\u00e3o que reuniu centenas de vereadores e presidentes de C\u00e2maras Municipais de todo o estado. O [&hellip;]\" \/>\n<meta property=\"og:url\" content=\"https:\/\/blogdobispo.com.br\/?p=18846\" \/>\n<meta property=\"og:site_name\" content=\"Blog do Bispo\" \/>\n<meta property=\"article:published_time\" content=\"2025-12-18T13:52:12+00:00\" \/>\n<meta property=\"og:image\" content=\"http:\/\/blogdobispo.com.br\/wp-content\/uploads\/2025\/12\/8f268691c069e9207f67a65235cf5ee0.webp\" \/>\n\t<meta property=\"og:image:width\" content=\"750\" \/>\n\t<meta property=\"og:image:height\" content=\"355\" \/>\n\t<meta property=\"og:image:type\" content=\"image\/webp\" \/>\n<meta name=\"author\" content=\"Jefferson Sterfeno\" \/>\n<meta name=\"twitter:card\" content=\"summary_large_image\" \/>\n<meta name=\"twitter:label1\" content=\"Escrito por\" \/>\n\t<meta name=\"twitter:data1\" content=\"Jefferson Sterfeno\" \/>\n\t<meta name=\"twitter:label2\" content=\"Est. tempo de leitura\" \/>\n\t<meta name=\"twitter:data2\" content=\"2 minutos\" \/>\n<script type=\"application\/ld+json\" class=\"yoast-schema-graph\">{\"@context\":\"https:\/\/schema.org\",\"@graph\":[{\"@type\":\"Article\",\"@id\":\"https:\/\/blogdobispo.com.br\/?p=18846#article\",\"isPartOf\":{\"@id\":\"https:\/\/blogdobispo.com.br\/?p=18846\"},\"author\":{\"name\":\"Jefferson Sterfeno\",\"@id\":\"https:\/\/blogdobispo.com.br\/#\/schema\/person\/e2209cc0e6cea5c5233d033e997b373f\"},\"headline\":\"FECAM\/RN realiza confraterniza\u00e7\u00e3o e anuncia entrega da Comenda Joana Bessa\",\"datePublished\":\"2025-12-18T13:52:12+00:00\",\"mainEntityOfPage\":{\"@id\":\"https:\/\/blogdobispo.com.br\/?p=18846\"},\"wordCount\":323,\"commentCount\":0,\"publisher\":{\"@id\":\"https:\/\/blogdobispo.com.br\/#organization\"},\"image\":{\"@id\":\"https:\/\/blogdobispo.com.br\/?p=18846#primaryimage\"},\"thumbnailUrl\":\"https:\/\/i0.wp.com\/blogdobispo.com.br\/wp-content\/uploads\/2025\/12\/8f268691c069e9207f67a65235cf5ee0.webp?fit=750%2C355&ssl=1\",\"articleSection\":[\"diversos\"],\"inLanguage\":\"pt-BR\",\"potentialAction\":[{\"@type\":\"CommentAction\",\"name\":\"Comment\",\"target\":[\"https:\/\/blogdobispo.com.br\/?p=18846#respond\"]}]},{\"@type\":\"WebPage\",\"@id\":\"https:\/\/blogdobispo.com.br\/?p=18846\",\"url\":\"https:\/\/blogdobispo.com.br\/?p=18846\",\"name\":\"FECAM\/RN realiza confraterniza\u00e7\u00e3o e anuncia entrega da Comenda Joana Bessa - Blog do Bispo\",\"isPartOf\":{\"@id\":\"https:\/\/blogdobispo.com.br\/#website\"},\"primaryImageOfPage\":{\"@id\":\"https:\/\/blogdobispo.com.br\/?p=18846#primaryimage\"},\"image\":{\"@id\":\"https:\/\/blogdobispo.com.br\/?p=18846#primaryimage\"},\"thumbnailUrl\":\"https:\/\/i0.wp.com\/blogdobispo.com.br\/wp-content\/uploads\/2025\/12\/8f268691c069e9207f67a65235cf5ee0.webp?fit=750%2C355&ssl=1\",\"datePublished\":\"2025-12-18T13:52:12+00:00\",\"breadcrumb\":{\"@id\":\"https:\/\/blogdobispo.com.br\/?p=18846#breadcrumb\"},\"inLanguage\":\"pt-BR\",\"potentialAction\":[{\"@type\":\"ReadAction\",\"target\":[\"https:\/\/blogdobispo.com.br\/?p=18846\"]}]},{\"@type\":\"ImageObject\",\"inLanguage\":\"pt-BR\",\"@id\":\"https:\/\/blogdobispo.com.br\/?p=18846#primaryimage\",\"url\":\"https:\/\/i0.wp.com\/blogdobispo.com.br\/wp-content\/uploads\/2025\/12\/8f268691c069e9207f67a65235cf5ee0.webp?fit=750%2C355&ssl=1\",\"contentUrl\":\"https:\/\/i0.wp.com\/blogdobispo.com.br\/wp-content\/uploads\/2025\/12\/8f268691c069e9207f67a65235cf5ee0.webp?fit=750%2C355&ssl=1\",\"width\":750,\"height\":355},{\"@type\":\"BreadcrumbList\",\"@id\":\"https:\/\/blogdobispo.com.br\/?p=18846#breadcrumb\",\"itemListElement\":[{\"@type\":\"ListItem\",\"position\":1,\"name\":\"In\u00edcio\",\"item\":\"https:\/\/blogdobispo.com.br\/\"},{\"@type\":\"ListItem\",\"position\":2,\"name\":\"FECAM\/RN realiza confraterniza\u00e7\u00e3o e anuncia entrega da Comenda Joana Bessa\"}]},{\"@type\":\"WebSite\",\"@id\":\"https:\/\/blogdobispo.com.br\/#website\",\"url\":\"https:\/\/blogdobispo.com.br\/\",\"name\":\"Blog do Bispo\",\"description\":\"Comprometido apenas com o leitor\",\"publisher\":{\"@id\":\"https:\/\/blogdobispo.com.br\/#organization\"},\"potentialAction\":[{\"@type\":\"SearchAction\",\"target\":{\"@type\":\"EntryPoint\",\"urlTemplate\":\"https:\/\/blogdobispo.com.br\/?s={search_term_string}\"},\"query-input\":{\"@type\":\"PropertyValueSpecification\",\"valueRequired\":true,\"valueName\":\"search_term_string\"}}],\"inLanguage\":\"pt-BR\"},{\"@type\":\"Organization\",\"@id\":\"https:\/\/blogdobispo.com.br\/#organization\",\"name\":\"Blog do Bispo\",\"url\":\"https:\/\/blogdobispo.com.br\/\",\"logo\":{\"@type\":\"ImageObject\",\"inLanguage\":\"pt-BR\",\"@id\":\"https:\/\/blogdobispo.com.br\/#\/schema\/logo\/image\/\",\"url\":\"http:\/\/blogdobispo.com.br\/wp-content\/uploads\/2023\/05\/cropped-headear.png\",\"contentUrl\":\"http:\/\/blogdobispo.com.br\/wp-content\/uploads\/2023\/05\/cropped-headear.png\",\"width\":1500,\"height\":399,\"caption\":\"Blog do Bispo\"},\"image\":{\"@id\":\"https:\/\/blogdobispo.com.br\/#\/schema\/logo\/image\/\"}},{\"@type\":\"Person\",\"@id\":\"https:\/\/blogdobispo.com.br\/#\/schema\/person\/e2209cc0e6cea5c5233d033e997b373f\",\"name\":\"Jefferson Sterfeno\",\"image\":{\"@type\":\"ImageObject\",\"inLanguage\":\"pt-BR\",\"@id\":\"https:\/\/blogdobispo.com.br\/#\/schema\/person\/image\/\",\"url\":\"https:\/\/secure.gravatar.com\/avatar\/0534e84764641168a677026b6d57a3f51dc7ac4db0b4f6186d9cb330d4ee1160?s=96&d=mm&r=g\",\"contentUrl\":\"https:\/\/secure.gravatar.com\/avatar\/0534e84764641168a677026b6d57a3f51dc7ac4db0b4f6186d9cb330d4ee1160?s=96&d=mm&r=g\",\"caption\":\"Jefferson Sterfeno\"},\"sameAs\":[\"http:\/\/blogdobispo.com.br\"],\"url\":\"https:\/\/blogdobispo.com.br\/?author=1\"}]}<\/script>\n<!-- \/ Yoast SEO plugin. -->","yoast_head_json":{"title":"FECAM\/RN realiza confraterniza\u00e7\u00e3o e anuncia entrega da Comenda Joana Bessa - Blog do Bispo","robots":{"index":"index","follow":"follow","max-snippet":"max-snippet:-1","max-image-preview":"max-image-preview:large","max-video-preview":"max-video-preview:-1"},"canonical":"https:\/\/blogdobispo.com.br\/?p=18846","og_locale":"pt_BR","og_type":"article","og_title":"FECAM\/RN realiza confraterniza\u00e7\u00e3o e anuncia entrega da Comenda Joana Bessa - Blog do Bispo","og_description":"Sob a lideran\u00e7a do presidente da Federa\u00e7\u00e3o das C\u00e2maras Municipais do Rio Grande do Norte (FECAM\/RN) e da C\u00e2mara Municipal de Natal, vereador Eriko J\u00e1come, e da diretora da FECAM\/RN, Erineide S\u00e1, a Federa\u00e7\u00e3o realizou, na quarta-feira (17), uma confraterniza\u00e7\u00e3o que reuniu centenas de vereadores e presidentes de C\u00e2maras Municipais de todo o estado. O [&hellip;]","og_url":"https:\/\/blogdobispo.com.br\/?p=18846","og_site_name":"Blog do Bispo","article_published_time":"2025-12-18T13:52:12+00:00","og_image":[{"width":750,"height":355,"url":"http:\/\/blogdobispo.com.br\/wp-content\/uploads\/2025\/12\/8f268691c069e9207f67a65235cf5ee0.webp","type":"image\/webp"}],"author":"Jefferson Sterfeno","twitter_card":"summary_large_image","twitter_misc":{"Escrito por":"Jefferson Sterfeno","Est. tempo de leitura":"2 minutos"},"schema":{"@context":"https:\/\/schema.org","@graph":[{"@type":"Article","@id":"https:\/\/blogdobispo.com.br\/?p=18846#article","isPartOf":{"@id":"https:\/\/blogdobispo.com.br\/?p=18846"},"author":{"name":"Jefferson Sterfeno","@id":"https:\/\/blogdobispo.com.br\/#\/schema\/person\/e2209cc0e6cea5c5233d033e997b373f"},"headline":"FECAM\/RN realiza confraterniza\u00e7\u00e3o e anuncia entrega da Comenda Joana Bessa","datePublished":"2025-12-18T13:52:12+00:00","mainEntityOfPage":{"@id":"https:\/\/blogdobispo.com.br\/?p=18846"},"wordCount":323,"commentCount":0,"publisher":{"@id":"https:\/\/blogdobispo.com.br\/#organization"},"image":{"@id":"https:\/\/blogdobispo.com.br\/?p=18846#primaryimage"},"thumbnailUrl":"https:\/\/i0.wp.com\/blogdobispo.com.br\/wp-content\/uploads\/2025\/12\/8f268691c069e9207f67a65235cf5ee0.webp?fit=750%2C355&ssl=1","articleSection":["diversos"],"inLanguage":"pt-BR","potentialAction":[{"@type":"CommentAction","name":"Comment","target":["https:\/\/blogdobispo.com.br\/?p=18846#respond"]}]},{"@type":"WebPage","@id":"https:\/\/blogdobispo.com.br\/?p=18846","url":"https:\/\/blogdobispo.com.br\/?p=18846","name":"FECAM\/RN realiza confraterniza\u00e7\u00e3o e anuncia entrega da Comenda Joana Bessa - Blog do Bispo","isPartOf":{"@id":"https:\/\/blogdobispo.com.br\/#website"},"primaryImageOfPage":{"@id":"https:\/\/blogdobispo.com.br\/?p=18846#primaryimage"},"image":{"@id":"https:\/\/blogdobispo.com.br\/?p=18846#primaryimage"},"thumbnailUrl":"https:\/\/i0.wp.com\/blogdobispo.com.br\/wp-content\/uploads\/2025\/12\/8f268691c069e9207f67a65235cf5ee0.webp?fit=750%2C355&ssl=1","datePublished":"2025-12-18T13:52:12+00:00","breadcrumb":{"@id":"https:\/\/blogdobispo.com.br\/?p=18846#breadcrumb"},"inLanguage":"pt-BR","potentialAction":[{"@type":"ReadAction","target":["https:\/\/blogdobispo.com.br\/?p=18846"]}]},{"@type":"ImageObject","inLanguage":"pt-BR","@id":"https:\/\/blogdobispo.com.br\/?p=18846#primaryimage","url":"https:\/\/i0.wp.com\/blogdobispo.com.br\/wp-content\/uploads\/2025\/12\/8f268691c069e9207f67a65235cf5ee0.webp?fit=750%2C355&ssl=1","contentUrl":"https:\/\/i0.wp.com\/blogdobispo.com.br\/wp-content\/uploads\/2025\/12\/8f268691c069e9207f67a65235cf5ee0.webp?fit=750%2C355&ssl=1","width":750,"height":355},{"@type":"BreadcrumbList","@id":"https:\/\/blogdobispo.com.br\/?p=18846#breadcrumb","itemListElement":[{"@type":"ListItem","position":1,"name":"In\u00edcio","item":"https:\/\/blogdobispo.com.br\/"},{"@type":"ListItem","position":2,"name":"FECAM\/RN realiza confraterniza\u00e7\u00e3o e anuncia entrega da Comenda Joana Bessa"}]},{"@type":"WebSite","@id":"https:\/\/blogdobispo.com.br\/#website","url":"https:\/\/blogdobispo.com.br\/","name":"Blog do Bispo","description":"Comprometido apenas com o leitor","publisher":{"@id":"https:\/\/blogdobispo.com.br\/#organization"},"potentialAction":[{"@type":"SearchAction","target":{"@type":"EntryPoint","urlTemplate":"https:\/\/blogdobispo.com.br\/?s={search_term_string}"},"query-input":{"@type":"PropertyValueSpecification","valueRequired":true,"valueName":"search_term_string"}}],"inLanguage":"pt-BR"},{"@type":"Organization","@id":"https:\/\/blogdobispo.com.br\/#organization","name":"Blog do Bispo","url":"https:\/\/blogdobispo.com.br\/","logo":{"@type":"ImageObject","inLanguage":"pt-BR","@id":"https:\/\/blogdobispo.com.br\/#\/schema\/logo\/image\/","url":"http:\/\/blogdobispo.com.br\/wp-content\/uploads\/2023\/05\/cropped-headear.png","contentUrl":"http:\/\/blogdobispo.com.br\/wp-content\/uploads\/2023\/05\/cropped-headear.png","width":1500,"height":399,"caption":"Blog do Bispo"},"image":{"@id":"https:\/\/blogdobispo.com.br\/#\/schema\/logo\/image\/"}},{"@type":"Person","@id":"https:\/\/blogdobispo.com.br\/#\/schema\/person\/e2209cc0e6cea5c5233d033e997b373f","name":"Jefferson Sterfeno","image":{"@type":"ImageObject","inLanguage":"pt-BR","@id":"https:\/\/blogdobispo.com.br\/#\/schema\/person\/image\/","url":"https:\/\/secure.gravatar.com\/avatar\/0534e84764641168a677026b6d57a3f51dc7ac4db0b4f6186d9cb330d4ee1160?s=96&d=mm&r=g","contentUrl":"https:\/\/secure.gravatar.com\/avatar\/0534e84764641168a677026b6d57a3f51dc7ac4db0b4f6186d9cb330d4ee1160?s=96&d=mm&r=g","caption":"Jefferson Sterfeno"},"sameAs":["http:\/\/blogdobispo.com.br"],"url":"https:\/\/blogdobispo.com.br\/?author=1"}]}},"featured_image_urls":{"full":["https:\/\/i0.wp.com\/blogdobispo.com.br\/wp-content\/uploads\/2025\/12\/8f268691c069e9207f67a65235cf5ee0.webp?fit=750%2C355&ssl=1",750,355,false],"thumbnail":["https:\/\/i0.wp.com\/blogdobispo.com.br\/wp-content\/uploads\/2025\/12\/8f268691c069e9207f67a65235cf5ee0.webp?resize=150%2C150&ssl=1",150,150,true],"medium":["https:\/\/i0.wp.com\/blogdobispo.com.br\/wp-content\/uploads\/2025\/12\/8f268691c069e9207f67a65235cf5ee0.webp?fit=300%2C142&ssl=1",300,142,true],"medium_large":["https:\/\/i0.wp.com\/blogdobispo.com.br\/wp-content\/uploads\/2025\/12\/8f268691c069e9207f67a65235cf5ee0.webp?fit=750%2C355&ssl=1",750,355,true],"large":["https:\/\/i0.wp.com\/blogdobispo.com.br\/wp-content\/uploads\/2025\/12\/8f268691c069e9207f67a65235cf5ee0.webp?fit=750%2C355&ssl=1",750,355,true],"1536x1536":["https:\/\/i0.wp.com\/blogdobispo.com.br\/wp-content\/uploads\/2025\/12\/8f268691c069e9207f67a65235cf5ee0.webp?fit=750%2C355&ssl=1",750,355,true],"2048x2048":["https:\/\/i0.wp.com\/blogdobispo.com.br\/wp-content\/uploads\/2025\/12\/8f268691c069e9207f67a65235cf5ee0.webp?fit=750%2C355&ssl=1",750,355,true]},"author_info":{"display_name":"Jefferson Sterfeno","author_link":"https:\/\/blogdobispo.com.br\/?author=1"},"category_info":"<a href=\"https:\/\/blogdobispo.com.br\/?cat=1\" rel=\"category\">diversos<\/a>","tag_info":"diversos","comment_count":"0","jetpack_featured_media_url":"https:\/\/i0.wp.com\/blogdobispo.com.br\/wp-content\/uploads\/2025\/12\/8f268691c069e9207f67a65235cf5ee0.webp?fit=750%2C355&ssl=1","jetpack_sharing_enabled":true,"_links":{"self":[{"href":"https:\/\/blogdobispo.com.br\/index.php?rest_route=\/wp\/v2\/posts\/18846","targetHints":{"allow":["GET"]}}],"collection":[{"href":"https:\/\/blogdobispo.com.br\/index.php?rest_route=\/wp\/v2\/posts"}],"about":[{"href":"https:\/\/blogdobispo.com.br\/index.php?rest_route=\/wp\/v2\/types\/post"}],"author":[{"embeddable":true,"href":"https:\/\/blogdobispo.com.br\/index.php?rest_route=\/wp\/v2\/users\/1"}],"replies":[{"embeddable":true,"href":"https:\/\/blogdobispo.com.br\/index.php?rest_route=%2Fwp%2Fv2%2Fcomments&post=18846"}],"version-history":[{"count":1,"href":"https:\/\/blogdobispo.com.br\/index.php?rest_route=\/wp\/v2\/posts\/18846\/revisions"}],"predecessor-version":[{"id":18848,"href":"https:\/\/blogdobispo.com.br\/index.php?rest_route=\/wp\/v2\/posts\/18846\/revisions\/18848"}],"wp:featuredmedia":[{"embeddable":true,"href":"https:\/\/blogdobispo.com.br\/index.php?rest_route=\/wp\/v2\/media\/18847"}],"wp:attachment":[{"href":"https:\/\/blogdobispo.com.br\/index.php?rest_route=%2Fwp%2Fv2%2Fmedia&parent=18846"}],"wp:term":[{"taxonomy":"category","embeddable":true,"href":"https:\/\/blogdobispo.com.br\/index.php?rest_route=%2Fwp%2Fv2%2Fcategories&post=18846"},{"taxonomy":"post_tag","embeddable":true,"href":"https:\/\/blogdobispo.com.br\/index.php?rest_route=%2Fwp%2Fv2%2Ftags&post=18846"}],"curies":[{"name":"wp","href":"https:\/\/api.w.org\/{rel}","templated":true}]}}