{"id":18840,"date":"2025-12-18T13:46:00","date_gmt":"2025-12-18T13:46:00","guid":{"rendered":"https:\/\/blogdobispo.com.br\/?p=18840"},"modified":"2026-02-02T17:01:27","modified_gmt":"2026-02-02T17:01:27","slug":"assembleia-e-voce-encerra-calendario-de-2025-com-marca-de-300-mil-atendimentos","status":"publish","type":"post","link":"https:\/\/blogdobispo.com.br\/?p=18840","title":{"rendered":"\u201cAssembleia e Voc\u00ea\u201d encerra calend\u00e1rio de 2025 com marca de 300 mil atendimentos"},"content":{"rendered":"<p>A Assembleia Legislativa do Rio Grande do Norte realiza hoje (17) e amanh\u00e3 (18), no bairro Paju\u00e7ara, Loteamento Parque Floresta, na Zona Norte de Natal, a \u00faltima edi\u00e7\u00e3o de 2025 do programa Assembleia e Voc\u00ea. A a\u00e7\u00e3o aconteceu na Escola Municipal Professora Maria Alexandrina Sampaio e ofertou, gratuitamente, uma ampla gama de servi\u00e7os nas \u00e1reas de sa\u00fade, cidadania, assist\u00eancia social e cultura, das 8h \u00e0s 17h.<\/p>\n<p>Com esta edi\u00e7\u00e3o, o programa alcan\u00e7a a expressiva marca de 300 mil atendimentos em todo o Estado, consolidando-se como uma das mais importantes iniciativas de promo\u00e7\u00e3o da cidadania no RN, como refer\u00eancia nacional em a\u00e7\u00f5es de car\u00e1ter social desenvolvidas pelo Poder Legislativo.<\/p>\n<p>Ao destacar a relev\u00e2ncia da iniciativa, o presidente da Assembleia Legislativa, Ezequiel Ferreira (PSDB), ressaltou o papel social do programa ao longo do ano. \u201c\u00c9 uma alegria poder chegar aqui com o Assembleia e Voc\u00ea. Esse programa \u00e9 um bra\u00e7o social que abra\u00e7a, acolhe e chega perto da popula\u00e7\u00e3o do Rio Grande do Norte, trazendo dignidade e sa\u00fade para essa comunidade\u201d, afirmou.<\/p>\n<p>Na \u00faltima edi\u00e7\u00e3o, na \u00e1rea da sa\u00fade, foram disponibilizadas consultas com cardiologista, dermatologista, endocrinologista, fonoaudi\u00f3loga, gastroenterologista, ginecologista, nutricionista, oftalmologista, ortopedista e pediatra, al\u00e9m da realiza\u00e7\u00e3o de exames como mamografia, raio-X e ultrassonografia.<\/p>\n<p>J\u00e1 no eixo da cidadania, a popula\u00e7\u00e3o teve acesso \u00e0 emiss\u00e3o de carteira de identidade, CPF, servi\u00e7os do SINE e do INSS, segunda via de certid\u00f5es de nascimento e casamento, atendimento jur\u00eddico, PROCON Legislativo, al\u00e9m de servi\u00e7os da CAERN. A programa\u00e7\u00e3o tamb\u00e9m incluiu a\u00e7\u00f5es de cuidado pessoal, como corte de cabelo, design de sobrancelhas e esmalta\u00e7\u00e3o, bem como atividades recreativas e apresenta\u00e7\u00f5es culturais.<\/p>\n<p>O vereador Aldo Clemente (PSDB), presente ao evento, enfatizou o impacto da a\u00e7\u00e3o para o loteamento Parque Floresta. \u201cQuero agradecer pelas especialidades m\u00e9dicas e pela parte de cidadania. \u00c9 um programa extensivo e premiado nacionalmente. Hoje essa comunidade come\u00e7a a ver o sonho do saneamento sair do papel por meio do mandato do deputado Ezequiel Ferreira, e em breve veremos as ruas cal\u00e7adas\u201d, destacou.<\/p>\n<p>O Assembleia e Voc\u00ea \u00e9 uma iniciativa da Assembleia Legislativa do Rio Grande do Norte, que reafirma o compromisso do Parlamento potiguar com a inclus\u00e3o social, a garantia de direitos e a aproxima\u00e7\u00e3o entre o poder p\u00fablico e a popula\u00e7\u00e3o.<img data-recalc-dims=\"1\" fetchpriority=\"high\" decoding=\"async\" src=\"https:\/\/i0.wp.com\/blogdobispo.com.br\/wp-content\/uploads\/2025\/12\/jYb24n5Nth5CoYBnoQoRE6OYrp7XfYlqZQejEOwf.jpg?resize=300%2C200\" class=\"alignnone size-medium wp-image-18841\" width=\"300\" height=\"200\" alt=\"\" srcset=\"https:\/\/i0.wp.com\/blogdobispo.com.br\/wp-content\/uploads\/2025\/12\/jYb24n5Nth5CoYBnoQoRE6OYrp7XfYlqZQejEOwf-scaled.jpg?resize=300%2C200&amp;ssl=1 300w, https:\/\/i0.wp.com\/blogdobispo.com.br\/wp-content\/uploads\/2025\/12\/jYb24n5Nth5CoYBnoQoRE6OYrp7XfYlqZQejEOwf-scaled.jpg?resize=1024%2C681&amp;ssl=1 1024w, https:\/\/i0.wp.com\/blogdobispo.com.br\/wp-content\/uploads\/2025\/12\/jYb24n5Nth5CoYBnoQoRE6OYrp7XfYlqZQejEOwf-scaled.jpg?resize=768%2C511&amp;ssl=1 768w, https:\/\/i0.wp.com\/blogdobispo.com.br\/wp-content\/uploads\/2025\/12\/jYb24n5Nth5CoYBnoQoRE6OYrp7XfYlqZQejEOwf-scaled.jpg?resize=1536%2C1022&amp;ssl=1 1536w, https:\/\/i0.wp.com\/blogdobispo.com.br\/wp-content\/uploads\/2025\/12\/jYb24n5Nth5CoYBnoQoRE6OYrp7XfYlqZQejEOwf-scaled.jpg?resize=2048%2C1363&amp;ssl=1 2048w, https:\/\/i0.wp.com\/blogdobispo.com.br\/wp-content\/uploads\/2025\/12\/jYb24n5Nth5CoYBnoQoRE6OYrp7XfYlqZQejEOwf-scaled.jpg?w=1600 1600w, https:\/\/i0.wp.com\/blogdobispo.com.br\/wp-content\/uploads\/2025\/12\/jYb24n5Nth5CoYBnoQoRE6OYrp7XfYlqZQejEOwf-scaled.jpg?w=2400 2400w\" sizes=\"(max-width: 300px) 100vw, 300px\" \/><\/p>\n","protected":false},"excerpt":{"rendered":"<p>A Assembleia Legislativa do Rio Grande do Norte realiza hoje (17) e amanh\u00e3 (18), no bairro Paju\u00e7ara, Loteamento Parque Floresta, na Zona Norte de Natal, a \u00faltima edi\u00e7\u00e3o de 2025 do programa Assembleia e Voc\u00ea. A a\u00e7\u00e3o aconteceu na Escola Municipal Professora Maria Alexandrina Sampaio e ofertou, gratuitamente, uma ampla gama de servi\u00e7os nas \u00e1reas [&hellip;]<\/p>\n","protected":false},"author":1,"featured_media":18841,"comment_status":"open","ping_status":"open","sticky":false,"template":"","format":"standard","meta":{"cybocfi_hide_featured_image":"","_jetpack_memberships_contains_paid_content":false,"footnotes":""},"categories":[1],"tags":[],"class_list":["post-18840","post","type-post","status-publish","format-standard","has-post-thumbnail","hentry","category-diversos"],"yoast_head":"<!-- This site is optimized with the Yoast SEO plugin v25.6 - https:\/\/yoast.com\/wordpress\/plugins\/seo\/ -->\n<title>\u201cAssembleia e Voc\u00ea\u201d encerra calend\u00e1rio de 2025 com marca de 300 mil atendimentos - Blog do Bispo<\/title>\n<meta name=\"robots\" content=\"index, follow, max-snippet:-1, max-image-preview:large, max-video-preview:-1\" \/>\n<link rel=\"canonical\" href=\"https:\/\/blogdobispo.com.br\/?p=18840\" \/>\n<meta property=\"og:locale\" content=\"pt_BR\" \/>\n<meta property=\"og:type\" content=\"article\" \/>\n<meta property=\"og:title\" content=\"\u201cAssembleia e Voc\u00ea\u201d encerra calend\u00e1rio de 2025 com marca de 300 mil atendimentos - Blog do Bispo\" \/>\n<meta property=\"og:description\" content=\"A Assembleia Legislativa do Rio Grande do Norte realiza hoje (17) e amanh\u00e3 (18), no bairro Paju\u00e7ara, Loteamento Parque Floresta, na Zona Norte de Natal, a \u00faltima edi\u00e7\u00e3o de 2025 do programa Assembleia e Voc\u00ea. A a\u00e7\u00e3o aconteceu na Escola Municipal Professora Maria Alexandrina Sampaio e ofertou, gratuitamente, uma ampla gama de servi\u00e7os nas \u00e1reas [&hellip;]\" \/>\n<meta property=\"og:url\" content=\"https:\/\/blogdobispo.com.br\/?p=18840\" \/>\n<meta property=\"og:site_name\" content=\"Blog do Bispo\" \/>\n<meta property=\"article:published_time\" content=\"2025-12-18T13:46:00+00:00\" \/>\n<meta property=\"article:modified_time\" content=\"2026-02-02T17:01:27+00:00\" \/>\n<meta property=\"og:image\" content=\"https:\/\/i0.wp.com\/blogdobispo.com.br\/wp-content\/uploads\/2025\/12\/jYb24n5Nth5CoYBnoQoRE6OYrp7XfYlqZQejEOwf-scaled.jpg?fit=2560%2C1703&ssl=1\" \/>\n\t<meta property=\"og:image:width\" content=\"2560\" \/>\n\t<meta property=\"og:image:height\" content=\"1703\" \/>\n\t<meta property=\"og:image:type\" content=\"image\/jpeg\" \/>\n<meta name=\"author\" content=\"Jefferson Sterfeno\" \/>\n<meta name=\"twitter:card\" content=\"summary_large_image\" \/>\n<meta name=\"twitter:label1\" content=\"Escrito por\" \/>\n\t<meta name=\"twitter:data1\" content=\"Jefferson Sterfeno\" \/>\n\t<meta name=\"twitter:label2\" content=\"Est. tempo de leitura\" \/>\n\t<meta name=\"twitter:data2\" content=\"3 minutos\" \/>\n<script type=\"application\/ld+json\" class=\"yoast-schema-graph\">{\"@context\":\"https:\/\/schema.org\",\"@graph\":[{\"@type\":\"Article\",\"@id\":\"https:\/\/blogdobispo.com.br\/?p=18840#article\",\"isPartOf\":{\"@id\":\"https:\/\/blogdobispo.com.br\/?p=18840\"},\"author\":{\"name\":\"Jefferson Sterfeno\",\"@id\":\"https:\/\/blogdobispo.com.br\/#\/schema\/person\/e2209cc0e6cea5c5233d033e997b373f\"},\"headline\":\"\u201cAssembleia e Voc\u00ea\u201d encerra calend\u00e1rio de 2025 com marca de 300 mil atendimentos\",\"datePublished\":\"2025-12-18T13:46:00+00:00\",\"dateModified\":\"2026-02-02T17:01:27+00:00\",\"mainEntityOfPage\":{\"@id\":\"https:\/\/blogdobispo.com.br\/?p=18840\"},\"wordCount\":414,\"commentCount\":0,\"publisher\":{\"@id\":\"https:\/\/blogdobispo.com.br\/#organization\"},\"image\":{\"@id\":\"https:\/\/blogdobispo.com.br\/?p=18840#primaryimage\"},\"thumbnailUrl\":\"https:\/\/i0.wp.com\/blogdobispo.com.br\/wp-content\/uploads\/2025\/12\/jYb24n5Nth5CoYBnoQoRE6OYrp7XfYlqZQejEOwf-scaled.jpg?fit=2560%2C1703&ssl=1\",\"articleSection\":[\"diversos\"],\"inLanguage\":\"pt-BR\",\"potentialAction\":[{\"@type\":\"CommentAction\",\"name\":\"Comment\",\"target\":[\"https:\/\/blogdobispo.com.br\/?p=18840#respond\"]}]},{\"@type\":\"WebPage\",\"@id\":\"https:\/\/blogdobispo.com.br\/?p=18840\",\"url\":\"https:\/\/blogdobispo.com.br\/?p=18840\",\"name\":\"\u201cAssembleia e Voc\u00ea\u201d encerra calend\u00e1rio de 2025 com marca de 300 mil atendimentos - Blog do Bispo\",\"isPartOf\":{\"@id\":\"https:\/\/blogdobispo.com.br\/#website\"},\"primaryImageOfPage\":{\"@id\":\"https:\/\/blogdobispo.com.br\/?p=18840#primaryimage\"},\"image\":{\"@id\":\"https:\/\/blogdobispo.com.br\/?p=18840#primaryimage\"},\"thumbnailUrl\":\"https:\/\/i0.wp.com\/blogdobispo.com.br\/wp-content\/uploads\/2025\/12\/jYb24n5Nth5CoYBnoQoRE6OYrp7XfYlqZQejEOwf-scaled.jpg?fit=2560%2C1703&ssl=1\",\"datePublished\":\"2025-12-18T13:46:00+00:00\",\"dateModified\":\"2026-02-02T17:01:27+00:00\",\"breadcrumb\":{\"@id\":\"https:\/\/blogdobispo.com.br\/?p=18840#breadcrumb\"},\"inLanguage\":\"pt-BR\",\"potentialAction\":[{\"@type\":\"ReadAction\",\"target\":[\"https:\/\/blogdobispo.com.br\/?p=18840\"]}]},{\"@type\":\"ImageObject\",\"inLanguage\":\"pt-BR\",\"@id\":\"https:\/\/blogdobispo.com.br\/?p=18840#primaryimage\",\"url\":\"https:\/\/i0.wp.com\/blogdobispo.com.br\/wp-content\/uploads\/2025\/12\/jYb24n5Nth5CoYBnoQoRE6OYrp7XfYlqZQejEOwf-scaled.jpg?fit=2560%2C1703&ssl=1\",\"contentUrl\":\"https:\/\/i0.wp.com\/blogdobispo.com.br\/wp-content\/uploads\/2025\/12\/jYb24n5Nth5CoYBnoQoRE6OYrp7XfYlqZQejEOwf-scaled.jpg?fit=2560%2C1703&ssl=1\",\"width\":2560,\"height\":1703},{\"@type\":\"BreadcrumbList\",\"@id\":\"https:\/\/blogdobispo.com.br\/?p=18840#breadcrumb\",\"itemListElement\":[{\"@type\":\"ListItem\",\"position\":1,\"name\":\"In\u00edcio\",\"item\":\"https:\/\/blogdobispo.com.br\/\"},{\"@type\":\"ListItem\",\"position\":2,\"name\":\"\u201cAssembleia e Voc\u00ea\u201d encerra calend\u00e1rio de 2025 com marca de 300 mil atendimentos\"}]},{\"@type\":\"WebSite\",\"@id\":\"https:\/\/blogdobispo.com.br\/#website\",\"url\":\"https:\/\/blogdobispo.com.br\/\",\"name\":\"Blog do Bispo\",\"description\":\"Comprometido apenas com o leitor\",\"publisher\":{\"@id\":\"https:\/\/blogdobispo.com.br\/#organization\"},\"potentialAction\":[{\"@type\":\"SearchAction\",\"target\":{\"@type\":\"EntryPoint\",\"urlTemplate\":\"https:\/\/blogdobispo.com.br\/?s={search_term_string}\"},\"query-input\":{\"@type\":\"PropertyValueSpecification\",\"valueRequired\":true,\"valueName\":\"search_term_string\"}}],\"inLanguage\":\"pt-BR\"},{\"@type\":\"Organization\",\"@id\":\"https:\/\/blogdobispo.com.br\/#organization\",\"name\":\"Blog do Bispo\",\"url\":\"https:\/\/blogdobispo.com.br\/\",\"logo\":{\"@type\":\"ImageObject\",\"inLanguage\":\"pt-BR\",\"@id\":\"https:\/\/blogdobispo.com.br\/#\/schema\/logo\/image\/\",\"url\":\"http:\/\/blogdobispo.com.br\/wp-content\/uploads\/2023\/05\/cropped-headear.png\",\"contentUrl\":\"http:\/\/blogdobispo.com.br\/wp-content\/uploads\/2023\/05\/cropped-headear.png\",\"width\":1500,\"height\":399,\"caption\":\"Blog do Bispo\"},\"image\":{\"@id\":\"https:\/\/blogdobispo.com.br\/#\/schema\/logo\/image\/\"}},{\"@type\":\"Person\",\"@id\":\"https:\/\/blogdobispo.com.br\/#\/schema\/person\/e2209cc0e6cea5c5233d033e997b373f\",\"name\":\"Jefferson Sterfeno\",\"image\":{\"@type\":\"ImageObject\",\"inLanguage\":\"pt-BR\",\"@id\":\"https:\/\/blogdobispo.com.br\/#\/schema\/person\/image\/\",\"url\":\"https:\/\/secure.gravatar.com\/avatar\/0534e84764641168a677026b6d57a3f51dc7ac4db0b4f6186d9cb330d4ee1160?s=96&d=mm&r=g\",\"contentUrl\":\"https:\/\/secure.gravatar.com\/avatar\/0534e84764641168a677026b6d57a3f51dc7ac4db0b4f6186d9cb330d4ee1160?s=96&d=mm&r=g\",\"caption\":\"Jefferson Sterfeno\"},\"sameAs\":[\"http:\/\/blogdobispo.com.br\"],\"url\":\"https:\/\/blogdobispo.com.br\/?author=1\"}]}<\/script>\n<!-- \/ Yoast SEO plugin. -->","yoast_head_json":{"title":"\u201cAssembleia e Voc\u00ea\u201d encerra calend\u00e1rio de 2025 com marca de 300 mil atendimentos - Blog do Bispo","robots":{"index":"index","follow":"follow","max-snippet":"max-snippet:-1","max-image-preview":"max-image-preview:large","max-video-preview":"max-video-preview:-1"},"canonical":"https:\/\/blogdobispo.com.br\/?p=18840","og_locale":"pt_BR","og_type":"article","og_title":"\u201cAssembleia e Voc\u00ea\u201d encerra calend\u00e1rio de 2025 com marca de 300 mil atendimentos - Blog do Bispo","og_description":"A Assembleia Legislativa do Rio Grande do Norte realiza hoje (17) e amanh\u00e3 (18), no bairro Paju\u00e7ara, Loteamento Parque Floresta, na Zona Norte de Natal, a \u00faltima edi\u00e7\u00e3o de 2025 do programa Assembleia e Voc\u00ea. A a\u00e7\u00e3o aconteceu na Escola Municipal Professora Maria Alexandrina Sampaio e ofertou, gratuitamente, uma ampla gama de servi\u00e7os nas \u00e1reas [&hellip;]","og_url":"https:\/\/blogdobispo.com.br\/?p=18840","og_site_name":"Blog do Bispo","article_published_time":"2025-12-18T13:46:00+00:00","article_modified_time":"2026-02-02T17:01:27+00:00","og_image":[{"width":2560,"height":1703,"url":"https:\/\/i0.wp.com\/blogdobispo.com.br\/wp-content\/uploads\/2025\/12\/jYb24n5Nth5CoYBnoQoRE6OYrp7XfYlqZQejEOwf-scaled.jpg?fit=2560%2C1703&ssl=1","type":"image\/jpeg"}],"author":"Jefferson Sterfeno","twitter_card":"summary_large_image","twitter_misc":{"Escrito por":"Jefferson Sterfeno","Est. tempo de leitura":"3 minutos"},"schema":{"@context":"https:\/\/schema.org","@graph":[{"@type":"Article","@id":"https:\/\/blogdobispo.com.br\/?p=18840#article","isPartOf":{"@id":"https:\/\/blogdobispo.com.br\/?p=18840"},"author":{"name":"Jefferson Sterfeno","@id":"https:\/\/blogdobispo.com.br\/#\/schema\/person\/e2209cc0e6cea5c5233d033e997b373f"},"headline":"\u201cAssembleia e Voc\u00ea\u201d encerra calend\u00e1rio de 2025 com marca de 300 mil atendimentos","datePublished":"2025-12-18T13:46:00+00:00","dateModified":"2026-02-02T17:01:27+00:00","mainEntityOfPage":{"@id":"https:\/\/blogdobispo.com.br\/?p=18840"},"wordCount":414,"commentCount":0,"publisher":{"@id":"https:\/\/blogdobispo.com.br\/#organization"},"image":{"@id":"https:\/\/blogdobispo.com.br\/?p=18840#primaryimage"},"thumbnailUrl":"https:\/\/i0.wp.com\/blogdobispo.com.br\/wp-content\/uploads\/2025\/12\/jYb24n5Nth5CoYBnoQoRE6OYrp7XfYlqZQejEOwf-scaled.jpg?fit=2560%2C1703&ssl=1","articleSection":["diversos"],"inLanguage":"pt-BR","potentialAction":[{"@type":"CommentAction","name":"Comment","target":["https:\/\/blogdobispo.com.br\/?p=18840#respond"]}]},{"@type":"WebPage","@id":"https:\/\/blogdobispo.com.br\/?p=18840","url":"https:\/\/blogdobispo.com.br\/?p=18840","name":"\u201cAssembleia e Voc\u00ea\u201d encerra calend\u00e1rio de 2025 com marca de 300 mil atendimentos - Blog do Bispo","isPartOf":{"@id":"https:\/\/blogdobispo.com.br\/#website"},"primaryImageOfPage":{"@id":"https:\/\/blogdobispo.com.br\/?p=18840#primaryimage"},"image":{"@id":"https:\/\/blogdobispo.com.br\/?p=18840#primaryimage"},"thumbnailUrl":"https:\/\/i0.wp.com\/blogdobispo.com.br\/wp-content\/uploads\/2025\/12\/jYb24n5Nth5CoYBnoQoRE6OYrp7XfYlqZQejEOwf-scaled.jpg?fit=2560%2C1703&ssl=1","datePublished":"2025-12-18T13:46:00+00:00","dateModified":"2026-02-02T17:01:27+00:00","breadcrumb":{"@id":"https:\/\/blogdobispo.com.br\/?p=18840#breadcrumb"},"inLanguage":"pt-BR","potentialAction":[{"@type":"ReadAction","target":["https:\/\/blogdobispo.com.br\/?p=18840"]}]},{"@type":"ImageObject","inLanguage":"pt-BR","@id":"https:\/\/blogdobispo.com.br\/?p=18840#primaryimage","url":"https:\/\/i0.wp.com\/blogdobispo.com.br\/wp-content\/uploads\/2025\/12\/jYb24n5Nth5CoYBnoQoRE6OYrp7XfYlqZQejEOwf-scaled.jpg?fit=2560%2C1703&ssl=1","contentUrl":"https:\/\/i0.wp.com\/blogdobispo.com.br\/wp-content\/uploads\/2025\/12\/jYb24n5Nth5CoYBnoQoRE6OYrp7XfYlqZQejEOwf-scaled.jpg?fit=2560%2C1703&ssl=1","width":2560,"height":1703},{"@type":"BreadcrumbList","@id":"https:\/\/blogdobispo.com.br\/?p=18840#breadcrumb","itemListElement":[{"@type":"ListItem","position":1,"name":"In\u00edcio","item":"https:\/\/blogdobispo.com.br\/"},{"@type":"ListItem","position":2,"name":"\u201cAssembleia e Voc\u00ea\u201d encerra calend\u00e1rio de 2025 com marca de 300 mil atendimentos"}]},{"@type":"WebSite","@id":"https:\/\/blogdobispo.com.br\/#website","url":"https:\/\/blogdobispo.com.br\/","name":"Blog do Bispo","description":"Comprometido apenas com o leitor","publisher":{"@id":"https:\/\/blogdobispo.com.br\/#organization"},"potentialAction":[{"@type":"SearchAction","target":{"@type":"EntryPoint","urlTemplate":"https:\/\/blogdobispo.com.br\/?s={search_term_string}"},"query-input":{"@type":"PropertyValueSpecification","valueRequired":true,"valueName":"search_term_string"}}],"inLanguage":"pt-BR"},{"@type":"Organization","@id":"https:\/\/blogdobispo.com.br\/#organization","name":"Blog do Bispo","url":"https:\/\/blogdobispo.com.br\/","logo":{"@type":"ImageObject","inLanguage":"pt-BR","@id":"https:\/\/blogdobispo.com.br\/#\/schema\/logo\/image\/","url":"http:\/\/blogdobispo.com.br\/wp-content\/uploads\/2023\/05\/cropped-headear.png","contentUrl":"http:\/\/blogdobispo.com.br\/wp-content\/uploads\/2023\/05\/cropped-headear.png","width":1500,"height":399,"caption":"Blog do Bispo"},"image":{"@id":"https:\/\/blogdobispo.com.br\/#\/schema\/logo\/image\/"}},{"@type":"Person","@id":"https:\/\/blogdobispo.com.br\/#\/schema\/person\/e2209cc0e6cea5c5233d033e997b373f","name":"Jefferson Sterfeno","image":{"@type":"ImageObject","inLanguage":"pt-BR","@id":"https:\/\/blogdobispo.com.br\/#\/schema\/person\/image\/","url":"https:\/\/secure.gravatar.com\/avatar\/0534e84764641168a677026b6d57a3f51dc7ac4db0b4f6186d9cb330d4ee1160?s=96&d=mm&r=g","contentUrl":"https:\/\/secure.gravatar.com\/avatar\/0534e84764641168a677026b6d57a3f51dc7ac4db0b4f6186d9cb330d4ee1160?s=96&d=mm&r=g","caption":"Jefferson Sterfeno"},"sameAs":["http:\/\/blogdobispo.com.br"],"url":"https:\/\/blogdobispo.com.br\/?author=1"}]}},"featured_image_urls":{"full":["https:\/\/i0.wp.com\/blogdobispo.com.br\/wp-content\/uploads\/2025\/12\/jYb24n5Nth5CoYBnoQoRE6OYrp7XfYlqZQejEOwf-scaled.jpg?fit=2560%2C1703&ssl=1",2560,1703,false],"thumbnail":["https:\/\/i0.wp.com\/blogdobispo.com.br\/wp-content\/uploads\/2025\/12\/jYb24n5Nth5CoYBnoQoRE6OYrp7XfYlqZQejEOwf-scaled.jpg?resize=150%2C150&ssl=1",150,150,true],"medium":["https:\/\/i0.wp.com\/blogdobispo.com.br\/wp-content\/uploads\/2025\/12\/jYb24n5Nth5CoYBnoQoRE6OYrp7XfYlqZQejEOwf-scaled.jpg?fit=300%2C200&ssl=1",300,200,true],"medium_large":["https:\/\/i0.wp.com\/blogdobispo.com.br\/wp-content\/uploads\/2025\/12\/jYb24n5Nth5CoYBnoQoRE6OYrp7XfYlqZQejEOwf-scaled.jpg?fit=768%2C511&ssl=1",768,511,true],"large":["https:\/\/i0.wp.com\/blogdobispo.com.br\/wp-content\/uploads\/2025\/12\/jYb24n5Nth5CoYBnoQoRE6OYrp7XfYlqZQejEOwf-scaled.jpg?fit=800%2C532&ssl=1",800,532,true],"1536x1536":["https:\/\/i0.wp.com\/blogdobispo.com.br\/wp-content\/uploads\/2025\/12\/jYb24n5Nth5CoYBnoQoRE6OYrp7XfYlqZQejEOwf-scaled.jpg?fit=1536%2C1022&ssl=1",1536,1022,true],"2048x2048":["https:\/\/i0.wp.com\/blogdobispo.com.br\/wp-content\/uploads\/2025\/12\/jYb24n5Nth5CoYBnoQoRE6OYrp7XfYlqZQejEOwf-scaled.jpg?fit=2048%2C1363&ssl=1",2048,1363,true]},"author_info":{"display_name":"Jefferson Sterfeno","author_link":"https:\/\/blogdobispo.com.br\/?author=1"},"category_info":"<a href=\"https:\/\/blogdobispo.com.br\/?cat=1\" rel=\"category\">diversos<\/a>","tag_info":"diversos","comment_count":"0","jetpack_featured_media_url":"https:\/\/i0.wp.com\/blogdobispo.com.br\/wp-content\/uploads\/2025\/12\/jYb24n5Nth5CoYBnoQoRE6OYrp7XfYlqZQejEOwf-scaled.jpg?fit=2560%2C1703&ssl=1","jetpack_sharing_enabled":true,"_links":{"self":[{"href":"https:\/\/blogdobispo.com.br\/index.php?rest_route=\/wp\/v2\/posts\/18840","targetHints":{"allow":["GET"]}}],"collection":[{"href":"https:\/\/blogdobispo.com.br\/index.php?rest_route=\/wp\/v2\/posts"}],"about":[{"href":"https:\/\/blogdobispo.com.br\/index.php?rest_route=\/wp\/v2\/types\/post"}],"author":[{"embeddable":true,"href":"https:\/\/blogdobispo.com.br\/index.php?rest_route=\/wp\/v2\/users\/1"}],"replies":[{"embeddable":true,"href":"https:\/\/blogdobispo.com.br\/index.php?rest_route=%2Fwp%2Fv2%2Fcomments&post=18840"}],"version-history":[{"count":2,"href":"https:\/\/blogdobispo.com.br\/index.php?rest_route=\/wp\/v2\/posts\/18840\/revisions"}],"predecessor-version":[{"id":19067,"href":"https:\/\/blogdobispo.com.br\/index.php?rest_route=\/wp\/v2\/posts\/18840\/revisions\/19067"}],"wp:featuredmedia":[{"embeddable":true,"href":"https:\/\/blogdobispo.com.br\/index.php?rest_route=\/wp\/v2\/media\/18841"}],"wp:attachment":[{"href":"https:\/\/blogdobispo.com.br\/index.php?rest_route=%2Fwp%2Fv2%2Fmedia&parent=18840"}],"wp:term":[{"taxonomy":"category","embeddable":true,"href":"https:\/\/blogdobispo.com.br\/index.php?rest_route=%2Fwp%2Fv2%2Fcategories&post=18840"},{"taxonomy":"post_tag","embeddable":true,"href":"https:\/\/blogdobispo.com.br\/index.php?rest_route=%2Fwp%2Fv2%2Ftags&post=18840"}],"curies":[{"name":"wp","href":"https:\/\/api.w.org\/{rel}","templated":true}]}}