{"id":18837,"date":"2025-12-15T17:53:42","date_gmt":"2025-12-15T17:53:42","guid":{"rendered":"https:\/\/blogdobispo.com.br\/?p=18837"},"modified":"2026-02-02T17:02:23","modified_gmt":"2026-02-02T17:02:23","slug":"ezequiel-ferreira-solicita-melhorias-na-cobertura-de-telefonia-movel-para-nisia-floresta","status":"publish","type":"post","link":"https:\/\/blogdobispo.com.br\/?p=18837","title":{"rendered":"Ezequiel Ferreira solicita melhorias na cobertura de telefonia m\u00f3vel para N\u00edsia Floresta"},"content":{"rendered":"<p>O presidente da Assembleia Legislativa do Rio Grande do Norte (ALRN), deputado Ezequiel Ferreira (PSDB), encaminhou nesta semana um requerimento \u00e0 Ag\u00eancia Nacional de Telecomunica\u00e7\u00f5es (Anatel\/RN), em nome dos mais de 31 mil habitantes do munic\u00edpio de N\u00edsia Floresta, solicitando melhorias essenciais na infraestrutura de telefonia m\u00f3vel das operadoras Claro e TIM.<\/p>\n<p>No documento, Ezequiel Ferreira destaca a import\u00e2ncia de investir na amplia\u00e7\u00e3o e aprimoramento da cobertura de sinal, especialmente nas zonas litor\u00e2neas e rurais, regi\u00f5es que atualmente enfrentam instabilidade e baixa qualidade de conex\u00e3o. Segundo o parlamentar, a defici\u00eancia na comunica\u00e7\u00e3o prejudica tanto a rotina dos moradores quanto o funcionamento de atividades comerciais, de turismo e servi\u00e7os p\u00fablicos essenciais, como sa\u00fade e seguran\u00e7a.<\/p>\n<p>A estrutura municipal de N\u00edsia Floresta \u00e9 composta por mais de vinte comunidades e distritos, abrangendo importantes \u00e1reas costeiras como Barretas, Tabatinga, Camurupim, B\u00fazios e Pirangi do Sul, todas elas marcadas por forte presen\u00e7a de moradores, empreendimentos comerciais e fluxo constante de turistas.<\/p>\n<p>\u201cDiante do potencial tur\u00edstico e do crescimento econ\u00f4mico de N\u00edsia Floresta, \u00e9 fundamental garantir uma infraestrutura de telecomunica\u00e7\u00f5es eficiente e confi\u00e1vel para toda a popula\u00e7\u00e3o. A busca por melhorias na cobertura \u00e9 uma quest\u00e3o de prioridade para o desenvolvimento sustent\u00e1vel do munic\u00edpio\u201d, afirmou Ezequiel Ferreira.<\/p>\n<p>O requerimento \u00e9 um pleito do prefeito de N\u00edsia Floresta, Gustavo Santos, e refor\u00e7a o compromisso do Legislativo com a melhora da qualidade de vida dos moradores e busca sensibilizar as operadoras a adotarem medidas concretas para ampliar a capacidade de atendimento, incluindo estudos de cobertura e investimentos em infraestrutura nas regi\u00f5es mais afetadas.<img data-recalc-dims=\"1\" fetchpriority=\"high\" decoding=\"async\" src=\"https:\/\/i0.wp.com\/blogdobispo.com.br\/wp-content\/uploads\/2025\/12\/a7SyOcxhIJ8pytOPzT64ZmrsZBTwAI2R4uaDRNda.jpg?resize=300%2C200\" class=\"alignnone size-medium wp-image-18838\" width=\"300\" height=\"200\" alt=\"\" srcset=\"https:\/\/i0.wp.com\/blogdobispo.com.br\/wp-content\/uploads\/2025\/12\/a7SyOcxhIJ8pytOPzT64ZmrsZBTwAI2R4uaDRNda.jpg?resize=300%2C200&amp;ssl=1 300w, https:\/\/i0.wp.com\/blogdobispo.com.br\/wp-content\/uploads\/2025\/12\/a7SyOcxhIJ8pytOPzT64ZmrsZBTwAI2R4uaDRNda.jpg?resize=1024%2C683&amp;ssl=1 1024w, https:\/\/i0.wp.com\/blogdobispo.com.br\/wp-content\/uploads\/2025\/12\/a7SyOcxhIJ8pytOPzT64ZmrsZBTwAI2R4uaDRNda.jpg?resize=768%2C512&amp;ssl=1 768w, https:\/\/i0.wp.com\/blogdobispo.com.br\/wp-content\/uploads\/2025\/12\/a7SyOcxhIJ8pytOPzT64ZmrsZBTwAI2R4uaDRNda.jpg?resize=1536%2C1024&amp;ssl=1 1536w, https:\/\/i0.wp.com\/blogdobispo.com.br\/wp-content\/uploads\/2025\/12\/a7SyOcxhIJ8pytOPzT64ZmrsZBTwAI2R4uaDRNda.jpg?w=1599&amp;ssl=1 1599w\" sizes=\"(max-width: 300px) 100vw, 300px\" \/><\/p>\n","protected":false},"excerpt":{"rendered":"<p>O presidente da Assembleia Legislativa do Rio Grande do Norte (ALRN), deputado Ezequiel Ferreira (PSDB), encaminhou nesta semana um requerimento \u00e0 Ag\u00eancia Nacional de Telecomunica\u00e7\u00f5es (Anatel\/RN), em nome dos mais de 31 mil habitantes do munic\u00edpio de N\u00edsia Floresta, solicitando melhorias essenciais na infraestrutura de telefonia m\u00f3vel das operadoras Claro e TIM. No documento, Ezequiel [&hellip;]<\/p>\n","protected":false},"author":1,"featured_media":18838,"comment_status":"open","ping_status":"open","sticky":false,"template":"","format":"standard","meta":{"cybocfi_hide_featured_image":"","_jetpack_memberships_contains_paid_content":false,"footnotes":""},"categories":[1],"tags":[],"class_list":["post-18837","post","type-post","status-publish","format-standard","has-post-thumbnail","hentry","category-diversos"],"yoast_head":"<!-- This site is optimized with the Yoast SEO plugin v25.6 - https:\/\/yoast.com\/wordpress\/plugins\/seo\/ -->\n<title>Ezequiel Ferreira solicita melhorias na cobertura de telefonia m\u00f3vel para N\u00edsia Floresta - Blog do Bispo<\/title>\n<meta name=\"robots\" content=\"index, follow, max-snippet:-1, max-image-preview:large, max-video-preview:-1\" \/>\n<link rel=\"canonical\" href=\"https:\/\/blogdobispo.com.br\/?p=18837\" \/>\n<meta property=\"og:locale\" content=\"pt_BR\" \/>\n<meta property=\"og:type\" content=\"article\" \/>\n<meta property=\"og:title\" content=\"Ezequiel Ferreira solicita melhorias na cobertura de telefonia m\u00f3vel para N\u00edsia Floresta - Blog do Bispo\" \/>\n<meta property=\"og:description\" content=\"O presidente da Assembleia Legislativa do Rio Grande do Norte (ALRN), deputado Ezequiel Ferreira (PSDB), encaminhou nesta semana um requerimento \u00e0 Ag\u00eancia Nacional de Telecomunica\u00e7\u00f5es (Anatel\/RN), em nome dos mais de 31 mil habitantes do munic\u00edpio de N\u00edsia Floresta, solicitando melhorias essenciais na infraestrutura de telefonia m\u00f3vel das operadoras Claro e TIM. No documento, Ezequiel [&hellip;]\" \/>\n<meta property=\"og:url\" content=\"https:\/\/blogdobispo.com.br\/?p=18837\" \/>\n<meta property=\"og:site_name\" content=\"Blog do Bispo\" \/>\n<meta property=\"article:published_time\" content=\"2025-12-15T17:53:42+00:00\" \/>\n<meta property=\"article:modified_time\" content=\"2026-02-02T17:02:23+00:00\" \/>\n<meta property=\"og:image\" content=\"https:\/\/i0.wp.com\/blogdobispo.com.br\/wp-content\/uploads\/2025\/12\/a7SyOcxhIJ8pytOPzT64ZmrsZBTwAI2R4uaDRNda.jpg?fit=1599%2C1066&ssl=1\" \/>\n\t<meta property=\"og:image:width\" content=\"1599\" \/>\n\t<meta property=\"og:image:height\" content=\"1066\" \/>\n\t<meta property=\"og:image:type\" content=\"image\/jpeg\" \/>\n<meta name=\"author\" content=\"Jefferson Sterfeno\" \/>\n<meta name=\"twitter:card\" content=\"summary_large_image\" \/>\n<meta name=\"twitter:label1\" content=\"Escrito por\" \/>\n\t<meta name=\"twitter:data1\" content=\"Jefferson Sterfeno\" \/>\n\t<meta name=\"twitter:label2\" content=\"Est. tempo de leitura\" \/>\n\t<meta name=\"twitter:data2\" content=\"2 minutos\" \/>\n<script type=\"application\/ld+json\" class=\"yoast-schema-graph\">{\"@context\":\"https:\/\/schema.org\",\"@graph\":[{\"@type\":\"Article\",\"@id\":\"https:\/\/blogdobispo.com.br\/?p=18837#article\",\"isPartOf\":{\"@id\":\"https:\/\/blogdobispo.com.br\/?p=18837\"},\"author\":{\"name\":\"Jefferson Sterfeno\",\"@id\":\"https:\/\/blogdobispo.com.br\/#\/schema\/person\/e2209cc0e6cea5c5233d033e997b373f\"},\"headline\":\"Ezequiel Ferreira solicita melhorias na cobertura de telefonia m\u00f3vel para N\u00edsia Floresta\",\"datePublished\":\"2025-12-15T17:53:42+00:00\",\"dateModified\":\"2026-02-02T17:02:23+00:00\",\"mainEntityOfPage\":{\"@id\":\"https:\/\/blogdobispo.com.br\/?p=18837\"},\"wordCount\":296,\"commentCount\":0,\"publisher\":{\"@id\":\"https:\/\/blogdobispo.com.br\/#organization\"},\"image\":{\"@id\":\"https:\/\/blogdobispo.com.br\/?p=18837#primaryimage\"},\"thumbnailUrl\":\"https:\/\/i0.wp.com\/blogdobispo.com.br\/wp-content\/uploads\/2025\/12\/a7SyOcxhIJ8pytOPzT64ZmrsZBTwAI2R4uaDRNda.jpg?fit=1599%2C1066&ssl=1\",\"articleSection\":[\"diversos\"],\"inLanguage\":\"pt-BR\",\"potentialAction\":[{\"@type\":\"CommentAction\",\"name\":\"Comment\",\"target\":[\"https:\/\/blogdobispo.com.br\/?p=18837#respond\"]}]},{\"@type\":\"WebPage\",\"@id\":\"https:\/\/blogdobispo.com.br\/?p=18837\",\"url\":\"https:\/\/blogdobispo.com.br\/?p=18837\",\"name\":\"Ezequiel Ferreira solicita melhorias na cobertura de telefonia m\u00f3vel para N\u00edsia Floresta - Blog do Bispo\",\"isPartOf\":{\"@id\":\"https:\/\/blogdobispo.com.br\/#website\"},\"primaryImageOfPage\":{\"@id\":\"https:\/\/blogdobispo.com.br\/?p=18837#primaryimage\"},\"image\":{\"@id\":\"https:\/\/blogdobispo.com.br\/?p=18837#primaryimage\"},\"thumbnailUrl\":\"https:\/\/i0.wp.com\/blogdobispo.com.br\/wp-content\/uploads\/2025\/12\/a7SyOcxhIJ8pytOPzT64ZmrsZBTwAI2R4uaDRNda.jpg?fit=1599%2C1066&ssl=1\",\"datePublished\":\"2025-12-15T17:53:42+00:00\",\"dateModified\":\"2026-02-02T17:02:23+00:00\",\"breadcrumb\":{\"@id\":\"https:\/\/blogdobispo.com.br\/?p=18837#breadcrumb\"},\"inLanguage\":\"pt-BR\",\"potentialAction\":[{\"@type\":\"ReadAction\",\"target\":[\"https:\/\/blogdobispo.com.br\/?p=18837\"]}]},{\"@type\":\"ImageObject\",\"inLanguage\":\"pt-BR\",\"@id\":\"https:\/\/blogdobispo.com.br\/?p=18837#primaryimage\",\"url\":\"https:\/\/i0.wp.com\/blogdobispo.com.br\/wp-content\/uploads\/2025\/12\/a7SyOcxhIJ8pytOPzT64ZmrsZBTwAI2R4uaDRNda.jpg?fit=1599%2C1066&ssl=1\",\"contentUrl\":\"https:\/\/i0.wp.com\/blogdobispo.com.br\/wp-content\/uploads\/2025\/12\/a7SyOcxhIJ8pytOPzT64ZmrsZBTwAI2R4uaDRNda.jpg?fit=1599%2C1066&ssl=1\",\"width\":1599,\"height\":1066},{\"@type\":\"BreadcrumbList\",\"@id\":\"https:\/\/blogdobispo.com.br\/?p=18837#breadcrumb\",\"itemListElement\":[{\"@type\":\"ListItem\",\"position\":1,\"name\":\"In\u00edcio\",\"item\":\"https:\/\/blogdobispo.com.br\/\"},{\"@type\":\"ListItem\",\"position\":2,\"name\":\"Ezequiel Ferreira solicita melhorias na cobertura de telefonia m\u00f3vel para N\u00edsia Floresta\"}]},{\"@type\":\"WebSite\",\"@id\":\"https:\/\/blogdobispo.com.br\/#website\",\"url\":\"https:\/\/blogdobispo.com.br\/\",\"name\":\"Blog do Bispo\",\"description\":\"Comprometido apenas com o leitor\",\"publisher\":{\"@id\":\"https:\/\/blogdobispo.com.br\/#organization\"},\"potentialAction\":[{\"@type\":\"SearchAction\",\"target\":{\"@type\":\"EntryPoint\",\"urlTemplate\":\"https:\/\/blogdobispo.com.br\/?s={search_term_string}\"},\"query-input\":{\"@type\":\"PropertyValueSpecification\",\"valueRequired\":true,\"valueName\":\"search_term_string\"}}],\"inLanguage\":\"pt-BR\"},{\"@type\":\"Organization\",\"@id\":\"https:\/\/blogdobispo.com.br\/#organization\",\"name\":\"Blog do Bispo\",\"url\":\"https:\/\/blogdobispo.com.br\/\",\"logo\":{\"@type\":\"ImageObject\",\"inLanguage\":\"pt-BR\",\"@id\":\"https:\/\/blogdobispo.com.br\/#\/schema\/logo\/image\/\",\"url\":\"http:\/\/blogdobispo.com.br\/wp-content\/uploads\/2023\/05\/cropped-headear.png\",\"contentUrl\":\"http:\/\/blogdobispo.com.br\/wp-content\/uploads\/2023\/05\/cropped-headear.png\",\"width\":1500,\"height\":399,\"caption\":\"Blog do Bispo\"},\"image\":{\"@id\":\"https:\/\/blogdobispo.com.br\/#\/schema\/logo\/image\/\"}},{\"@type\":\"Person\",\"@id\":\"https:\/\/blogdobispo.com.br\/#\/schema\/person\/e2209cc0e6cea5c5233d033e997b373f\",\"name\":\"Jefferson Sterfeno\",\"image\":{\"@type\":\"ImageObject\",\"inLanguage\":\"pt-BR\",\"@id\":\"https:\/\/blogdobispo.com.br\/#\/schema\/person\/image\/\",\"url\":\"https:\/\/secure.gravatar.com\/avatar\/0534e84764641168a677026b6d57a3f51dc7ac4db0b4f6186d9cb330d4ee1160?s=96&d=mm&r=g\",\"contentUrl\":\"https:\/\/secure.gravatar.com\/avatar\/0534e84764641168a677026b6d57a3f51dc7ac4db0b4f6186d9cb330d4ee1160?s=96&d=mm&r=g\",\"caption\":\"Jefferson Sterfeno\"},\"sameAs\":[\"http:\/\/blogdobispo.com.br\"],\"url\":\"https:\/\/blogdobispo.com.br\/?author=1\"}]}<\/script>\n<!-- \/ Yoast SEO plugin. -->","yoast_head_json":{"title":"Ezequiel Ferreira solicita melhorias na cobertura de telefonia m\u00f3vel para N\u00edsia Floresta - Blog do Bispo","robots":{"index":"index","follow":"follow","max-snippet":"max-snippet:-1","max-image-preview":"max-image-preview:large","max-video-preview":"max-video-preview:-1"},"canonical":"https:\/\/blogdobispo.com.br\/?p=18837","og_locale":"pt_BR","og_type":"article","og_title":"Ezequiel Ferreira solicita melhorias na cobertura de telefonia m\u00f3vel para N\u00edsia Floresta - Blog do Bispo","og_description":"O presidente da Assembleia Legislativa do Rio Grande do Norte (ALRN), deputado Ezequiel Ferreira (PSDB), encaminhou nesta semana um requerimento \u00e0 Ag\u00eancia Nacional de Telecomunica\u00e7\u00f5es (Anatel\/RN), em nome dos mais de 31 mil habitantes do munic\u00edpio de N\u00edsia Floresta, solicitando melhorias essenciais na infraestrutura de telefonia m\u00f3vel das operadoras Claro e TIM. No documento, Ezequiel [&hellip;]","og_url":"https:\/\/blogdobispo.com.br\/?p=18837","og_site_name":"Blog do Bispo","article_published_time":"2025-12-15T17:53:42+00:00","article_modified_time":"2026-02-02T17:02:23+00:00","og_image":[{"width":1599,"height":1066,"url":"https:\/\/i0.wp.com\/blogdobispo.com.br\/wp-content\/uploads\/2025\/12\/a7SyOcxhIJ8pytOPzT64ZmrsZBTwAI2R4uaDRNda.jpg?fit=1599%2C1066&ssl=1","type":"image\/jpeg"}],"author":"Jefferson Sterfeno","twitter_card":"summary_large_image","twitter_misc":{"Escrito por":"Jefferson Sterfeno","Est. tempo de leitura":"2 minutos"},"schema":{"@context":"https:\/\/schema.org","@graph":[{"@type":"Article","@id":"https:\/\/blogdobispo.com.br\/?p=18837#article","isPartOf":{"@id":"https:\/\/blogdobispo.com.br\/?p=18837"},"author":{"name":"Jefferson Sterfeno","@id":"https:\/\/blogdobispo.com.br\/#\/schema\/person\/e2209cc0e6cea5c5233d033e997b373f"},"headline":"Ezequiel Ferreira solicita melhorias na cobertura de telefonia m\u00f3vel para N\u00edsia Floresta","datePublished":"2025-12-15T17:53:42+00:00","dateModified":"2026-02-02T17:02:23+00:00","mainEntityOfPage":{"@id":"https:\/\/blogdobispo.com.br\/?p=18837"},"wordCount":296,"commentCount":0,"publisher":{"@id":"https:\/\/blogdobispo.com.br\/#organization"},"image":{"@id":"https:\/\/blogdobispo.com.br\/?p=18837#primaryimage"},"thumbnailUrl":"https:\/\/i0.wp.com\/blogdobispo.com.br\/wp-content\/uploads\/2025\/12\/a7SyOcxhIJ8pytOPzT64ZmrsZBTwAI2R4uaDRNda.jpg?fit=1599%2C1066&ssl=1","articleSection":["diversos"],"inLanguage":"pt-BR","potentialAction":[{"@type":"CommentAction","name":"Comment","target":["https:\/\/blogdobispo.com.br\/?p=18837#respond"]}]},{"@type":"WebPage","@id":"https:\/\/blogdobispo.com.br\/?p=18837","url":"https:\/\/blogdobispo.com.br\/?p=18837","name":"Ezequiel Ferreira solicita melhorias na cobertura de telefonia m\u00f3vel para N\u00edsia Floresta - Blog do Bispo","isPartOf":{"@id":"https:\/\/blogdobispo.com.br\/#website"},"primaryImageOfPage":{"@id":"https:\/\/blogdobispo.com.br\/?p=18837#primaryimage"},"image":{"@id":"https:\/\/blogdobispo.com.br\/?p=18837#primaryimage"},"thumbnailUrl":"https:\/\/i0.wp.com\/blogdobispo.com.br\/wp-content\/uploads\/2025\/12\/a7SyOcxhIJ8pytOPzT64ZmrsZBTwAI2R4uaDRNda.jpg?fit=1599%2C1066&ssl=1","datePublished":"2025-12-15T17:53:42+00:00","dateModified":"2026-02-02T17:02:23+00:00","breadcrumb":{"@id":"https:\/\/blogdobispo.com.br\/?p=18837#breadcrumb"},"inLanguage":"pt-BR","potentialAction":[{"@type":"ReadAction","target":["https:\/\/blogdobispo.com.br\/?p=18837"]}]},{"@type":"ImageObject","inLanguage":"pt-BR","@id":"https:\/\/blogdobispo.com.br\/?p=18837#primaryimage","url":"https:\/\/i0.wp.com\/blogdobispo.com.br\/wp-content\/uploads\/2025\/12\/a7SyOcxhIJ8pytOPzT64ZmrsZBTwAI2R4uaDRNda.jpg?fit=1599%2C1066&ssl=1","contentUrl":"https:\/\/i0.wp.com\/blogdobispo.com.br\/wp-content\/uploads\/2025\/12\/a7SyOcxhIJ8pytOPzT64ZmrsZBTwAI2R4uaDRNda.jpg?fit=1599%2C1066&ssl=1","width":1599,"height":1066},{"@type":"BreadcrumbList","@id":"https:\/\/blogdobispo.com.br\/?p=18837#breadcrumb","itemListElement":[{"@type":"ListItem","position":1,"name":"In\u00edcio","item":"https:\/\/blogdobispo.com.br\/"},{"@type":"ListItem","position":2,"name":"Ezequiel Ferreira solicita melhorias na cobertura de telefonia m\u00f3vel para N\u00edsia Floresta"}]},{"@type":"WebSite","@id":"https:\/\/blogdobispo.com.br\/#website","url":"https:\/\/blogdobispo.com.br\/","name":"Blog do Bispo","description":"Comprometido apenas com o leitor","publisher":{"@id":"https:\/\/blogdobispo.com.br\/#organization"},"potentialAction":[{"@type":"SearchAction","target":{"@type":"EntryPoint","urlTemplate":"https:\/\/blogdobispo.com.br\/?s={search_term_string}"},"query-input":{"@type":"PropertyValueSpecification","valueRequired":true,"valueName":"search_term_string"}}],"inLanguage":"pt-BR"},{"@type":"Organization","@id":"https:\/\/blogdobispo.com.br\/#organization","name":"Blog do Bispo","url":"https:\/\/blogdobispo.com.br\/","logo":{"@type":"ImageObject","inLanguage":"pt-BR","@id":"https:\/\/blogdobispo.com.br\/#\/schema\/logo\/image\/","url":"http:\/\/blogdobispo.com.br\/wp-content\/uploads\/2023\/05\/cropped-headear.png","contentUrl":"http:\/\/blogdobispo.com.br\/wp-content\/uploads\/2023\/05\/cropped-headear.png","width":1500,"height":399,"caption":"Blog do Bispo"},"image":{"@id":"https:\/\/blogdobispo.com.br\/#\/schema\/logo\/image\/"}},{"@type":"Person","@id":"https:\/\/blogdobispo.com.br\/#\/schema\/person\/e2209cc0e6cea5c5233d033e997b373f","name":"Jefferson Sterfeno","image":{"@type":"ImageObject","inLanguage":"pt-BR","@id":"https:\/\/blogdobispo.com.br\/#\/schema\/person\/image\/","url":"https:\/\/secure.gravatar.com\/avatar\/0534e84764641168a677026b6d57a3f51dc7ac4db0b4f6186d9cb330d4ee1160?s=96&d=mm&r=g","contentUrl":"https:\/\/secure.gravatar.com\/avatar\/0534e84764641168a677026b6d57a3f51dc7ac4db0b4f6186d9cb330d4ee1160?s=96&d=mm&r=g","caption":"Jefferson Sterfeno"},"sameAs":["http:\/\/blogdobispo.com.br"],"url":"https:\/\/blogdobispo.com.br\/?author=1"}]}},"featured_image_urls":{"full":["https:\/\/i0.wp.com\/blogdobispo.com.br\/wp-content\/uploads\/2025\/12\/a7SyOcxhIJ8pytOPzT64ZmrsZBTwAI2R4uaDRNda.jpg?fit=1599%2C1066&ssl=1",1599,1066,false],"thumbnail":["https:\/\/i0.wp.com\/blogdobispo.com.br\/wp-content\/uploads\/2025\/12\/a7SyOcxhIJ8pytOPzT64ZmrsZBTwAI2R4uaDRNda.jpg?resize=150%2C150&ssl=1",150,150,true],"medium":["https:\/\/i0.wp.com\/blogdobispo.com.br\/wp-content\/uploads\/2025\/12\/a7SyOcxhIJ8pytOPzT64ZmrsZBTwAI2R4uaDRNda.jpg?fit=300%2C200&ssl=1",300,200,true],"medium_large":["https:\/\/i0.wp.com\/blogdobispo.com.br\/wp-content\/uploads\/2025\/12\/a7SyOcxhIJ8pytOPzT64ZmrsZBTwAI2R4uaDRNda.jpg?fit=768%2C512&ssl=1",768,512,true],"large":["https:\/\/i0.wp.com\/blogdobispo.com.br\/wp-content\/uploads\/2025\/12\/a7SyOcxhIJ8pytOPzT64ZmrsZBTwAI2R4uaDRNda.jpg?fit=800%2C534&ssl=1",800,534,true],"1536x1536":["https:\/\/i0.wp.com\/blogdobispo.com.br\/wp-content\/uploads\/2025\/12\/a7SyOcxhIJ8pytOPzT64ZmrsZBTwAI2R4uaDRNda.jpg?fit=1536%2C1024&ssl=1",1536,1024,true],"2048x2048":["https:\/\/i0.wp.com\/blogdobispo.com.br\/wp-content\/uploads\/2025\/12\/a7SyOcxhIJ8pytOPzT64ZmrsZBTwAI2R4uaDRNda.jpg?fit=1599%2C1066&ssl=1",1599,1066,true]},"author_info":{"display_name":"Jefferson Sterfeno","author_link":"https:\/\/blogdobispo.com.br\/?author=1"},"category_info":"<a href=\"https:\/\/blogdobispo.com.br\/?cat=1\" rel=\"category\">diversos<\/a>","tag_info":"diversos","comment_count":"0","jetpack_featured_media_url":"https:\/\/i0.wp.com\/blogdobispo.com.br\/wp-content\/uploads\/2025\/12\/a7SyOcxhIJ8pytOPzT64ZmrsZBTwAI2R4uaDRNda.jpg?fit=1599%2C1066&ssl=1","jetpack_sharing_enabled":true,"_links":{"self":[{"href":"https:\/\/blogdobispo.com.br\/index.php?rest_route=\/wp\/v2\/posts\/18837","targetHints":{"allow":["GET"]}}],"collection":[{"href":"https:\/\/blogdobispo.com.br\/index.php?rest_route=\/wp\/v2\/posts"}],"about":[{"href":"https:\/\/blogdobispo.com.br\/index.php?rest_route=\/wp\/v2\/types\/post"}],"author":[{"embeddable":true,"href":"https:\/\/blogdobispo.com.br\/index.php?rest_route=\/wp\/v2\/users\/1"}],"replies":[{"embeddable":true,"href":"https:\/\/blogdobispo.com.br\/index.php?rest_route=%2Fwp%2Fv2%2Fcomments&post=18837"}],"version-history":[{"count":2,"href":"https:\/\/blogdobispo.com.br\/index.php?rest_route=\/wp\/v2\/posts\/18837\/revisions"}],"predecessor-version":[{"id":19068,"href":"https:\/\/blogdobispo.com.br\/index.php?rest_route=\/wp\/v2\/posts\/18837\/revisions\/19068"}],"wp:featuredmedia":[{"embeddable":true,"href":"https:\/\/blogdobispo.com.br\/index.php?rest_route=\/wp\/v2\/media\/18838"}],"wp:attachment":[{"href":"https:\/\/blogdobispo.com.br\/index.php?rest_route=%2Fwp%2Fv2%2Fmedia&parent=18837"}],"wp:term":[{"taxonomy":"category","embeddable":true,"href":"https:\/\/blogdobispo.com.br\/index.php?rest_route=%2Fwp%2Fv2%2Fcategories&post=18837"},{"taxonomy":"post_tag","embeddable":true,"href":"https:\/\/blogdobispo.com.br\/index.php?rest_route=%2Fwp%2Fv2%2Ftags&post=18837"}],"curies":[{"name":"wp","href":"https:\/\/api.w.org\/{rel}","templated":true}]}}