{"id":18828,"date":"2025-12-12T21:37:53","date_gmt":"2025-12-12T21:37:53","guid":{"rendered":"https:\/\/blogdobispo.com.br\/?p=18828"},"modified":"2025-12-12T21:38:07","modified_gmt":"2025-12-12T21:38:07","slug":"camara-de-natal-recebe-selo-de-qualidade-em-transparencia-publica-pelo-terceiro-ano-consecutivo","status":"publish","type":"post","link":"https:\/\/blogdobispo.com.br\/?p=18828","title":{"rendered":"C\u00e2mara de Natal recebe Selo de Qualidade em Transpar\u00eancia P\u00fablica pelo terceiro ano consecutivo"},"content":{"rendered":"\n<figure class=\"wp-block-image size-large\"><img data-recalc-dims=\"1\" fetchpriority=\"high\" decoding=\"async\" width=\"473\" height=\"309\" src=\"https:\/\/i0.wp.com\/blogdobispo.com.br\/wp-content\/uploads\/2025\/12\/image-1.jpg?resize=473%2C309&#038;ssl=1\" class=\"wp-image-18827\" srcset=\"https:\/\/i0.wp.com\/blogdobispo.com.br\/wp-content\/uploads\/2025\/12\/image-1.jpg?w=473&amp;ssl=1 473w, https:\/\/i0.wp.com\/blogdobispo.com.br\/wp-content\/uploads\/2025\/12\/image-1.jpg?resize=300%2C196&amp;ssl=1 300w\" sizes=\"(max-width: 473px) 100vw, 473px\" \/><\/figure>\n\n\n\n<p class=\"p1\"><\/p>\n\n\n\n<p class=\"p1\">A C\u00e2mara Municipal de Natal foi novamente reconhecida pelo Tribunal de Contas do Estado (TCE-RN) com o Selo de Qualidade em Transpar\u00eancia P\u00fablica, destacando-se entre os \u00f3rg\u00e3os com melhor desempenho no acesso \u00e0 informa\u00e7\u00e3o e na presta\u00e7\u00e3o de contas \u00e0 sociedade. A honraria foi recebida pelo controlador da Casa, Dr. Paulo Eduardo, durante a cerim\u00f4nia oficial de entrega.<\/p>\n\n\n\n<p class=\"p1\">Neste ano, o Legislativo natalense alcan\u00e7ou 92% de atendimento aos crit\u00e9rios avaliados, que somam mais de 130 indicadores relacionados \u00e0 publica\u00e7\u00e3o de dados, clareza das informa\u00e7\u00f5es e facilidade de navega\u00e7\u00e3o para o cidad\u00e3o. O desempenho garantiu \u00e0 C\u00e2mara o Selo Ouro, uma das classifica\u00e7\u00f5es mais altas do programa.<\/p>\n\n\n\n<p class=\"p1\">No crivo da Associa\u00e7\u00e3o Nacional dos Tribunais de Contas (ANTC), que tamb\u00e9m avalia portais de transpar\u00eancia em \u00e2mbito nacional, o \u00edndice obtido pela Casa foi de 83%, confirmando o avan\u00e7o cont\u00ednuo das pr\u00e1ticas de gest\u00e3o e publicidade institucional.<\/p>\n\n\n\n<p class=\"p1\">Recentemente, a C\u00e2mara firmou um Termo de Ajustamento de Conduta (TAC) com o Minist\u00e9rio P\u00fablico do Rio Grande do Norte, refor\u00e7ando seu compromisso com a transpar\u00eancia, especialmente no que diz respeito \u00e0s verbas da cota parlamentar. A iniciativa tem ampliado a clareza na divulga\u00e7\u00e3o dos gastos e fortalecido o controle social.<\/p>\n\n\n\n<p class=\"p1\">Com os novos resultados, o Legislativo natalense consolida-se como uma das institui\u00e7\u00f5es p\u00fablicas mais transparentes do estado, mantendo a meta de ampliar ainda mais a abertura de dados e a comunica\u00e7\u00e3o com a popula\u00e7\u00e3o.<\/p>\n","protected":false},"excerpt":{"rendered":"<p>A C\u00e2mara Municipal de Natal foi novamente reconhecida pelo Tribunal de Contas do Estado (TCE-RN) com o Selo de Qualidade em Transpar\u00eancia P\u00fablica, destacando-se entre os \u00f3rg\u00e3os com melhor desempenho no acesso \u00e0 informa\u00e7\u00e3o e na presta\u00e7\u00e3o de contas \u00e0 sociedade. A honraria foi recebida pelo controlador da Casa, Dr. Paulo Eduardo, durante a cerim\u00f4nia [&hellip;]<\/p>\n","protected":false},"author":1,"featured_media":18827,"comment_status":"open","ping_status":"open","sticky":false,"template":"","format":"standard","meta":{"cybocfi_hide_featured_image":"","_jetpack_memberships_contains_paid_content":false,"footnotes":""},"categories":[1],"tags":[],"class_list":["post-18828","post","type-post","status-publish","format-standard","has-post-thumbnail","hentry","category-diversos"],"yoast_head":"<!-- This site is optimized with the Yoast SEO plugin v25.6 - https:\/\/yoast.com\/wordpress\/plugins\/seo\/ -->\n<title>C\u00e2mara de Natal recebe Selo de Qualidade em Transpar\u00eancia P\u00fablica pelo terceiro ano consecutivo - Blog do Bispo<\/title>\n<meta name=\"robots\" content=\"index, follow, max-snippet:-1, max-image-preview:large, max-video-preview:-1\" \/>\n<link rel=\"canonical\" href=\"https:\/\/blogdobispo.com.br\/?p=18828\" \/>\n<meta property=\"og:locale\" content=\"pt_BR\" \/>\n<meta property=\"og:type\" content=\"article\" \/>\n<meta property=\"og:title\" content=\"C\u00e2mara de Natal recebe Selo de Qualidade em Transpar\u00eancia P\u00fablica pelo terceiro ano consecutivo - Blog do Bispo\" \/>\n<meta property=\"og:description\" content=\"A C\u00e2mara Municipal de Natal foi novamente reconhecida pelo Tribunal de Contas do Estado (TCE-RN) com o Selo de Qualidade em Transpar\u00eancia P\u00fablica, destacando-se entre os \u00f3rg\u00e3os com melhor desempenho no acesso \u00e0 informa\u00e7\u00e3o e na presta\u00e7\u00e3o de contas \u00e0 sociedade. A honraria foi recebida pelo controlador da Casa, Dr. Paulo Eduardo, durante a cerim\u00f4nia [&hellip;]\" \/>\n<meta property=\"og:url\" content=\"https:\/\/blogdobispo.com.br\/?p=18828\" \/>\n<meta property=\"og:site_name\" content=\"Blog do Bispo\" \/>\n<meta property=\"article:published_time\" content=\"2025-12-12T21:37:53+00:00\" \/>\n<meta property=\"article:modified_time\" content=\"2025-12-12T21:38:07+00:00\" \/>\n<meta property=\"og:image\" content=\"https:\/\/blogdobispo.com.br\/wp-content\/uploads\/2025\/12\/image-1.jpg\" \/>\n<meta name=\"author\" content=\"Jefferson Sterfeno\" \/>\n<meta name=\"twitter:card\" content=\"summary_large_image\" \/>\n<meta name=\"twitter:label1\" content=\"Escrito por\" \/>\n\t<meta name=\"twitter:data1\" content=\"Jefferson Sterfeno\" \/>\n\t<meta name=\"twitter:label2\" content=\"Est. tempo de leitura\" \/>\n\t<meta name=\"twitter:data2\" content=\"1 minuto\" \/>\n<script type=\"application\/ld+json\" class=\"yoast-schema-graph\">{\"@context\":\"https:\/\/schema.org\",\"@graph\":[{\"@type\":\"Article\",\"@id\":\"https:\/\/blogdobispo.com.br\/?p=18828#article\",\"isPartOf\":{\"@id\":\"https:\/\/blogdobispo.com.br\/?p=18828\"},\"author\":{\"name\":\"Jefferson Sterfeno\",\"@id\":\"https:\/\/blogdobispo.com.br\/#\/schema\/person\/e2209cc0e6cea5c5233d033e997b373f\"},\"headline\":\"C\u00e2mara de Natal recebe Selo de Qualidade em Transpar\u00eancia P\u00fablica pelo terceiro ano consecutivo\",\"datePublished\":\"2025-12-12T21:37:53+00:00\",\"dateModified\":\"2025-12-12T21:38:07+00:00\",\"mainEntityOfPage\":{\"@id\":\"https:\/\/blogdobispo.com.br\/?p=18828\"},\"wordCount\":271,\"commentCount\":0,\"publisher\":{\"@id\":\"https:\/\/blogdobispo.com.br\/#organization\"},\"image\":{\"@id\":\"https:\/\/blogdobispo.com.br\/?p=18828#primaryimage\"},\"thumbnailUrl\":\"https:\/\/i0.wp.com\/blogdobispo.com.br\/wp-content\/uploads\/2025\/12\/image-1.jpg?fit=473%2C309&ssl=1\",\"articleSection\":[\"diversos\"],\"inLanguage\":\"pt-BR\",\"potentialAction\":[{\"@type\":\"CommentAction\",\"name\":\"Comment\",\"target\":[\"https:\/\/blogdobispo.com.br\/?p=18828#respond\"]}]},{\"@type\":\"WebPage\",\"@id\":\"https:\/\/blogdobispo.com.br\/?p=18828\",\"url\":\"https:\/\/blogdobispo.com.br\/?p=18828\",\"name\":\"C\u00e2mara de Natal recebe Selo de Qualidade em Transpar\u00eancia P\u00fablica pelo terceiro ano consecutivo - Blog do Bispo\",\"isPartOf\":{\"@id\":\"https:\/\/blogdobispo.com.br\/#website\"},\"primaryImageOfPage\":{\"@id\":\"https:\/\/blogdobispo.com.br\/?p=18828#primaryimage\"},\"image\":{\"@id\":\"https:\/\/blogdobispo.com.br\/?p=18828#primaryimage\"},\"thumbnailUrl\":\"https:\/\/i0.wp.com\/blogdobispo.com.br\/wp-content\/uploads\/2025\/12\/image-1.jpg?fit=473%2C309&ssl=1\",\"datePublished\":\"2025-12-12T21:37:53+00:00\",\"dateModified\":\"2025-12-12T21:38:07+00:00\",\"breadcrumb\":{\"@id\":\"https:\/\/blogdobispo.com.br\/?p=18828#breadcrumb\"},\"inLanguage\":\"pt-BR\",\"potentialAction\":[{\"@type\":\"ReadAction\",\"target\":[\"https:\/\/blogdobispo.com.br\/?p=18828\"]}]},{\"@type\":\"ImageObject\",\"inLanguage\":\"pt-BR\",\"@id\":\"https:\/\/blogdobispo.com.br\/?p=18828#primaryimage\",\"url\":\"https:\/\/i0.wp.com\/blogdobispo.com.br\/wp-content\/uploads\/2025\/12\/image-1.jpg?fit=473%2C309&ssl=1\",\"contentUrl\":\"https:\/\/i0.wp.com\/blogdobispo.com.br\/wp-content\/uploads\/2025\/12\/image-1.jpg?fit=473%2C309&ssl=1\",\"width\":473,\"height\":309},{\"@type\":\"BreadcrumbList\",\"@id\":\"https:\/\/blogdobispo.com.br\/?p=18828#breadcrumb\",\"itemListElement\":[{\"@type\":\"ListItem\",\"position\":1,\"name\":\"In\u00edcio\",\"item\":\"https:\/\/blogdobispo.com.br\/\"},{\"@type\":\"ListItem\",\"position\":2,\"name\":\"C\u00e2mara de Natal recebe Selo de Qualidade em Transpar\u00eancia P\u00fablica pelo terceiro ano consecutivo\"}]},{\"@type\":\"WebSite\",\"@id\":\"https:\/\/blogdobispo.com.br\/#website\",\"url\":\"https:\/\/blogdobispo.com.br\/\",\"name\":\"Blog do Bispo\",\"description\":\"Comprometido apenas com o leitor\",\"publisher\":{\"@id\":\"https:\/\/blogdobispo.com.br\/#organization\"},\"potentialAction\":[{\"@type\":\"SearchAction\",\"target\":{\"@type\":\"EntryPoint\",\"urlTemplate\":\"https:\/\/blogdobispo.com.br\/?s={search_term_string}\"},\"query-input\":{\"@type\":\"PropertyValueSpecification\",\"valueRequired\":true,\"valueName\":\"search_term_string\"}}],\"inLanguage\":\"pt-BR\"},{\"@type\":\"Organization\",\"@id\":\"https:\/\/blogdobispo.com.br\/#organization\",\"name\":\"Blog do Bispo\",\"url\":\"https:\/\/blogdobispo.com.br\/\",\"logo\":{\"@type\":\"ImageObject\",\"inLanguage\":\"pt-BR\",\"@id\":\"https:\/\/blogdobispo.com.br\/#\/schema\/logo\/image\/\",\"url\":\"http:\/\/blogdobispo.com.br\/wp-content\/uploads\/2023\/05\/cropped-headear.png\",\"contentUrl\":\"http:\/\/blogdobispo.com.br\/wp-content\/uploads\/2023\/05\/cropped-headear.png\",\"width\":1500,\"height\":399,\"caption\":\"Blog do Bispo\"},\"image\":{\"@id\":\"https:\/\/blogdobispo.com.br\/#\/schema\/logo\/image\/\"}},{\"@type\":\"Person\",\"@id\":\"https:\/\/blogdobispo.com.br\/#\/schema\/person\/e2209cc0e6cea5c5233d033e997b373f\",\"name\":\"Jefferson Sterfeno\",\"image\":{\"@type\":\"ImageObject\",\"inLanguage\":\"pt-BR\",\"@id\":\"https:\/\/blogdobispo.com.br\/#\/schema\/person\/image\/\",\"url\":\"https:\/\/secure.gravatar.com\/avatar\/0534e84764641168a677026b6d57a3f51dc7ac4db0b4f6186d9cb330d4ee1160?s=96&d=mm&r=g\",\"contentUrl\":\"https:\/\/secure.gravatar.com\/avatar\/0534e84764641168a677026b6d57a3f51dc7ac4db0b4f6186d9cb330d4ee1160?s=96&d=mm&r=g\",\"caption\":\"Jefferson Sterfeno\"},\"sameAs\":[\"http:\/\/blogdobispo.com.br\"],\"url\":\"https:\/\/blogdobispo.com.br\/?author=1\"}]}<\/script>\n<!-- \/ Yoast SEO plugin. -->","yoast_head_json":{"title":"C\u00e2mara de Natal recebe Selo de Qualidade em Transpar\u00eancia P\u00fablica pelo terceiro ano consecutivo - Blog do Bispo","robots":{"index":"index","follow":"follow","max-snippet":"max-snippet:-1","max-image-preview":"max-image-preview:large","max-video-preview":"max-video-preview:-1"},"canonical":"https:\/\/blogdobispo.com.br\/?p=18828","og_locale":"pt_BR","og_type":"article","og_title":"C\u00e2mara de Natal recebe Selo de Qualidade em Transpar\u00eancia P\u00fablica pelo terceiro ano consecutivo - Blog do Bispo","og_description":"A C\u00e2mara Municipal de Natal foi novamente reconhecida pelo Tribunal de Contas do Estado (TCE-RN) com o Selo de Qualidade em Transpar\u00eancia P\u00fablica, destacando-se entre os \u00f3rg\u00e3os com melhor desempenho no acesso \u00e0 informa\u00e7\u00e3o e na presta\u00e7\u00e3o de contas \u00e0 sociedade. A honraria foi recebida pelo controlador da Casa, Dr. Paulo Eduardo, durante a cerim\u00f4nia [&hellip;]","og_url":"https:\/\/blogdobispo.com.br\/?p=18828","og_site_name":"Blog do Bispo","article_published_time":"2025-12-12T21:37:53+00:00","article_modified_time":"2025-12-12T21:38:07+00:00","og_image":[{"url":"https:\/\/blogdobispo.com.br\/wp-content\/uploads\/2025\/12\/image-1.jpg","type":"","width":"","height":""}],"author":"Jefferson Sterfeno","twitter_card":"summary_large_image","twitter_misc":{"Escrito por":"Jefferson Sterfeno","Est. tempo de leitura":"1 minuto"},"schema":{"@context":"https:\/\/schema.org","@graph":[{"@type":"Article","@id":"https:\/\/blogdobispo.com.br\/?p=18828#article","isPartOf":{"@id":"https:\/\/blogdobispo.com.br\/?p=18828"},"author":{"name":"Jefferson Sterfeno","@id":"https:\/\/blogdobispo.com.br\/#\/schema\/person\/e2209cc0e6cea5c5233d033e997b373f"},"headline":"C\u00e2mara de Natal recebe Selo de Qualidade em Transpar\u00eancia P\u00fablica pelo terceiro ano consecutivo","datePublished":"2025-12-12T21:37:53+00:00","dateModified":"2025-12-12T21:38:07+00:00","mainEntityOfPage":{"@id":"https:\/\/blogdobispo.com.br\/?p=18828"},"wordCount":271,"commentCount":0,"publisher":{"@id":"https:\/\/blogdobispo.com.br\/#organization"},"image":{"@id":"https:\/\/blogdobispo.com.br\/?p=18828#primaryimage"},"thumbnailUrl":"https:\/\/i0.wp.com\/blogdobispo.com.br\/wp-content\/uploads\/2025\/12\/image-1.jpg?fit=473%2C309&ssl=1","articleSection":["diversos"],"inLanguage":"pt-BR","potentialAction":[{"@type":"CommentAction","name":"Comment","target":["https:\/\/blogdobispo.com.br\/?p=18828#respond"]}]},{"@type":"WebPage","@id":"https:\/\/blogdobispo.com.br\/?p=18828","url":"https:\/\/blogdobispo.com.br\/?p=18828","name":"C\u00e2mara de Natal recebe Selo de Qualidade em Transpar\u00eancia P\u00fablica pelo terceiro ano consecutivo - Blog do Bispo","isPartOf":{"@id":"https:\/\/blogdobispo.com.br\/#website"},"primaryImageOfPage":{"@id":"https:\/\/blogdobispo.com.br\/?p=18828#primaryimage"},"image":{"@id":"https:\/\/blogdobispo.com.br\/?p=18828#primaryimage"},"thumbnailUrl":"https:\/\/i0.wp.com\/blogdobispo.com.br\/wp-content\/uploads\/2025\/12\/image-1.jpg?fit=473%2C309&ssl=1","datePublished":"2025-12-12T21:37:53+00:00","dateModified":"2025-12-12T21:38:07+00:00","breadcrumb":{"@id":"https:\/\/blogdobispo.com.br\/?p=18828#breadcrumb"},"inLanguage":"pt-BR","potentialAction":[{"@type":"ReadAction","target":["https:\/\/blogdobispo.com.br\/?p=18828"]}]},{"@type":"ImageObject","inLanguage":"pt-BR","@id":"https:\/\/blogdobispo.com.br\/?p=18828#primaryimage","url":"https:\/\/i0.wp.com\/blogdobispo.com.br\/wp-content\/uploads\/2025\/12\/image-1.jpg?fit=473%2C309&ssl=1","contentUrl":"https:\/\/i0.wp.com\/blogdobispo.com.br\/wp-content\/uploads\/2025\/12\/image-1.jpg?fit=473%2C309&ssl=1","width":473,"height":309},{"@type":"BreadcrumbList","@id":"https:\/\/blogdobispo.com.br\/?p=18828#breadcrumb","itemListElement":[{"@type":"ListItem","position":1,"name":"In\u00edcio","item":"https:\/\/blogdobispo.com.br\/"},{"@type":"ListItem","position":2,"name":"C\u00e2mara de Natal recebe Selo de Qualidade em Transpar\u00eancia P\u00fablica pelo terceiro ano consecutivo"}]},{"@type":"WebSite","@id":"https:\/\/blogdobispo.com.br\/#website","url":"https:\/\/blogdobispo.com.br\/","name":"Blog do Bispo","description":"Comprometido apenas com o leitor","publisher":{"@id":"https:\/\/blogdobispo.com.br\/#organization"},"potentialAction":[{"@type":"SearchAction","target":{"@type":"EntryPoint","urlTemplate":"https:\/\/blogdobispo.com.br\/?s={search_term_string}"},"query-input":{"@type":"PropertyValueSpecification","valueRequired":true,"valueName":"search_term_string"}}],"inLanguage":"pt-BR"},{"@type":"Organization","@id":"https:\/\/blogdobispo.com.br\/#organization","name":"Blog do Bispo","url":"https:\/\/blogdobispo.com.br\/","logo":{"@type":"ImageObject","inLanguage":"pt-BR","@id":"https:\/\/blogdobispo.com.br\/#\/schema\/logo\/image\/","url":"http:\/\/blogdobispo.com.br\/wp-content\/uploads\/2023\/05\/cropped-headear.png","contentUrl":"http:\/\/blogdobispo.com.br\/wp-content\/uploads\/2023\/05\/cropped-headear.png","width":1500,"height":399,"caption":"Blog do Bispo"},"image":{"@id":"https:\/\/blogdobispo.com.br\/#\/schema\/logo\/image\/"}},{"@type":"Person","@id":"https:\/\/blogdobispo.com.br\/#\/schema\/person\/e2209cc0e6cea5c5233d033e997b373f","name":"Jefferson Sterfeno","image":{"@type":"ImageObject","inLanguage":"pt-BR","@id":"https:\/\/blogdobispo.com.br\/#\/schema\/person\/image\/","url":"https:\/\/secure.gravatar.com\/avatar\/0534e84764641168a677026b6d57a3f51dc7ac4db0b4f6186d9cb330d4ee1160?s=96&d=mm&r=g","contentUrl":"https:\/\/secure.gravatar.com\/avatar\/0534e84764641168a677026b6d57a3f51dc7ac4db0b4f6186d9cb330d4ee1160?s=96&d=mm&r=g","caption":"Jefferson Sterfeno"},"sameAs":["http:\/\/blogdobispo.com.br"],"url":"https:\/\/blogdobispo.com.br\/?author=1"}]}},"featured_image_urls":{"full":["https:\/\/i0.wp.com\/blogdobispo.com.br\/wp-content\/uploads\/2025\/12\/image-1.jpg?fit=473%2C309&ssl=1",473,309,false],"thumbnail":["https:\/\/i0.wp.com\/blogdobispo.com.br\/wp-content\/uploads\/2025\/12\/image-1.jpg?resize=150%2C150&ssl=1",150,150,true],"medium":["https:\/\/i0.wp.com\/blogdobispo.com.br\/wp-content\/uploads\/2025\/12\/image-1.jpg?fit=300%2C196&ssl=1",300,196,true],"medium_large":["https:\/\/i0.wp.com\/blogdobispo.com.br\/wp-content\/uploads\/2025\/12\/image-1.jpg?fit=473%2C309&ssl=1",473,309,true],"large":["https:\/\/i0.wp.com\/blogdobispo.com.br\/wp-content\/uploads\/2025\/12\/image-1.jpg?fit=473%2C309&ssl=1",473,309,true],"1536x1536":["https:\/\/i0.wp.com\/blogdobispo.com.br\/wp-content\/uploads\/2025\/12\/image-1.jpg?fit=473%2C309&ssl=1",473,309,true],"2048x2048":["https:\/\/i0.wp.com\/blogdobispo.com.br\/wp-content\/uploads\/2025\/12\/image-1.jpg?fit=473%2C309&ssl=1",473,309,true]},"author_info":{"display_name":"Jefferson Sterfeno","author_link":"https:\/\/blogdobispo.com.br\/?author=1"},"category_info":"<a href=\"https:\/\/blogdobispo.com.br\/?cat=1\" rel=\"category\">diversos<\/a>","tag_info":"diversos","comment_count":"0","jetpack_featured_media_url":"https:\/\/i0.wp.com\/blogdobispo.com.br\/wp-content\/uploads\/2025\/12\/image-1.jpg?fit=473%2C309&ssl=1","jetpack_sharing_enabled":true,"_links":{"self":[{"href":"https:\/\/blogdobispo.com.br\/index.php?rest_route=\/wp\/v2\/posts\/18828","targetHints":{"allow":["GET"]}}],"collection":[{"href":"https:\/\/blogdobispo.com.br\/index.php?rest_route=\/wp\/v2\/posts"}],"about":[{"href":"https:\/\/blogdobispo.com.br\/index.php?rest_route=\/wp\/v2\/types\/post"}],"author":[{"embeddable":true,"href":"https:\/\/blogdobispo.com.br\/index.php?rest_route=\/wp\/v2\/users\/1"}],"replies":[{"embeddable":true,"href":"https:\/\/blogdobispo.com.br\/index.php?rest_route=%2Fwp%2Fv2%2Fcomments&post=18828"}],"version-history":[{"count":1,"href":"https:\/\/blogdobispo.com.br\/index.php?rest_route=\/wp\/v2\/posts\/18828\/revisions"}],"predecessor-version":[{"id":18829,"href":"https:\/\/blogdobispo.com.br\/index.php?rest_route=\/wp\/v2\/posts\/18828\/revisions\/18829"}],"wp:featuredmedia":[{"embeddable":true,"href":"https:\/\/blogdobispo.com.br\/index.php?rest_route=\/wp\/v2\/media\/18827"}],"wp:attachment":[{"href":"https:\/\/blogdobispo.com.br\/index.php?rest_route=%2Fwp%2Fv2%2Fmedia&parent=18828"}],"wp:term":[{"taxonomy":"category","embeddable":true,"href":"https:\/\/blogdobispo.com.br\/index.php?rest_route=%2Fwp%2Fv2%2Fcategories&post=18828"},{"taxonomy":"post_tag","embeddable":true,"href":"https:\/\/blogdobispo.com.br\/index.php?rest_route=%2Fwp%2Fv2%2Ftags&post=18828"}],"curies":[{"name":"wp","href":"https:\/\/api.w.org\/{rel}","templated":true}]}}